{"id":36881,"date":"2017-01-11T17:00:56","date_gmt":"2017-01-11T22:00:56","guid":{"rendered":"https:\/\/lapiedrafilosofal.com\/?p=36881"},"modified":"2025-04-05T19:47:25","modified_gmt":"2025-04-06T00:47:25","slug":"profesiones-liberales-derogo-la-ley-1819-de-2016-el-articulo-23-del-codigo-de-comercio-por-oscar-humberto-gomez-gomez","status":"publish","type":"post","link":"https:\/\/oscarhumbertogomez.com\/?p=36881","title":{"rendered":"Profesiones liberales. \u00bfDerog\u00f3 la ley 1819 de 2016 el art\u00edculo 23 del C\u00f3digo de Comercio? Por \u00d3scar Humberto G\u00f3mez G\u00f3mez"},"content":{"rendered":"<p><img decoding=\"async\" class=\"aligncenter size-full wp-image-7611\" title=\"OSCAR-HBTO\" src=\"https:\/\/lapiedrafilosofal.com\/wp-content\/uploads\/2013\/03\/OSCAR-HBTO.jpg\" alt=\"\" width=\"500\" height=\"\" srcset=\"https:\/\/oscarhumbertogomez.com\/wp-content\/uploads\/2013\/03\/OSCAR-HBTO.jpg 299w, https:\/\/oscarhumbertogomez.com\/wp-content\/uploads\/2013\/03\/OSCAR-HBTO-200x300.jpg 200w\" sizes=\"(max-width: 299px) 100vw, 299px\" \/><\/p>\n<p>&nbsp;<\/p>\n<p><strong>I. LA LEY 1819 DE 2016 NO DEROG\u00d3 EL ART\u00cdCULO 23 DEL C\u00d3DIGO DE COMERCIO (DECRETO 410 DE 1971)<\/strong><\/p>\n<p>&nbsp;<\/p>\n<div id=\"attachment_13576\" style=\"width: 810px\" class=\"wp-caption aligncenter\"><img loading=\"lazy\" decoding=\"async\" aria-describedby=\"caption-attachment-13576\" class=\"size-full wp-image-13576\" title=\"fisioterapeutas-barcelona\" src=\"https:\/\/lapiedrafilosofal.com\/wp-content\/uploads\/2013\/05\/fisioterapeutas-barcelona.jpg\" alt=\"\" width=\"800\" height=\"533\" srcset=\"https:\/\/oscarhumbertogomez.com\/wp-content\/uploads\/2013\/05\/fisioterapeutas-barcelona.jpg 800w, https:\/\/oscarhumbertogomez.com\/wp-content\/uploads\/2013\/05\/fisioterapeutas-barcelona-300x199.jpg 300w\" sizes=\"auto, (max-width: 800px) 100vw, 800px\" \/><p id=\"caption-attachment-13576\" class=\"wp-caption-text\"><strong> FISIOTERAPIA<\/strong><\/p><\/div>\n<p>&nbsp;<\/p>\n<p>A pesar de ser evidente que con la ley 1819 de 2016 el Congreso, al decir que quedar\u00edan gravados con el impuesto de industria y comercio&#8221; &#8220;todas las tareas, labores o trabajos ejecutados por persona natural o jur\u00eddica o por sociedad de hecho (&#8230;) sin importar que en ellos predomine el factor material o intelectual&#8221;, se propuso meter a la brava a las profesiones liberales dentro de un impuesto establecido exclusivamente para las actividades de industria <strong>y comercio<\/strong>, el art\u00edculo 376 de dicha ley \u2014\u201cVIGENCIAS Y DEROGATORIAS\u201d\u2014 <strong><strong>no derog\u00f3<\/strong><\/strong> el art\u00edculo 23 del decreto 410 de 1971, expedido por el Presidente de la Rep\u00fablica en ejercicio de las facultades extraordinarias que le confiere el numeral 15 del art\u00edculo 20 de la Ley 16 de 1968\u2033, \u201cPor el cual se expide el C\u00f3digo de Comercio\u201d.<\/p>\n<p>En palabras m\u00e1s sencillas, la ley 1819 de 2016 <strong>no derog\u00f3 el art\u00edculo 23 del C\u00f3digo de Comercio<\/strong>.<\/p>\n<p>Ello significa que aquella norma <strong>sigue vigente<\/strong>.<\/p>\n<p>Pues bien: el precitado art. 23 del C\u00f3digo de Comercio contin\u00faa diciendo entonces:<\/p>\n<p>\u201cNo son mercantiles:<br \/>\n(\u2026)<br \/>\n5o.) La prestaci\u00f3n de servicios inherentes a las profesiones liberales\u201d.<\/p>\n<p>As\u00ed que cuando se habla de gravar con el impuesto de industria <strong>y comercio<\/strong> los \u201c<strong>SERVICIOS<\/strong>\u201d &nbsp;(concepto que el legislador se vio precisado a incluir para evitar que actividades <strong>an\u00e1logas a las de los comerciantes<\/strong>, como, por ejemplo, los servicios que presta una empresa de plomer\u00eda, o una sala de belleza, o una lavander\u00eda, pudieran creerse excluidas de este impuesto bajo la alegaci\u00f3n de no encajar claramente dentro de dicha noci\u00f3n), y que dentro de esos &#8220;servicios&#8221; se entienden incluidos aquellos que presta una persona &#8220;sin importar que predomine el factor material o intelectual&#8221;, cabe preguntarse si existen &#8220;servicios&#8221; en los que predomine el factor intelectual sobre el material, pero que, en todo caso, NO constituyan ejercicio de una PROFESI\u00d3N LIBERAL.<\/p>\n<p>A esos servicios se referir\u00eda la norma.<\/p>\n<p>Empero, de no existir tales servicios, esto es, de haberse referido la norma espec\u00edficamente a las profesiones liberales (lo cual quedar\u00eda corroborado si en las actas correspondientes aparecen los antecedentes de la norma y en estos queda claro que fue a estas profesiones a las que quiso referirse el legislador), no quedar\u00e1 m\u00e1s remedio que concluir que el Estado, definitivamente, incluy\u00f3 a los profesionales liberales como contribuyentes del impuesto de industria y comercio.<\/p>\n<p>Y si ello fue as\u00ed, lo que acaba de hacer el Estado es acabar con las profesiones liberales en Colombia, equipar\u00e1ndolas, sencilla y llanamente, al ejercicio del comercio.<\/p>\n<p>Pero, y en qu\u00e9 queda, entonces, la vigencia del precitado art\u00edculo 23 del C\u00f3digo de Comercio?<\/p>\n<p>Al fin, \u00bfel ejercicio de las profesiones liberales sigue excluido o no de la actividad comercial, o no?<\/p>\n<p>&nbsp;<\/p>\n<div id=\"attachment_8429\" style=\"width: 362px\" class=\"wp-caption aligncenter\"><img loading=\"lazy\" decoding=\"async\" aria-describedby=\"caption-attachment-8429\" class=\"size-full wp-image-8429\" title=\"ENFERMERA JEFE\" src=\"https:\/\/lapiedrafilosofal.com\/wp-content\/uploads\/2013\/05\/ENFERMERA-JEFE.jpg\" alt=\"\" width=\"352\" height=\"512\" srcset=\"https:\/\/oscarhumbertogomez.com\/wp-content\/uploads\/2013\/05\/ENFERMERA-JEFE.jpg 352w, https:\/\/oscarhumbertogomez.com\/wp-content\/uploads\/2013\/05\/ENFERMERA-JEFE-206x300.jpg 206w\" sizes=\"auto, (max-width: 352px) 100vw, 352px\" \/><p id=\"caption-attachment-8429\" class=\"wp-caption-text\"><strong> ENFERMER\u00cdA<\/strong><\/p><\/div>\n<p>&nbsp;<\/p>\n<p>Es importante y urgente que los profesionales liberales le den inicio a este debate de inmediato y se canalice con prontitud la inconformidad profesional contra la desaparici\u00f3n de las profesiones liberales en Colombia.<\/p>\n<p>Como qued\u00f3 visto al principio, <strong>el predominio del factor intelectual NO es el \u00fanico aspecto que determina el que una actividad constituya profesi\u00f3n liberal<\/strong>, por lo cual, de existir SERVICIOS en los que predomine el factor intelectual sobre el material DISTINTOS a los que prestan las profesiones liberales, y de no estar precisado en las actas que el legislador expresamente se quiso referir a las profesiones liberales cuando se refiri\u00f3 a los servicios en que predomine el factor intelectual sobre el material, la conclusi\u00f3n no podr\u00eda ser sino la de que la norma que extendi\u00f3 el impuesto de industria y comercio a estos servicios solo hizo referencia a<strong> servicios DISTINTOS de los que prestan los profesionales liberales<\/strong>.<\/p>\n<p>Esta investigaci\u00f3n, por lo tanto, ha de continuar.<\/p>\n<p>&nbsp;<\/p>\n<p><strong>II. CONCLUSIONES<\/strong><\/p>\n<div id=\"attachment_8381\" style=\"width: 590px\" class=\"wp-caption aligncenter\"><img loading=\"lazy\" decoding=\"async\" aria-describedby=\"caption-attachment-8381\" class=\"size-full wp-image-8381\" title=\"Ingeniero electr\u00f3nico\" src=\"https:\/\/lapiedrafilosofal.com\/wp-content\/uploads\/2013\/05\/Ingeniero-electr\u00f3nico.jpg\" alt=\"\" width=\"580\" height=\"435\" srcset=\"https:\/\/oscarhumbertogomez.com\/wp-content\/uploads\/2013\/05\/Ingeniero-electr\u00f3nico.jpg 580w, https:\/\/oscarhumbertogomez.com\/wp-content\/uploads\/2013\/05\/Ingeniero-electr\u00f3nico-300x225.jpg 300w\" sizes=\"auto, (max-width: 580px) 100vw, 580px\" \/><p id=\"caption-attachment-8381\" class=\"wp-caption-text\"><strong>INGENIER\u00cdA (CIVIL, MEC\u00c1NICA, EL\u00c9CTRICA, ELECTR\u00d3NICA, DE SISTEMAS, ETC\u00c9TERA) <\/strong><\/p><\/div>\n<p>&nbsp;<\/p>\n<p>1. Es importante que haya m\u00e1s conciencia dentro de las profesiones liberales sobre la necesidad de defender a los profesionales de la insaciable \u201ccodicia tributaria\u201d del Estado colombiano.<\/p>\n<p>Infortunadamente, la verdad sea dicha, no precisamente todos los profesionales liberales parecieran interesados en defender a las profesiones liberales y a quienes las ejercen, de la voracidad impositiva del Estado. Algunos, por el contrario, piden mano dura contra los profesionales.<\/p>\n<p>Es el caso del abogado N\u00e9stor Humberto Mart\u00ednez Neira.<\/p>\n<p>Al participar en un panel sobre el proyecto de Reforma Tributaria presentado al Congreso por el Gobierno Nacional hace unos a\u00f1os, Mart\u00ednez Neira dijo que hab\u00eda un recargo sobre los ingresos medios de los asalariados, que hab\u00eda sectores de los trabajadores y de la clase media que iban a terminar afectados por los impuestos sobre los salarios, y sostuvo que hab\u00eda sectores como el agro <strong>o las profesiones liberales<\/strong> que deber\u00edan tributar m\u00e1s. [CARACOL. HORA 20 | DICIEMBRE 11 DE 2012].<\/p>\n<p>2. Es importante que haya m\u00e1s conciencia dentro de las profesiones liberales sobre la necesidad de <strong>fortalecer los colegios y asociaciones profesionales<\/strong> con miras, precisamente, a la defensa de los profesionales frente a la insaciable \u201ccodicia tributaria\u201d del Estado colombiano, sin que ello signifique que eso sea lo \u00fanico, pues, como se ver\u00e1 en las siguientes partes de este documento, a los profesionales liberales los amenazan otros riesgos como el del timo de sus honorarios y la p\u00e9rdida creciente de su respetabilidad social.<\/p>\n<p>&nbsp;<\/p>\n<div id=\"attachment_8382\" style=\"width: 650px\" class=\"wp-caption aligncenter\"><img loading=\"lazy\" decoding=\"async\" aria-describedby=\"caption-attachment-8382\" class=\"size-large wp-image-8382\" title=\"Universidad\" src=\"https:\/\/lapiedrafilosofal.com\/wp-content\/uploads\/2013\/05\/Universidad-1024x680.jpg\" alt=\"\" width=\"640\" height=\"425\" srcset=\"https:\/\/oscarhumbertogomez.com\/wp-content\/uploads\/2013\/05\/Universidad-1024x680.jpg 1024w, https:\/\/oscarhumbertogomez.com\/wp-content\/uploads\/2013\/05\/Universidad-300x199.jpg 300w\" sizes=\"auto, (max-width: 640px) 100vw, 640px\" \/><p id=\"caption-attachment-8382\" class=\"wp-caption-text\">L<strong>LLEGAR A EJERCER UNA PROFESI\u00d3N LIBERAL SUPONE ADELANTAR LARGOS Y COSTOSOS ESTUDIOS UNIVERSITARIOS<\/strong><\/p><\/div>\n<p>&nbsp;<\/p>\n<p>\u00d3scar Humberto G\u00f3mez G\u00f3mez<br \/>\nDoctor en Derecho<br \/>\ncorreo@oscarhumbertogomez.com<br \/>\nVisite: oscarhumbertogomez.com<\/p>\n<p>&nbsp;<\/p>\n","protected":false},"excerpt":{"rendered":"<p>&nbsp; I. LA LEY 1819 DE 2016 NO DEROG\u00d3 EL ART\u00cdCULO 23 DEL C\u00d3DIGO DE COMERCIO (DECRETO 410 DE 1971) &nbsp; &nbsp; A pesar de ser evidente que con la ley 1819 de 2016 el Congreso, al decir que quedar\u00edan &hellip; <a href=\"https:\/\/oscarhumbertogomez.com\/?p=36881\">Sigue leyendo <span class=\"meta-nav\">&rarr;<\/span><\/a><\/p>\n<div class='heateorSssClear'><\/div><div  class='heateor_sss_sharing_container heateor_sss_horizontal_sharing' heateor-sss-data-href='https:\/\/oscarhumbertogomez.com\/?p=36881'><div class='heateor_sss_sharing_title' style=\"font-weight:bold\" >\u00a1Gracias por compartirla!<\/div><ul class=\"heateor_sss_sharing_ul\"><li class=\"heateorSssSharingRound\"><i style=\"width:35px;height:35px;border-radius:999px;\" alt=\"Facebook\" Title=\"Facebook\" class=\"heateorSssSharing heateorSssFacebookBackground\" onclick='heateorSssPopup(\"https:\/\/www.facebook.com\/sharer\/sharer.php?u=https%3A%2F%2Foscarhumbertogomez.com%2Findex.php%3Frest_route%3D%252Fwp%252Fv2%252Fposts%252F36881\")'><ss style=\"display:block;border-radius:999px;\" class=\"heateorSssSharingSvg heateorSssFacebookSvg\"><\/ss><\/i><\/li><li class=\"heateorSssSharingRound\"><i style=\"width:35px;height:35px;border-radius:999px;\" alt=\"Twitter\" Title=\"Twitter\" class=\"heateorSssSharing heateorSssTwitterBackground\" onclick='heateorSssPopup(\"http:\/\/twitter.com\/intent\/tweet?text=Profesiones%20liberales.%20%C2%BFDerog%C3%B3%20la%20ley%201819%20de%202016%20el%20art%C3%ADculo%2023%20del%20C%C3%B3digo%20de%20Comercio%3F%20Por%20%C3%93scar%20Humberto%20G%C3%B3mez%20G%C3%B3mez&url=https%3A%2F%2Foscarhumbertogomez.com%2Findex.php%3Frest_route%3D%252Fwp%252Fv2%252Fposts%252F36881\")'><ss style=\"display:block;border-radius:999px;\" class=\"heateorSssSharingSvg heateorSssTwitterSvg\"><\/ss><\/i><\/li><li class=\"heateorSssSharingRound\"><i style=\"width:35px;height:35px;border-radius:999px;\" alt=\"Whatsapp\" Title=\"Whatsapp\" class=\"heateorSssSharing heateorSssWhatsappBackground\" onclick='heateorSssPopup(\"https:\/\/web.whatsapp.com\/send?text=Profesiones%20liberales.%20%C2%BFDerog%C3%B3%20la%20ley%201819%20de%202016%20el%20art%C3%ADculo%2023%20del%20C%C3%B3digo%20de%20Comercio%3F%20Por%20%C3%93scar%20Humberto%20G%C3%B3mez%20G%C3%B3mez https%3A%2F%2Foscarhumbertogomez.com%2Findex.php%3Frest_route%3D%252Fwp%252Fv2%252Fposts%252F36881\")'><ss style=\"display:block\" class=\"heateorSssSharingSvg heateorSssWhatsappSvg\"><\/ss><\/i><\/li><li class=\"heateorSssSharingRound\"><i style=\"width:35px;height:35px;border-radius:999px;\" alt=\"Pinterest\" Title=\"Pinterest\" class=\"heateorSssSharing heateorSssPinterestBackground\" onclick=\"javascript:void( (function() {var e=document.createElement('script' );e.setAttribute('type','text\/javascript' );e.setAttribute('charset','UTF-8' );e.setAttribute('src','\/\/assets.pinterest.com\/js\/pinmarklet.js?r='+Math.random()*99999999);document.body.appendChild(e)})());\"><ss style=\"display:block;border-radius:999px;\" class=\"heateorSssSharingSvg heateorSssPinterestSvg\"><\/ss><\/i><\/li><li class=\"heateorSssSharingRound\"><i style=\"width:35px;height:35px;border-radius:999px;\" alt=\"Google Gmail\" Title=\"Google Gmail\" class=\"heateorSssSharing heateorSssGoogleGmailBackground\" onclick='heateorSssPopup(\"https:\/\/mail.google.com\/mail\/?ui=2&view=cm&fs=1&tf=1&su=Profesiones%20liberales.%20%C2%BFDerog%C3%B3%20la%20ley%201819%20de%202016%20el%20art%C3%ADculo%2023%20del%20C%C3%B3digo%20de%20Comercio%3F%20Por%20%C3%93scar%20Humberto%20G%C3%B3mez%20G%C3%B3mez&body=Link:https%3A%2F%2Foscarhumbertogomez.com%2Findex.php%3Frest_route%3D%252Fwp%252Fv2%252Fposts%252F36881\")'><ss style=\"display:block;border-radius:999px;\" class=\"heateorSssSharingSvg heateorSssGoogleGmailSvg\"><\/ss><\/i><\/li><li class=\"heateorSssSharingRound\"><i style=\"width:35px;height:35px;border-radius:999px;\" title=\"More\" alt=\"More\" class=\"heateorSssSharing heateorSssMoreBackground\" onclick=\"heateorSssMoreSharingPopup(this, 'https:\/\/oscarhumbertogomez.com\/index.php?rest_route=%2Fwp%2Fv2%2Fposts%2F36881', 'Profesiones%20liberales.%20%C2%BFDerog%C3%B3%20la%20ley%201819%20de%202016%20el%20art%C3%ADculo%2023%20del%20C%C3%B3digo%20de%20Comercio%3F%20Por%20%C3%93scar%20Humberto%20G%C3%B3mez%20G%C3%B3mez', '' )\" ><ss style=\"display:block\" class=\"heateorSssSharingSvg heateorSssMoreSvg\"><\/ss><\/i><\/li><\/ul><div class=\"heateorSssClear\"><\/div><\/div><div class='heateorSssClear'><\/div>","protected":false},"author":2,"featured_media":0,"comment_status":"closed","ping_status":"closed","sticky":false,"template":"","format":"standard","meta":{"spay_email":"","footnotes":""},"categories":[60],"tags":[],"class_list":["post-36881","post","type-post","status-publish","format-standard","hentry","category-tribuna-de-opinion"],"jetpack_featured_media_url":"","jetpack_shortlink":"https:\/\/wp.me\/p1FYrr-9AR","_links":{"self":[{"href":"https:\/\/oscarhumbertogomez.com\/index.php?rest_route=\/wp\/v2\/posts\/36881","targetHints":{"allow":["GET"]}}],"collection":[{"href":"https:\/\/oscarhumbertogomez.com\/index.php?rest_route=\/wp\/v2\/posts"}],"about":[{"href":"https:\/\/oscarhumbertogomez.com\/index.php?rest_route=\/wp\/v2\/types\/post"}],"author":[{"embeddable":true,"href":"https:\/\/oscarhumbertogomez.com\/index.php?rest_route=\/wp\/v2\/users\/2"}],"replies":[{"embeddable":true,"href":"https:\/\/oscarhumbertogomez.com\/index.php?rest_route=%2Fwp%2Fv2%2Fcomments&post=36881"}],"version-history":[{"count":5,"href":"https:\/\/oscarhumbertogomez.com\/index.php?rest_route=\/wp\/v2\/posts\/36881\/revisions"}],"predecessor-version":[{"id":53547,"href":"https:\/\/oscarhumbertogomez.com\/index.php?rest_route=\/wp\/v2\/posts\/36881\/revisions\/53547"}],"wp:attachment":[{"href":"https:\/\/oscarhumbertogomez.com\/index.php?rest_route=%2Fwp%2Fv2%2Fmedia&parent=36881"}],"wp:term":[{"taxonomy":"category","embeddable":true,"href":"https:\/\/oscarhumbertogomez.com\/index.php?rest_route=%2Fwp%2Fv2%2Fcategories&post=36881"},{"taxonomy":"post_tag","embeddable":true,"href":"https:\/\/oscarhumbertogomez.com\/index.php?rest_route=%2Fwp%2Fv2%2Ftags&post=36881"}],"curies":[{"name":"wp","href":"https:\/\/api.w.org\/{rel}","templated":true}]}}