{"id":37279,"date":"2021-03-05T14:12:44","date_gmt":"2021-03-05T19:12:44","guid":{"rendered":"https:\/\/lapiedrafilosofal.com\/?p=37279"},"modified":"2025-01-06T13:36:38","modified_gmt":"2025-01-06T18:36:38","slug":"bucaramanga-en-los-anos-70-cecilia-vanegas-y-la-legion-de-maria-memorias-capitulo-iii-por-oscar-humberto-gomez-gomez","status":"publish","type":"post","link":"https:\/\/oscarhumbertogomez.com\/?p=37279","title":{"rendered":"Bucaramanga en los a\u00f1os 70 \/\/ CECILIA VANEGAS Y LA LEGI\u00d3N DE MAR\u00cdA (Memorias). [Cap\u00edtulo III]. Por \u00d3scar Humberto G\u00f3mez G\u00f3mez"},"content":{"rendered":"<p>&nbsp;<\/p>\n<p><img loading=\"lazy\" decoding=\"async\" class=\"aligncenter size-large wp-image-37036\" src=\"https:\/\/lapiedrafilosofal.com\/wp-content\/uploads\/2021\/01\/SILUETAS--1024x685.jpg\" alt=\"\" width=\"640\" height=\"428\" srcset=\"https:\/\/oscarhumbertogomez.com\/wp-content\/uploads\/2021\/01\/SILUETAS--1024x685.jpg 1024w, https:\/\/oscarhumbertogomez.com\/wp-content\/uploads\/2021\/01\/SILUETAS--300x201.jpg 300w, https:\/\/oscarhumbertogomez.com\/wp-content\/uploads\/2021\/01\/SILUETAS--768x514.jpg 768w, https:\/\/oscarhumbertogomez.com\/wp-content\/uploads\/2021\/01\/SILUETAS--1536x1028.jpg 1536w, https:\/\/oscarhumbertogomez.com\/wp-content\/uploads\/2021\/01\/SILUETAS-.jpg 1600w\" sizes=\"auto, (max-width: 640px) 100vw, 640px\" \/><\/p>\n<p>&nbsp;<\/p>\n<p>&#8220;\u00bfQui\u00e9n es Esta que va subiendo cual aurora naciente, bella como la luna, brillante como el sol, terrible como un ej\u00e9rcito formado en batalla?<\/p>\n<p>Proclama mi alma la grandeza del Se\u00f1or, se alegra mi esp\u00edritu en Dios mi Salvador; porque ha mirado la humillaci\u00f3n de su esclava.<\/p>\n<p>Desde ahora me felicitar\u00e1n todas las generaciones, porque el Poderoso ha hecho obras grandes por m\u00ed; su nombre es santo, y su misericordia llega a sus fieles de generaci\u00f3n en generaci\u00f3n.<\/p>\n<p>\u00c9l hace proezas con su brazo; dispersa a los soberbios de coraz\u00f3n, derriba del trono a los poderosos, y enaltece a los humildes, a los hambrientos los colma de bienes, y a los ricos los despide vac\u00edos.<\/p>\n<p>Auxilia a Israel, su siervo, acord\u00e1ndose de la misericordia como lo hab\u00eda prometido a nuestros padres en favor de Abraham y su descendencia por siempre.<\/p>\n<p>Gloria al Padre, y al Hijo, y al Esp\u00edritu Santo. Como era en el principio, ahora y siempre por los siglos de los siglos. Am\u00e9n&#8221;.<\/p>\n<p>&#8220;Oh Mar\u00eda, sin pecado concebida,<br \/>\nRuega por nosotros que recurrimos a Ti&#8221;.<\/p>\n<p>&#8220;Oremos.<br \/>\nOh Se\u00f1or Jesucristo, medianero nuestro delante del Padre, que constituiste a la sant\u00edsima Virgen, tu Madre, madre nuestra y medianera ante de Ti, haz que cuantos a Ti acudieren para pedirte beneficios se gocen de haberlo conseguido todo por Ella. Am\u00e9n&#8221;.<\/p>\n<p>&nbsp;<\/p>\n<p><img loading=\"lazy\" decoding=\"async\" class=\"aligncenter size-large wp-image-37036\" src=\"https:\/\/lapiedrafilosofal.com\/wp-content\/uploads\/2021\/01\/SILUETAS--1024x685.jpg\" alt=\"\" width=\"640\" height=\"428\" srcset=\"https:\/\/oscarhumbertogomez.com\/wp-content\/uploads\/2021\/01\/SILUETAS--1024x685.jpg 1024w, https:\/\/oscarhumbertogomez.com\/wp-content\/uploads\/2021\/01\/SILUETAS--300x201.jpg 300w, https:\/\/oscarhumbertogomez.com\/wp-content\/uploads\/2021\/01\/SILUETAS--768x514.jpg 768w, https:\/\/oscarhumbertogomez.com\/wp-content\/uploads\/2021\/01\/SILUETAS--1536x1028.jpg 1536w, https:\/\/oscarhumbertogomez.com\/wp-content\/uploads\/2021\/01\/SILUETAS-.jpg 1600w\" sizes=\"auto, (max-width: 640px) 100vw, 640px\" \/><\/p>\n<p>&nbsp;<\/p>\n<p>Este era el inolvidable texto de la Catena Legionis, de su Ant\u00edfona y de sus oraciones finales. El presidente del &#8220;praesidium&#8221;, Gerardo Cediel, iniciaba su lectura y los dem\u00e1s lo \u00edbamos acompa\u00f1ando en coro, o le respond\u00edamos en coro, seg\u00fan el caso. Coro en el que, inevitablemente, sobresal\u00eda la voz de sousaf\u00f3n del hermano vice-presidente Salom\u00f3n Monta\u00f1a.<\/p>\n<p>Era el hermano Salom\u00f3n Monta\u00f1a un hombre de cabellos de esos que llaman popularmente &#8220;mechi-parados&#8221;, de aspecto ligeramente fornido y una sonrisa amable que contrastaba con su aparente gravedad de trato. Sab\u00edamos que viv\u00eda en uno de los barrios del norte, quiz\u00e1s en San Rafael o Chapinero, y yo no entend\u00eda por qu\u00e9 se ven\u00eda hasta San Laureano en lugar de tomar parte del &#8220;praesidium&#8221; que seguramente funcionaba en la parroquia de su barrio. Aunque m\u00e1s tarde habr\u00eda de meditar yo mismo sobre si acaso all\u00e1 en su lejano barrio no exist\u00eda la Legi\u00f3n de Mar\u00eda o si era que quiz\u00e1s \u00e9l laboraba en el centro de la ciudad y por eso nuestra c\u00e9lula legionaria le quedaba cerca de su lugar de trabajo. Creo recordar \u2014y digo que creo, porque no estoy bien seguro de ello\u2014 que era esto \u00faltimo lo que suced\u00eda: que mientras retornaba del trabajo a su barrio. a bordo de un atestado bus urbano, ya no alcanzaba a llegar a la hora en punto en que comenzaba la sesi\u00f3n del &#8220;praesidium&#8221; de aquel lugar.<\/p>\n<p>Cualquiera que fuese la raz\u00f3n, lo cierto era que el hermano Salom\u00f3n Monta\u00f1a hab\u00eda llegado a ser el vicepresidente de nuestro &#8220;praesidium&#8221; y yo mismo presenci\u00e9, casi reci\u00e9n llegado yo a aquella asociaci\u00f3n religiosa, ya no como &#8220;observador&#8221;, sino como miembro activo, su reelecci\u00f3n en el cargo, misma que \u00e9l nos agradeci\u00f3 con una corta intervenci\u00f3n en la que se puso a nuestras \u00f3rdenes para lo que se nos ofreciera.<\/p>\n<p>&nbsp;<\/p>\n<p><img loading=\"lazy\" decoding=\"async\" class=\"aligncenter size-large wp-image-37036\" src=\"https:\/\/lapiedrafilosofal.com\/wp-content\/uploads\/2021\/01\/SILUETAS--1024x685.jpg\" alt=\"\" width=\"640\" height=\"428\" srcset=\"https:\/\/oscarhumbertogomez.com\/wp-content\/uploads\/2021\/01\/SILUETAS--1024x685.jpg 1024w, https:\/\/oscarhumbertogomez.com\/wp-content\/uploads\/2021\/01\/SILUETAS--300x201.jpg 300w, https:\/\/oscarhumbertogomez.com\/wp-content\/uploads\/2021\/01\/SILUETAS--768x514.jpg 768w, https:\/\/oscarhumbertogomez.com\/wp-content\/uploads\/2021\/01\/SILUETAS--1536x1028.jpg 1536w, https:\/\/oscarhumbertogomez.com\/wp-content\/uploads\/2021\/01\/SILUETAS-.jpg 1600w\" sizes=\"auto, (max-width: 640px) 100vw, 640px\" \/><\/p>\n<p>&nbsp;<\/p>\n<p>El padre Ignacio Parra Fonrodona era el gu\u00eda espiritual del &#8220;praesidium&#8221; al que pertenec\u00eda Cecilia y ella me comentaba que, a diferencia del nuestro, aquel sacerdote era bastante serio, estricto y muy comprometido con la puntualidad y la disciplina. Lo que recuerdo de \u00e9l era que usaba anteojos transparentes \u2014tan transparentes como yo me imaginaba que deb\u00eda ser su alma\u2014, era algo gordo, talvez de estatura mediana y sol\u00eda vestir de camisa blanca y pantal\u00f3n oscuro, y, a diferencia del padre Facundo, en el cuello de su camisa utilizaba siempre el &#8220;clergyman&#8221;, aunque algunas veces lo vi luciendo el negro traje talar tradicional de los presb\u00edteros.<\/p>\n<p>&nbsp;<\/p>\n<p><img loading=\"lazy\" decoding=\"async\" class=\"aligncenter size-large wp-image-37036\" src=\"https:\/\/lapiedrafilosofal.com\/wp-content\/uploads\/2021\/01\/SILUETAS--1024x685.jpg\" alt=\"\" width=\"640\" height=\"428\" srcset=\"https:\/\/oscarhumbertogomez.com\/wp-content\/uploads\/2021\/01\/SILUETAS--1024x685.jpg 1024w, https:\/\/oscarhumbertogomez.com\/wp-content\/uploads\/2021\/01\/SILUETAS--300x201.jpg 300w, https:\/\/oscarhumbertogomez.com\/wp-content\/uploads\/2021\/01\/SILUETAS--768x514.jpg 768w, https:\/\/oscarhumbertogomez.com\/wp-content\/uploads\/2021\/01\/SILUETAS--1536x1028.jpg 1536w, https:\/\/oscarhumbertogomez.com\/wp-content\/uploads\/2021\/01\/SILUETAS-.jpg 1600w\" sizes=\"auto, (max-width: 640px) 100vw, 640px\" \/><\/p>\n<p>&nbsp;<\/p>\n<p>Las obras de misericordia se hab\u00edan convertido en el punto neur\u00e1lgico de las discusiones suscitadas en el interior de nuestra c\u00e9lula sobre la naturaleza del trabajo legionario y el hermano Salom\u00f3n Monta\u00f1a lo abord\u00f3 siempre, con su particular elocuencia serena, enfatizando en que ellas eran no solo materiales, como yo parec\u00eda estarlo entendiendo, sino tambi\u00e9n espirituales, y que estas \u2014las obras de misericordia espirituales\u2014 ten\u00edan tambi\u00e9n una gran importancia dentro de la Iglesia y eran m\u00e1s acordes con el \u00e1mbito propio del trabajo legionario.<\/p>\n<p>En efecto, yo, alumno del Instituto Tecnol\u00f3gico Santandereano \u2014plantel al cual sab\u00eda que tambi\u00e9n se le denominaba Instituto T\u00e9cnico Superior D\u00e1maso Zapata, sin que hasta ese momento tuviera claro el porqu\u00e9\u2014 era cercano al trabajo desplegado por el entonces capell\u00e1n, padre Augusto Pinilla Ruiz, un sacerdote joven, de rostro blanco e impecablemente rasurado, quien, al frente de un entusiasta grupo de alumnos desarrollaba una din\u00e1mica tarea consistente en recoger ropa que estuviera en perfectas condiciones, alimentos tales como paquetes de Pastas Gavassa y papeletas de Caf\u00e9 Constancia, medicamentos b\u00e1sicos y \u00fatiles escolares, todo ello con destino a un pueblecito santandereano llamado Cepit\u00e1, del que yo por entonces percib\u00eda como ubicado en los extramuros del fin del mundo.<\/p>\n<p>Esta misma idea fue la que yo llev\u00e9 al seno de mi &#8220;praesidium&#8221;, pero no tuvo la entusiasta acogida que yo esperaba. Entonces, en lugar de aceptar que por ah\u00ed no era la cosa, me di a la tarea de insistir, con una tozudez apenas comprensible en un muchacho, mas con el fin de darle una base religiosa a mis planteamientos acud\u00ed al catecismo del padre Gaspar Astete, librillo del que entonces ignoraba la antig\u00fcedad, pero del cual, en cambio, ten\u00eda perfectamente claro que saberlo de memoria y ponerlo en pr\u00e1ctica sin chistar constitu\u00eda el pasaporte que tendr\u00eda que presentar ante San Pedro para poder ingresar sin contratiempos al Cielo.<\/p>\n<p>&nbsp;<\/p>\n<p><img loading=\"lazy\" decoding=\"async\" class=\"aligncenter size-large wp-image-37036\" src=\"https:\/\/lapiedrafilosofal.com\/wp-content\/uploads\/2021\/01\/SILUETAS--1024x685.jpg\" alt=\"\" width=\"640\" height=\"428\" srcset=\"https:\/\/oscarhumbertogomez.com\/wp-content\/uploads\/2021\/01\/SILUETAS--1024x685.jpg 1024w, https:\/\/oscarhumbertogomez.com\/wp-content\/uploads\/2021\/01\/SILUETAS--300x201.jpg 300w, https:\/\/oscarhumbertogomez.com\/wp-content\/uploads\/2021\/01\/SILUETAS--768x514.jpg 768w, https:\/\/oscarhumbertogomez.com\/wp-content\/uploads\/2021\/01\/SILUETAS--1536x1028.jpg 1536w, https:\/\/oscarhumbertogomez.com\/wp-content\/uploads\/2021\/01\/SILUETAS-.jpg 1600w\" sizes=\"auto, (max-width: 640px) 100vw, 640px\" \/><\/p>\n<p>&nbsp;<\/p>\n<p>Nuestro gu\u00eda espiritual, el padre Facundo Garc\u00eda, parec\u00eda estar de acuerdo conmigo, pero trataba de paliar el choque de pareceres con una posici\u00f3n conciliadora, que yo siempre atribu\u00ed m\u00e1s a su caballerosidad que al hecho de que pudiera querer imponerse, fungiendo de mediador, en ejercicio de la autoridad que le otorgaba su investidura eclesi\u00e1stica.<\/p>\n<p>De todos modos, a la pol\u00e9mica se a\u00f1adi\u00f3 un ingrediente surgido de parte m\u00eda y fue el haber invitado a las sesiones a mi compa\u00f1ero de estudios y de alguna forma vecino de barrio Herman \u00d3scar Osorio Mu\u00f1oz, a quien le hab\u00eda sugerido, y \u00e9l lo hab\u00eda aceptado con entusiasmo, ingresar a la Legi\u00f3n de Mar\u00eda.<\/p>\n<p>&nbsp;<\/p>\n<p><img loading=\"lazy\" decoding=\"async\" class=\"aligncenter size-large wp-image-37036\" src=\"https:\/\/lapiedrafilosofal.com\/wp-content\/uploads\/2021\/01\/SILUETAS--1024x685.jpg\" alt=\"\" width=\"640\" height=\"428\" srcset=\"https:\/\/oscarhumbertogomez.com\/wp-content\/uploads\/2021\/01\/SILUETAS--1024x685.jpg 1024w, https:\/\/oscarhumbertogomez.com\/wp-content\/uploads\/2021\/01\/SILUETAS--300x201.jpg 300w, https:\/\/oscarhumbertogomez.com\/wp-content\/uploads\/2021\/01\/SILUETAS--768x514.jpg 768w, https:\/\/oscarhumbertogomez.com\/wp-content\/uploads\/2021\/01\/SILUETAS--1536x1028.jpg 1536w, https:\/\/oscarhumbertogomez.com\/wp-content\/uploads\/2021\/01\/SILUETAS-.jpg 1600w\" sizes=\"auto, (max-width: 640px) 100vw, 640px\" \/><\/p>\n<p>&nbsp;<\/p>\n<p>Estudiante tambi\u00e9n del Instituto Tecnol\u00f3gico Santandereano, Herman Oscar hab\u00eda ido a parar all\u00ed luego de su paso por el Instituto Tecnol\u00f3gico Salesiano, establecimiento pr\u00f3ximo a su casa y del que poco habr\u00eda de escucharle hablar excepto por lo que contaba acerca de un tal cura Bejarano, del que \u2014seg\u00fan \u00e9l\u2014 se sab\u00eda dentro del estudiantado que conduc\u00eda a los alumnos a quienes iba a castigar hasta un sitio para llegar al cual hab\u00eda que subir unas escaleras, y all\u00ed los golpeaba, por lo cual los muchachos descend\u00edan las escalinatas llorando. A ese lugar, por cierto, los estudiantes le daban un nombre, pero no lo recuerdo.<\/p>\n<p>Herman \u00d3scar hab\u00eda establecido conmigo una amistad cercana y debido a ella comenc\u00e9 a frecuentar su casa, y \u00e9l la m\u00eda, de modo que conoc\u00ed a su \u00fanico hermano, de nombre Jean Ra\u00fal \u2014quien estudiaba una carrera de ingenier\u00eda en la UIS y estaba aprendiendo a rasgar el tiple\u2014 y a sus dos hermanas, \u00c1ngela y Laura, de quienes me cont\u00f3 que eran gemelas, aunque yo diferenciaba muy bien el car\u00e1cter dulce y la actitud sonriente de esta, por una parte, y el car\u00e1cter fuerte y el rostro adusto de aquella, por la otra, lo que hizo que congeniara muy r\u00e1pido con Laura y, en cambio, casi no lograra aproximarme bien a \u00c1ngela, a pesar de que sent\u00eda tambi\u00e9n por ella el mismo aprecio que experimentaba hacia su hermana.<\/p>\n<p>Dicho sea de paso, m\u00e1s tarde habr\u00eda de ser sorprendido con la revelaci\u00f3n de m\u00e1s de una persona pr\u00f3xima a esa familia respecto a que \u00c1ngela era una chica de excelente humor, con talento natural para contar chistes graciosos e imitar a ciertos personajes, y que en las reuniones era muy divertida, mientras que la seria y socialmente distante result\u00f3 ser Laura.<\/p>\n<p>En otras palabras, con las hermanas Osorio se vino a cumplir la inmortal sentencia que Jos\u00e9 Manuel Marroqu\u00edn plasmara en su inmortal poema &#8220;La perrilla&#8221;, del cual el \u00fanico declamador que recuerdo es a \u00c1lvaro Jerez Rodr\u00edguez, quien la recit\u00f3, precisamente en el Tecnol\u00f3gico Santandereano, durante una sesi\u00f3n literaria, mientras extend\u00eda los dos brazos primero hacia la izquierda y luego hacia la derecha como si estuviera toreando.<\/p>\n<p>&#8220;La perrilla&#8221;, para quienes ya lo olvidaron, y para quienes nunca lo han sabido, comienza con estos versos:<\/p>\n<p>&#8220;Es flaca sobremanera<br \/>\ntoda humana previsi\u00f3n,<br \/>\npues en m\u00e1s de una ocasi\u00f3n<br \/>\nsale lo que no se espera&#8221;.<\/p>\n<p>&nbsp;<\/p>\n<p><img loading=\"lazy\" decoding=\"async\" class=\"aligncenter size-large wp-image-37036\" src=\"https:\/\/lapiedrafilosofal.com\/wp-content\/uploads\/2021\/01\/SILUETAS--1024x685.jpg\" alt=\"\" width=\"640\" height=\"428\" srcset=\"https:\/\/oscarhumbertogomez.com\/wp-content\/uploads\/2021\/01\/SILUETAS--1024x685.jpg 1024w, https:\/\/oscarhumbertogomez.com\/wp-content\/uploads\/2021\/01\/SILUETAS--300x201.jpg 300w, https:\/\/oscarhumbertogomez.com\/wp-content\/uploads\/2021\/01\/SILUETAS--768x514.jpg 768w, https:\/\/oscarhumbertogomez.com\/wp-content\/uploads\/2021\/01\/SILUETAS--1536x1028.jpg 1536w, https:\/\/oscarhumbertogomez.com\/wp-content\/uploads\/2021\/01\/SILUETAS-.jpg 1600w\" sizes=\"auto, (max-width: 640px) 100vw, 640px\" \/><\/p>\n<p>&nbsp;<\/p>\n<p>Una tarde en que llegu\u00e9 a la casa de Herman \u00d3scar y mientras avanzaba hacia su interior, sent\u00ed una campana que sonaba en el televisor \u2014el cual se encontraba prendido y a alto volumen\u2014 y unas risas que restallaban en la sala, y fue cuando me encontr\u00e9 con que todos estaban viendo un programa de humor. Era un programa de humor nuevo en el que un personaje disfrazado con un traje de antenas y una gran letra CH sobre el pecho, y armado de una especie de martillo gigantesco con el que golpeaba a los que fung\u00edan de malos, miraba de vez en cuando hacia los televidentes y dec\u00eda: &#8220;\u00a1No contaban con mi astucia!&#8221;.<\/p>\n<p>\u2014\u00bfQui\u00e9n es ese?\u2014, pregunt\u00e9 sonriendo y sin dejar de mirar hacia la pantalla.<\/p>\n<p>Fue Jean Ra\u00fal el que me contest\u00f3 con una pregunta:<\/p>\n<p>\u2014\u00bfNo ha visto al Chapul\u00edn Colorado?\u2014, me dijo, sonriendo tambi\u00e9n, mientras volv\u00eda la mirada hacia m\u00ed al tiempo que el programa se interrump\u00eda para dar paso a unas propagandas.<\/p>\n<p>\u2014No\u2014, le contest\u00e9 con sinceridad girando la cabeza de un lado a otro.<\/p>\n<p>\u2014V\u00e9alo\u2014, me dijo ri\u00e9ndose y sin apartarme la vista\u2014-. Es excelente.<\/p>\n<p>&nbsp;<\/p>\n<p><img loading=\"lazy\" decoding=\"async\" class=\"aligncenter size-large wp-image-37036\" src=\"https:\/\/lapiedrafilosofal.com\/wp-content\/uploads\/2021\/01\/SILUETAS--1024x685.jpg\" alt=\"\" width=\"640\" height=\"428\" srcset=\"https:\/\/oscarhumbertogomez.com\/wp-content\/uploads\/2021\/01\/SILUETAS--1024x685.jpg 1024w, https:\/\/oscarhumbertogomez.com\/wp-content\/uploads\/2021\/01\/SILUETAS--300x201.jpg 300w, https:\/\/oscarhumbertogomez.com\/wp-content\/uploads\/2021\/01\/SILUETAS--768x514.jpg 768w, https:\/\/oscarhumbertogomez.com\/wp-content\/uploads\/2021\/01\/SILUETAS--1536x1028.jpg 1536w, https:\/\/oscarhumbertogomez.com\/wp-content\/uploads\/2021\/01\/SILUETAS-.jpg 1600w\" sizes=\"auto, (max-width: 640px) 100vw, 640px\" \/><\/p>\n<p>&nbsp;<\/p>\n<p>Pues bien; la llegada de Herman \u00d3scar al &#8220;praesidium&#8221; fue recibida con amabilidad, pero tambi\u00e9n con evidente cautela. Se le dijo que por el momento estar\u00eda como invitado m\u00edo y que, si cumpl\u00eda con los requerimientos de la organizaci\u00f3n, ser\u00eda recibido como miembro.<\/p>\n<p>Herman \u00d3scar, que era due\u00f1o de una gran sencillez, por momentos rayana en una timidez manifiesta, asinti\u00f3 con la cabeza y una sonrisa de humildad, y procedi\u00f3 a sentarse.<\/p>\n<p>Contrario a lo que seguramente se esperaba, mi invitado comenz\u00f3 a dar muestras de no tener intenci\u00f3n alguna de participar en las discusiones, pues apenas las segu\u00eda con la mirada y su emblem\u00e1tica sonrisa.<\/p>\n<p>&nbsp;<\/p>\n<p><img loading=\"lazy\" decoding=\"async\" class=\"aligncenter size-large wp-image-37036\" src=\"https:\/\/lapiedrafilosofal.com\/wp-content\/uploads\/2021\/01\/SILUETAS--1024x685.jpg\" alt=\"\" width=\"640\" height=\"428\" srcset=\"https:\/\/oscarhumbertogomez.com\/wp-content\/uploads\/2021\/01\/SILUETAS--1024x685.jpg 1024w, https:\/\/oscarhumbertogomez.com\/wp-content\/uploads\/2021\/01\/SILUETAS--300x201.jpg 300w, https:\/\/oscarhumbertogomez.com\/wp-content\/uploads\/2021\/01\/SILUETAS--768x514.jpg 768w, https:\/\/oscarhumbertogomez.com\/wp-content\/uploads\/2021\/01\/SILUETAS--1536x1028.jpg 1536w, https:\/\/oscarhumbertogomez.com\/wp-content\/uploads\/2021\/01\/SILUETAS-.jpg 1600w\" sizes=\"auto, (max-width: 640px) 100vw, 640px\" \/><\/p>\n<p>&nbsp;<\/p>\n<p>Saber que el hermano vicepresidente Salom\u00f3n Monta\u00f1a se encontraba en la puerta de mi casa, pues yo acababa de ser informado de su presencia y de su manifestaci\u00f3n de que me necesitaba, fue para m\u00ed no solo una gran sorpresa, sino adem\u00e1s el presagio de que se me avecinaban momentos dif\u00edciles.<\/p>\n<p>Pero verlo junto al presidente del &#8220;praesidium&#8221;, el sonriente Gerardo Cediel, y al lado de alguien m\u00e1s a quien me present\u00f3 como un directivo de la Casa de la Legi\u00f3n \u2014de la que yo hab\u00eda escuchado decir no solo que quedaba ubicada en la calle 49 con carrera 27 A, sino que era la m\u00e1xima autoridad de la organizaci\u00f3n en la ciudad\u2014 fue la plena confirmaci\u00f3n de mis temores.<\/p>\n<p>&nbsp;<\/p>\n<p><img loading=\"lazy\" decoding=\"async\" class=\"aligncenter size-large wp-image-37036\" src=\"https:\/\/lapiedrafilosofal.com\/wp-content\/uploads\/2021\/01\/SILUETAS--1024x685.jpg\" alt=\"\" width=\"640\" height=\"428\" srcset=\"https:\/\/oscarhumbertogomez.com\/wp-content\/uploads\/2021\/01\/SILUETAS--1024x685.jpg 1024w, https:\/\/oscarhumbertogomez.com\/wp-content\/uploads\/2021\/01\/SILUETAS--300x201.jpg 300w, https:\/\/oscarhumbertogomez.com\/wp-content\/uploads\/2021\/01\/SILUETAS--768x514.jpg 768w, https:\/\/oscarhumbertogomez.com\/wp-content\/uploads\/2021\/01\/SILUETAS--1536x1028.jpg 1536w, https:\/\/oscarhumbertogomez.com\/wp-content\/uploads\/2021\/01\/SILUETAS-.jpg 1600w\" sizes=\"auto, (max-width: 640px) 100vw, 640px\" \/><\/p>\n<p>&nbsp;<\/p>\n<p>El hermano Salom\u00f3n me salud\u00f3 con su sonrisa de siempre y me extendi\u00f3 su mano obrera de hombre curtido en el trabajo material honesto. Sus acompa\u00f1antes hicieron lo mismo. Me dijo que quer\u00edan hablar conmigo en privado. Yo los invit\u00e9 a seguir, pero el presidente me dijo que en la legi\u00f3n era muy importante que los temas internos se ventilaran en confidencialidad y que, por ello, me agradec\u00edan la hospitalidad, pero que les gustar\u00eda que habl\u00e1ramos en privado. Yo les pregunt\u00e9 si ten\u00edan en mente alg\u00fan sitio y me dijeron que no, que yo escogiera libremente d\u00f3nde querr\u00eda escucharlos.<\/p>\n<p>Tener hambre no es precisamente nada ex\u00f3tico en un estudiante de bachillerato por lo cual nada tiene de extra\u00f1o que piense en un restaurante como el sitio ideal para conversar.<\/p>\n<p>Exist\u00eda en el costado occidental de la carrera 15 entre calles 41 y 42 un restaurante donde vend\u00edan los fr\u00edjoles m\u00e1s exquisitos del momento. Se llamaba Restaurante Diana. All\u00ed sol\u00eda ir yo, unas veces acompa\u00f1ado de uno de mis hermanos, otras veces con Herman \u00d3scar, en algunas ocasiones solo. Fue este lugar el que primero se me vino a la mente cuando me dieron la alternativa de escoger el sitio.<\/p>\n<p>\u2014\u00bfUstedes conocen el Restaurante Diana?\u2014, les pregunt\u00e9.<\/p>\n<p>Salom\u00f3n Monta\u00f1a hizo un gesto denotando que no. Gerardo Cediel, en cambio, s\u00ed manifest\u00f3 conocerlo, acompa\u00f1ando la frase con su consabida sonrisa. El tercer acompa\u00f1ante guard\u00f3 un inexpresivo silencio.<\/p>\n<p>\u2014Nos da la direcci\u00f3n y nosotros llegamos all\u00e1\u2014, dijo el hermano Salom\u00f3n.<\/p>\n<p>Gerardo Cediel no ocult\u00f3 su pleno conocimiento del lugar:<\/p>\n<p>\u2014El Diana queda \u2014dijo sin dejar de sonre\u00edr\u2014 a la vuelta de mi casa.<\/p>\n<p>Salom\u00f3n Monta\u00f1a y el tercer visitante anotaron tanto el nombre del sitio como la ubicaci\u00f3n que yo les di en sus diminutas libretas de apuntes.<\/p>\n<p>\u2014\u00bfEst\u00e1 bien el viernes?\u2014, me pregunt\u00f3 Salom\u00f3n.<\/p>\n<p>\u2014S\u00ed, el viernes est\u00e1 bien\u2014, le respond\u00ed.<\/p>\n<p>\u2014\u00bfA las seis de la tarde le parece bien, hermano?\u2014, me pregunt\u00f3 \u00e9l mismo.<\/p>\n<p>\u2014S\u00ed, a esa hora es perfecto\u2014, le respond\u00ed.<\/p>\n<p>\u2014Bueno \u2014remat\u00f3 el hermano Salom\u00f3n mientras me extend\u00eda la mano con una sonrisa\u2014, all\u00e1 nos vemos.<\/p>\n<p>\u2014S\u00ed, hermano \u2014le dije sonriendo tambi\u00e9n\u2014, all\u00e1 nos vemos.<\/p>\n<p>Entonces me desped\u00ed de los otros dos visitantes y me qued\u00e9 parado en la puerta mientras los ve\u00eda a los tres caminando hacia el norte. Era evidente, por los movimientos de sus manos, que iban conversando y yo estaba seguro de que lo hac\u00edan sobre m\u00ed. Solamente entr\u00e9 a la casa cuando se perdieron de mi vista.<\/p>\n<p>&nbsp;<\/p>\n<p><img loading=\"lazy\" decoding=\"async\" class=\"aligncenter size-large wp-image-37036\" src=\"https:\/\/lapiedrafilosofal.com\/wp-content\/uploads\/2021\/01\/SILUETAS--1024x685.jpg\" alt=\"\" width=\"640\" height=\"428\" srcset=\"https:\/\/oscarhumbertogomez.com\/wp-content\/uploads\/2021\/01\/SILUETAS--1024x685.jpg 1024w, https:\/\/oscarhumbertogomez.com\/wp-content\/uploads\/2021\/01\/SILUETAS--300x201.jpg 300w, https:\/\/oscarhumbertogomez.com\/wp-content\/uploads\/2021\/01\/SILUETAS--768x514.jpg 768w, https:\/\/oscarhumbertogomez.com\/wp-content\/uploads\/2021\/01\/SILUETAS--1536x1028.jpg 1536w, https:\/\/oscarhumbertogomez.com\/wp-content\/uploads\/2021\/01\/SILUETAS-.jpg 1600w\" sizes=\"auto, (max-width: 640px) 100vw, 640px\" \/><\/p>\n<p>&nbsp;<\/p>\n<p>Anfitriona de trato c\u00e1lido y amiga siempre amable y acogedora, morenita, peque\u00f1a de estatura, de cabello negro y generalmente corto, de ojos negros, mirada vivaz y due\u00f1a de una risa f\u00e1cil \u2014m\u00e1s all\u00e1 de lo que en contrario pudiera pensar quien no la hubiese tratado de cerca\u2014, mi amiga Cecilia Vanegas era confidente de mis cuitas. Por ello, fue en ella en la primera persona en la que pens\u00e9 para participarle la inusual visita del hermano presidente Gerardo Cediel, del hermano vicepresidente Salom\u00f3n Monta\u00f1a y del enigm\u00e1tico directivo de la Casa de la Legi\u00f3n, as\u00ed como tambi\u00e9n la inminente reuni\u00f3n que se llevar\u00eda a cabo en el Restaurante Diana y en la cual estaba seguro de que surgir\u00edan decisiones trascendentales para m\u00ed alrededor de un apetitoso plato de fr\u00edjoles.<\/p>\n<p>&nbsp;<\/p>\n<p><img loading=\"lazy\" decoding=\"async\" class=\"aligncenter size-large wp-image-37036\" src=\"https:\/\/lapiedrafilosofal.com\/wp-content\/uploads\/2021\/01\/SILUETAS--1024x685.jpg\" alt=\"\" width=\"640\" height=\"428\" srcset=\"https:\/\/oscarhumbertogomez.com\/wp-content\/uploads\/2021\/01\/SILUETAS--1024x685.jpg 1024w, https:\/\/oscarhumbertogomez.com\/wp-content\/uploads\/2021\/01\/SILUETAS--300x201.jpg 300w, https:\/\/oscarhumbertogomez.com\/wp-content\/uploads\/2021\/01\/SILUETAS--768x514.jpg 768w, https:\/\/oscarhumbertogomez.com\/wp-content\/uploads\/2021\/01\/SILUETAS--1536x1028.jpg 1536w, https:\/\/oscarhumbertogomez.com\/wp-content\/uploads\/2021\/01\/SILUETAS-.jpg 1600w\" sizes=\"auto, (max-width: 640px) 100vw, 640px\" \/><\/p>\n<p>&nbsp;<\/p>\n<p>[CONTINUAR\u00c1]<\/p>\n<p>&nbsp;<\/p>\n<p><iframe loading=\"lazy\" width=\"560\" height=\"315\" src=\"https:\/\/www.youtube-nocookie.com\/embed\/PNMNwKY3BoY?controls=0\" frameborder=\"0\" allow=\"accelerometer; autoplay; clipboard-write; encrypted-media; gyroscope; picture-in-picture\" allowfullscreen=\"\"><\/iframe><\/p>\n<p>&nbsp;<\/p>\n","protected":false},"excerpt":{"rendered":"<p>&nbsp; &nbsp; &#8220;\u00bfQui\u00e9n es Esta que va subiendo cual aurora naciente, bella como la luna, brillante como el sol, terrible como un ej\u00e9rcito formado en batalla? Proclama mi alma la grandeza del Se\u00f1or, se alegra mi esp\u00edritu en Dios mi &hellip; <a href=\"https:\/\/oscarhumbertogomez.com\/?p=37279\">Sigue leyendo <span class=\"meta-nav\">&rarr;<\/span><\/a><\/p>\n<div class='heateorSssClear'><\/div><div  class='heateor_sss_sharing_container heateor_sss_horizontal_sharing' heateor-sss-data-href='https:\/\/oscarhumbertogomez.com\/?p=37279'><div class='heateor_sss_sharing_title' style=\"font-weight:bold\" >\u00a1Gracias por compartirla!<\/div><ul class=\"heateor_sss_sharing_ul\"><li class=\"heateorSssSharingRound\"><i style=\"width:35px;height:35px;border-radius:999px;\" alt=\"Facebook\" Title=\"Facebook\" class=\"heateorSssSharing heateorSssFacebookBackground\" onclick='heateorSssPopup(\"https:\/\/www.facebook.com\/sharer\/sharer.php?u=https%3A%2F%2Foscarhumbertogomez.com%2Findex.php%3Frest_route%3D%252Fwp%252Fv2%252Fposts%252F37279\")'><ss style=\"display:block;border-radius:999px;\" class=\"heateorSssSharingSvg heateorSssFacebookSvg\"><\/ss><\/i><\/li><li class=\"heateorSssSharingRound\"><i style=\"width:35px;height:35px;border-radius:999px;\" alt=\"Twitter\" Title=\"Twitter\" class=\"heateorSssSharing heateorSssTwitterBackground\" onclick='heateorSssPopup(\"http:\/\/twitter.com\/intent\/tweet?text=Bucaramanga%20en%20los%20a%C3%B1os%2070%20%2F%2F%20CECILIA%20VANEGAS%20Y%20LA%20LEGI%C3%93N%20DE%20MAR%C3%8DA%20%28Memorias%29.%20%5BCap%C3%ADtulo%20III%5D.%20Por%20%C3%93scar%20Humberto%20G%C3%B3mez%20G%C3%B3mez&url=https%3A%2F%2Foscarhumbertogomez.com%2Findex.php%3Frest_route%3D%252Fwp%252Fv2%252Fposts%252F37279\")'><ss style=\"display:block;border-radius:999px;\" class=\"heateorSssSharingSvg heateorSssTwitterSvg\"><\/ss><\/i><\/li><li class=\"heateorSssSharingRound\"><i style=\"width:35px;height:35px;border-radius:999px;\" alt=\"Whatsapp\" Title=\"Whatsapp\" class=\"heateorSssSharing heateorSssWhatsappBackground\" onclick='heateorSssPopup(\"https:\/\/web.whatsapp.com\/send?text=Bucaramanga%20en%20los%20a%C3%B1os%2070%20%2F%2F%20CECILIA%20VANEGAS%20Y%20LA%20LEGI%C3%93N%20DE%20MAR%C3%8DA%20%28Memorias%29.%20%5BCap%C3%ADtulo%20III%5D.%20Por%20%C3%93scar%20Humberto%20G%C3%B3mez%20G%C3%B3mez https%3A%2F%2Foscarhumbertogomez.com%2Findex.php%3Frest_route%3D%252Fwp%252Fv2%252Fposts%252F37279\")'><ss style=\"display:block\" class=\"heateorSssSharingSvg heateorSssWhatsappSvg\"><\/ss><\/i><\/li><li class=\"heateorSssSharingRound\"><i style=\"width:35px;height:35px;border-radius:999px;\" alt=\"Pinterest\" Title=\"Pinterest\" class=\"heateorSssSharing heateorSssPinterestBackground\" onclick=\"javascript:void( (function() {var e=document.createElement('script' );e.setAttribute('type','text\/javascript' );e.setAttribute('charset','UTF-8' );e.setAttribute('src','\/\/assets.pinterest.com\/js\/pinmarklet.js?r='+Math.random()*99999999);document.body.appendChild(e)})());\"><ss style=\"display:block;border-radius:999px;\" class=\"heateorSssSharingSvg heateorSssPinterestSvg\"><\/ss><\/i><\/li><li class=\"heateorSssSharingRound\"><i style=\"width:35px;height:35px;border-radius:999px;\" alt=\"Google Gmail\" Title=\"Google Gmail\" class=\"heateorSssSharing heateorSssGoogleGmailBackground\" onclick='heateorSssPopup(\"https:\/\/mail.google.com\/mail\/?ui=2&view=cm&fs=1&tf=1&su=Bucaramanga%20en%20los%20a%C3%B1os%2070%20%2F%2F%20CECILIA%20VANEGAS%20Y%20LA%20LEGI%C3%93N%20DE%20MAR%C3%8DA%20%28Memorias%29.%20%5BCap%C3%ADtulo%20III%5D.%20Por%20%C3%93scar%20Humberto%20G%C3%B3mez%20G%C3%B3mez&body=Link:https%3A%2F%2Foscarhumbertogomez.com%2Findex.php%3Frest_route%3D%252Fwp%252Fv2%252Fposts%252F37279\")'><ss style=\"display:block;border-radius:999px;\" class=\"heateorSssSharingSvg heateorSssGoogleGmailSvg\"><\/ss><\/i><\/li><li class=\"heateorSssSharingRound\"><i style=\"width:35px;height:35px;border-radius:999px;\" title=\"More\" alt=\"More\" class=\"heateorSssSharing heateorSssMoreBackground\" onclick=\"heateorSssMoreSharingPopup(this, 'https:\/\/oscarhumbertogomez.com\/index.php?rest_route=%2Fwp%2Fv2%2Fposts%2F37279', 'Bucaramanga%20en%20los%20a%C3%B1os%2070%20%2F%2F%20CECILIA%20VANEGAS%20Y%20LA%20LEGI%C3%93N%20DE%20MAR%C3%8DA%20%28Memorias%29.%20%5BCap%C3%ADtulo%20III%5D.%20Por%20%C3%93scar%20Humberto%20G%C3%B3mez%20G%C3%B3mez', '' )\" ><ss style=\"display:block\" class=\"heateorSssSharingSvg heateorSssMoreSvg\"><\/ss><\/i><\/li><\/ul><div class=\"heateorSssClear\"><\/div><\/div><div class='heateorSssClear'><\/div>","protected":false},"author":2,"featured_media":0,"comment_status":"closed","ping_status":"closed","sticky":false,"template":"","format":"standard","meta":{"spay_email":"","footnotes":""},"categories":[1],"tags":[],"class_list":["post-37279","post","type-post","status-publish","format-standard","hentry","category-blog"],"jetpack_featured_media_url":"","jetpack_shortlink":"https:\/\/wp.me\/p1FYrr-9Hh","_links":{"self":[{"href":"https:\/\/oscarhumbertogomez.com\/index.php?rest_route=\/wp\/v2\/posts\/37279","targetHints":{"allow":["GET"]}}],"collection":[{"href":"https:\/\/oscarhumbertogomez.com\/index.php?rest_route=\/wp\/v2\/posts"}],"about":[{"href":"https:\/\/oscarhumbertogomez.com\/index.php?rest_route=\/wp\/v2\/types\/post"}],"author":[{"embeddable":true,"href":"https:\/\/oscarhumbertogomez.com\/index.php?rest_route=\/wp\/v2\/users\/2"}],"replies":[{"embeddable":true,"href":"https:\/\/oscarhumbertogomez.com\/index.php?rest_route=%2Fwp%2Fv2%2Fcomments&post=37279"}],"version-history":[{"count":5,"href":"https:\/\/oscarhumbertogomez.com\/index.php?rest_route=\/wp\/v2\/posts\/37279\/revisions"}],"predecessor-version":[{"id":49755,"href":"https:\/\/oscarhumbertogomez.com\/index.php?rest_route=\/wp\/v2\/posts\/37279\/revisions\/49755"}],"wp:attachment":[{"href":"https:\/\/oscarhumbertogomez.com\/index.php?rest_route=%2Fwp%2Fv2%2Fmedia&parent=37279"}],"wp:term":[{"taxonomy":"category","embeddable":true,"href":"https:\/\/oscarhumbertogomez.com\/index.php?rest_route=%2Fwp%2Fv2%2Fcategories&post=37279"},{"taxonomy":"post_tag","embeddable":true,"href":"https:\/\/oscarhumbertogomez.com\/index.php?rest_route=%2Fwp%2Fv2%2Ftags&post=37279"}],"curies":[{"name":"wp","href":"https:\/\/api.w.org\/{rel}","templated":true}]}}