{"id":37352,"date":"2021-03-21T16:44:03","date_gmt":"2021-03-21T21:44:03","guid":{"rendered":"https:\/\/lapiedrafilosofal.com\/?p=37352"},"modified":"2025-01-06T21:46:19","modified_gmt":"2025-01-07T02:46:19","slug":"bucaramanga-en-los-anos-70-cecilia-vanegas-y-la-legion-de-maria-memorias-capitulo-v-por-oscar-humberto-gomez-gomez","status":"publish","type":"post","link":"https:\/\/oscarhumbertogomez.com\/?p=37352","title":{"rendered":"Bucaramanga en los a\u00f1os 70 \/\/ CECILIA VANEGAS Y LA LEGI\u00d3N DE MAR\u00cdA (Memorias). [Cap\u00edtulo V]. Por \u00d3scar Humberto G\u00f3mez G\u00f3mez"},"content":{"rendered":"<p>&nbsp;<\/p>\n<p><img loading=\"lazy\" decoding=\"async\" class=\"aligncenter size-large wp-image-37036\" src=\"https:\/\/lapiedrafilosofal.com\/wp-content\/uploads\/2021\/01\/SILUETAS--1024x685.jpg\" alt=\"\" width=\"640\" height=\"428\" srcset=\"https:\/\/oscarhumbertogomez.com\/wp-content\/uploads\/2021\/01\/SILUETAS--1024x685.jpg 1024w, https:\/\/oscarhumbertogomez.com\/wp-content\/uploads\/2021\/01\/SILUETAS--300x201.jpg 300w, https:\/\/oscarhumbertogomez.com\/wp-content\/uploads\/2021\/01\/SILUETAS--768x514.jpg 768w, https:\/\/oscarhumbertogomez.com\/wp-content\/uploads\/2021\/01\/SILUETAS--1536x1028.jpg 1536w, https:\/\/oscarhumbertogomez.com\/wp-content\/uploads\/2021\/01\/SILUETAS-.jpg 1600w\" sizes=\"auto, (max-width: 640px) 100vw, 640px\" \/><\/p>\n<p>&nbsp;<\/p>\n<p>Yo era consciente de que iba retrasado y por eso aceler\u00e9 el paso hacia la casa de la calle 42 con carrera 11 donde se ven\u00eda reuniendo mi &#8220;praesidium&#8221; recientemente.<\/p>\n<p>El cambio temporal de sede se deb\u00eda a que la casa cural estaba siendo sometida a reparaciones locativas y por ello desde el pasillo de entrada hasta las puertas de ingreso a los salones asignados al &#8220;praesidium&#8221; de Cecilia Vanegas y al m\u00edo el piso se hallaba cubierto por hojas de peri\u00f3dicos viejos extendidas, promontorios de cemento y de arena, cernidores, tarros de pintura a medio llenar y escaleras de madera recostadas en los muros mientras que, parados sobre sus pelda\u00f1os, los alba\u00f1iles cubr\u00edan los estragos del tiempo con el remedio inmemorial de la brocha gorda y el carburo.<\/p>\n<p>&nbsp;<\/p>\n<p><img loading=\"lazy\" decoding=\"async\" class=\"aligncenter size-large wp-image-37036\" src=\"https:\/\/lapiedrafilosofal.com\/wp-content\/uploads\/2021\/01\/SILUETAS--1024x685.jpg\" alt=\"\" width=\"640\" height=\"428\" srcset=\"https:\/\/oscarhumbertogomez.com\/wp-content\/uploads\/2021\/01\/SILUETAS--1024x685.jpg 1024w, https:\/\/oscarhumbertogomez.com\/wp-content\/uploads\/2021\/01\/SILUETAS--300x201.jpg 300w, https:\/\/oscarhumbertogomez.com\/wp-content\/uploads\/2021\/01\/SILUETAS--768x514.jpg 768w, https:\/\/oscarhumbertogomez.com\/wp-content\/uploads\/2021\/01\/SILUETAS--1536x1028.jpg 1536w, https:\/\/oscarhumbertogomez.com\/wp-content\/uploads\/2021\/01\/SILUETAS-.jpg 1600w\" sizes=\"auto, (max-width: 640px) 100vw, 640px\" \/><\/p>\n<p>&nbsp;<\/p>\n<p>La puerta de la nueva sede provisional permanec\u00eda abierta y luego de atravesarla uno, tambi\u00e9n hacia la izquierda, igual que en la casa cural, quedaba el sal\u00f3n que hab\u00eda sido habilitado para las reuniones.<\/p>\n<p>Ingres\u00e9, pues, al inmueble con decisi\u00f3n mientras alistaba la Catena Legionis sac\u00e1ndola de entre mis libros colegiales. La puerta del sal\u00f3n se encontraba cerrada y por ello toqu\u00e9 con los nudillos. Sin embargo, cuando me abrieron not\u00e9 que Herman \u00d3scar no estaba sentado, sino de pie, esbozando su emblem\u00e1tica sonrisa, pero mirando hacia el piso y con los brazos extendidos y cruzados sobre el bajo vientre, mientras Salom\u00f3n Monta\u00f1a culminaba de leerle un documento que sosten\u00eda en sus manos. De inmediato, Herman \u00d3scar, sin dejar de sonre\u00edr, se despidi\u00f3 con cortes\u00eda y, mir\u00e1ndome, empez\u00f3 a caminar con prontitud hacia la puerta. Yo me abstuve de entrar porque supuse lo que acababa de suceder adentro. Ambos nos retiramos unos pasos en silencio, caminando hacia la puerta de salida, pero sin llegar a ella. En ese punto nos detuvimos y fue entonces cuando mi compa\u00f1ero de estudios me salud\u00f3, sin dejar que se esfumara su sonrisa y con su actitud serena, de muchacho noble y elemental, con la que siempre habr\u00eda de recordarlo.<\/p>\n<p>&nbsp;<\/p>\n<p><img loading=\"lazy\" decoding=\"async\" class=\"aligncenter size-large wp-image-37036\" src=\"https:\/\/lapiedrafilosofal.com\/wp-content\/uploads\/2021\/01\/SILUETAS--1024x685.jpg\" alt=\"\" width=\"640\" height=\"428\" srcset=\"https:\/\/oscarhumbertogomez.com\/wp-content\/uploads\/2021\/01\/SILUETAS--1024x685.jpg 1024w, https:\/\/oscarhumbertogomez.com\/wp-content\/uploads\/2021\/01\/SILUETAS--300x201.jpg 300w, https:\/\/oscarhumbertogomez.com\/wp-content\/uploads\/2021\/01\/SILUETAS--768x514.jpg 768w, https:\/\/oscarhumbertogomez.com\/wp-content\/uploads\/2021\/01\/SILUETAS--1536x1028.jpg 1536w, https:\/\/oscarhumbertogomez.com\/wp-content\/uploads\/2021\/01\/SILUETAS-.jpg 1600w\" sizes=\"auto, (max-width: 640px) 100vw, 640px\" \/><\/p>\n<p>&nbsp;<\/p>\n<p>\u2014\u00bfQu\u00e9 pas\u00f3?\u2014, le pregunt\u00e9.<\/p>\n<p>\u00c9l no me respondi\u00f3, pero en su cara anchurosa enfatiz\u00f3 los contornos faciales de su resignaci\u00f3n.<\/p>\n<p>\u2014\u00bfNos echaron?\u2014, le pregunt\u00e9.<\/p>\n<p>\u00c9l apenas asinti\u00f3 con la cabeza.<\/p>\n<p>Entonces lo tom\u00e9 del brazo y le indiqu\u00e9 el sal\u00f3n, que en ese momento a\u00fan ten\u00eda la puerta abierta.<\/p>\n<p>\u2014Vamos\u2014, le dije indic\u00e1ndole el lugar\u2014. Yo no escuch\u00e9 la lectura del documento.<br \/>\n\u2014Yo no creo que valga la pena\u2014 me dijo\u2014. Me parece que lo mejor es que nos retiremos.<br \/>\n\u2014\u00bfPero qu\u00e9 sucedi\u00f3? \u2014insist\u00ed en indagarle\u2014. \u00bfQu\u00e9 dijeron?<br \/>\n\u2014Leyeron una carta que mandaron de la Casa de la Legi\u00f3n \u2014me respondi\u00f3\u2014. Desde esta noche estamos por fuera.<br \/>\n\u2014Pero, \u00bfno se la dieron?\u2014, le pregunt\u00e9.<br \/>\n\u2014No \u2014me contest\u00f3\u2014. Es que no va dirigida a nosotros.<br \/>\n\u2014No importa \u2014le dije\u2014. Lo m\u00ednimo que han debido hacer es entregarnos una copia.<br \/>\n\u2014Pero, \u00bfpara qu\u00e9? \u2014 insisti\u00f3.<br \/>\n\u2014Al menos por cortes\u00eda\u2014, le argument\u00e9.<br \/>\n\u2014Ya d\u00e9monos por notificados y v\u00e1monos\u2014, me dijo.<br \/>\n\u2014No \u2014le contradije\u2014. Yo quiero que a m\u00ed tambi\u00e9n me la lean.<\/p>\n<p>Y enseguida avanc\u00e9, tom\u00e1ndolo otra vez del brazo, hacia la puerta, que acababa de ser cerrada. Hermann \u00d3scar, sin embargo, no lleg\u00f3 conmigo hasta la puerta, sino que se detuvo y me dej\u00f3 continuar solo.<\/p>\n<p>&nbsp;<\/p>\n<p><img loading=\"lazy\" decoding=\"async\" class=\"aligncenter size-large wp-image-37036\" src=\"https:\/\/lapiedrafilosofal.com\/wp-content\/uploads\/2021\/01\/SILUETAS--1024x685.jpg\" alt=\"\" width=\"640\" height=\"428\" srcset=\"https:\/\/oscarhumbertogomez.com\/wp-content\/uploads\/2021\/01\/SILUETAS--1024x685.jpg 1024w, https:\/\/oscarhumbertogomez.com\/wp-content\/uploads\/2021\/01\/SILUETAS--300x201.jpg 300w, https:\/\/oscarhumbertogomez.com\/wp-content\/uploads\/2021\/01\/SILUETAS--768x514.jpg 768w, https:\/\/oscarhumbertogomez.com\/wp-content\/uploads\/2021\/01\/SILUETAS--1536x1028.jpg 1536w, https:\/\/oscarhumbertogomez.com\/wp-content\/uploads\/2021\/01\/SILUETAS-.jpg 1600w\" sizes=\"auto, (max-width: 640px) 100vw, 640px\" \/><\/p>\n<p>&nbsp;<\/p>\n<p>Toqu\u00e9 con los nudillos y casi de inmediato abrieron. La ocasional portera result\u00f3 ser la joven hermana Sonia Amaya quien me sonri\u00f3 con amabilidad y simpat\u00eda. Yo avanc\u00e9 apenas un paso hacia adentro mientras ella permanec\u00eda unos instantes de pie junto a m\u00ed antes de regresar a sentarse.<\/p>\n<p>\u2014Buenas noches\u2014, salud\u00e9.<br \/>\n\u2014Buenas noches \u2014contest\u00f3 la concurrencia, aunque no estoy seguro de que lo hayan hecho todos.<br \/>\n\u2014Me dice Herman \u00d3scar que leyeron una carta\u2014, dije.<br \/>\n\u2014S\u00ed, as\u00ed es \u2014 respondi\u00f3 Salom\u00f3n Monta\u00f1a con su voz de bombo y una sonrisa gentil.<br \/>\n\u2014La enviaron de la Casa de la Legi\u00f3n\u2014, complement\u00f3 como si estuviera presentando excusas.<br \/>\n\u2014\u00bfPodr\u00eda tener una copia?\u2014, pregunt\u00e9.<br \/>\n\u2014Tanto como una copia no \u2014me respondi\u00f3 el vicepresidente\u2014. Pero si quiere escucharla, se la leemos con todo gusto.<br \/>\nYo iba a decir que s\u00ed; finalmente, era a eso que me hab\u00eda devuelto y que hab\u00eda tocado la puerta. Pero enseguida sent\u00ed una sensaci\u00f3n s\u00fabita de tristeza y cambi\u00e9 de parecer.<\/p>\n<p>&nbsp;<\/p>\n<p><img loading=\"lazy\" decoding=\"async\" class=\"aligncenter size-large wp-image-37036\" src=\"https:\/\/lapiedrafilosofal.com\/wp-content\/uploads\/2021\/01\/SILUETAS--1024x685.jpg\" alt=\"\" width=\"640\" height=\"428\" srcset=\"https:\/\/oscarhumbertogomez.com\/wp-content\/uploads\/2021\/01\/SILUETAS--1024x685.jpg 1024w, https:\/\/oscarhumbertogomez.com\/wp-content\/uploads\/2021\/01\/SILUETAS--300x201.jpg 300w, https:\/\/oscarhumbertogomez.com\/wp-content\/uploads\/2021\/01\/SILUETAS--768x514.jpg 768w, https:\/\/oscarhumbertogomez.com\/wp-content\/uploads\/2021\/01\/SILUETAS--1536x1028.jpg 1536w, https:\/\/oscarhumbertogomez.com\/wp-content\/uploads\/2021\/01\/SILUETAS-.jpg 1600w\" sizes=\"auto, (max-width: 640px) 100vw, 640px\" \/><\/p>\n<p>&nbsp;<\/p>\n<p>Salom\u00f3n Monta\u00f1a se hab\u00eda puesto sus anteojos y hab\u00eda empezado a destapar el sobre cuando lo interrump\u00ed.<br \/>\n\u2014No, no hace falta \u2014le dije suavemente y con una sonrisa de cortes\u00eda\u2014. Mejor me retiro. Muchas gracias por haberme dado la oportunidad de conocerlos.<br \/>\nA continuaci\u00f3n me fui retirando mientras levantaba la mano derecha y la agitaba de izquierda a derecha y de derecha a izquierda, tal y como lo hac\u00eda el padre Facundo Garc\u00eda cuando literalmente se deslizaba de la reuni\u00f3n luego de habernos acompa\u00f1ado unos minutos preliminares como nuestro gu\u00eda espiritual. Un coro ininteligible me contest\u00f3 de diversas maneras. Antes de que yo mismo cerrara la puerta para siempre, alcanc\u00e9 a observar a la hermana Elisa Amaya \u2014hermana de Sonia no solo por ser ambas legionarias, sino por parentesco\u2014, a la joven hermana Mar\u00eda Auxilio Plata y a su mam\u00e1, cuyo nombre no logro recordar, ambas residentes en una casa ubicada en el tap\u00f3n de la carrera 9 donde desembocaba la calle que sub\u00eda desde el occidental barrio La Joya, al costado sur de la Concentraci\u00f3n Escolar de Varones Jos\u00e9 Camacho Carre\u00f1o. Entonces me sorprendi\u00f3 el darme cuenta de que estaba triste.<\/p>\n<p>&nbsp;<\/p>\n<p><img loading=\"lazy\" decoding=\"async\" class=\"aligncenter size-large wp-image-37036\" src=\"https:\/\/lapiedrafilosofal.com\/wp-content\/uploads\/2021\/01\/SILUETAS--1024x685.jpg\" alt=\"\" width=\"640\" height=\"428\" srcset=\"https:\/\/oscarhumbertogomez.com\/wp-content\/uploads\/2021\/01\/SILUETAS--1024x685.jpg 1024w, https:\/\/oscarhumbertogomez.com\/wp-content\/uploads\/2021\/01\/SILUETAS--300x201.jpg 300w, https:\/\/oscarhumbertogomez.com\/wp-content\/uploads\/2021\/01\/SILUETAS--768x514.jpg 768w, https:\/\/oscarhumbertogomez.com\/wp-content\/uploads\/2021\/01\/SILUETAS--1536x1028.jpg 1536w, https:\/\/oscarhumbertogomez.com\/wp-content\/uploads\/2021\/01\/SILUETAS-.jpg 1600w\" sizes=\"auto, (max-width: 640px) 100vw, 640px\" \/><\/p>\n<p>&nbsp;<\/p>\n<p>En la puerta de la casa me esperaba Herman \u00d3scar.<br \/>\n\u2014Listo \u2014 le dije sonriendo sin alegr\u00eda\u2014. Ahora s\u00ed es en serio que ya no somos legionarios.<br \/>\nY \u00e9l tambi\u00e9n volvi\u00f3 a esbozar su conocida sonrisa resignada.<br \/>\n\u2014S\u00ed \u2014 apunt\u00f3\u2014. Ahora somos ex legionarios de Mar\u00eda.<\/p>\n<p>Permanecimos en silencio unos cuantos minutos al frente de la puerta hasta que \u00e9l me pregunt\u00f3 si lo acompa\u00f1aba hasta &#8220;la zona fronteriza&#8221;.<\/p>\n<p>Suced\u00eda, en efecto, que ambos hab\u00edamos hecho un pacto seg\u00fan el cual cuando \u00e9l estuviera en mi casa y le cogiera la noche o a m\u00ed me sucediera lo mismo hall\u00e1ndome en la suya, el uno acompa\u00f1ar\u00eda al otro hasta un lugar que de mutuo acuerdo hab\u00edamos estimado como equidistante entre una casa y la otra. Cuando, conversando por supuesto, lleg\u00e1bamos a ese punto, lo m\u00e1s probable es que permaneci\u00e9ramos all\u00ed platicando un rato m\u00e1s hasta que, finalmente, el uno continuaba su camino y el otro se devolv\u00eda. Por cierto, en una oportunidad Hermann \u00d3scar me pidi\u00f3 la reconsideraci\u00f3n de la ubicaci\u00f3n de aquel lugar intermedio, pues, seg\u00fan me argument\u00f3, se hab\u00eda puesto a hacer c\u00e1lculos y hab\u00eda descubierto que \u00e9l estaba resultando en desventaja, pedido que yo no objet\u00e9 en lo m\u00e1s m\u00ednimo y, por el contrario, acept\u00e9 gustoso. Desde ese d\u00eda, pues, &#8220;la zona fronteriza&#8221; qued\u00f3 corrida una cuadra m\u00e1s hacia la casa de Herman \u00d3scar.<\/p>\n<p>A \u00e9l la sensaci\u00f3n de que ya se encontraba pr\u00e1cticamente en su casa se la daba la concurrida tienda esquinera que se hallaba ubicada en el mismo inmueble de su residencia, nunca supe si porque su mam\u00e1 se lo hab\u00eda arrendado al tendero o porque este lo hab\u00eda alquilado por separado. De hecho, jam\u00e1s supe, ni me interes\u00f3 saber, si la madre de mi compa\u00f1ero era la propietaria de aquel inmueble.<\/p>\n<p>A m\u00ed, en cambio, esa sensaci\u00f3n me la daba la proximidad nada m\u00e1s ni nada menos que del comando de la polic\u00eda.<\/p>\n<p>&nbsp;<\/p>\n<p><img loading=\"lazy\" decoding=\"async\" class=\"aligncenter size-large wp-image-37036\" src=\"https:\/\/lapiedrafilosofal.com\/wp-content\/uploads\/2021\/01\/SILUETAS--1024x685.jpg\" alt=\"\" width=\"640\" height=\"428\" srcset=\"https:\/\/oscarhumbertogomez.com\/wp-content\/uploads\/2021\/01\/SILUETAS--1024x685.jpg 1024w, https:\/\/oscarhumbertogomez.com\/wp-content\/uploads\/2021\/01\/SILUETAS--300x201.jpg 300w, https:\/\/oscarhumbertogomez.com\/wp-content\/uploads\/2021\/01\/SILUETAS--768x514.jpg 768w, https:\/\/oscarhumbertogomez.com\/wp-content\/uploads\/2021\/01\/SILUETAS--1536x1028.jpg 1536w, https:\/\/oscarhumbertogomez.com\/wp-content\/uploads\/2021\/01\/SILUETAS-.jpg 1600w\" sizes=\"auto, (max-width: 640px) 100vw, 640px\" \/><\/p>\n<p>&nbsp;<\/p>\n<p>Inexplicablemente, cuando Herman \u00d3scar y yo empezamos a caminar por el and\u00e9n en busca de &#8220;la zona fronteriza&#8221;, ya se me hab\u00eda desaparecido la tristeza.<\/p>\n<p>Y es que r\u00e1pidamente comprend\u00ed esa noche que ten\u00eda toda la raz\u00f3n del mundo el hermano Salom\u00f3n Monta\u00f1a cuando diferenciaba lo material de lo espiritual a prop\u00f3sito de las obras de misericordia.<\/p>\n<p>Hab\u00eda entendido, ciertamente, que esta vez, y que todas las veces en que pasara algo parecido en mi existencia, yo deber\u00eda comprender que a uno, a lo largo de la vida, lo podr\u00e1n sacar los dem\u00e1s de donde sea, pero que tan solo podr\u00e1n hacerlo materialmente, pues en cuanto a lo espiritual, siempre ser\u00e1 uno quien decida si se va o si se queda.<\/p>\n<p>&nbsp;<\/p>\n<p><img loading=\"lazy\" decoding=\"async\" class=\"aligncenter size-large wp-image-37036\" src=\"https:\/\/lapiedrafilosofal.com\/wp-content\/uploads\/2021\/01\/SILUETAS--1024x685.jpg\" alt=\"\" width=\"640\" height=\"428\" srcset=\"https:\/\/oscarhumbertogomez.com\/wp-content\/uploads\/2021\/01\/SILUETAS--1024x685.jpg 1024w, https:\/\/oscarhumbertogomez.com\/wp-content\/uploads\/2021\/01\/SILUETAS--300x201.jpg 300w, https:\/\/oscarhumbertogomez.com\/wp-content\/uploads\/2021\/01\/SILUETAS--768x514.jpg 768w, https:\/\/oscarhumbertogomez.com\/wp-content\/uploads\/2021\/01\/SILUETAS--1536x1028.jpg 1536w, https:\/\/oscarhumbertogomez.com\/wp-content\/uploads\/2021\/01\/SILUETAS-.jpg 1600w\" sizes=\"auto, (max-width: 640px) 100vw, 640px\" \/><\/p>\n<p>&nbsp;<\/p>\n<p>[CONTINUAR\u00c1]<\/p>\n<p>&nbsp;<\/p>\n<p><iframe loading=\"lazy\" width=\"560\" height=\"315\" src=\"https:\/\/www.youtube-nocookie.com\/embed\/-awHwJCo_7Q?controls=0\" title=\"YouTube video player\" frameborder=\"0\" allow=\"accelerometer; autoplay; clipboard-write; encrypted-media; gyroscope; picture-in-picture\" allowfullscreen=\"\"><\/iframe><\/p>\n<p>&nbsp;<\/p>\n","protected":false},"excerpt":{"rendered":"<p>&nbsp; &nbsp; Yo era consciente de que iba retrasado y por eso aceler\u00e9 el paso hacia la casa de la calle 42 con carrera 11 donde se ven\u00eda reuniendo mi &#8220;praesidium&#8221; recientemente. El cambio temporal de sede se deb\u00eda a &hellip; <a href=\"https:\/\/oscarhumbertogomez.com\/?p=37352\">Sigue leyendo <span class=\"meta-nav\">&rarr;<\/span><\/a><\/p>\n<div class='heateorSssClear'><\/div><div  class='heateor_sss_sharing_container heateor_sss_horizontal_sharing' heateor-sss-data-href='https:\/\/oscarhumbertogomez.com\/?p=37352'><div class='heateor_sss_sharing_title' style=\"font-weight:bold\" >\u00a1Gracias por compartirla!<\/div><ul class=\"heateor_sss_sharing_ul\"><li class=\"heateorSssSharingRound\"><i style=\"width:35px;height:35px;border-radius:999px;\" alt=\"Facebook\" Title=\"Facebook\" class=\"heateorSssSharing heateorSssFacebookBackground\" onclick='heateorSssPopup(\"https:\/\/www.facebook.com\/sharer\/sharer.php?u=https%3A%2F%2Foscarhumbertogomez.com%2Findex.php%3Frest_route%3D%252Fwp%252Fv2%252Fposts%252F37352\")'><ss style=\"display:block;border-radius:999px;\" class=\"heateorSssSharingSvg heateorSssFacebookSvg\"><\/ss><\/i><\/li><li class=\"heateorSssSharingRound\"><i style=\"width:35px;height:35px;border-radius:999px;\" alt=\"Twitter\" Title=\"Twitter\" class=\"heateorSssSharing heateorSssTwitterBackground\" onclick='heateorSssPopup(\"http:\/\/twitter.com\/intent\/tweet?text=Bucaramanga%20en%20los%20a%C3%B1os%2070%20%2F%2F%20CECILIA%20VANEGAS%20Y%20LA%20LEGI%C3%93N%20DE%20MAR%C3%8DA%20%28Memorias%29.%20%5BCap%C3%ADtulo%20V%5D.%20Por%20%C3%93scar%20Humberto%20G%C3%B3mez%20G%C3%B3mez&url=https%3A%2F%2Foscarhumbertogomez.com%2Findex.php%3Frest_route%3D%252Fwp%252Fv2%252Fposts%252F37352\")'><ss style=\"display:block;border-radius:999px;\" class=\"heateorSssSharingSvg heateorSssTwitterSvg\"><\/ss><\/i><\/li><li class=\"heateorSssSharingRound\"><i style=\"width:35px;height:35px;border-radius:999px;\" alt=\"Whatsapp\" Title=\"Whatsapp\" class=\"heateorSssSharing heateorSssWhatsappBackground\" onclick='heateorSssPopup(\"https:\/\/web.whatsapp.com\/send?text=Bucaramanga%20en%20los%20a%C3%B1os%2070%20%2F%2F%20CECILIA%20VANEGAS%20Y%20LA%20LEGI%C3%93N%20DE%20MAR%C3%8DA%20%28Memorias%29.%20%5BCap%C3%ADtulo%20V%5D.%20Por%20%C3%93scar%20Humberto%20G%C3%B3mez%20G%C3%B3mez https%3A%2F%2Foscarhumbertogomez.com%2Findex.php%3Frest_route%3D%252Fwp%252Fv2%252Fposts%252F37352\")'><ss style=\"display:block\" class=\"heateorSssSharingSvg heateorSssWhatsappSvg\"><\/ss><\/i><\/li><li class=\"heateorSssSharingRound\"><i style=\"width:35px;height:35px;border-radius:999px;\" alt=\"Pinterest\" Title=\"Pinterest\" class=\"heateorSssSharing heateorSssPinterestBackground\" onclick=\"javascript:void( (function() {var e=document.createElement('script' );e.setAttribute('type','text\/javascript' );e.setAttribute('charset','UTF-8' );e.setAttribute('src','\/\/assets.pinterest.com\/js\/pinmarklet.js?r='+Math.random()*99999999);document.body.appendChild(e)})());\"><ss style=\"display:block;border-radius:999px;\" class=\"heateorSssSharingSvg heateorSssPinterestSvg\"><\/ss><\/i><\/li><li class=\"heateorSssSharingRound\"><i style=\"width:35px;height:35px;border-radius:999px;\" alt=\"Google Gmail\" Title=\"Google Gmail\" class=\"heateorSssSharing heateorSssGoogleGmailBackground\" onclick='heateorSssPopup(\"https:\/\/mail.google.com\/mail\/?ui=2&view=cm&fs=1&tf=1&su=Bucaramanga%20en%20los%20a%C3%B1os%2070%20%2F%2F%20CECILIA%20VANEGAS%20Y%20LA%20LEGI%C3%93N%20DE%20MAR%C3%8DA%20%28Memorias%29.%20%5BCap%C3%ADtulo%20V%5D.%20Por%20%C3%93scar%20Humberto%20G%C3%B3mez%20G%C3%B3mez&body=Link:https%3A%2F%2Foscarhumbertogomez.com%2Findex.php%3Frest_route%3D%252Fwp%252Fv2%252Fposts%252F37352\")'><ss style=\"display:block;border-radius:999px;\" class=\"heateorSssSharingSvg heateorSssGoogleGmailSvg\"><\/ss><\/i><\/li><li class=\"heateorSssSharingRound\"><i style=\"width:35px;height:35px;border-radius:999px;\" title=\"More\" alt=\"More\" class=\"heateorSssSharing heateorSssMoreBackground\" onclick=\"heateorSssMoreSharingPopup(this, 'https:\/\/oscarhumbertogomez.com\/index.php?rest_route=%2Fwp%2Fv2%2Fposts%2F37352', 'Bucaramanga%20en%20los%20a%C3%B1os%2070%20%2F%2F%20CECILIA%20VANEGAS%20Y%20LA%20LEGI%C3%93N%20DE%20MAR%C3%8DA%20%28Memorias%29.%20%5BCap%C3%ADtulo%20V%5D.%20Por%20%C3%93scar%20Humberto%20G%C3%B3mez%20G%C3%B3mez', '' )\" ><ss style=\"display:block\" class=\"heateorSssSharingSvg heateorSssMoreSvg\"><\/ss><\/i><\/li><\/ul><div class=\"heateorSssClear\"><\/div><\/div><div class='heateorSssClear'><\/div>","protected":false},"author":2,"featured_media":0,"comment_status":"closed","ping_status":"closed","sticky":false,"template":"","format":"standard","meta":{"spay_email":"","footnotes":""},"categories":[1],"tags":[],"class_list":["post-37352","post","type-post","status-publish","format-standard","hentry","category-blog"],"jetpack_featured_media_url":"","jetpack_shortlink":"https:\/\/wp.me\/p1FYrr-9Is","_links":{"self":[{"href":"https:\/\/oscarhumbertogomez.com\/index.php?rest_route=\/wp\/v2\/posts\/37352","targetHints":{"allow":["GET"]}}],"collection":[{"href":"https:\/\/oscarhumbertogomez.com\/index.php?rest_route=\/wp\/v2\/posts"}],"about":[{"href":"https:\/\/oscarhumbertogomez.com\/index.php?rest_route=\/wp\/v2\/types\/post"}],"author":[{"embeddable":true,"href":"https:\/\/oscarhumbertogomez.com\/index.php?rest_route=\/wp\/v2\/users\/2"}],"replies":[{"embeddable":true,"href":"https:\/\/oscarhumbertogomez.com\/index.php?rest_route=%2Fwp%2Fv2%2Fcomments&post=37352"}],"version-history":[{"count":4,"href":"https:\/\/oscarhumbertogomez.com\/index.php?rest_route=\/wp\/v2\/posts\/37352\/revisions"}],"predecessor-version":[{"id":49762,"href":"https:\/\/oscarhumbertogomez.com\/index.php?rest_route=\/wp\/v2\/posts\/37352\/revisions\/49762"}],"wp:attachment":[{"href":"https:\/\/oscarhumbertogomez.com\/index.php?rest_route=%2Fwp%2Fv2%2Fmedia&parent=37352"}],"wp:term":[{"taxonomy":"category","embeddable":true,"href":"https:\/\/oscarhumbertogomez.com\/index.php?rest_route=%2Fwp%2Fv2%2Fcategories&post=37352"},{"taxonomy":"post_tag","embeddable":true,"href":"https:\/\/oscarhumbertogomez.com\/index.php?rest_route=%2Fwp%2Fv2%2Ftags&post=37352"}],"curies":[{"name":"wp","href":"https:\/\/api.w.org\/{rel}","templated":true}]}}