{"id":37480,"date":"2021-04-03T09:48:17","date_gmt":"2021-04-03T14:48:17","guid":{"rendered":"https:\/\/lapiedrafilosofal.com\/?p=37480"},"modified":"2023-04-10T13:23:31","modified_gmt":"2023-04-10T18:23:31","slug":"ya-visito-la-seccion-de-historia","status":"publish","type":"post","link":"https:\/\/oscarhumbertogomez.com\/?p=37480","title":{"rendered":"\u00bfYa visit\u00f3 la secci\u00f3n de Historia de &#8220;La piedra filosofal&#8221;?"},"content":{"rendered":"<p><span style=\"color: #ff0000;\"><strong>NUESTRO INGRESO AL MUNDO DE LA HISTORIA:<\/strong><\/span><\/p>\n<p>En el a\u00f1o 2009 entramos a formar parte de la <strong>Academia de Historia de Santander<\/strong>, filial de la <strong>Academia Colombiana de Historia<\/strong>, a la cual ingresamos con nuestro libro <em>Historia de Bucaramanga<\/em>.<\/p>\n<div id=\"attachment_23483\" style=\"width: 810px\" class=\"wp-caption aligncenter\"><img loading=\"lazy\" decoding=\"async\" aria-describedby=\"caption-attachment-23483\" class=\"size-full wp-image-23483\" src=\"https:\/\/lapiedrafilosofal.com\/wp-content\/uploads\/2017\/09\/CASA-DE-BOLIVAR-.jpg\" alt=\"\" width=\"800\" height=\"532\" srcset=\"https:\/\/oscarhumbertogomez.com\/wp-content\/uploads\/2017\/09\/CASA-DE-BOLIVAR-.jpg 800w, https:\/\/oscarhumbertogomez.com\/wp-content\/uploads\/2017\/09\/CASA-DE-BOLIVAR--300x200.jpg 300w, https:\/\/oscarhumbertogomez.com\/wp-content\/uploads\/2017\/09\/CASA-DE-BOLIVAR--768x511.jpg 768w\" sizes=\"auto, (max-width: 800px) 100vw, 800px\" \/><p id=\"caption-attachment-23483\" class=\"wp-caption-text\">CASA DE BOLIVAR EN BUCARAMANGA, SEDE DE LA PRESIDENCIA DE LA REP\u00daBLICA DE COLOMBIA (Venezuela, Nueva Granada y Quito, hoy Venezuela, Colombia y Ecuador) EN 1828. ACTUALMENTE, SEDE DE LA ACADEMIA DE HISTORIA DE SANTANDER.<\/p><\/div>\n<div id=\"attachment_1462\" style=\"width: 650px\" class=\"wp-caption aligncenter\"><img loading=\"lazy\" decoding=\"async\" aria-describedby=\"caption-attachment-1462\" class=\"size-large wp-image-1462\" src=\"https:\/\/lapiedrafilosofal.com\/wp-content\/uploads\/2011\/09\/CAR\u00c1TULA-DE-HISTORIA-DE-BUCARAMANGA.-ACADEMIA-DE-HISTORIA-DE-SANTANDER.-CASA-DE-BOL\u00cdVAR.-BIBLIOTECA.-844x1024.jpg\" alt=\"CAR\u00c1TULA DE &quot;HISTORIA DE BUCARAMANGA&quot;. ACADEMIA DE HISTORIA DE SANTANDER. CASA DE BOL\u00cdVAR. BIBLIOTECA.\" width=\"640\" height=\"776\" srcset=\"https:\/\/oscarhumbertogomez.com\/wp-content\/uploads\/2011\/09\/CAR\u00c1TULA-DE-HISTORIA-DE-BUCARAMANGA.-ACADEMIA-DE-HISTORIA-DE-SANTANDER.-CASA-DE-BOL\u00cdVAR.-BIBLIOTECA.-844x1024.jpg 844w, https:\/\/oscarhumbertogomez.com\/wp-content\/uploads\/2011\/09\/CAR\u00c1TULA-DE-HISTORIA-DE-BUCARAMANGA.-ACADEMIA-DE-HISTORIA-DE-SANTANDER.-CASA-DE-BOL\u00cdVAR.-BIBLIOTECA.-247x300.jpg 247w, https:\/\/oscarhumbertogomez.com\/wp-content\/uploads\/2011\/09\/CAR\u00c1TULA-DE-HISTORIA-DE-BUCARAMANGA.-ACADEMIA-DE-HISTORIA-DE-SANTANDER.-CASA-DE-BOL\u00cdVAR.-BIBLIOTECA..jpg 1095w\" sizes=\"auto, (max-width: 640px) 100vw, 640px\" \/><p id=\"caption-attachment-1462\" class=\"wp-caption-text\">CAR\u00c1TULA DE &#8220;HISTORIA DE BUCARAMANGA&#8221;. ACADEMIA DE HISTORIA DE SANTANDER. CASA DE BOL\u00cdVAR. BIBLIOTECA.<\/p><\/div>\n<p><img loading=\"lazy\" decoding=\"async\" class=\"aligncenter size-large wp-image-204\" src=\"https:\/\/lapiedrafilosofal.com\/wp-content\/uploads\/2011\/06\/Contracar\u00e1tula-853x1024.jpg\" alt=\"\" width=\"640\" height=\"768\" srcset=\"https:\/\/oscarhumbertogomez.com\/wp-content\/uploads\/2011\/06\/Contracar\u00e1tula-853x1024.jpg 853w, https:\/\/oscarhumbertogomez.com\/wp-content\/uploads\/2011\/06\/Contracar\u00e1tula-250x300.jpg 250w, https:\/\/oscarhumbertogomez.com\/wp-content\/uploads\/2011\/06\/Contracar\u00e1tula.jpg 1107w\" sizes=\"auto, (max-width: 640px) 100vw, 640px\" \/><\/p>\n<p>_______<\/p>\n<p><strong>HISTORIA DE BUCARAMANGA.<\/strong> <strong>G\u00e9nesis y realidad de un libro de historia local<\/strong><em>.<\/em><\/p>\n<p>Por <strong>\u00d3scar Humberto G\u00f3mez G\u00f3mez<\/strong><\/p>\n<div id=\"attachment_22947\" style=\"width: 510px\" class=\"wp-caption alignnone\"><a href=\"https:\/\/lapiedrafilosofal.com\/wp-content\/uploads\/2017\/07\/20170401-170514.jpg\"><img decoding=\"async\" aria-describedby=\"caption-attachment-22947\" class=\"size-full wp-image-22947\" src=\"https:\/\/lapiedrafilosofal.com\/wp-content\/uploads\/2017\/07\/20170401-170514.jpg\" alt=\"\" width=\"500\" srcset=\"https:\/\/oscarhumbertogomez.com\/wp-content\/uploads\/2017\/07\/20170401-170514.jpg 3264w, https:\/\/oscarhumbertogomez.com\/wp-content\/uploads\/2017\/07\/20170401-170514-199x300.jpg 199w, https:\/\/oscarhumbertogomez.com\/wp-content\/uploads\/2017\/07\/20170401-170514-768x1160.jpg 768w, https:\/\/oscarhumbertogomez.com\/wp-content\/uploads\/2017\/07\/20170401-170514-678x1024.jpg 678w\" sizes=\"(max-width: 3264px) 100vw, 3264px\" \/><\/a><p id=\"caption-attachment-22947\" class=\"wp-caption-text\">\u00d3SCAR HUMBERTO G\u00d3MEZ G\u00d3MEZ [Fotograf\u00eda: Fernando Rueda V.].<\/p><\/div>\n<p>&nbsp;<\/p>\n<p>Queridos amigos:<br \/>\nQueridas amigas:<\/p>\n<p>La sorpresa que por all\u00e1 en el a\u00f1o 2006 me produjo el encontrar que las dos \u00fanicas biograf\u00edas de Custodio Garc\u00eda Rovira en Internet dec\u00edan que naci\u00f3 en Cartagena, hizo que decidiera recopilar, a partir del a\u00f1o siguiente, la &#8220;Historia de Bucaramanga&#8221; y publicarla en un libro.&nbsp;&nbsp;Para m\u00ed no ten\u00eda presentaci\u00f3n alguna que hubiera tanta ignorancia&nbsp;sobre la vida de mi tierra&nbsp;natal y que, al igual que muchas personas con quienes hablaba sobre el tema, me limitara a criticar esa deplorable realidad, pero sin hacer nada al respecto.<\/p>\n<p>En esta obra sintetizo el devenir hist\u00f3rico de la &#8220;Ciudad de los&nbsp; parques&#8221; desde el lejano a\u00f1o de 1532, en el que las hambrientas tropas del conquistador alem\u00e1n Ambrosio Alf\u00ednger pisaron esta desolada tierra y terminaron&nbsp;aliment\u00e1ndose&nbsp;con sus caracoles, hasta hoy, cuando Bucaramanga ingresa, con toda su problem\u00e1tica, en los albores del siglo XXI.<\/p>\n<p>El libro comprende veintid\u00f3s cap\u00edtulos:<\/p>\n<p>I. Bucaramanga ind\u00edgena.<\/p>\n<p>II. Descubrimiento de Bucaramanga.<\/p>\n<p>III. Fundaci\u00f3n de Bucaramanga.<\/p>\n<p>IV. Origen del nombre de Bucaramanga.<\/p>\n<p>V. Bucaramanga colonial.<\/p>\n<p>VI. Bucaramanga en la Insurrecci\u00f3n de los Comuneros.<\/p>\n<p>VII. Otros hechos de la \u00e9poca colonial.<\/p>\n<p>VIII. Bucaramanga en la \u00e9poca de la Independencia. Custodio Garc\u00eda Rovira.<\/p>\n<p>IX. Bucaramanga en la Rep\u00fablica.<\/p>\n<p>X. Sim\u00f3n Bol\u00edvar en Bucaramanga.<\/p>\n<p>XI. El nacimiento de D\u00e1maso Zapata y el asesinato del padre Eloy Valenzuela.<\/p>\n<p>XII. Bucaramanga en la centuria de los a\u00f1os 1800.<\/p>\n<p>XIII. El proceso de la Culebra Pico de Oro.<\/p>\n<p>XIV. Bucaramanga en los finales del siglo XIX.<\/p>\n<p>XV. La reclamaci\u00f3n de Alemania por \u201clos sucesos de Bucaramanga\u201d.<\/p>\n<p>XVI. El tiempo de la quina y el devenir de Bucaramanga hasta el a\u00f1o de 1895.<\/p>\n<p>XVII. La construcci\u00f3n del ferrocarril de Bucaramanga a Puerto Wilches.<\/p>\n<p>XVIII. La Guerra de los Mil D\u00edas.<\/p>\n<p>XIX. Reinicio de la lucha por traer el tren hasta Bucaramanga.<\/p>\n<p>XX. Bucaramanga se adentra en el siglo XX.<\/p>\n<p>XXI. Bucaramanga ingresa al siglo XXI.<\/p>\n<p>XXII. Bucaramanga en el a\u00f1o 2009.<\/p>\n<p>El cap\u00edtulo m\u00e1s extenso es el correspondiente al desenvolvimiento de la urbe en el siglo XX, cuando pasa de ser apenas un pueblecito a convertirse poco a poco en la compleja, ruidosa y agitada capital que es hoy.&nbsp; A lo largo de esos a\u00f1os nacer\u00e1 la f\u00e1brica de cigarros El Buen Tono, se abrir\u00e1 la primera iglesia protestante, pasar\u00e1 a ser corregimiento de Bucaramanga el Municipio de Tona, una mujer hablar\u00e1 por primera vez en p\u00fablico, se&nbsp; crear\u00e1 el Departamento de Gal\u00e1n, los departamentos de Gal\u00e1n y Santander se disputar\u00e1n la estatua del General Custodio Garc\u00eda Rovira levantada en el parque que lleva su nombre, ante la oposici\u00f3n de la Iglesia Cat\u00f3lica al entierro de algunas personas en suelo sagrado se fundar\u00e1 el Cementerio Universal,&nbsp;habr\u00e1 consulado de varios pa\u00edses, entre ellos Alemania, Espa\u00f1a, B\u00e9lgica, Francia y Dinamarca, se fundar\u00e1n colegios como La Merced y La Sant\u00edsima Trinidad, se jugar\u00e1 por primera vez un partido de f\u00fatbol, se instalar\u00e1 la C\u00e1mara de Comercio,&nbsp;aterrizar\u00e1 el primer avi\u00f3n, se inaugurar\u00e1&nbsp; el Circo Teatro Garnica,&nbsp;nacer\u00e1n y desaparecer\u00e1n&nbsp;<em>El Deber<\/em>,&nbsp;<em>Diario del Oriente<\/em>,&nbsp;<em>El Liberal de Santander <\/em>y&nbsp;<em>Diario de Bucaramanga<\/em>, llegar\u00e1 la primera carta procedente de otro pa\u00eds, arribar\u00e1 la masoner\u00eda, se fundar\u00e1 el Club Campestre, se instalar\u00e1 en el Teatro Garnica el cine parlante, se construir\u00e1 el Acueducto Puyana, nacer\u00e1 la emisora Radio Bucaramanga, nacer\u00e1 la F\u00e1brica de Galletas La Aurora, los jesuitas devolver\u00e1n al Estado el Colegio San Pedro Claver y posteriormente lo reabrir\u00e1n como colegio privado, nacer\u00e1 la empresa Copetr\u00e1n, abrir\u00e1 sus puertas la firma J. Glottmann, estallar\u00e1 la violencia pol\u00edtica en el Caf\u00e9 Centenario y en seguida en sus calles debido al asesinato en Bogot\u00e1 de Jorge Eli\u00e9cer Gait\u00e1n, el barrio Arenales ser\u00e1 bautizado como barrio Presidente Kennedy para terminar llam\u00e1ndose simplemente barrio Kennedy, el Llano de los Ord\u00f3\u00f1ez pasar\u00e1 a ser el Aeropuerto G\u00f3mez Ni\u00f1o como homenaje a un piloto de guerra desaparecido, m\u00e1s tarde el aeropuerto se convertir\u00e1 en la Ciudadela Real de Minas, ser\u00e1 recibido El Rey&nbsp;Pel\u00e9, habr\u00e1 una tragedia mortal en el estadio de f\u00fatbol Alfonso L\u00f3pez, llegar\u00e1 por vez primera un Papa y, en fin,&nbsp;un largo etc\u00e9tera.<\/p>\n<p>El decurso hist\u00f3rico de Bucaramanga que relata mi libro, y que culmina en nuestros d\u00edas, se inicia, repito,&nbsp;en una fecha no determinada de los finales del a\u00f1o 1532, cuando las tropas a caballo del conquistador alem\u00e1n Ambrosio Alf\u00ednger, presas del hambre,&nbsp;llegan a un paraje despoblado&nbsp;donde abundan los caracoles y proceden a alimentarse con esos moluscos, bautizando, adem\u00e1s,&nbsp;el sitio con el nombre de&nbsp;Sabana de los Caracoles. All\u00ed habr\u00e1 de existir&nbsp;durante largo tiempo la llamada Laguna de San Mateo.&nbsp; Es, nada menos, que el sitio donde actualmente se levanta la Plaza de Mercado Central. Y es que con el paso del tiempo, ser\u00e1 a este lugar a donde se trasladar\u00e1 el mercado semanal de la Plaza Garc\u00eda Rovira, mercado que all\u00ed se celebrar\u00e1 cuando todav\u00eda no se hayan sembrado sus actuales palmeras ni se haya construido el parque.<\/p>\n<p>Por ese devenir pasar\u00e1n muchas cosas: el timbre del primer tel\u00e9fono, la llegada del primer autom\u00f3vil, la apertura de la primera librer\u00eda, la llegada del primer m\u00e9dico, el arribo del primer abogado, la primera caja de f\u00f3sforos, los primeros circos, la paulatina fundaci\u00f3n de los barrios, los&nbsp;primeros acueductos naturales, la llegada de la luz el\u00e9ctrica, la construcci\u00f3n de sus avenidas y bulevares, la inauguraci\u00f3n de sus grandes centros comerciales y todo el&nbsp;curso hist\u00f3rico que fue recorriendo la ciudad hasta su inmersi\u00f3n&nbsp;definitiva en las&nbsp;turbulencias de la modernidad.<\/p>\n<p>Incluyo, adem\u00e1s,&nbsp;una semblanza de lo que es la Bucaramanga de hoy, cuando esta tierra recorre los albores del&nbsp;siglo XXI.<\/p>\n<p>Como dato anecd\u00f3tico final, me sorprendi\u00f3 el hecho de que, el mismo a\u00f1o de la publicaci\u00f3n de mi libro, el portal de&nbsp;<em>Wikipedia <\/em> public\u00f3 la biograf\u00eda del general Custodio Garc\u00eda Rovira con la correcci\u00f3n del gazapo que desencaden\u00f3 la decisi\u00f3n de escribirlo y publicarlo.<\/p>\n<p><span style=\"text-decoration: underline;\">Ficha t\u00e9cnica de la primera edici\u00f3n<\/span>:&nbsp;G\u00d3MEZ G\u00d3MEZ, \u00d3scar Humberto. HISTORIA DE BUCARAMANGA.&nbsp;1a edici\u00f3n. [SIC] Editorial. Casa Editora Los Hermanos G\u00f3mez. Bucaramanga. 2009. 735 p\u00e1ginas.&nbsp;Tapa dura. ISBN: 978-958-708-420-7. Hecho el dep\u00f3sito legal.&nbsp;Precio: $ 130.000.<\/p>\n<p>________<\/p>\n<p>Lo invitamos a visitar nuestra secci\u00f3n hist\u00f3rica&#8230;<\/p>\n<p>________<\/p>\n","protected":false},"excerpt":{"rendered":"<p>NUESTRO INGRESO AL MUNDO DE LA HISTORIA: En el a\u00f1o 2009 entramos a formar parte de la Academia de Historia de Santander, filial de la Academia Colombiana de Historia, a la cual ingresamos con nuestro libro Historia de Bucaramanga. _______ &hellip; <a href=\"https:\/\/oscarhumbertogomez.com\/?p=37480\">Sigue leyendo <span class=\"meta-nav\">&rarr;<\/span><\/a><\/p>\n<div class='heateorSssClear'><\/div><div  class='heateor_sss_sharing_container heateor_sss_horizontal_sharing' heateor-sss-data-href='https:\/\/oscarhumbertogomez.com\/?p=37480'><div class='heateor_sss_sharing_title' style=\"font-weight:bold\" >\u00a1Gracias por compartirla!<\/div><ul class=\"heateor_sss_sharing_ul\"><li class=\"heateorSssSharingRound\"><i style=\"width:35px;height:35px;border-radius:999px;\" alt=\"Facebook\" Title=\"Facebook\" class=\"heateorSssSharing heateorSssFacebookBackground\" onclick='heateorSssPopup(\"https:\/\/www.facebook.com\/sharer\/sharer.php?u=https%3A%2F%2Foscarhumbertogomez.com%2Findex.php%3Frest_route%3D%252Fwp%252Fv2%252Fposts%252F37480\")'><ss style=\"display:block;border-radius:999px;\" class=\"heateorSssSharingSvg heateorSssFacebookSvg\"><\/ss><\/i><\/li><li class=\"heateorSssSharingRound\"><i style=\"width:35px;height:35px;border-radius:999px;\" alt=\"Twitter\" Title=\"Twitter\" class=\"heateorSssSharing heateorSssTwitterBackground\" onclick='heateorSssPopup(\"http:\/\/twitter.com\/intent\/tweet?text=%C2%BFYa%20visit%C3%B3%20la%20secci%C3%B3n%20de%20Historia%20de%20%22La%20piedra%20filosofal%22%3F&url=https%3A%2F%2Foscarhumbertogomez.com%2Findex.php%3Frest_route%3D%252Fwp%252Fv2%252Fposts%252F37480\")'><ss style=\"display:block;border-radius:999px;\" class=\"heateorSssSharingSvg heateorSssTwitterSvg\"><\/ss><\/i><\/li><li class=\"heateorSssSharingRound\"><i style=\"width:35px;height:35px;border-radius:999px;\" alt=\"Whatsapp\" Title=\"Whatsapp\" class=\"heateorSssSharing heateorSssWhatsappBackground\" onclick='heateorSssPopup(\"https:\/\/web.whatsapp.com\/send?text=%C2%BFYa%20visit%C3%B3%20la%20secci%C3%B3n%20de%20Historia%20de%20%22La%20piedra%20filosofal%22%3F https%3A%2F%2Foscarhumbertogomez.com%2Findex.php%3Frest_route%3D%252Fwp%252Fv2%252Fposts%252F37480\")'><ss style=\"display:block\" class=\"heateorSssSharingSvg heateorSssWhatsappSvg\"><\/ss><\/i><\/li><li class=\"heateorSssSharingRound\"><i style=\"width:35px;height:35px;border-radius:999px;\" alt=\"Pinterest\" Title=\"Pinterest\" class=\"heateorSssSharing heateorSssPinterestBackground\" onclick=\"javascript:void( (function() {var e=document.createElement('script' );e.setAttribute('type','text\/javascript' );e.setAttribute('charset','UTF-8' );e.setAttribute('src','\/\/assets.pinterest.com\/js\/pinmarklet.js?r='+Math.random()*99999999);document.body.appendChild(e)})());\"><ss style=\"display:block;border-radius:999px;\" class=\"heateorSssSharingSvg heateorSssPinterestSvg\"><\/ss><\/i><\/li><li class=\"heateorSssSharingRound\"><i style=\"width:35px;height:35px;border-radius:999px;\" alt=\"Google Gmail\" Title=\"Google Gmail\" class=\"heateorSssSharing heateorSssGoogleGmailBackground\" onclick='heateorSssPopup(\"https:\/\/mail.google.com\/mail\/?ui=2&view=cm&fs=1&tf=1&su=%C2%BFYa%20visit%C3%B3%20la%20secci%C3%B3n%20de%20Historia%20de%20%22La%20piedra%20filosofal%22%3F&body=Link:https%3A%2F%2Foscarhumbertogomez.com%2Findex.php%3Frest_route%3D%252Fwp%252Fv2%252Fposts%252F37480\")'><ss style=\"display:block;border-radius:999px;\" class=\"heateorSssSharingSvg heateorSssGoogleGmailSvg\"><\/ss><\/i><\/li><li class=\"heateorSssSharingRound\"><i style=\"width:35px;height:35px;border-radius:999px;\" title=\"More\" alt=\"More\" class=\"heateorSssSharing heateorSssMoreBackground\" onclick=\"heateorSssMoreSharingPopup(this, 'https:\/\/oscarhumbertogomez.com\/index.php?rest_route=%2Fwp%2Fv2%2Fposts%2F37480', '%C2%BFYa%20visit%C3%B3%20la%20secci%C3%B3n%20de%20Historia%20de%20%22La%20piedra%20filosofal%22%3F', '' )\" ><ss style=\"display:block\" class=\"heateorSssSharingSvg heateorSssMoreSvg\"><\/ss><\/i><\/li><\/ul><div class=\"heateorSssClear\"><\/div><\/div><div class='heateorSssClear'><\/div>","protected":false},"author":2,"featured_media":0,"comment_status":"closed","ping_status":"closed","sticky":false,"template":"","format":"standard","meta":{"spay_email":"","footnotes":""},"categories":[1],"tags":[],"class_list":["post-37480","post","type-post","status-publish","format-standard","hentry","category-blog"],"jetpack_featured_media_url":"","jetpack_shortlink":"https:\/\/wp.me\/p1FYrr-9Kw","_links":{"self":[{"href":"https:\/\/oscarhumbertogomez.com\/index.php?rest_route=\/wp\/v2\/posts\/37480","targetHints":{"allow":["GET"]}}],"collection":[{"href":"https:\/\/oscarhumbertogomez.com\/index.php?rest_route=\/wp\/v2\/posts"}],"about":[{"href":"https:\/\/oscarhumbertogomez.com\/index.php?rest_route=\/wp\/v2\/types\/post"}],"author":[{"embeddable":true,"href":"https:\/\/oscarhumbertogomez.com\/index.php?rest_route=\/wp\/v2\/users\/2"}],"replies":[{"embeddable":true,"href":"https:\/\/oscarhumbertogomez.com\/index.php?rest_route=%2Fwp%2Fv2%2Fcomments&post=37480"}],"version-history":[{"count":6,"href":"https:\/\/oscarhumbertogomez.com\/index.php?rest_route=\/wp\/v2\/posts\/37480\/revisions"}],"predecessor-version":[{"id":44656,"href":"https:\/\/oscarhumbertogomez.com\/index.php?rest_route=\/wp\/v2\/posts\/37480\/revisions\/44656"}],"wp:attachment":[{"href":"https:\/\/oscarhumbertogomez.com\/index.php?rest_route=%2Fwp%2Fv2%2Fmedia&parent=37480"}],"wp:term":[{"taxonomy":"category","embeddable":true,"href":"https:\/\/oscarhumbertogomez.com\/index.php?rest_route=%2Fwp%2Fv2%2Fcategories&post=37480"},{"taxonomy":"post_tag","embeddable":true,"href":"https:\/\/oscarhumbertogomez.com\/index.php?rest_route=%2Fwp%2Fv2%2Ftags&post=37480"}],"curies":[{"name":"wp","href":"https:\/\/api.w.org\/{rel}","templated":true}]}}