{"id":37503,"date":"2021-04-04T07:30:39","date_gmt":"2021-04-04T12:30:39","guid":{"rendered":"https:\/\/lapiedrafilosofal.com\/?p=37503"},"modified":"2025-02-23T13:02:37","modified_gmt":"2025-02-23T18:02:37","slug":"el-aleluya-de-handel-por-oscar-humberto-gomez-gomez-2","status":"publish","type":"post","link":"https:\/\/oscarhumbertogomez.com\/?p=37503","title":{"rendered":"EL &#8220;\u00a1ALELUYA!&#8221;, DE H\u00c4NDEL. Por \u00d3scar Humberto G\u00f3mez G\u00f3mez"},"content":{"rendered":"<p><img loading=\"lazy\" decoding=\"async\" class=\"aligncenter size-full wp-image-47320\" src=\"https:\/\/oscarhumbertogomez.com\/wp-content\/uploads\/2024\/03\/RAFAEL-SANZIO-LA-RESURRECION-DE-CRISTO.jpeg\" alt=\"\" width=\"709\" height=\"865\" srcset=\"https:\/\/oscarhumbertogomez.com\/wp-content\/uploads\/2024\/03\/RAFAEL-SANZIO-LA-RESURRECION-DE-CRISTO.jpeg 709w, https:\/\/oscarhumbertogomez.com\/wp-content\/uploads\/2024\/03\/RAFAEL-SANZIO-LA-RESURRECION-DE-CRISTO-246x300.jpeg 246w\" sizes=\"auto, (max-width: 709px) 100vw, 709px\" \/><\/p>\n<p>&nbsp;<\/p>\n<p>Contrariamente a lo que suele creerse, el famos\u00edsimo coro &#8220;\u00a1Aleluya!&#8221;, que forma parte de la obra &#8220;El Mes\u00edas&#8221;, la magn\u00edfica composici\u00f3n del formidable m\u00fasico germano-ingl\u00e9s Jorge Federico H\u00e4ndel, no es un canto compuesto por \u00e9l para la Navidad, esto es, para celebrar el nacimiento de Jes\u00fas, sino su Resurrecci\u00f3n.<\/p>\n<p>El maestro H\u00e4ndel \u2014\u00a1qu\u00e9 cosa tan &#8220;extra\u00f1a&#8221; en un m\u00fasico!\u2014 pasaba por un momento econ\u00f3mico extremadamente dif\u00edcil, insostenible; estaba literalmente sobrepasado por las deudas y, fuera de eso \u2014como aquello de que &#8220;Al ca\u00eddo, caerle&#8221; rige en todas partes\u2014 ven\u00eda siendo aplastado por la cr\u00edtica en contra de su trabajo musical (cr\u00edtica destructiva, claro est\u00e1, porque eso de la cr\u00edtica &#8220;constructiva&#8221; solo existe en los excepcionales casos en que hay de por medio amistad o, cuando menos, aprecio del cr\u00edtico hacia el criticado o cuando, definitivamente, quien critica posee un alma grande, almas que, por infortunio, siempre se han tenido que buscar con la linterna de Di\u00f3genes).<\/p>\n<p>&nbsp;<\/p>\n<p><img loading=\"lazy\" decoding=\"async\" class=\"aligncenter size-large wp-image-33077\" src=\"https:\/\/lapiedrafilosofal.com\/wp-content\/uploads\/2020\/04\/HA\u0308NDEL--824x1024.jpg\" alt=\"\" width=\"640\" height=\"795\" srcset=\"https:\/\/oscarhumbertogomez.com\/wp-content\/uploads\/2020\/04\/HA\u0308NDEL--824x1024.jpg 824w, https:\/\/oscarhumbertogomez.com\/wp-content\/uploads\/2020\/04\/HA\u0308NDEL--241x300.jpg 241w, https:\/\/oscarhumbertogomez.com\/wp-content\/uploads\/2020\/04\/HA\u0308NDEL--768x955.jpg 768w\" sizes=\"auto, (max-width: 640px) 100vw, 640px\" \/><\/p>\n<p>&nbsp;<\/p>\n<p>La Enciclopedia Met\u00f3dica de Larousse nos cuenta lo que realmente hab\u00eda sucedido:<\/p>\n<p>&#8220;As\u00ed como Bach y Telemann vivieron y trabajaron en Alemania la mayor parte de sus vidas, Georg Friedrich H\u00e4ndel (1685-1759) se encontr\u00f3 m\u00e1s a gusto en Italia, donde, musicalmente, se pon\u00eda m\u00e1s \u00e9nfasis en la melod\u00eda que en el contrapunto. Visit\u00f3 Florencia, Roma, N\u00e1poles y Venecia para aprender el arte de la <em>opera seria<\/em>. Su inter\u00e9s en la \u00f3pera italiana le llev\u00f3 hasta Inglaterra, donde hab\u00eda una gran demanda de ese g\u00e9nero.<br \/>\nH\u00e4ndel estuvo empleado en la Real academia de m\u00fasica (sic) que promov\u00eda la \u00f3pera&#8221;.<\/p>\n<p>Pero sucedi\u00f3 que &#8220;Despu\u00e9s, en 1728, <em>The Beggar&#8217;s opera<\/em> de John Gay (1685-1732) dio al p\u00fablico ingl\u00e9s una muestra de \u00f3pera en su propia lengua&#8221;.<\/p>\n<p>A ra\u00edz de ello, &#8220;La Academia se qued\u00f3 fuera de acci\u00f3n y despu\u00e9s de unos cuantos a\u00f1os llevando su propia compa\u00f1\u00eda de \u00f3pera, H\u00e4ndel tuvo que aceptar que la popularidad de la \u00f3pera italiana declinaba&#8221;. (Enciclopedia Met\u00f3dica de Larousse. Barcelona, M\u00e9xico, Par\u00eds, Buenos Aires. 1997, p. 168).<\/p>\n<p>&nbsp;<\/p>\n<p><img loading=\"lazy\" decoding=\"async\" class=\"aligncenter size-full wp-image-47320\" src=\"https:\/\/oscarhumbertogomez.com\/wp-content\/uploads\/2024\/03\/RAFAEL-SANZIO-LA-RESURRECION-DE-CRISTO.jpeg\" alt=\"\" width=\"709\" height=\"865\" srcset=\"https:\/\/oscarhumbertogomez.com\/wp-content\/uploads\/2024\/03\/RAFAEL-SANZIO-LA-RESURRECION-DE-CRISTO.jpeg 709w, https:\/\/oscarhumbertogomez.com\/wp-content\/uploads\/2024\/03\/RAFAEL-SANZIO-LA-RESURRECION-DE-CRISTO-246x300.jpeg 246w\" sizes=\"auto, (max-width: 709px) 100vw, 709px\" \/><\/p>\n<p>&nbsp;<\/p>\n<p>Pero aquellas tribulaciones no eran las \u00fanicas por las que atravesaba el insigne compositor: tambi\u00e9n se encontraba enfermo. El Salvat Universal Diccionario Enciclop\u00e9dico (obra cuyo t\u00edtulo NO es, como pudiera creerse, Diccionario Enciclop\u00e9dico Universal Salvat) dice lo siguiente:<\/p>\n<p>&#8220;En esta \u00e9poca se estren\u00f3 Radamisto (1720), a la que siguieron numerosas \u00f3peras de estilo italiano (&#8230;), que el p\u00fablico brit\u00e1nico acogi\u00f3 fr\u00edamente. La hostilidad de la aristocracia, la rivalidad con Bononcini y las intrigas de los cantantes motivaron que Haendel, que hab\u00eda hecho un segundo ensayo como empresario (1729), acabara su actividad teatral en la ruina y con la salud quebrantada&#8221;. (Salvat Universal Diccionario Enciclop\u00e9dico. Tomo 11. Barcelona. 1991, p. 201. NOTA AL MARGEN: El apellido del compositor de &#8216;El Mes\u00edas&#8217; tambi\u00e9n se escribe Haendel. Giovanni Battista Bononcini era otro m\u00fasico italiano protegido del duque de Marlborough).<\/p>\n<p>&nbsp;<\/p>\n<p><img loading=\"lazy\" decoding=\"async\" class=\"aligncenter size-large wp-image-33077\" src=\"https:\/\/lapiedrafilosofal.com\/wp-content\/uploads\/2020\/04\/HA\u0308NDEL--824x1024.jpg\" alt=\"\" width=\"640\" height=\"795\" srcset=\"https:\/\/oscarhumbertogomez.com\/wp-content\/uploads\/2020\/04\/HA\u0308NDEL--824x1024.jpg 824w, https:\/\/oscarhumbertogomez.com\/wp-content\/uploads\/2020\/04\/HA\u0308NDEL--241x300.jpg 241w, https:\/\/oscarhumbertogomez.com\/wp-content\/uploads\/2020\/04\/HA\u0308NDEL--768x955.jpg 768w\" sizes=\"auto, (max-width: 640px) 100vw, 640px\" \/><\/p>\n<p>&nbsp;<\/p>\n<p>En medio de semejante turbi\u00f3n de circunstancias adversas, el maestro H\u00e4ndel se decidi\u00f3 a componer lo que en el lenguaje de la m\u00fasica culta se llama un oratorio. El nombre de aquella monumental obra fue el de &#8220;El Mes\u00edas&#8221;, que constaba de tres partes a trav\u00e9s de las cuales se recreaba la vida de Jes\u00fas. Ya antes hab\u00eda compuesto oratorios, pero ninguno hab\u00eda llegado a tener la apote\u00f3sica aceptaci\u00f3n del que ir\u00eda a estrenar ahora.<\/p>\n<p>Pues bien: dentro de la segunda parte del oratorio se encontraba, precisamente, el hermoso e impresionante &#8220;\u00a1Aleluya!&#8221; que hoy todos conocemos, con el cual remataba la secci\u00f3n correspondiente a la Resurrecci\u00f3n.<\/p>\n<p>&nbsp;<\/p>\n<p><img loading=\"lazy\" decoding=\"async\" class=\"aligncenter size-full wp-image-47320\" src=\"https:\/\/oscarhumbertogomez.com\/wp-content\/uploads\/2024\/03\/RAFAEL-SANZIO-LA-RESURRECION-DE-CRISTO.jpeg\" alt=\"\" width=\"709\" height=\"865\" srcset=\"https:\/\/oscarhumbertogomez.com\/wp-content\/uploads\/2024\/03\/RAFAEL-SANZIO-LA-RESURRECION-DE-CRISTO.jpeg 709w, https:\/\/oscarhumbertogomez.com\/wp-content\/uploads\/2024\/03\/RAFAEL-SANZIO-LA-RESURRECION-DE-CRISTO-246x300.jpeg 246w\" sizes=\"auto, (max-width: 709px) 100vw, 709px\" \/><\/p>\n<p>&nbsp;<\/p>\n<p>La obra fue estrenada en la ciudad de Dubl\u00edn, pero posteriormente H\u00e4ndel la llev\u00f3 a Londres y fue all\u00ed donde el compositor tuvo la fortuna de que a la velada asistiera el rey de Inglaterra, Jorge II. La parte segunda del oratorio entr\u00f3, entonces, a la secci\u00f3n que cerraba con la Resurrecci\u00f3n y, obviamente, all\u00ed empez\u00f3 a sonar el coro del &#8220;Aleluya&#8221;. Sucedi\u00f3 que en ese momento el monarca, emocionado por la belleza y la fuerza de aquel coro, se puso de pie. Hay quienes aseveran que no fue por eso, sino que el rey se confundi\u00f3. Seg\u00fan estos int\u00e9rpretes de lo acaecido, el soberano crey\u00f3 que se trataba de un himno y por ello se par\u00f3. De todos modos, como era natural, puesto de pie el rey, empez\u00f3 a hacer lo mismo todo el auditorio hasta que esa parte de la obra termin\u00f3 siendo rematada con el p\u00fablico entero de pie y un atronador aplauso final para el compositor hasta ese momento en desgracia.<\/p>\n<p>Desde ese d\u00eda, el maestro H\u00e4ndel retom\u00f3 su carrera musical con rumbo hacia su consagraci\u00f3n definitiva como una de las figuras m\u00e1s importantes de la m\u00fasica cl\u00e1sica a lo largo de la historia. Hay quienes interpretan lo ocurrido aquel d\u00eda como una intervenci\u00f3n divina.<\/p>\n<p>&nbsp;<\/p>\n<p><img loading=\"lazy\" decoding=\"async\" class=\"aligncenter size-large wp-image-33077\" src=\"https:\/\/lapiedrafilosofal.com\/wp-content\/uploads\/2020\/04\/HA\u0308NDEL--824x1024.jpg\" alt=\"\" width=\"640\" height=\"795\" srcset=\"https:\/\/oscarhumbertogomez.com\/wp-content\/uploads\/2020\/04\/HA\u0308NDEL--824x1024.jpg 824w, https:\/\/oscarhumbertogomez.com\/wp-content\/uploads\/2020\/04\/HA\u0308NDEL--241x300.jpg 241w, https:\/\/oscarhumbertogomez.com\/wp-content\/uploads\/2020\/04\/HA\u0308NDEL--768x955.jpg 768w\" sizes=\"auto, (max-width: 640px) 100vw, 640px\" \/><\/p>\n<p>&nbsp;<\/p>\n<p>El maestro Jorge Federico H\u00e4ndel naci\u00f3 el 5 de marzo de 1685 (de acuerdo con nuestro calendario) en la ciudad de Halle, por aquel entonces bajo el Sacro Imperio Romano Germ\u00e1nico. M\u00e1s tarde habr\u00e1 de nacionalizarse en Inglaterra (1726), en cuya capital, Londres, morir\u00e1 el 14 de abril de 1759 dej\u00e1ndole a la humanidad la inconmensurable riqueza de su valioso legado musical.<\/p>\n<p>&nbsp;<\/p>\n<p><img loading=\"lazy\" decoding=\"async\" class=\"aligncenter size-full wp-image-47320\" src=\"https:\/\/oscarhumbertogomez.com\/wp-content\/uploads\/2024\/03\/RAFAEL-SANZIO-LA-RESURRECION-DE-CRISTO.jpeg\" alt=\"\" width=\"709\" height=\"865\" srcset=\"https:\/\/oscarhumbertogomez.com\/wp-content\/uploads\/2024\/03\/RAFAEL-SANZIO-LA-RESURRECION-DE-CRISTO.jpeg 709w, https:\/\/oscarhumbertogomez.com\/wp-content\/uploads\/2024\/03\/RAFAEL-SANZIO-LA-RESURRECION-DE-CRISTO-246x300.jpeg 246w\" sizes=\"auto, (max-width: 709px) 100vw, 709px\" \/><\/p>\n<p>&nbsp;<\/p>\n<p>En este Domingo de Resurrecci\u00f3n, quiero compartir con ustedes este precioso coro de la obra de H\u00e4ndel, el &#8220;\u00a1Aleluya!&#8221;.<\/p>\n<p>La interpretaci\u00f3n en esta oportunidad es de la Coral Jos\u00e9 Roca, de San Jos\u00e9, Costa Rica, bajo la direcci\u00f3n del maestro Miguel Pons Garc\u00eda. Participan la Coral Infantil J. B. Cornes y el Coro Mixto, que cuentan con la direcci\u00f3n de la maestra Cristina Contreras Zamorano, y la Orquesta Sinf\u00f3nica del Conservatorio Municipal Jos\u00e9 Iturbi, de Valencia, que est\u00e1 bajo la direcci\u00f3n del maestro Vicente Chuli\u00e1 Ramiro.<\/p>\n<p>\u00a1Bienvenidos!<\/p>\n<p>&nbsp;<\/p>\n<p><iframe loading=\"lazy\" src=\"https:\/\/www.youtube-nocookie.com\/embed\/g6wkp0LOuk8?controls=0\" width=\"560\" height=\"315\" frameborder=\"0\" allowfullscreen=\"allowfullscreen\"><\/iframe><\/p>\n<p>&nbsp;<\/p>\n<p>ILUSTRACIONES:<\/p>\n<p>(1) La Resurrecci\u00f3n de Cristo. \u00d3leo sobre tabla. Rafael (atribuido). 1499 &#8211; 1502. Museo de Arte de Sao Paulo.<\/p>\n<p>(2) George Friedrich H\u00e4ndel. 1741. Thomas Hudson. Hamburg State and University Library Carl von Ossietzky.<\/p>\n<p>&nbsp;<\/p>\n","protected":false},"excerpt":{"rendered":"<p>&nbsp; Contrariamente a lo que suele creerse, el famos\u00edsimo coro &#8220;\u00a1Aleluya!&#8221;, que forma parte de la obra &#8220;El Mes\u00edas&#8221;, la magn\u00edfica composici\u00f3n del formidable m\u00fasico germano-ingl\u00e9s Jorge Federico H\u00e4ndel, no es un canto compuesto por \u00e9l para la Navidad, esto &hellip; <a href=\"https:\/\/oscarhumbertogomez.com\/?p=37503\">Sigue leyendo <span class=\"meta-nav\">&rarr;<\/span><\/a><\/p>\n<div class='heateorSssClear'><\/div><div  class='heateor_sss_sharing_container heateor_sss_horizontal_sharing' heateor-sss-data-href='https:\/\/oscarhumbertogomez.com\/?p=37503'><div class='heateor_sss_sharing_title' style=\"font-weight:bold\" >\u00a1Gracias por compartirla!<\/div><ul class=\"heateor_sss_sharing_ul\"><li class=\"heateorSssSharingRound\"><i style=\"width:35px;height:35px;border-radius:999px;\" alt=\"Facebook\" Title=\"Facebook\" class=\"heateorSssSharing heateorSssFacebookBackground\" onclick='heateorSssPopup(\"https:\/\/www.facebook.com\/sharer\/sharer.php?u=https%3A%2F%2Foscarhumbertogomez.com%2Findex.php%3Frest_route%3D%252Fwp%252Fv2%252Fposts%252F37503\")'><ss style=\"display:block;border-radius:999px;\" class=\"heateorSssSharingSvg heateorSssFacebookSvg\"><\/ss><\/i><\/li><li class=\"heateorSssSharingRound\"><i style=\"width:35px;height:35px;border-radius:999px;\" alt=\"Twitter\" Title=\"Twitter\" class=\"heateorSssSharing heateorSssTwitterBackground\" onclick='heateorSssPopup(\"http:\/\/twitter.com\/intent\/tweet?text=EL%20%22%C2%A1ALELUYA%21%22%2C%20DE%20H%C3%84NDEL.%20Por%20%C3%93scar%20Humberto%20G%C3%B3mez%20G%C3%B3mez&url=https%3A%2F%2Foscarhumbertogomez.com%2Findex.php%3Frest_route%3D%252Fwp%252Fv2%252Fposts%252F37503\")'><ss style=\"display:block;border-radius:999px;\" class=\"heateorSssSharingSvg heateorSssTwitterSvg\"><\/ss><\/i><\/li><li class=\"heateorSssSharingRound\"><i style=\"width:35px;height:35px;border-radius:999px;\" alt=\"Whatsapp\" Title=\"Whatsapp\" class=\"heateorSssSharing heateorSssWhatsappBackground\" onclick='heateorSssPopup(\"https:\/\/web.whatsapp.com\/send?text=EL%20%22%C2%A1ALELUYA%21%22%2C%20DE%20H%C3%84NDEL.%20Por%20%C3%93scar%20Humberto%20G%C3%B3mez%20G%C3%B3mez https%3A%2F%2Foscarhumbertogomez.com%2Findex.php%3Frest_route%3D%252Fwp%252Fv2%252Fposts%252F37503\")'><ss style=\"display:block\" class=\"heateorSssSharingSvg heateorSssWhatsappSvg\"><\/ss><\/i><\/li><li class=\"heateorSssSharingRound\"><i style=\"width:35px;height:35px;border-radius:999px;\" alt=\"Pinterest\" Title=\"Pinterest\" class=\"heateorSssSharing heateorSssPinterestBackground\" onclick=\"javascript:void( (function() {var e=document.createElement('script' );e.setAttribute('type','text\/javascript' );e.setAttribute('charset','UTF-8' );e.setAttribute('src','\/\/assets.pinterest.com\/js\/pinmarklet.js?r='+Math.random()*99999999);document.body.appendChild(e)})());\"><ss style=\"display:block;border-radius:999px;\" class=\"heateorSssSharingSvg heateorSssPinterestSvg\"><\/ss><\/i><\/li><li class=\"heateorSssSharingRound\"><i style=\"width:35px;height:35px;border-radius:999px;\" alt=\"Google Gmail\" Title=\"Google Gmail\" class=\"heateorSssSharing heateorSssGoogleGmailBackground\" onclick='heateorSssPopup(\"https:\/\/mail.google.com\/mail\/?ui=2&view=cm&fs=1&tf=1&su=EL%20%22%C2%A1ALELUYA%21%22%2C%20DE%20H%C3%84NDEL.%20Por%20%C3%93scar%20Humberto%20G%C3%B3mez%20G%C3%B3mez&body=Link:https%3A%2F%2Foscarhumbertogomez.com%2Findex.php%3Frest_route%3D%252Fwp%252Fv2%252Fposts%252F37503\")'><ss style=\"display:block;border-radius:999px;\" class=\"heateorSssSharingSvg heateorSssGoogleGmailSvg\"><\/ss><\/i><\/li><li class=\"heateorSssSharingRound\"><i style=\"width:35px;height:35px;border-radius:999px;\" title=\"More\" alt=\"More\" class=\"heateorSssSharing heateorSssMoreBackground\" onclick=\"heateorSssMoreSharingPopup(this, 'https:\/\/oscarhumbertogomez.com\/index.php?rest_route=%2Fwp%2Fv2%2Fposts%2F37503', 'EL%20%22%C2%A1ALELUYA%21%22%2C%20DE%20H%C3%84NDEL.%20Por%20%C3%93scar%20Humberto%20G%C3%B3mez%20G%C3%B3mez', '' )\" ><ss style=\"display:block\" class=\"heateorSssSharingSvg heateorSssMoreSvg\"><\/ss><\/i><\/li><\/ul><div class=\"heateorSssClear\"><\/div><\/div><div class='heateorSssClear'><\/div>","protected":false},"author":2,"featured_media":0,"comment_status":"closed","ping_status":"closed","sticky":false,"template":"","format":"standard","meta":{"spay_email":"","footnotes":""},"categories":[1],"tags":[],"class_list":["post-37503","post","type-post","status-publish","format-standard","hentry","category-blog"],"jetpack_featured_media_url":"","jetpack_shortlink":"https:\/\/wp.me\/p1FYrr-9KT","_links":{"self":[{"href":"https:\/\/oscarhumbertogomez.com\/index.php?rest_route=\/wp\/v2\/posts\/37503","targetHints":{"allow":["GET"]}}],"collection":[{"href":"https:\/\/oscarhumbertogomez.com\/index.php?rest_route=\/wp\/v2\/posts"}],"about":[{"href":"https:\/\/oscarhumbertogomez.com\/index.php?rest_route=\/wp\/v2\/types\/post"}],"author":[{"embeddable":true,"href":"https:\/\/oscarhumbertogomez.com\/index.php?rest_route=\/wp\/v2\/users\/2"}],"replies":[{"embeddable":true,"href":"https:\/\/oscarhumbertogomez.com\/index.php?rest_route=%2Fwp%2Fv2%2Fcomments&post=37503"}],"version-history":[{"count":4,"href":"https:\/\/oscarhumbertogomez.com\/index.php?rest_route=\/wp\/v2\/posts\/37503\/revisions"}],"predecessor-version":[{"id":51196,"href":"https:\/\/oscarhumbertogomez.com\/index.php?rest_route=\/wp\/v2\/posts\/37503\/revisions\/51196"}],"wp:attachment":[{"href":"https:\/\/oscarhumbertogomez.com\/index.php?rest_route=%2Fwp%2Fv2%2Fmedia&parent=37503"}],"wp:term":[{"taxonomy":"category","embeddable":true,"href":"https:\/\/oscarhumbertogomez.com\/index.php?rest_route=%2Fwp%2Fv2%2Fcategories&post=37503"},{"taxonomy":"post_tag","embeddable":true,"href":"https:\/\/oscarhumbertogomez.com\/index.php?rest_route=%2Fwp%2Fv2%2Ftags&post=37503"}],"curies":[{"name":"wp","href":"https:\/\/api.w.org\/{rel}","templated":true}]}}