{"id":3791,"date":"2012-04-17T13:00:10","date_gmt":"2012-04-17T18:00:10","guid":{"rendered":"http:\/\/www.oscarhumbertogomez.com\/?p=3791"},"modified":"2025-03-24T18:34:46","modified_gmt":"2025-03-24T23:34:46","slug":"la-conciliacion-en-equidad-por-hector-hernandez-mateus","status":"publish","type":"post","link":"https:\/\/oscarhumbertogomez.com\/?p=3791","title":{"rendered":"La conciliaci\u00f3n en equidad. Por H\u00e9ctor Hern\u00e1ndez Mateus"},"content":{"rendered":"<div id=\"attachment_3792\" style=\"width: 594px\" class=\"wp-caption aligncenter\"><img loading=\"lazy\" decoding=\"async\" aria-describedby=\"caption-attachment-3792\" class=\"size-full wp-image-3792\" title=\"Condecoraci\u00f3n-Hector-Hernandez-Mateus-3\" src=\"https:\/\/lapiedrafilosofal.com\/wp-content\/uploads\/2012\/04\/Condecoraci\u00f3n-Hector-Hernandez-Mateus-3.jpg\" alt=\"\" width=\"584\" height=\"438\" srcset=\"https:\/\/oscarhumbertogomez.com\/wp-content\/uploads\/2012\/04\/Condecoraci\u00f3n-Hector-Hernandez-Mateus-3.jpg 584w, https:\/\/oscarhumbertogomez.com\/wp-content\/uploads\/2012\/04\/Condecoraci\u00f3n-Hector-Hernandez-Mateus-3-300x225.jpg 300w\" sizes=\"auto, (max-width: 584px) 100vw, 584px\" \/><p id=\"caption-attachment-3792\" class=\"wp-caption-text\">DON H\u00c9CTOR HERN\u00c1NDEZ MATEUS, REPORTERO GR\u00c1FICO, COLUMNISTA DE PRENSA, L\u00cdDER C\u00cdVICO Y DIRIGENTE DEPORTIVO, HABLA DURANTE EL ACTO EN EL CUAL FUE CONDECORADO POR LA ALCALD\u00cdA DE BUCARAMANGA<\/p><\/div>\n<p>&nbsp;<\/p>\n<p><strong>LA CONCILIACI\u00d3N EN EQUIDAD (I)<\/strong><\/p>\n<p>&nbsp;<\/p>\n<p>Por: <strong>H\u00e9ctor Hern\u00e1ndez Mateus<\/strong> *<\/p>\n<p>&nbsp;<\/p>\n<p>Es la Conciliaci\u00f3n en Equidad uno de los beneficios o garant\u00edas que tiene el pueblo -pueblo, para la soluci\u00f3n de sus conflictos, muchos veces menores, que se convierten en hechos punibles por la falta de di\u00e1logo al interior de la comunidad, que desconoce las bondades de la figura.<br \/>\nEl pago de arriendo de habitaci\u00f3n, deudas menores y contratos incumplidos son los casos de mayor visibilizaci\u00f3n y consulta hechos por la comunidad.<br \/>\nLos fundamentos jur\u00eddicos legales de existencia son: en la Constituci\u00f3n Nacional el art\u00edculo 116, que dice (par\u00e1grafo 4): \u201cLos particulares pueden ser investidos transitoriamente de la funci\u00f3n de administrar justicia en la condici\u00f3n de conciliadores o en la de \u00e1rbitros habilitados por las partes para proferir fallos en derecho o en equidad, en los t\u00e9rminos que determine la ley\u201d.<br \/>\n&#8220;La ley&#8221; proferida es la 23 de 1991 y la 446 de 1998.<br \/>\nSe han expedido varios decretos reglamentarios y ajustes que propenden por hacer de la Conciliaci\u00f3n en Equidad un instrumento valedero de servicio en la comunidad quien es la que, seg\u00fan la ley, postula a los aspirantes a tan especial dignidad de servicio filantr\u00f3pico, ya que sus operadores lo hacemos <em>ad honorem<\/em>.<br \/>\nLa gratuidad, la agilidad y la solidez de sus actos le hacen una instancia que debe de ser primaria, en todos los casos que pueden ser conciliables; aunque los limites que puede tratar son ampl\u00edsimos.<br \/>\nSantander ha sido modelo de efectividad, sus operadores y sitios de ejercicio de labor han sido visitados por personas de otras regiones para asimilar la experiencia. Gracias a la labor, con un resultado superior al 65% de efectividad se logr\u00f3 que, en su tiempo, un vice ministro de justicia cambiase la posici\u00f3n personal negativa frente a la figura.<br \/>\nTrataremos de ir complementando la historia, en su desarrollo principalmente en el \u00e1rea metropolitana de Bucaramanga, los tropiezos, sus logros y las falencias que, como todo programa humano, sufre por errores de sus actores.<\/p>\n<p>&nbsp;<\/p>\n<p>* <em>Conciliador en Equidad posesionado ante el Tribunal Superior del Distrito Judicial de Bucaramanga, mediante acuerdo 22 del 27 de junio de 1994.<\/em><\/p>\n<p>&nbsp;<\/p>\n","protected":false},"excerpt":{"rendered":"<p>&nbsp; LA CONCILIACI\u00d3N EN EQUIDAD (I) &nbsp; Por: H\u00e9ctor Hern\u00e1ndez Mateus * &nbsp; Es la Conciliaci\u00f3n en Equidad uno de los beneficios o garant\u00edas que tiene el pueblo -pueblo, para la soluci\u00f3n de sus conflictos, muchos veces menores, que se &hellip; <a href=\"https:\/\/oscarhumbertogomez.com\/?p=3791\">Sigue leyendo <span class=\"meta-nav\">&rarr;<\/span><\/a><\/p>\n<div class='heateorSssClear'><\/div><div  class='heateor_sss_sharing_container heateor_sss_horizontal_sharing' heateor-sss-data-href='https:\/\/oscarhumbertogomez.com\/?p=3791'><div class='heateor_sss_sharing_title' style=\"font-weight:bold\" >\u00a1Gracias por compartirla!<\/div><ul class=\"heateor_sss_sharing_ul\"><li class=\"heateorSssSharingRound\"><i style=\"width:35px;height:35px;border-radius:999px;\" alt=\"Facebook\" Title=\"Facebook\" class=\"heateorSssSharing heateorSssFacebookBackground\" onclick='heateorSssPopup(\"https:\/\/www.facebook.com\/sharer\/sharer.php?u=https%3A%2F%2Foscarhumbertogomez.com%2Findex.php%3Frest_route%3D%252Fwp%252Fv2%252Fposts%252F3791\")'><ss style=\"display:block;border-radius:999px;\" class=\"heateorSssSharingSvg heateorSssFacebookSvg\"><\/ss><\/i><\/li><li class=\"heateorSssSharingRound\"><i style=\"width:35px;height:35px;border-radius:999px;\" alt=\"Twitter\" Title=\"Twitter\" class=\"heateorSssSharing heateorSssTwitterBackground\" onclick='heateorSssPopup(\"http:\/\/twitter.com\/intent\/tweet?text=La%20conciliaci%C3%B3n%20en%20equidad.%20Por%20H%C3%A9ctor%20Hern%C3%A1ndez%20Mateus&url=https%3A%2F%2Foscarhumbertogomez.com%2Findex.php%3Frest_route%3D%252Fwp%252Fv2%252Fposts%252F3791\")'><ss style=\"display:block;border-radius:999px;\" class=\"heateorSssSharingSvg heateorSssTwitterSvg\"><\/ss><\/i><\/li><li class=\"heateorSssSharingRound\"><i style=\"width:35px;height:35px;border-radius:999px;\" alt=\"Whatsapp\" Title=\"Whatsapp\" class=\"heateorSssSharing heateorSssWhatsappBackground\" onclick='heateorSssPopup(\"https:\/\/web.whatsapp.com\/send?text=La%20conciliaci%C3%B3n%20en%20equidad.%20Por%20H%C3%A9ctor%20Hern%C3%A1ndez%20Mateus https%3A%2F%2Foscarhumbertogomez.com%2Findex.php%3Frest_route%3D%252Fwp%252Fv2%252Fposts%252F3791\")'><ss style=\"display:block\" class=\"heateorSssSharingSvg heateorSssWhatsappSvg\"><\/ss><\/i><\/li><li class=\"heateorSssSharingRound\"><i style=\"width:35px;height:35px;border-radius:999px;\" alt=\"Pinterest\" Title=\"Pinterest\" class=\"heateorSssSharing heateorSssPinterestBackground\" onclick=\"javascript:void( (function() {var e=document.createElement('script' );e.setAttribute('type','text\/javascript' );e.setAttribute('charset','UTF-8' );e.setAttribute('src','\/\/assets.pinterest.com\/js\/pinmarklet.js?r='+Math.random()*99999999);document.body.appendChild(e)})());\"><ss style=\"display:block;border-radius:999px;\" class=\"heateorSssSharingSvg heateorSssPinterestSvg\"><\/ss><\/i><\/li><li class=\"heateorSssSharingRound\"><i style=\"width:35px;height:35px;border-radius:999px;\" alt=\"Google Gmail\" Title=\"Google Gmail\" class=\"heateorSssSharing heateorSssGoogleGmailBackground\" onclick='heateorSssPopup(\"https:\/\/mail.google.com\/mail\/?ui=2&view=cm&fs=1&tf=1&su=La%20conciliaci%C3%B3n%20en%20equidad.%20Por%20H%C3%A9ctor%20Hern%C3%A1ndez%20Mateus&body=Link:https%3A%2F%2Foscarhumbertogomez.com%2Findex.php%3Frest_route%3D%252Fwp%252Fv2%252Fposts%252F3791\")'><ss style=\"display:block;border-radius:999px;\" class=\"heateorSssSharingSvg heateorSssGoogleGmailSvg\"><\/ss><\/i><\/li><li class=\"heateorSssSharingRound\"><i style=\"width:35px;height:35px;border-radius:999px;\" title=\"More\" alt=\"More\" class=\"heateorSssSharing heateorSssMoreBackground\" onclick=\"heateorSssMoreSharingPopup(this, 'https:\/\/oscarhumbertogomez.com\/index.php?rest_route=%2Fwp%2Fv2%2Fposts%2F3791', 'La%20conciliaci%C3%B3n%20en%20equidad.%20Por%20H%C3%A9ctor%20Hern%C3%A1ndez%20Mateus', '' )\" ><ss style=\"display:block\" class=\"heateorSssSharingSvg heateorSssMoreSvg\"><\/ss><\/i><\/li><\/ul><div class=\"heateorSssClear\"><\/div><\/div><div class='heateorSssClear'><\/div>","protected":false},"author":2,"featured_media":0,"comment_status":"open","ping_status":"open","sticky":false,"template":"","format":"standard","meta":{"spay_email":"","footnotes":""},"categories":[6],"tags":[],"class_list":["post-3791","post","type-post","status-publish","format-standard","hentry","category-la-pluma-ajena"],"jetpack_featured_media_url":"","jetpack_shortlink":"https:\/\/wp.me\/p1FYrr-Z9","_links":{"self":[{"href":"https:\/\/oscarhumbertogomez.com\/index.php?rest_route=\/wp\/v2\/posts\/3791","targetHints":{"allow":["GET"]}}],"collection":[{"href":"https:\/\/oscarhumbertogomez.com\/index.php?rest_route=\/wp\/v2\/posts"}],"about":[{"href":"https:\/\/oscarhumbertogomez.com\/index.php?rest_route=\/wp\/v2\/types\/post"}],"author":[{"embeddable":true,"href":"https:\/\/oscarhumbertogomez.com\/index.php?rest_route=\/wp\/v2\/users\/2"}],"replies":[{"embeddable":true,"href":"https:\/\/oscarhumbertogomez.com\/index.php?rest_route=%2Fwp%2Fv2%2Fcomments&post=3791"}],"version-history":[{"count":5,"href":"https:\/\/oscarhumbertogomez.com\/index.php?rest_route=\/wp\/v2\/posts\/3791\/revisions"}],"predecessor-version":[{"id":52799,"href":"https:\/\/oscarhumbertogomez.com\/index.php?rest_route=\/wp\/v2\/posts\/3791\/revisions\/52799"}],"wp:attachment":[{"href":"https:\/\/oscarhumbertogomez.com\/index.php?rest_route=%2Fwp%2Fv2%2Fmedia&parent=3791"}],"wp:term":[{"taxonomy":"category","embeddable":true,"href":"https:\/\/oscarhumbertogomez.com\/index.php?rest_route=%2Fwp%2Fv2%2Fcategories&post=3791"},{"taxonomy":"post_tag","embeddable":true,"href":"https:\/\/oscarhumbertogomez.com\/index.php?rest_route=%2Fwp%2Fv2%2Ftags&post=3791"}],"curies":[{"name":"wp","href":"https:\/\/api.w.org\/{rel}","templated":true}]}}