{"id":38761,"date":"2021-05-13T09:20:00","date_gmt":"2021-05-13T14:20:00","guid":{"rendered":"https:\/\/lapiedrafilosofal.com\/?p=38761"},"modified":"2021-05-15T09:26:25","modified_gmt":"2021-05-15T14:26:25","slug":"la-memoria-historica-de-bucaramanga-por-jose-fernando-yepes-velasquez","status":"publish","type":"post","link":"https:\/\/oscarhumbertogomez.com\/?p=38761","title":{"rendered":"La memoria hist\u00f3rica de Bucaramanga. Por Jos\u00e9 Fernando Yepes Vel\u00e1squez"},"content":{"rendered":"<p><img loading=\"lazy\" decoding=\"async\" class=\"aligncenter size-full wp-image-38764\" src=\"https:\/\/lapiedrafilosofal.com\/wp-content\/uploads\/2021\/05\/Detalle-Catedral-Sagrada-Familia-Foto-Jose\u0301-Fernando-Yepes-1.jpg\" alt=\"\" width=\"767\" height=\"1024\" srcset=\"https:\/\/oscarhumbertogomez.com\/wp-content\/uploads\/2021\/05\/Detalle-Catedral-Sagrada-Familia-Foto-Jose\u0301-Fernando-Yepes-1.jpg 767w, https:\/\/oscarhumbertogomez.com\/wp-content\/uploads\/2021\/05\/Detalle-Catedral-Sagrada-Familia-Foto-Jose\u0301-Fernando-Yepes-1-225x300.jpg 225w\" sizes=\"auto, (max-width: 767px) 100vw, 767px\" \/><\/p>\n<p>&nbsp;<\/p>\n<p>\u201cFue una tarde inolvidable. El Teatro Santander finaliz\u00f3 su temporada de conciertos con la presentaci\u00f3n de Orquesta Sinf\u00f3nica Nacional, con un homenaje a la m\u00fasica colombiana, presentando obras de los maestros Jos\u00e9 Barros, Lucho Berm\u00fadez, Petronio \u00c1lvarez, Luis Antonio Calvo, Milciades Garavito y Luis Carlos Gonz\u00e1lez.<br \/>\nAl finalizar la velada, muchos turistas provenientes de todos los rincones del mundo, aprovecharon el clima agradable para visitar el centro hist\u00f3rico de Bucaramanga, que en su recorrido totalmente peatonalizado, incluye verdaderas joyas republicanas y religiosas.<\/p>\n<p>Lo mejor es detenerse en las esquinas y mirar a los alrededores para poder contemplar en toda su dimensi\u00f3n la arquitectura que se mantiene en pie pese a los a\u00f1os. Existen construcciones valios\u00edsimas e importantes como el antiguo claustro de Nuestra Se\u00f1ora del Pilar, la Capilla de Los Dolores, la Casa Garc\u00eda Rovira, la Gobernaci\u00f3n de Santander, el Coliseo Peralta, la Casa de Bol\u00edvar, el Templo de San Laureano y la Casa Luis Per\u00fa. Destacamos la enorme Plaza de Mercado Central, que en su interior alberga un sinf\u00edn de caf\u00e9s, tiendas de artesan\u00edas, restaurantes y escenarios improvisados para la m\u00fasica y la cuenter\u00eda. Todos estos lugares se aprecian desde los parques y lucen como en sus mejores tiempos con sus dise\u00f1os bien conservados. Todo ello representa un gran valor en esta ciudad, que gracias a las buenas decisiones tomadas a tiempo, logr\u00f3 posicionar este m\u00edtico corredor como patrimonio cultural\u2026.\u201d<\/p>\n<p>Esta podr\u00eda ser la rese\u00f1a de cualquier medio dentro de diez a\u00f1os describiendo el acontecer normal de nuestra ciudad, tal como sucede en muchas otras capitales que se propusieron rescatar las edificaciones que le dan sentido a su identidad hist\u00f3rica. No es un imposible, poco a poco podemos lograrlo si unimos voluntades, por ejemplo, de las administraciones venideras que deber\u00e1n incluir en sus planes de gobierno este proyecto, asegurando su ejecuci\u00f3n con vigencias futuras. Sum\u00e9mosle el apoyo empresarial, la cultura c\u00edvica, el emprendimiento y el liderazgo gremial.<\/p>\n<p>El primer paso ya se ha dado correctamente con algunos predios restaurados gracias al aporte de la alcald\u00eda, la empresa privada y la naci\u00f3n. Vale la pena destacar iniciativas de la Alcald\u00eda como \u201cretazos urbanos\u201d que prob\u00f3 ser un mecanismo eficiente en la recuperaci\u00f3n de algunos parques y lugares que estaban en total abandono para convertirlos en espacios de vida y cultura. Tambi\u00e9n aplaudimos lo realizado por el Instituto Municipal de Cultura, con la creaci\u00f3n de la Sala de Desarrollo Urbano, que funciona junto a la casa Luis Per\u00fa de la Croix, iniciativa que busca exaltar la memoria urbana de Bucaramanga, a trav\u00e9s de una serie de im\u00e1genes y documentos bien preservados.<\/p>\n<p>Sin embargo, la tarea no es f\u00e1cil. Veamos. El crecimiento expansivo de Bucaramanga, ha generado entre otros aspectos una degradaci\u00f3n del sector antiguo donde floreci\u00f3 el comercio que le dio vida a la ciudad. Su deterioro es el reflejo de graves conflictos urbanos: subutilizaci\u00f3n y abandono de grandes \u00e1reas y sus infraestructuras, uso ineficiente del suelo, reformas urban\u00edsticas arbitrarias (por no decir chambonadas) y congesti\u00f3n vehicular. El caos reinante ha ocasionado el desplazamiento de muchos negocios y oficinas hacia otros sectores. Con ello vino la proliferaci\u00f3n de inmuebles desocupados o en alta degradaci\u00f3n que han propiciado el desarrollo de actividades informales y vandalismo. Todo ello debe corregirse paulatinamente, tal como Bogot\u00e1 logr\u00f3 rescatar el tristemente c\u00e9lebre, sector del Bronx.<\/p>\n<p>Queda mucho por hacer, partiendo de proteger y preservar el patrimonio urbano y los monumentos que nos quedan. A prop\u00f3sito del tema, vale la pena definir qu\u00e9 es un monumento. La calificaci\u00f3n de \u201cMonumento Nacional\u201d, se otorga, entre otros aspectos, a los centros y sectores urbanos que tienen antig\u00fcedad, autenticidad, singularidad y representaci\u00f3n, adem\u00e1s, de valores est\u00e9ticos, hist\u00f3ricos, testimoniales y documentales. Dichas edificaciones cumplen con el requisito de ser un s\u00edmbolo y un punto de referencia de una comunidad que los identifica y los valora como parte de su entorno.<\/p>\n<p>La conservaci\u00f3n arquitect\u00f3nica debe convertirse en un tema vital, para responder a la pregunta de \u00bfqu\u00e9 ciudad le vamos a dejar a las generaciones futuras?<\/p>\n<p>&nbsp;<\/p>\n<p><strong>ILUSTRACI\u00d3N<\/strong>: Detalle de la catedral de la Sagrada Familia. Fotograf\u00eda: Jos\u00e9 Fernando Yepes Vel\u00e1squez<\/p>\n<p>__________________<\/p>\n<p><strong>JOS\u00c9 FERNANDO YEPES VEL\u00c1SQUEZ.\u2014<\/strong> Administrador de empresas de la Universidad Aut\u00f3noma de Bucaramanga (UNAB). Golfista y tenista. Director de la revista &#8216;Amigos y Socios&#8217;.<\/p>\n<p>&nbsp;<\/p>\n","protected":false},"excerpt":{"rendered":"<p>&nbsp; \u201cFue una tarde inolvidable. El Teatro Santander finaliz\u00f3 su temporada de conciertos con la presentaci\u00f3n de Orquesta Sinf\u00f3nica Nacional, con un homenaje a la m\u00fasica colombiana, presentando obras de los maestros Jos\u00e9 Barros, Lucho Berm\u00fadez, Petronio \u00c1lvarez, Luis Antonio &hellip; <a href=\"https:\/\/oscarhumbertogomez.com\/?p=38761\">Sigue leyendo <span class=\"meta-nav\">&rarr;<\/span><\/a><\/p>\n<div class='heateorSssClear'><\/div><div  class='heateor_sss_sharing_container heateor_sss_horizontal_sharing' heateor-sss-data-href='https:\/\/oscarhumbertogomez.com\/?p=38761'><div class='heateor_sss_sharing_title' style=\"font-weight:bold\" >\u00a1Gracias por compartirla!<\/div><ul class=\"heateor_sss_sharing_ul\"><li class=\"heateorSssSharingRound\"><i style=\"width:35px;height:35px;border-radius:999px;\" alt=\"Facebook\" Title=\"Facebook\" class=\"heateorSssSharing heateorSssFacebookBackground\" onclick='heateorSssPopup(\"https:\/\/www.facebook.com\/sharer\/sharer.php?u=https%3A%2F%2Foscarhumbertogomez.com%2Findex.php%3Frest_route%3D%252Fwp%252Fv2%252Fposts%252F38761\")'><ss style=\"display:block;border-radius:999px;\" class=\"heateorSssSharingSvg heateorSssFacebookSvg\"><\/ss><\/i><\/li><li class=\"heateorSssSharingRound\"><i style=\"width:35px;height:35px;border-radius:999px;\" alt=\"Twitter\" Title=\"Twitter\" class=\"heateorSssSharing heateorSssTwitterBackground\" onclick='heateorSssPopup(\"http:\/\/twitter.com\/intent\/tweet?text=La%20memoria%20hist%C3%B3rica%20de%20Bucaramanga.%20Por%20Jos%C3%A9%20Fernando%20Yepes%20Vel%C3%A1squez&url=https%3A%2F%2Foscarhumbertogomez.com%2Findex.php%3Frest_route%3D%252Fwp%252Fv2%252Fposts%252F38761\")'><ss style=\"display:block;border-radius:999px;\" class=\"heateorSssSharingSvg heateorSssTwitterSvg\"><\/ss><\/i><\/li><li class=\"heateorSssSharingRound\"><i style=\"width:35px;height:35px;border-radius:999px;\" alt=\"Whatsapp\" Title=\"Whatsapp\" class=\"heateorSssSharing heateorSssWhatsappBackground\" onclick='heateorSssPopup(\"https:\/\/web.whatsapp.com\/send?text=La%20memoria%20hist%C3%B3rica%20de%20Bucaramanga.%20Por%20Jos%C3%A9%20Fernando%20Yepes%20Vel%C3%A1squez https%3A%2F%2Foscarhumbertogomez.com%2Findex.php%3Frest_route%3D%252Fwp%252Fv2%252Fposts%252F38761\")'><ss style=\"display:block\" class=\"heateorSssSharingSvg heateorSssWhatsappSvg\"><\/ss><\/i><\/li><li class=\"heateorSssSharingRound\"><i style=\"width:35px;height:35px;border-radius:999px;\" alt=\"Pinterest\" Title=\"Pinterest\" class=\"heateorSssSharing heateorSssPinterestBackground\" onclick=\"javascript:void( (function() {var e=document.createElement('script' );e.setAttribute('type','text\/javascript' );e.setAttribute('charset','UTF-8' );e.setAttribute('src','\/\/assets.pinterest.com\/js\/pinmarklet.js?r='+Math.random()*99999999);document.body.appendChild(e)})());\"><ss style=\"display:block;border-radius:999px;\" class=\"heateorSssSharingSvg heateorSssPinterestSvg\"><\/ss><\/i><\/li><li class=\"heateorSssSharingRound\"><i style=\"width:35px;height:35px;border-radius:999px;\" alt=\"Google Gmail\" Title=\"Google Gmail\" class=\"heateorSssSharing heateorSssGoogleGmailBackground\" onclick='heateorSssPopup(\"https:\/\/mail.google.com\/mail\/?ui=2&view=cm&fs=1&tf=1&su=La%20memoria%20hist%C3%B3rica%20de%20Bucaramanga.%20Por%20Jos%C3%A9%20Fernando%20Yepes%20Vel%C3%A1squez&body=Link:https%3A%2F%2Foscarhumbertogomez.com%2Findex.php%3Frest_route%3D%252Fwp%252Fv2%252Fposts%252F38761\")'><ss style=\"display:block;border-radius:999px;\" class=\"heateorSssSharingSvg heateorSssGoogleGmailSvg\"><\/ss><\/i><\/li><li class=\"heateorSssSharingRound\"><i style=\"width:35px;height:35px;border-radius:999px;\" title=\"More\" alt=\"More\" class=\"heateorSssSharing heateorSssMoreBackground\" onclick=\"heateorSssMoreSharingPopup(this, 'https:\/\/oscarhumbertogomez.com\/index.php?rest_route=%2Fwp%2Fv2%2Fposts%2F38761', 'La%20memoria%20hist%C3%B3rica%20de%20Bucaramanga.%20Por%20Jos%C3%A9%20Fernando%20Yepes%20Vel%C3%A1squez', '' )\" ><ss style=\"display:block\" class=\"heateorSssSharingSvg heateorSssMoreSvg\"><\/ss><\/i><\/li><\/ul><div class=\"heateorSssClear\"><\/div><\/div><div class='heateorSssClear'><\/div>","protected":false},"author":2,"featured_media":0,"comment_status":"closed","ping_status":"closed","sticky":false,"template":"","format":"standard","meta":{"spay_email":"","footnotes":""},"categories":[6],"tags":[],"class_list":["post-38761","post","type-post","status-publish","format-standard","hentry","category-la-pluma-ajena"],"jetpack_featured_media_url":"","jetpack_shortlink":"https:\/\/wp.me\/p1FYrr-a5b","_links":{"self":[{"href":"https:\/\/oscarhumbertogomez.com\/index.php?rest_route=\/wp\/v2\/posts\/38761","targetHints":{"allow":["GET"]}}],"collection":[{"href":"https:\/\/oscarhumbertogomez.com\/index.php?rest_route=\/wp\/v2\/posts"}],"about":[{"href":"https:\/\/oscarhumbertogomez.com\/index.php?rest_route=\/wp\/v2\/types\/post"}],"author":[{"embeddable":true,"href":"https:\/\/oscarhumbertogomez.com\/index.php?rest_route=\/wp\/v2\/users\/2"}],"replies":[{"embeddable":true,"href":"https:\/\/oscarhumbertogomez.com\/index.php?rest_route=%2Fwp%2Fv2%2Fcomments&post=38761"}],"version-history":[{"count":5,"href":"https:\/\/oscarhumbertogomez.com\/index.php?rest_route=\/wp\/v2\/posts\/38761\/revisions"}],"predecessor-version":[{"id":38782,"href":"https:\/\/oscarhumbertogomez.com\/index.php?rest_route=\/wp\/v2\/posts\/38761\/revisions\/38782"}],"wp:attachment":[{"href":"https:\/\/oscarhumbertogomez.com\/index.php?rest_route=%2Fwp%2Fv2%2Fmedia&parent=38761"}],"wp:term":[{"taxonomy":"category","embeddable":true,"href":"https:\/\/oscarhumbertogomez.com\/index.php?rest_route=%2Fwp%2Fv2%2Fcategories&post=38761"},{"taxonomy":"post_tag","embeddable":true,"href":"https:\/\/oscarhumbertogomez.com\/index.php?rest_route=%2Fwp%2Fv2%2Ftags&post=38761"}],"curies":[{"name":"wp","href":"https:\/\/api.w.org\/{rel}","templated":true}]}}