{"id":38786,"date":"2021-05-07T22:12:19","date_gmt":"2021-05-08T03:12:19","guid":{"rendered":"https:\/\/lapiedrafilosofal.com\/?p=38786"},"modified":"2024-06-28T14:37:23","modified_gmt":"2024-06-28T19:37:23","slug":"cuando-un-amigo-se-va","status":"publish","type":"post","link":"https:\/\/oscarhumbertogomez.com\/?p=38786","title":{"rendered":"CUANDO UN AMIGO SE VA. Por \u00d3scar Humberto G\u00f3mez G\u00f3mez"},"content":{"rendered":"<p><img loading=\"lazy\" decoding=\"async\" class=\"aligncenter size-full wp-image-38787\" src=\"https:\/\/lapiedrafilosofal.com\/wp-content\/uploads\/2021\/05\/FOTO-PEDRO.png\" alt=\"\" width=\"360\" height=\"640\" srcset=\"https:\/\/oscarhumbertogomez.com\/wp-content\/uploads\/2021\/05\/FOTO-PEDRO.png 360w, https:\/\/oscarhumbertogomez.com\/wp-content\/uploads\/2021\/05\/FOTO-PEDRO-169x300.png 169w\" sizes=\"auto, (max-width: 360px) 100vw, 360px\" \/><\/p>\n<p>&nbsp;<\/p>\n<p><strong>Cuando un amigo se va<\/strong><br \/>\n<strong>Se queda un \u00e1rbol ca\u00eddo<\/strong><br \/>\n<strong>Que ya no vuelve a brotar<\/strong><br \/>\n<strong>Porque el viento lo ha vencido<\/strong><\/p>\n<p><strong>Alberto Cortez<\/strong><\/p>\n<p>____________<\/p>\n<p>&nbsp;<\/p>\n<p>En la ma\u00f1ana del s\u00e1bado 1 de mayo estuve recordando la noche en que nos conocimos, c\u00f3mo era el frente de su casa en aquel tiempo, el verde y espacioso antejard\u00edn, el pasillo que hab\u00eda que caminar para llegar a la puerta, qui\u00e9nes me acompa\u00f1aban, o mejor, a qui\u00e9nes acompa\u00f1aba yo esa noche, su amable acogida, la sencillez de su trato y la inmediata empat\u00eda que hubo entre el jefe de aquella familia y el joven estudiante de derecho que en esos momentos sub\u00eda por el and\u00e9n norte de la calle 45 entre la carrera 7a y la siguiente hacia el este junto con un grupo de amigos recientes \u2014entre ellos Guillermo &#8220;el Mono&#8221; Vargas\u2014 y se detuvo, invitado por estos, para saludar, dando as\u00ed nacimiento a una amistad que habr\u00eda de durar toda la vida.<\/p>\n<p>Tambi\u00e9n estuve recordando muchas otras cosas y me sorprendi\u00f3 descubrir cu\u00e1nto llegu\u00e9 a saber de \u00e9l y, a trav\u00e9s de \u00e9l, de nuestro terru\u00f1o nativo, de sus personajes, sus mitos, sus leyendas y sus costumbres, de c\u00f3mo fue mi ciudad creciendo con los a\u00f1os y de c\u00f3mo evolucion\u00f3 su historia, incluyendo la historia de la salud mental, de la que \u00e9l fue no solo testigo, sino tambi\u00e9n protagonista.<\/p>\n<p>S\u00ed, protagonista y de primera l\u00ednea, como el primer enfermero jefe del hospital San Camilo, centro asistencial al que estuvo estrechamente ligado no solo en sus or\u00edgenes, sino a lo largo de su devenir de tantos lustros.<\/p>\n<p>&nbsp;<\/p>\n<p><img loading=\"lazy\" decoding=\"async\" class=\"aligncenter size-full wp-image-38787\" src=\"https:\/\/lapiedrafilosofal.com\/wp-content\/uploads\/2021\/05\/FOTO-PEDRO.png\" alt=\"\" width=\"360\" height=\"640\" srcset=\"https:\/\/oscarhumbertogomez.com\/wp-content\/uploads\/2021\/05\/FOTO-PEDRO.png 360w, https:\/\/oscarhumbertogomez.com\/wp-content\/uploads\/2021\/05\/FOTO-PEDRO-169x300.png 169w\" sizes=\"auto, (max-width: 360px) 100vw, 360px\" \/><\/p>\n<p>&nbsp;<\/p>\n<p>Estuve recordando sus amenas cr\u00f3nicas orales, su singular servicio militar en la Armada Nacional en el Amazonas y la anecd\u00f3tica expedici\u00f3n de su c\u00e9dula militar (en la que por error anotaron que hab\u00eda sido &#8220;fusilero&#8221; cuando en realidad ten\u00edan que escribir &#8220;enfermero&#8221;), su pase de manejar cicla (un documento p\u00fablico del tama\u00f1o de una hoja y cuya copia tengo en mi poder gracias a que \u00e9l me la regal\u00f3 un poco antes de la pandemia y que hoy por hoy es un verdadero recuerdo hist\u00f3rico de una \u00e9poca lejana e irrepetible), sus sembrad\u00edos de guindas y carambolos en el anchuroso solar de su casa (guindas relacionadas, por cierto, con el arribo de las monjas espa\u00f1olas a nuestros hospitales p\u00fablicos) y sus caminatas por el centro citadino a la llegada de los diciembres en busca de todo aquello que le posibilitara celebrar cristianamente la Noche de las Velitas, la Novena de Aguinaldos, la Navidad y la V\u00edspera de A\u00f1o Nuevo.<\/p>\n<p>Dentro de estas remembranzas decembrinas ten\u00edan que estar inevitablemente las veces en que, armados de guitarras y panderetas, rezamos la novena junto a su pesebre y, por supuesto, la fugaz aventura y desventura de &#8220;La Banda de Adolfo&#8221; aquella noche en que llegamos, en plenas novenas de aguinaldos, con volador a bordo, acorde\u00f3n, cuerdas y percusi\u00f3n, a despertarlo gritando aquello de &#8220;\u00a1\u00a1\u00a1Viva diciembre!!! \u00a1\u00a1\u00a1Viva!!!&#8221; y empezando a cantar enseguida en coro lo de &#8220;Alumbra luna, alumbra luna, alumbra luna \/ que ya me voy pa&#8217; la monta\u00f1a; \/\/ llevo en mi mochil\u00f3n \/ caf\u00e9 y panela, \/ y mi coraz\u00f3n \/ pa&#8217; Micaela; \/\/ llevo tambi\u00e9n mi tamborcito \/ pa&#8217; entonar un buen merengue; \/\/ Y cuando salga el sol, \/ por la ma\u00f1ana, \/ contigo yo estar\u00e9 \/ en mi caba\u00f1a&#8221;. \u00c9l, que era un buen conservador (de buenos recuerdos, aclaro, para no meterle pol\u00edtica), me sorprendi\u00f3 muchos a\u00f1os despu\u00e9s \u2014tambi\u00e9n poco antes de la pandemia\u2014 entreg\u00e1ndome una fotocopia en colores de las &#8220;tarjetas&#8221; que yo elabor\u00e9 en aquella ocasi\u00f3n, a mano y al calor de una cerveza \u00c1guila \u00a1vaya paradoja! bien helada, y que fui repartiendo en cada una de las casas de los desdichados amigos que, con la paciencia del santo Job, tuvieron que soportarse aquella \u2014llam\u00e9mosla as\u00ed\u2014 &#8220;serenata&#8221;.<\/p>\n<p>&nbsp;<\/p>\n<p><img loading=\"lazy\" decoding=\"async\" class=\"aligncenter size-full wp-image-38787\" src=\"https:\/\/lapiedrafilosofal.com\/wp-content\/uploads\/2021\/05\/FOTO-PEDRO.png\" alt=\"\" width=\"360\" height=\"640\" srcset=\"https:\/\/oscarhumbertogomez.com\/wp-content\/uploads\/2021\/05\/FOTO-PEDRO.png 360w, https:\/\/oscarhumbertogomez.com\/wp-content\/uploads\/2021\/05\/FOTO-PEDRO-169x300.png 169w\" sizes=\"auto, (max-width: 360px) 100vw, 360px\" \/><\/p>\n<p>&nbsp;<\/p>\n<p>Fue un amigo leal, un hombre trabajador, honesto, responsable, respetuoso de la ley y de su credo, un cat\u00f3lico profundamente convencido de su fe, poseedor de un talento natural para escribir versos y textos literarios cargados de sencillez y de belleza. Nunca se dej\u00f3 seducir por los oropeles y quiz\u00e1s debido a ello se neg\u00f3 a cambiar de barrio a pesar de la insistencia de los suyos para que lo hiciera. Supo mantener siempre esa particular dignidad de aquellos que se dan el inestimable lujo de poseer la riqueza inmensa que significa el llevar una existencia limpia y poder andar con la frente en alto a la llegada del oto\u00f1o.<\/p>\n<p>S\u00ed, con la frente en alto, como \u00e9l, ya jubilado, anduvo por las calles bumanguesas, especialmente las de ese centro que fue su entorno cuando era joven, que sigui\u00f3 si\u00e9ndolo cuando ya no lo era tanto y que habr\u00eda de serlo hasta los a\u00f1os en que, como escribir\u00eda el poeta argentino Jos\u00e9 Tcherkaski, en la bella canci\u00f3n que inmortalizara Piero durante los albores de los setenta, &#8220;la edad se le vino encima sin carnaval ni comparsas&#8221;.<\/p>\n<p>Como anduvo, digo, antes de que sus quebrantos de salud comenzaron primero a dificult\u00e1rselo, y despu\u00e9s a imped\u00edrselo, y, entonces, empez\u00f3 a sentir c\u00f3mo se iban derrumbando sus energ\u00edas, y con ellas sus \u00e1nimos, y se vio forzado a empezar a pasar las horas postreras en medio de los \u00e1rboles, y de los pastos, y de las flores de su inmenso vergel, el solar casero donde tambi\u00e9n cultivaba sus cada vez m\u00e1s escasas esperanzas, releyendo viejos libros \u2014entre ellos, me enorgullece decirlo, los m\u00edos\u2014 y regando sus cada vez m\u00e1s abundantes horas de soledad con sus l\u00e1grimas ocultas.<\/p>\n<p>&nbsp;<\/p>\n<p><img loading=\"lazy\" decoding=\"async\" class=\"aligncenter size-full wp-image-38787\" src=\"https:\/\/lapiedrafilosofal.com\/wp-content\/uploads\/2021\/05\/FOTO-PEDRO.png\" alt=\"\" width=\"360\" height=\"640\" srcset=\"https:\/\/oscarhumbertogomez.com\/wp-content\/uploads\/2021\/05\/FOTO-PEDRO.png 360w, https:\/\/oscarhumbertogomez.com\/wp-content\/uploads\/2021\/05\/FOTO-PEDRO-169x300.png 169w\" sizes=\"auto, (max-width: 360px) 100vw, 360px\" \/><\/p>\n<p>&nbsp;<\/p>\n<p>Esa misma tarde sabatina del 1 de mayo, en el Hospital Universitario Los Comuneros, de Bucaramanga, muri\u00f3 mi amigo Pedro Pablo Rivera.<\/p>\n<p>Se encontraba muy enfermo, su pron\u00f3stico no era bueno y su familia no aprob\u00f3 que lo intubaran.<\/p>\n<p>Magda, su hija, me lo inform\u00f3 todo desde Grand Prairie (Texas), donde reside.<\/p>\n<p>&nbsp;<\/p>\n<p><img loading=\"lazy\" decoding=\"async\" class=\"aligncenter size-full wp-image-38787\" src=\"https:\/\/lapiedrafilosofal.com\/wp-content\/uploads\/2021\/05\/FOTO-PEDRO.png\" alt=\"\" width=\"360\" height=\"640\" srcset=\"https:\/\/oscarhumbertogomez.com\/wp-content\/uploads\/2021\/05\/FOTO-PEDRO.png 360w, https:\/\/oscarhumbertogomez.com\/wp-content\/uploads\/2021\/05\/FOTO-PEDRO-169x300.png 169w\" sizes=\"auto, (max-width: 360px) 100vw, 360px\" \/><\/p>\n<p>&nbsp;<\/p>\n<p>&#8220;La piedra filosofal&#8221; estar\u00e1 publicando, por cap\u00edtulos, una cr\u00f3nica sobre la vida del enfermero y poeta santandereano \u2014de la hermana provincia de Garc\u00eda Rovira\u2014 Pedro Pablo Rivera.<\/p>\n<p>No ser\u00e1 una biograf\u00eda, ni nada parecido: ser\u00e1 tan solo \u2014llam\u00e9mosla as\u00ed\u2014 una colcha de retazos literaria, vivencias narradas por el autor \u2014quien se cuidar\u00e1 de hacerlo de la manera m\u00e1s desordenada que le sea posible\u2014 consultando como \u00fanicas fuentes su memoria y, por supuesto, su coraz\u00f3n agradecido.<\/p>\n<p>Por ahora, don Pedro, le expreso mi gratitud imperecedera por el don invaluable de su amistad. Esa amistad que tantas veces me acompa\u00f1\u00f3 en los momentos dif\u00edciles de adversidad, de soledad, de tristeza o de incertidumbre. Esa amistad que, igualmente, se alegr\u00f3 con mi alegr\u00eda y comparti\u00f3 conmigo las sonrisas y las risas de los buenos ratos.<\/p>\n<p>Que &#8220;Jes\u00fas y Mar\u00eda Sant\u00edsima&#8221; \u2014para usar las palabras con las que usted me felicitaba, o felicitaba a mi esposa o a mis hijos en nuestros cumplea\u00f1os, o con ocasi\u00f3n de las festividades de diciembre, o en las celebraciones familiares de cualquier orden\u2014 le hayan abierto de par en par las puertas de ese Cielo en el que usted siempre crey\u00f3 y que, sin duda, las personas como usted se merecen con creces por las virtudes que en este valle de l\u00e1grimas las han adornado.<\/p>\n<p>En su caso particular, don Pedro, por la hermos\u00edsima virtud de saber ser un amigo verdadero.<\/p>\n<p>&nbsp;<\/p>\n<p>\u00d3scar Humberto G\u00f3mez G\u00f3mez<\/p>\n<p>Ruitoque, Mesa de las Tempestades, \u00c1rea Metropolitana de Bucaramanga, s\u00e1bado 8 de mayo de 2021<\/p>\n<p>____________<\/p>\n<p>&nbsp;<\/p>\n<p><img loading=\"lazy\" decoding=\"async\" class=\"aligncenter size-full wp-image-38787\" src=\"https:\/\/lapiedrafilosofal.com\/wp-content\/uploads\/2021\/05\/FOTO-PEDRO.png\" alt=\"\" width=\"360\" height=\"640\" srcset=\"https:\/\/oscarhumbertogomez.com\/wp-content\/uploads\/2021\/05\/FOTO-PEDRO.png 360w, https:\/\/oscarhumbertogomez.com\/wp-content\/uploads\/2021\/05\/FOTO-PEDRO-169x300.png 169w\" sizes=\"auto, (max-width: 360px) 100vw, 360px\" \/><\/p>\n<p>&nbsp;<\/p>\n<p><iframe loading=\"lazy\" width=\"560\" height=\"315\" src=\"https:\/\/www.youtube-nocookie.com\/embed\/dL3nNRvd2N0?controls=0\" frameborder=\"0\" allow=\"accelerometer; autoplay; encrypted-media; gyroscope; picture-in-picture\" allowfullscreen=\"\"><\/iframe><\/p>\n<p>&nbsp;<\/p>\n","protected":false},"excerpt":{"rendered":"<p>&nbsp; Cuando un amigo se va Se queda un \u00e1rbol ca\u00eddo Que ya no vuelve a brotar Porque el viento lo ha vencido Alberto Cortez ____________ &nbsp; En la ma\u00f1ana del s\u00e1bado 1 de mayo estuve recordando la noche en &hellip; <a href=\"https:\/\/oscarhumbertogomez.com\/?p=38786\">Sigue leyendo <span class=\"meta-nav\">&rarr;<\/span><\/a><\/p>\n<div class='heateorSssClear'><\/div><div  class='heateor_sss_sharing_container heateor_sss_horizontal_sharing' heateor-sss-data-href='https:\/\/oscarhumbertogomez.com\/?p=38786'><div class='heateor_sss_sharing_title' style=\"font-weight:bold\" >\u00a1Gracias por compartirla!<\/div><ul class=\"heateor_sss_sharing_ul\"><li class=\"heateorSssSharingRound\"><i style=\"width:35px;height:35px;border-radius:999px;\" alt=\"Facebook\" Title=\"Facebook\" class=\"heateorSssSharing heateorSssFacebookBackground\" onclick='heateorSssPopup(\"https:\/\/www.facebook.com\/sharer\/sharer.php?u=https%3A%2F%2Foscarhumbertogomez.com%2Findex.php%3Frest_route%3D%252Fwp%252Fv2%252Fposts%252F38786\")'><ss style=\"display:block;border-radius:999px;\" class=\"heateorSssSharingSvg heateorSssFacebookSvg\"><\/ss><\/i><\/li><li class=\"heateorSssSharingRound\"><i style=\"width:35px;height:35px;border-radius:999px;\" alt=\"Twitter\" Title=\"Twitter\" class=\"heateorSssSharing heateorSssTwitterBackground\" onclick='heateorSssPopup(\"http:\/\/twitter.com\/intent\/tweet?text=CUANDO%20UN%20AMIGO%20SE%20VA.%20Por%20%C3%93scar%20Humberto%20G%C3%B3mez%20G%C3%B3mez&url=https%3A%2F%2Foscarhumbertogomez.com%2Findex.php%3Frest_route%3D%252Fwp%252Fv2%252Fposts%252F38786\")'><ss style=\"display:block;border-radius:999px;\" class=\"heateorSssSharingSvg heateorSssTwitterSvg\"><\/ss><\/i><\/li><li class=\"heateorSssSharingRound\"><i style=\"width:35px;height:35px;border-radius:999px;\" alt=\"Whatsapp\" Title=\"Whatsapp\" class=\"heateorSssSharing heateorSssWhatsappBackground\" onclick='heateorSssPopup(\"https:\/\/web.whatsapp.com\/send?text=CUANDO%20UN%20AMIGO%20SE%20VA.%20Por%20%C3%93scar%20Humberto%20G%C3%B3mez%20G%C3%B3mez https%3A%2F%2Foscarhumbertogomez.com%2Findex.php%3Frest_route%3D%252Fwp%252Fv2%252Fposts%252F38786\")'><ss style=\"display:block\" class=\"heateorSssSharingSvg heateorSssWhatsappSvg\"><\/ss><\/i><\/li><li class=\"heateorSssSharingRound\"><i style=\"width:35px;height:35px;border-radius:999px;\" alt=\"Pinterest\" Title=\"Pinterest\" class=\"heateorSssSharing heateorSssPinterestBackground\" onclick=\"javascript:void( (function() {var e=document.createElement('script' );e.setAttribute('type','text\/javascript' );e.setAttribute('charset','UTF-8' );e.setAttribute('src','\/\/assets.pinterest.com\/js\/pinmarklet.js?r='+Math.random()*99999999);document.body.appendChild(e)})());\"><ss style=\"display:block;border-radius:999px;\" class=\"heateorSssSharingSvg heateorSssPinterestSvg\"><\/ss><\/i><\/li><li class=\"heateorSssSharingRound\"><i style=\"width:35px;height:35px;border-radius:999px;\" alt=\"Google Gmail\" Title=\"Google Gmail\" class=\"heateorSssSharing heateorSssGoogleGmailBackground\" onclick='heateorSssPopup(\"https:\/\/mail.google.com\/mail\/?ui=2&view=cm&fs=1&tf=1&su=CUANDO%20UN%20AMIGO%20SE%20VA.%20Por%20%C3%93scar%20Humberto%20G%C3%B3mez%20G%C3%B3mez&body=Link:https%3A%2F%2Foscarhumbertogomez.com%2Findex.php%3Frest_route%3D%252Fwp%252Fv2%252Fposts%252F38786\")'><ss style=\"display:block;border-radius:999px;\" class=\"heateorSssSharingSvg heateorSssGoogleGmailSvg\"><\/ss><\/i><\/li><li class=\"heateorSssSharingRound\"><i style=\"width:35px;height:35px;border-radius:999px;\" title=\"More\" alt=\"More\" class=\"heateorSssSharing heateorSssMoreBackground\" onclick=\"heateorSssMoreSharingPopup(this, 'https:\/\/oscarhumbertogomez.com\/index.php?rest_route=%2Fwp%2Fv2%2Fposts%2F38786', 'CUANDO%20UN%20AMIGO%20SE%20VA.%20Por%20%C3%93scar%20Humberto%20G%C3%B3mez%20G%C3%B3mez', '' )\" ><ss style=\"display:block\" class=\"heateorSssSharingSvg heateorSssMoreSvg\"><\/ss><\/i><\/li><\/ul><div class=\"heateorSssClear\"><\/div><\/div><div class='heateorSssClear'><\/div>","protected":false},"author":2,"featured_media":0,"comment_status":"closed","ping_status":"closed","sticky":false,"template":"","format":"standard","meta":{"spay_email":"","footnotes":""},"categories":[1],"tags":[],"class_list":["post-38786","post","type-post","status-publish","format-standard","hentry","category-blog"],"jetpack_featured_media_url":"","jetpack_shortlink":"https:\/\/wp.me\/p1FYrr-a5A","_links":{"self":[{"href":"https:\/\/oscarhumbertogomez.com\/index.php?rest_route=\/wp\/v2\/posts\/38786","targetHints":{"allow":["GET"]}}],"collection":[{"href":"https:\/\/oscarhumbertogomez.com\/index.php?rest_route=\/wp\/v2\/posts"}],"about":[{"href":"https:\/\/oscarhumbertogomez.com\/index.php?rest_route=\/wp\/v2\/types\/post"}],"author":[{"embeddable":true,"href":"https:\/\/oscarhumbertogomez.com\/index.php?rest_route=\/wp\/v2\/users\/2"}],"replies":[{"embeddable":true,"href":"https:\/\/oscarhumbertogomez.com\/index.php?rest_route=%2Fwp%2Fv2%2Fcomments&post=38786"}],"version-history":[{"count":5,"href":"https:\/\/oscarhumbertogomez.com\/index.php?rest_route=\/wp\/v2\/posts\/38786\/revisions"}],"predecessor-version":[{"id":48374,"href":"https:\/\/oscarhumbertogomez.com\/index.php?rest_route=\/wp\/v2\/posts\/38786\/revisions\/48374"}],"wp:attachment":[{"href":"https:\/\/oscarhumbertogomez.com\/index.php?rest_route=%2Fwp%2Fv2%2Fmedia&parent=38786"}],"wp:term":[{"taxonomy":"category","embeddable":true,"href":"https:\/\/oscarhumbertogomez.com\/index.php?rest_route=%2Fwp%2Fv2%2Fcategories&post=38786"},{"taxonomy":"post_tag","embeddable":true,"href":"https:\/\/oscarhumbertogomez.com\/index.php?rest_route=%2Fwp%2Fv2%2Ftags&post=38786"}],"curies":[{"name":"wp","href":"https:\/\/api.w.org\/{rel}","templated":true}]}}