{"id":38986,"date":"2021-05-27T09:57:16","date_gmt":"2021-05-27T14:57:16","guid":{"rendered":"https:\/\/lapiedrafilosofal.com\/?p=38986"},"modified":"2021-05-27T20:35:22","modified_gmt":"2021-05-28T01:35:22","slug":"los-lapsus-al-escribir-por-oscar-humberto-gomez-gomez","status":"publish","type":"post","link":"https:\/\/oscarhumbertogomez.com\/?p=38986","title":{"rendered":"Los lapsus al escribir. Por \u00d3scar Humberto G\u00f3mez G\u00f3mez"},"content":{"rendered":"<p><img loading=\"lazy\" decoding=\"async\" class=\"aligncenter size-full wp-image-33607\" src=\"https:\/\/lapiedrafilosofal.com\/wp-content\/uploads\/2020\/05\/OSCAR-.jpg\" alt=\"\" width=\"678\" height=\"550\" srcset=\"https:\/\/oscarhumbertogomez.com\/wp-content\/uploads\/2020\/05\/OSCAR-.jpg 678w, https:\/\/oscarhumbertogomez.com\/wp-content\/uploads\/2020\/05\/OSCAR--300x243.jpg 300w\" sizes=\"auto, (max-width: 678px) 100vw, 678px\" \/><\/p>\n<p>&nbsp;<\/p>\n<p>Cuando uno est\u00e1 escribiendo es posible que plasme sobre el papel otra cosa distinta de aquella que ten\u00eda la intenci\u00f3n de anotar. A eso se le conoce con el nombre latino de &#8220;lapsus c\u00e1lami&#8221;. En espa\u00f1ol significa &#8220;error de pluma&#8221;. Y se llamaba as\u00ed dicho yerro involuntario por la raz\u00f3n obvia de que antes se escrib\u00eda con una pluma que se iba mojando en el tintero.<\/p>\n<p>La misma denominaci\u00f3n se mantuvo cuando se pas\u00f3 de la pluma a los dem\u00e1s implementos con los que el ser humano ha escrito directamente con la mano. Por eso, cuando se comet\u00eda el mismo lapsus con un estil\u00f3grafo o con un lapicero tambi\u00e9n se le sigui\u00f3 llamando &#8220;lapsus c\u00e1lami&#8221;.<\/p>\n<p>Cuando vino la m\u00e1quina de escribir se siguieron cometiendo los mismos lapsus, pero la denominaci\u00f3n de &#8220;lapsus c\u00e1lami&#8221; para designarlos se sigui\u00f3 manteniendo.<\/p>\n<p>&nbsp;<\/p>\n<p><img loading=\"lazy\" decoding=\"async\" class=\"aligncenter size-large wp-image-38980\" src=\"https:\/\/lapiedrafilosofal.com\/wp-content\/uploads\/2021\/05\/correccion-1024x543.jpeg\" alt=\"\" width=\"640\" height=\"339\" srcset=\"https:\/\/oscarhumbertogomez.com\/wp-content\/uploads\/2021\/05\/correccion-1024x543.jpeg 1024w, https:\/\/oscarhumbertogomez.com\/wp-content\/uploads\/2021\/05\/correccion-300x159.jpeg 300w, https:\/\/oscarhumbertogomez.com\/wp-content\/uploads\/2021\/05\/correccion-768x407.jpeg 768w, https:\/\/oscarhumbertogomez.com\/wp-content\/uploads\/2021\/05\/correccion.jpeg 1140w\" sizes=\"auto, (max-width: 640px) 100vw, 640px\" \/><\/p>\n<p>&nbsp;<\/p>\n<p>Por supuesto, los mismos lapsus se comenzaron a cometer al pasar a escribir con el teclado del computador. Sin embargo, ahora se ha pretendido cambiar la denominaci\u00f3n del lapsus y llamarlo &#8220;lapsus teclis&#8221;.<\/p>\n<p>En lo personal, yo me quedo con la denominaci\u00f3n antigua de &#8220;lapsus c\u00e1lami&#8221; as\u00ed se cometa con las teclas de la computadora. Y me quedo con esa denominaci\u00f3n tradicional no solamente por razones hist\u00f3ricas, sino adem\u00e1s porque no se entender\u00eda que hasta ahora se le fuera a cambiar el nombre luego de que durante d\u00e9cadas y d\u00e9cadas se cometi\u00f3 con las teclas de la m\u00e1quina de escribir sin que por ello se le dejara de llamar &#8220;lapsus c\u00e1lami&#8221;.<\/p>\n<p>&nbsp;<\/p>\n<p><img loading=\"lazy\" decoding=\"async\" class=\"aligncenter size-large wp-image-38980\" src=\"https:\/\/lapiedrafilosofal.com\/wp-content\/uploads\/2021\/05\/correccion-1024x543.jpeg\" alt=\"\" width=\"640\" height=\"339\" srcset=\"https:\/\/oscarhumbertogomez.com\/wp-content\/uploads\/2021\/05\/correccion-1024x543.jpeg 1024w, https:\/\/oscarhumbertogomez.com\/wp-content\/uploads\/2021\/05\/correccion-300x159.jpeg 300w, https:\/\/oscarhumbertogomez.com\/wp-content\/uploads\/2021\/05\/correccion-768x407.jpeg 768w, https:\/\/oscarhumbertogomez.com\/wp-content\/uploads\/2021\/05\/correccion.jpeg 1140w\" sizes=\"auto, (max-width: 640px) 100vw, 640px\" \/><\/p>\n<p>&nbsp;<\/p>\n<p>Pues bien; cuando se incurre en un &#8220;lapsus c\u00e1lami&#8221; y el autor del escrito o su editor se han dado cuenta de \u00e9l cuando ya la impresi\u00f3n se ha llevado a cabo lo que se hace es dejar constancia de que se ha detectado el error, anotar en qu\u00e9 consisti\u00f3 el mismo, en cu\u00e1l p\u00e1gina o en qu\u00e9 lugar del escrito se detect\u00f3 y c\u00f3mo ha debido quedar escrita la palabra o la frase. A esto se le conoce con el nombre de &#8220;Fe de erratas&#8221;.<\/p>\n<p>Entonces, si, por ejemplo, en la p\u00e1gina 37 de un libro qued\u00f3 anotado &#8220;Bucoromango&#8221;, se deja constancia de que donde dice &#8220;Bucoromango&#8221; debe leerse &#8220;Bucaramanga&#8221;.<\/p>\n<p>Algo parecido les pas\u00f3 a los autores y editores de &#8220;Historia del mundo&#8221;, obra en la cual el lector desinformado aprende que &#8220;SIMON BOLIVAR&#8230; En 1819&#8230; derrot\u00f3 a los espa\u00f1oles&#8230; en la batalla de Boyoca&#8221;. (Anita Graneri y otros. Historia del mundo. Editorial Parragon. Barcelona. 2004, p. 163).<\/p>\n<p>&nbsp;<\/p>\n<p><img loading=\"lazy\" decoding=\"async\" class=\"aligncenter size-large wp-image-38980\" src=\"https:\/\/lapiedrafilosofal.com\/wp-content\/uploads\/2021\/05\/correccion-1024x543.jpeg\" alt=\"\" width=\"640\" height=\"339\" srcset=\"https:\/\/oscarhumbertogomez.com\/wp-content\/uploads\/2021\/05\/correccion-1024x543.jpeg 1024w, https:\/\/oscarhumbertogomez.com\/wp-content\/uploads\/2021\/05\/correccion-300x159.jpeg 300w, https:\/\/oscarhumbertogomez.com\/wp-content\/uploads\/2021\/05\/correccion-768x407.jpeg 768w, https:\/\/oscarhumbertogomez.com\/wp-content\/uploads\/2021\/05\/correccion.jpeg 1140w\" sizes=\"auto, (max-width: 640px) 100vw, 640px\" \/><\/p>\n<p>&nbsp;<\/p>\n<p>Y es que, en efecto, hay ocasiones en las que se cambia por completo una palabra o una frase y se termina, si no se deja la constancia del yerro en una fe de erratas, induciendo en error al lector. De suceder tal cosa, entonces, la fe de erratas debe precisar, por ejemplo, que donde qued\u00f3 escrito &#8220;Bol\u00edvar&#8221; debe leerse &#8220;Bolivia&#8221; o donde dice &#8220;el papa Juan XXIII&#8221; debe leerse &#8220;el papa Pablo VI&#8221;.<\/p>\n<p>&nbsp;<\/p>\n<p><img loading=\"lazy\" decoding=\"async\" class=\"aligncenter size-large wp-image-38980\" src=\"https:\/\/lapiedrafilosofal.com\/wp-content\/uploads\/2021\/05\/correccion-1024x543.jpeg\" alt=\"\" width=\"640\" height=\"339\" srcset=\"https:\/\/oscarhumbertogomez.com\/wp-content\/uploads\/2021\/05\/correccion-1024x543.jpeg 1024w, https:\/\/oscarhumbertogomez.com\/wp-content\/uploads\/2021\/05\/correccion-300x159.jpeg 300w, https:\/\/oscarhumbertogomez.com\/wp-content\/uploads\/2021\/05\/correccion-768x407.jpeg 768w, https:\/\/oscarhumbertogomez.com\/wp-content\/uploads\/2021\/05\/correccion.jpeg 1140w\" sizes=\"auto, (max-width: 640px) 100vw, 640px\" \/><\/p>\n<p>&nbsp;<\/p>\n<p>Algunas veces, de acuerdo con el contexto del p\u00e1rrafo, el lapsus de cambiar unas palabras por otras puede encerrar graves errores conceptuales o hist\u00f3ricos y generar en el lector una grav\u00edsima confusi\u00f3n.<\/p>\n<p>Para no ir tan lejos, en un libro que escrib\u00ed y publiqu\u00e9 en el a\u00f1o 2004 sobre el fil\u00f3sofo Giordano Bruno (Giordano Bruno. La lucha por el derecho a pensar diferente) mientras escrib\u00eda el p\u00e1rrafo que aparece en la p\u00e1gina 40 deb\u00ed estar pensando en la salida del sol por los cerros de Pan de Az\u00facar y Morrorrico, pues si hubiera estado pensando en lo que estaba escribiendo, o al menos en los arreboles bumangueses cuando se aproximan las seis de la tarde y se empieza a poner el sol detr\u00e1s de los cerros del oeste m\u00e1s all\u00e1 de Campo Hermoso y Quinta Estrella, no me hubiera quedado la escalofriante descachada que me qued\u00f3 escrita. Copio lo que qued\u00f3 publicado y ustedes me dir\u00e1n si no se justificaban las medidas desesperadas de \u00faltima hora que hube de tomar para evitar propagar un error donde, precisamente, estaba hablando del error cient\u00edfico en un important\u00edsimo segmento del devenir hist\u00f3rico humano. Dice as\u00ed:<\/p>\n<p>&#8220;Si partimos de que la Edad Media transcurri\u00f3 entre los siglos V y XV, y los a\u00f1os 476 (ca\u00edda del Imperio Romano de Oriente) y 1453 (coronaci\u00f3n de Carlomagno) y que Nicol\u00e1s Cop\u00e9rnico aparece en escena hasta el a\u00f1o de 1473 cuando nace en Torun (Polonia) y su obra De revolutionibus orbium coeslestium libro VI aparece en el a\u00f1o de 1543, no siendo aceptada sino mucho tiempo despu\u00e9s (siglo XVII), cuando Galileo Galilei inventa el anteojo y cambia radicalmente la observaci\u00f3n del cosmos, lo cual sucede hasta 1609, nueve a\u00f1os despu\u00e9s de haber sido reducido a cenizas Giordano Bruno por defender, entre otras ideas, la teor\u00eda helioc\u00e9ntrica (Galileo tambi\u00e9n fue condenado por la Santa Inquisici\u00f3n, pero no ejecutado), entenderemos f\u00e1cilmente c\u00f3mo hubo generaciones y generaciones enteras que nacieron en el error y murieron en el error, estudiantes universitarios que aprendieron de sus maestros y contestaron sus ex\u00e1menes afirmando que la tierra era el centro del universo, que era plana, que permanec\u00eda inm\u00f3vil, que el sol giraba en derredor suyo, etc\u00e9tera, y comprenderemos el cataclismo que hubo de significar para el mundo civilizado de entonces la afirmaci\u00f3n copernicana de que la tierra se mov\u00eda, que no era el centro del universo y que giraba alrededor del sol&#8221;.<\/p>\n<p>Como se dieron cuenta, en vez de escribir &#8220;Imperio Romano DE OCCIDENTE&#8221;, lo que escrib\u00ed fue &#8220;Imperio Romano DE ORIENTE&#8221;. Por supuesto, lo primero que toc\u00f3 hacer fue suspender de inmediato la distribuci\u00f3n del libro. De lo contrario, hubiese propagado, dentro de mis desdichados lectores, el &#8220;diminuto&#8221; yerro de poner al Imperio Romano de Oriente finalizando la pendejada de diez siglos antes de cuando realmente finaliz\u00f3.<\/p>\n<p>&nbsp;<\/p>\n<p><img loading=\"lazy\" decoding=\"async\" class=\"aligncenter size-large wp-image-38980\" src=\"https:\/\/lapiedrafilosofal.com\/wp-content\/uploads\/2021\/05\/correccion-1024x543.jpeg\" alt=\"\" width=\"640\" height=\"339\" srcset=\"https:\/\/oscarhumbertogomez.com\/wp-content\/uploads\/2021\/05\/correccion-1024x543.jpeg 1024w, https:\/\/oscarhumbertogomez.com\/wp-content\/uploads\/2021\/05\/correccion-300x159.jpeg 300w, https:\/\/oscarhumbertogomez.com\/wp-content\/uploads\/2021\/05\/correccion-768x407.jpeg 768w, https:\/\/oscarhumbertogomez.com\/wp-content\/uploads\/2021\/05\/correccion.jpeg 1140w\" sizes=\"auto, (max-width: 640px) 100vw, 640px\" \/><\/p>\n<p>&nbsp;<\/p>\n<p>Desde el punto de vista de la Psicolog\u00eda, los lapsus al escribir \u2014tambi\u00e9n los hay al hablar y se llaman &#8220;lapsus linguae&#8221;\u2014 son parte de los llamados &#8220;actos fallidos&#8221;.<\/p>\n<p>Un &#8220;acto fallido&#8221;, cuando se traduce en un &#8220;lapsus linguae&#8221;, puede ser causa de, pongamos por caso, un divorcio. O de algo peor. Ello ocurre cuando, por ejemplo, el esposo que le est\u00e1 siendo infiel a su esposa, por nombrarla a ella, termina mencionando el nombre de su amante.<\/p>\n<p>Sigmund Freud lo explica con perfecta claridad al se\u00f1alar que &#8220;(&#8230;) los actos fallidos son actos ps\u00edquicos resultantes de la interferencia de dos intenciones&#8221;. (FREUD, Sigmund. Introducci\u00f3n al Psicoan\u00e1lisis. Volumen I. Traducci\u00f3n de Luis L\u00f3pez-Ballesteros y de Torres. Editorial Sarpe S.A. Madrid \/ Espa\u00f1a. 1984, p. 78).<\/p>\n<p>El prestante m\u00e9dico psiquiatra austr\u00edaco precisa que, adem\u00e1s del &#8220;lapsus c\u00e1lami&#8221; y del &#8220;lapsus linguae&#8221;, hay otros lapsus.<\/p>\n<p>Escribe Freud:<\/p>\n<p>&#8220;2. Los actos fallidos<\/p>\n<p>Comenzaremos esta segunda lecci\u00f3n (&#8230;) con una investigaci\u00f3n, eligiendo como objeto de la misma determinados fen\u00f3menos muy frecuentes y conocidos, pero insuficientemente apreciados, que no pueden considerarse como producto de un estado patol\u00f3gico, puesto que son observables en toda persona normal. Son estos fen\u00f3menos aquellos a los que nosotros damos el nombre de funciones fallidas (<em>Fehlleistungen<\/em>) o actos fallidos (<em>Fehlhandlungen<\/em>) y que se producen cuando una persona dice una palabra por otra (<em>Versprechen<\/em> = equivocaci\u00f3n oral), escribe cosa distinta de lo que ten\u00eda intenci\u00f3n de escribir (<em>Verschreiben<\/em> = equivocaci\u00f3n en la escritura), lee en un texto impreso o manuscrito algo distinto de lo que en el mismo aparece (<em>Verlesen<\/em> = equivocaci\u00f3n en la lectura o falsa lectura), u oye cosa diferente de lo que se dice (<em>Verh\u00f6ren<\/em> = falsa audici\u00f3n), claro que sin que en este \u00faltimo caso exista una perturbaci\u00f3n org\u00e1nica de sus facultades auditivas&#8221;. (ob. cit., p. 40).<\/p>\n<p>&nbsp;<\/p>\n<p><img loading=\"lazy\" decoding=\"async\" class=\"aligncenter size-large wp-image-38980\" src=\"https:\/\/lapiedrafilosofal.com\/wp-content\/uploads\/2021\/05\/correccion-1024x543.jpeg\" alt=\"\" width=\"640\" height=\"339\" srcset=\"https:\/\/oscarhumbertogomez.com\/wp-content\/uploads\/2021\/05\/correccion-1024x543.jpeg 1024w, https:\/\/oscarhumbertogomez.com\/wp-content\/uploads\/2021\/05\/correccion-300x159.jpeg 300w, https:\/\/oscarhumbertogomez.com\/wp-content\/uploads\/2021\/05\/correccion-768x407.jpeg 768w, https:\/\/oscarhumbertogomez.com\/wp-content\/uploads\/2021\/05\/correccion.jpeg 1140w\" sizes=\"auto, (max-width: 640px) 100vw, 640px\" \/><\/p>\n<p>&nbsp;<\/p>\n<p>Nadie que escriba \u2014o que hable\u2014 est\u00e1 exento de los lapsus.<\/p>\n<p>Ni siquiera se salv\u00f3 de ellos Cervantes en el Quijote, como cuando a la esposa de Sancho Panza le da el nombre de &#8220;Juana&#8221; en la obra original, publicada en 1605, pero en su continuaci\u00f3n, diez a\u00f1os m\u00e1s tarde, el nombre que le da a la mujer del co-protagonista de la inmortal obra ya no es el de &#8220;Juana&#8221;, sino el de &#8220;Teresa&#8221; .<\/p>\n<p>\u201c\u2013\u00bfQu\u00e9 es lo que dec\u00eds, Sancho, de se\u00f1or\u00edas, \u00ednsulas y vasallos? \u2013respondi\u00f3 Juana Panza, que as\u00ed se llamaba la mujer de Sancho, aunque no eran parientes, sino porque se usa en la Mancha tomar las mujeres el apellido de sus maridos.\u201d (Primera Parte, Cap\u00edtulo LII).<\/p>\n<p>\u201cDe la discreta y graciosa pl\u00e1tica que pas\u00f3 entre Sancho Panza y su mujer Teresa Panza, y otros sucesos dignos de recordaci\u00f3n.\u201d (Segunda Parte, Cap\u00edtulo V, ep\u00edgrafe).<\/p>\n<p>\u201c[\u2026] &#8216;Teresa&#8217; me pusieron en el bautismo, nombre mondo y escueto, sin a\u00f1adiduras ni cortapisas, ni arrequives de dones ni donas, &#8216;Cascajo&#8217; se llam\u00f3 mi padre, y a m\u00ed, por ser vuestra mujer me llaman &#8216;Teresa Panza&#8217; (que a buena raz\u00f3n me habr\u00edan de llamar &#8216;Teresa Cascajo&#8217; pero all\u00e1 van reyes do quieren leyes)\u201d (Segunda Parte, Cap\u00edtulo V).<\/p>\n<p>&nbsp;<\/p>\n<p><img loading=\"lazy\" decoding=\"async\" class=\"aligncenter size-large wp-image-38980\" src=\"https:\/\/lapiedrafilosofal.com\/wp-content\/uploads\/2021\/05\/correccion-1024x543.jpeg\" alt=\"\" width=\"640\" height=\"339\" srcset=\"https:\/\/oscarhumbertogomez.com\/wp-content\/uploads\/2021\/05\/correccion-1024x543.jpeg 1024w, https:\/\/oscarhumbertogomez.com\/wp-content\/uploads\/2021\/05\/correccion-300x159.jpeg 300w, https:\/\/oscarhumbertogomez.com\/wp-content\/uploads\/2021\/05\/correccion-768x407.jpeg 768w, https:\/\/oscarhumbertogomez.com\/wp-content\/uploads\/2021\/05\/correccion.jpeg 1140w\" sizes=\"auto, (max-width: 640px) 100vw, 640px\" \/><\/p>\n<p>&nbsp;<\/p>\n<p>El periodista y escritor coste\u00f1o Juan Gossa\u00edn rememora, en una de sus cr\u00f3nicas, que no recuerdo si en su pueblo natal, San Bernardo del Viento, o en la capital del departamento, hab\u00eda un tip\u00f3grafo que escrib\u00eda sus propios libros y los publicaba en su propia imprenta. Lamentablemente, era frecuente que, con los libros ya editados, descubriera m\u00faltiples errores, raz\u00f3n por la cual las fes de erratas sol\u00edan ser bastante extensas, casi como el libro mismo. Hasta que en una ocasi\u00f3n le sucedi\u00f3 un hecho que llev\u00f3 al colmo esta situaci\u00f3n: cuando revis\u00f3 la fe de erratas ya impresa e insertada en cada uno de los libros, se dio cuenta de que el &#8220;lapsus c\u00e1lami&#8221; le hab\u00eda ocurrido, nada m\u00e1s ni nada menos, que en el propio t\u00edtulo de la fe de erratas. En efecto, hab\u00eda quedado escrito &#8220;FE DE ERROTAS&#8221;. El desesperado tip\u00f3grafo, para no perder la edici\u00f3n, no tuvo m\u00e1s remedio que agregar una segunda fe de erratas. Dec\u00eda as\u00ed:<\/p>\n<p>&#8220;FE DE ERRATAS<\/p>\n<p>Donde dice: &#8220;FE DE ERROTAS&#8221;, l\u00e9ase: &#8220;FE DE ERRATAS&#8221;&#8221;.<\/p>\n<p>&nbsp;<\/p>\n<p><img loading=\"lazy\" decoding=\"async\" class=\"aligncenter size-large wp-image-38980\" src=\"https:\/\/lapiedrafilosofal.com\/wp-content\/uploads\/2021\/05\/correccion-1024x543.jpeg\" alt=\"\" width=\"640\" height=\"339\" srcset=\"https:\/\/oscarhumbertogomez.com\/wp-content\/uploads\/2021\/05\/correccion-1024x543.jpeg 1024w, https:\/\/oscarhumbertogomez.com\/wp-content\/uploads\/2021\/05\/correccion-300x159.jpeg 300w, https:\/\/oscarhumbertogomez.com\/wp-content\/uploads\/2021\/05\/correccion-768x407.jpeg 768w, https:\/\/oscarhumbertogomez.com\/wp-content\/uploads\/2021\/05\/correccion.jpeg 1140w\" sizes=\"auto, (max-width: 640px) 100vw, 640px\" \/><\/p>\n<p>&nbsp;<\/p>\n<p>Toda esta carreta es solamente para decirles a los infortunados suscriptores de &#8220;La piedra filosofal&#8221; que en la columna titulada &#8220;Eneas&#8221;, publicada en este portal el pasado 22 de mayo, al relatar el hallazgo de la firma del abogado Eneas Claudio Navas Uribe dentro de los folios de un expediente anot\u00e9 que debido al mismo hab\u00eda sabido ese d\u00eda no solo su segundo nombre y que el apellido Gallinazo no hab\u00eda dado inicio a una nueva dinast\u00eda, sino adem\u00e1s que era uno de los asesores jur\u00eddicos &#8220;de la Gobernaci\u00f3n de Santander&#8221;.<\/p>\n<p>Pues no; el &#8220;nombramiento&#8221; o la &#8220;contrataci\u00f3n&#8221; de Eneas como asesor jur\u00eddico de la Gobernaci\u00f3n debi\u00f3 sorprender a quienes lo conocen de cerca, pues obviamente no recordaban que hubiese sido jam\u00e1s tal cosa. Y est\u00e1n en lo cierto al no recordarlo porque la entidad que iba a mencionar yo era el \u00c1rea Metropolitana de Bucaramanga.<\/p>\n<p>En puridad de verdad \u2014como sol\u00edan decir los ponentes de la Corte Suprema de Justicia\u2014 en esos momentos deb\u00ed estar pensando en otro abogado, tambi\u00e9n joven \u00e9l, y tambi\u00e9n alto de estatura f\u00edsica, y tambi\u00e9n de elevada estatura como persona noble, a quien no conoc\u00ed de ni\u00f1o \u2014como s\u00ed conoc\u00ed a Eneas\u2014, pero quien igualmente me sorprendi\u00f3 de manera muy agradable al verlo por primera vez ya convertido en profesional del derecho, pues su se\u00f1ora madre, cuando todav\u00eda era soltera, fue compa\u00f1era m\u00eda en las aulas universitarias y por ella profes\u00e9 siempre, en aquellos lejanos a\u00f1os, un especial afecto, sentimiento que ha sido indeclinable. De este joven abogado tambi\u00e9n vi su nombre y su firma &#8220;dentro de los folios sin alma&#8221; de uno de los &#8220;lac\u00f3nicos&#8221; expedientes judiciales con los que hube de trajinar durante cuarenta a\u00f1os, y \u00e9l s\u00ed era, en efecto \u2014no s\u00e9 si lo siga siendo\u2014, uno de los asesores jur\u00eddicos externos &#8220;de la Gobernaci\u00f3n de Santander&#8221;.<\/p>\n<p>&nbsp;<\/p>\n<p><img loading=\"lazy\" decoding=\"async\" class=\"aligncenter size-large wp-image-38980\" src=\"https:\/\/lapiedrafilosofal.com\/wp-content\/uploads\/2021\/05\/correccion-1024x543.jpeg\" alt=\"\" width=\"640\" height=\"339\" srcset=\"https:\/\/oscarhumbertogomez.com\/wp-content\/uploads\/2021\/05\/correccion-1024x543.jpeg 1024w, https:\/\/oscarhumbertogomez.com\/wp-content\/uploads\/2021\/05\/correccion-300x159.jpeg 300w, https:\/\/oscarhumbertogomez.com\/wp-content\/uploads\/2021\/05\/correccion-768x407.jpeg 768w, https:\/\/oscarhumbertogomez.com\/wp-content\/uploads\/2021\/05\/correccion.jpeg 1140w\" sizes=\"auto, (max-width: 640px) 100vw, 640px\" \/><\/p>\n<p>&nbsp;<\/p>\n<p>La correspondiente correcci\u00f3n del &#8220;lapsus c\u00e1lami&#8221; en el texto de la entrada ya est\u00e1 hecha, tal y como podr\u00e1n verificarlo mis martirizados y pacientes lectores. Solamente faltaba enviarles la fe de erratas. Sin embargo, en lugar de una escueta fe de erratas prefer\u00ed escribirles esta nueva entrada.<\/p>\n<p>Encontr\u00e9 as\u00ed un pretexto para volver a saludarlos, para reiterarles cuanto los estimo y, de paso, para hacerlos part\u00edcipes \u2014o, m\u00e1s bien, v\u00edctimas para ser m\u00e1s exactos\u2014 de otra m\u00e1s de mis impertinencias.<\/p>\n<p>Sigan, ahora s\u00ed, por favor, trabajando, o estudiando, o descansando, o haciendo lo que estaban haciendo, y tengan la bondad de disculparme por este &#8220;lapsus c\u00e1lami&#8221;.<\/p>\n<p>&nbsp;<\/p>\n","protected":false},"excerpt":{"rendered":"<p>&nbsp; Cuando uno est\u00e1 escribiendo es posible que plasme sobre el papel otra cosa distinta de aquella que ten\u00eda la intenci\u00f3n de anotar. A eso se le conoce con el nombre latino de &#8220;lapsus c\u00e1lami&#8221;. En espa\u00f1ol significa &#8220;error de &hellip; <a href=\"https:\/\/oscarhumbertogomez.com\/?p=38986\">Sigue leyendo <span class=\"meta-nav\">&rarr;<\/span><\/a><\/p>\n<div class='heateorSssClear'><\/div><div  class='heateor_sss_sharing_container heateor_sss_horizontal_sharing' heateor-sss-data-href='https:\/\/oscarhumbertogomez.com\/?p=38986'><div class='heateor_sss_sharing_title' style=\"font-weight:bold\" >\u00a1Gracias por compartirla!<\/div><ul class=\"heateor_sss_sharing_ul\"><li class=\"heateorSssSharingRound\"><i style=\"width:35px;height:35px;border-radius:999px;\" alt=\"Facebook\" Title=\"Facebook\" class=\"heateorSssSharing heateorSssFacebookBackground\" onclick='heateorSssPopup(\"https:\/\/www.facebook.com\/sharer\/sharer.php?u=https%3A%2F%2Foscarhumbertogomez.com%2Findex.php%3Frest_route%3D%252Fwp%252Fv2%252Fposts%252F38986\")'><ss style=\"display:block;border-radius:999px;\" class=\"heateorSssSharingSvg heateorSssFacebookSvg\"><\/ss><\/i><\/li><li class=\"heateorSssSharingRound\"><i style=\"width:35px;height:35px;border-radius:999px;\" alt=\"Twitter\" Title=\"Twitter\" class=\"heateorSssSharing heateorSssTwitterBackground\" onclick='heateorSssPopup(\"http:\/\/twitter.com\/intent\/tweet?text=Los%20lapsus%20al%20escribir.%20Por%20%C3%93scar%20Humberto%20G%C3%B3mez%20G%C3%B3mez&url=https%3A%2F%2Foscarhumbertogomez.com%2Findex.php%3Frest_route%3D%252Fwp%252Fv2%252Fposts%252F38986\")'><ss style=\"display:block;border-radius:999px;\" class=\"heateorSssSharingSvg heateorSssTwitterSvg\"><\/ss><\/i><\/li><li class=\"heateorSssSharingRound\"><i style=\"width:35px;height:35px;border-radius:999px;\" alt=\"Whatsapp\" Title=\"Whatsapp\" class=\"heateorSssSharing heateorSssWhatsappBackground\" onclick='heateorSssPopup(\"https:\/\/web.whatsapp.com\/send?text=Los%20lapsus%20al%20escribir.%20Por%20%C3%93scar%20Humberto%20G%C3%B3mez%20G%C3%B3mez https%3A%2F%2Foscarhumbertogomez.com%2Findex.php%3Frest_route%3D%252Fwp%252Fv2%252Fposts%252F38986\")'><ss style=\"display:block\" class=\"heateorSssSharingSvg heateorSssWhatsappSvg\"><\/ss><\/i><\/li><li class=\"heateorSssSharingRound\"><i style=\"width:35px;height:35px;border-radius:999px;\" alt=\"Pinterest\" Title=\"Pinterest\" class=\"heateorSssSharing heateorSssPinterestBackground\" onclick=\"javascript:void( (function() {var e=document.createElement('script' );e.setAttribute('type','text\/javascript' );e.setAttribute('charset','UTF-8' );e.setAttribute('src','\/\/assets.pinterest.com\/js\/pinmarklet.js?r='+Math.random()*99999999);document.body.appendChild(e)})());\"><ss style=\"display:block;border-radius:999px;\" class=\"heateorSssSharingSvg heateorSssPinterestSvg\"><\/ss><\/i><\/li><li class=\"heateorSssSharingRound\"><i style=\"width:35px;height:35px;border-radius:999px;\" alt=\"Google Gmail\" Title=\"Google Gmail\" class=\"heateorSssSharing heateorSssGoogleGmailBackground\" onclick='heateorSssPopup(\"https:\/\/mail.google.com\/mail\/?ui=2&view=cm&fs=1&tf=1&su=Los%20lapsus%20al%20escribir.%20Por%20%C3%93scar%20Humberto%20G%C3%B3mez%20G%C3%B3mez&body=Link:https%3A%2F%2Foscarhumbertogomez.com%2Findex.php%3Frest_route%3D%252Fwp%252Fv2%252Fposts%252F38986\")'><ss style=\"display:block;border-radius:999px;\" class=\"heateorSssSharingSvg heateorSssGoogleGmailSvg\"><\/ss><\/i><\/li><li class=\"heateorSssSharingRound\"><i style=\"width:35px;height:35px;border-radius:999px;\" title=\"More\" alt=\"More\" class=\"heateorSssSharing heateorSssMoreBackground\" onclick=\"heateorSssMoreSharingPopup(this, 'https:\/\/oscarhumbertogomez.com\/index.php?rest_route=%2Fwp%2Fv2%2Fposts%2F38986', 'Los%20lapsus%20al%20escribir.%20Por%20%C3%93scar%20Humberto%20G%C3%B3mez%20G%C3%B3mez', '' )\" ><ss style=\"display:block\" class=\"heateorSssSharingSvg heateorSssMoreSvg\"><\/ss><\/i><\/li><\/ul><div class=\"heateorSssClear\"><\/div><\/div><div class='heateorSssClear'><\/div>","protected":false},"author":2,"featured_media":0,"comment_status":"closed","ping_status":"closed","sticky":false,"template":"","format":"standard","meta":{"spay_email":"","footnotes":""},"categories":[1],"tags":[],"class_list":["post-38986","post","type-post","status-publish","format-standard","hentry","category-blog"],"jetpack_featured_media_url":"","jetpack_shortlink":"https:\/\/wp.me\/p1FYrr-a8O","_links":{"self":[{"href":"https:\/\/oscarhumbertogomez.com\/index.php?rest_route=\/wp\/v2\/posts\/38986","targetHints":{"allow":["GET"]}}],"collection":[{"href":"https:\/\/oscarhumbertogomez.com\/index.php?rest_route=\/wp\/v2\/posts"}],"about":[{"href":"https:\/\/oscarhumbertogomez.com\/index.php?rest_route=\/wp\/v2\/types\/post"}],"author":[{"embeddable":true,"href":"https:\/\/oscarhumbertogomez.com\/index.php?rest_route=\/wp\/v2\/users\/2"}],"replies":[{"embeddable":true,"href":"https:\/\/oscarhumbertogomez.com\/index.php?rest_route=%2Fwp%2Fv2%2Fcomments&post=38986"}],"version-history":[{"count":5,"href":"https:\/\/oscarhumbertogomez.com\/index.php?rest_route=\/wp\/v2\/posts\/38986\/revisions"}],"predecessor-version":[{"id":39012,"href":"https:\/\/oscarhumbertogomez.com\/index.php?rest_route=\/wp\/v2\/posts\/38986\/revisions\/39012"}],"wp:attachment":[{"href":"https:\/\/oscarhumbertogomez.com\/index.php?rest_route=%2Fwp%2Fv2%2Fmedia&parent=38986"}],"wp:term":[{"taxonomy":"category","embeddable":true,"href":"https:\/\/oscarhumbertogomez.com\/index.php?rest_route=%2Fwp%2Fv2%2Fcategories&post=38986"},{"taxonomy":"post_tag","embeddable":true,"href":"https:\/\/oscarhumbertogomez.com\/index.php?rest_route=%2Fwp%2Fv2%2Ftags&post=38986"}],"curies":[{"name":"wp","href":"https:\/\/api.w.org\/{rel}","templated":true}]}}