{"id":3910,"date":"2012-04-22T14:27:15","date_gmt":"2012-04-22T19:27:15","guid":{"rendered":"http:\/\/www.oscarhumbertogomez.com\/?p=3910"},"modified":"2025-04-01T20:58:17","modified_gmt":"2025-04-02T01:58:17","slug":"pedro-pablo-contreras-pinillos-abogado-exmagistrado-periodista-y-artista-santandereano","status":"publish","type":"post","link":"https:\/\/oscarhumbertogomez.com\/?p=3910","title":{"rendered":"Pedro Pablo Contreras Pinillos, abogado, exmagistrado, periodista y artista santandereano. Por \u00d3scar Humberto G\u00f3mez G\u00f3mez"},"content":{"rendered":"<div id=\"attachment_3912\" style=\"width: 536px\" class=\"wp-caption aligncenter\"><img loading=\"lazy\" decoding=\"async\" aria-describedby=\"caption-attachment-3912\" class=\"size-full wp-image-3912\" title=\"PEDRO PABLO CONTRERAS\" src=\"https:\/\/lapiedrafilosofal.com\/wp-content\/uploads\/2012\/04\/PEDRO-PABLO-CONTRERAS.png\" alt=\"\" width=\"526\" height=\"477\" srcset=\"https:\/\/oscarhumbertogomez.com\/wp-content\/uploads\/2012\/04\/PEDRO-PABLO-CONTRERAS.png 526w, https:\/\/oscarhumbertogomez.com\/wp-content\/uploads\/2012\/04\/PEDRO-PABLO-CONTRERAS-300x272.png 300w\" sizes=\"auto, (max-width: 526px) 100vw, 526px\" \/><p id=\"caption-attachment-3912\" class=\"wp-caption-text\">DR. PEDRO PABLO CONTRERAS PINILLOS, EXMAGISTRADO DE LA SALA JURISDICCIONAL DISCIPLINARIA DEL CONSEJO SECCIONAL DE LA JUDICATURA, ABOGADO EN EJERCICIO, MIEMBRO DE LA BARRA DE DEFENSORES P\u00daBLICOS, PERIODISTA Y ARTISTA SANTANDEREANO<\/p><\/div>\n<p>&nbsp;<\/p>\n<p>Parado en alg\u00fan recodo de las largas escaleras de la Universidad Aut\u00f3noma de Bucaramanga, Pedro Pablo Contreras Pinillos repart\u00eda volantes que \u00e9l mismo redactaba e imprim\u00eda, casi siempre con la ayuda de la m\u00e1quina de escribir, el est\u00e9ncil y el mime\u00f3grafo. As\u00ed comenz\u00f3 a ejercer la noble profesi\u00f3n del periodismo. Corr\u00eda la segunda mitad de los a\u00f1os 70 y el por entonces estudiante de derecho se pronunciaba, con su caracter\u00edstico estilo franco, fuerte y directo, acerca de los temas de m\u00e1s palpitante actualidad dentro de la comunidad estudiantil. Despu\u00e9s continu\u00f3 haci\u00e9ndolo, con la misma verticalidad, desde aquella tribuna de vida ef\u00edmera que, con mucha mejor calidad de impresi\u00f3n, se llam\u00f3 <em>V\u00e9rtice<\/em>.<\/p>\n<p>&nbsp;<\/p>\n<p>Doctor en Derecho y Ciencias Sociales y Pol\u00edticas de la ilustre Universidad Aut\u00f3noma de Bucaramanga (UNAB) y uno de los primeros profesionales egresados de esa <em>alma mater<\/em>, despu\u00e9s de su paso de varios a\u00f1os por la magistratura y del ejercicio de las disciplinas jur\u00eddicas y del periodismo se convirti\u00f3, luego de estudiar en Argentina, en el cultor m\u00e1s representativo del tango en el oriente colombiano.<\/p>\n<p>&nbsp;<\/p>\n<img decoding=\"async\" class=\"size-full wp-image-3911\" title=\"PEDRO PABLO CONTRERAS\" src=\"https:\/\/lapiedrafilosofal.com\/wp-content\/uploads\/2012\/04\/PEDRO-PABLO-CONTRERAS.jpg\" alt=\"\" width=\"500\" height=\"\">\n<p>&nbsp;<\/p>\n<p>Su vocaci\u00f3n por el periodismo no fue casual. El Dr. Contreras proviene de una familia de tip\u00f3grafos cuya empresa se hallaba ubicada justamente al frente de las instalaciones del peri\u00f3dico <em>Vanguardia Liberal<\/em>, el diario fundado por Alejandro Galvis Galvis y Rodolfo Azuero en 1919, y que, m\u00e1s tarde, por desavenencias entre ambos termin\u00f3 en poder solamente del primero. En el aciago a\u00f1o 1989, una&nbsp;bomba terrorista con la que se quiso acallar para siempre al matutino santandereano, destruy\u00f3 la tipograf\u00eda de los Contreras. El Dr. Pedro Pablo, en representaci\u00f3n de su familia, demand\u00f3 a la Naci\u00f3n y gan\u00f3 el pleito en primera instancia cuando el Tribunal Administrativo de Santander, en decisi\u00f3n dividida, conden\u00f3 al Estado colombiano. Una ponencia del magistrado Alejandro Ord\u00f3\u00f1ez Maldonado, hoy Procurador General de la Naci\u00f3n, fue acogida por la mayor\u00eda de la Sala de Decisi\u00f3n. Sin embargo, la Sala de lo Contencioso Administrativo del Consejo de Estado, a trav\u00e9s de su Secci\u00f3n Tercera, revoc\u00f3 el fallo, en una de las m\u00e1s desacertadas decisiones que ha tomado esa Corporaci\u00f3n, pues no tuvo en cuenta la realidad probatoria que le mostraba el expediente.<\/p>\n<p>&nbsp;<\/p>\n<p><img decoding=\"async\" class=\"aligncenter size-full wp-image-3913\" title=\"tango uno\" src=\"https:\/\/lapiedrafilosofal.com\/wp-content\/uploads\/2012\/04\/tango-uno.jpg\" alt=\"\" width=\"500\" height=\"\" srcset=\"https:\/\/oscarhumbertogomez.com\/wp-content\/uploads\/2012\/04\/tango-uno.jpg 212w, https:\/\/oscarhumbertogomez.com\/wp-content\/uploads\/2012\/04\/tango-uno-206x300.jpg 206w\" sizes=\"(max-width: 212px) 100vw, 212px\" \/><\/p>\n<p>&nbsp;<\/p>\n<p>Actualmente, el inquieto y pol\u00e9mico jurista es miembro de la Barra de Defensores P\u00fablicos de la Defensor\u00eda del Pueblo en Bucaramanga.<\/p>\n<p>&nbsp;<\/p>\n<p>Pero, adem\u00e1s, Pedro Pablo Contreras Pinillos mantiene abierta, contra viento y marea, su escuela de baile. Se llama <em>Pedro Pablo Tango Club <\/em>y funciona en su propia casa.<\/p>\n<p>&nbsp;<\/p>\n<p><img decoding=\"async\" class=\"aligncenter size-full wp-image-3914\" title=\"tango show dos\" src=\"https:\/\/lapiedrafilosofal.com\/wp-content\/uploads\/2012\/04\/tango-show-dos.jpg\" alt=\"\" width=\"500\" height=\"\" srcset=\"https:\/\/oscarhumbertogomez.com\/wp-content\/uploads\/2012\/04\/tango-show-dos.jpg 207w, https:\/\/oscarhumbertogomez.com\/wp-content\/uploads\/2012\/04\/tango-show-dos-201x300.jpg 201w\" sizes=\"(max-width: 207px) 100vw, 207px\" \/><\/p>\n<p>&nbsp;<\/p>\n<p>Hasta hace poco tiempo, estuvo al lado del periodista y tambi\u00e9n abogado santandereano Dr. Leonardo Enciso Pinilla en la conducci\u00f3n del programa estelar de los domingos del canal local <em>Telesantander<\/em>&nbsp;&#8220;D\u00ed\u00ed\u00edgame&#8221;. Igualmente, manten\u00eda espacios dedicados al tango.<\/p>\n<p>Por razones que desconocemos, el Dr. Contreras Pinillos dej\u00f3 de aparecer, con sus pol\u00e9micos comentarios, en el canal.<\/p>\n<p>Los &#8220;telesantandereanos&#8221; y las &#8220;telesantandereanas&#8221; estamos esperando el regreso triunfal de este abogado, periodista y artista nuestro a esa tribuna de opini\u00f3n.<\/p>\n<p>&nbsp;<\/p>\n<p><img decoding=\"async\" class=\"aligncenter size-full wp-image-3915\" title=\"PEDRO PABLO III\" src=\"https:\/\/lapiedrafilosofal.com\/wp-content\/uploads\/2012\/04\/PEDRO-PABLO-III.jpg\" alt=\"\" width=\"500\" height=\"\"><\/p>\n<p>&nbsp;<\/p>\n<p>Por ahora, nuestro portal exalta p\u00fablicamente al Dr. Pedro Pablo Contreras Pinillos, paradigma de santandereano honesto, inquieto y vertical, a quien le deseamos much\u00edsimos \u00e9xitos en sus labores profesionales y en la actividad art\u00edstica y cultural que desarrolla en pro de una de las m\u00e1s bellas expresiones del inmenso folclor de Am\u00e9rica Latina.<\/p>\n<p>&nbsp;<\/p>\n","protected":false},"excerpt":{"rendered":"<p>&nbsp; Parado en alg\u00fan recodo de las largas escaleras de la Universidad Aut\u00f3noma de Bucaramanga, Pedro Pablo Contreras Pinillos repart\u00eda volantes que \u00e9l mismo redactaba e imprim\u00eda, casi siempre con la ayuda de la m\u00e1quina de escribir, el est\u00e9ncil y &hellip; <a href=\"https:\/\/oscarhumbertogomez.com\/?p=3910\">Sigue leyendo <span class=\"meta-nav\">&rarr;<\/span><\/a><\/p>\n<div class='heateorSssClear'><\/div><div  class='heateor_sss_sharing_container heateor_sss_horizontal_sharing' heateor-sss-data-href='https:\/\/oscarhumbertogomez.com\/?p=3910'><div class='heateor_sss_sharing_title' style=\"font-weight:bold\" >\u00a1Gracias por compartirla!<\/div><ul class=\"heateor_sss_sharing_ul\"><li class=\"heateorSssSharingRound\"><i style=\"width:35px;height:35px;border-radius:999px;\" alt=\"Facebook\" Title=\"Facebook\" class=\"heateorSssSharing heateorSssFacebookBackground\" onclick='heateorSssPopup(\"https:\/\/www.facebook.com\/sharer\/sharer.php?u=https%3A%2F%2Foscarhumbertogomez.com%2Findex.php%3Frest_route%3D%252Fwp%252Fv2%252Fposts%252F3910\")'><ss style=\"display:block;border-radius:999px;\" class=\"heateorSssSharingSvg heateorSssFacebookSvg\"><\/ss><\/i><\/li><li class=\"heateorSssSharingRound\"><i style=\"width:35px;height:35px;border-radius:999px;\" alt=\"Twitter\" Title=\"Twitter\" class=\"heateorSssSharing heateorSssTwitterBackground\" onclick='heateorSssPopup(\"http:\/\/twitter.com\/intent\/tweet?text=Pedro%20Pablo%20Contreras%20Pinillos%2C%20abogado%2C%20exmagistrado%2C%20periodista%20y%20artista%20santandereano.%20Por%20%C3%93scar%20Humberto%20G%C3%B3mez%20G%C3%B3mez&url=https%3A%2F%2Foscarhumbertogomez.com%2Findex.php%3Frest_route%3D%252Fwp%252Fv2%252Fposts%252F3910\")'><ss style=\"display:block;border-radius:999px;\" class=\"heateorSssSharingSvg heateorSssTwitterSvg\"><\/ss><\/i><\/li><li class=\"heateorSssSharingRound\"><i style=\"width:35px;height:35px;border-radius:999px;\" alt=\"Whatsapp\" Title=\"Whatsapp\" class=\"heateorSssSharing heateorSssWhatsappBackground\" onclick='heateorSssPopup(\"https:\/\/web.whatsapp.com\/send?text=Pedro%20Pablo%20Contreras%20Pinillos%2C%20abogado%2C%20exmagistrado%2C%20periodista%20y%20artista%20santandereano.%20Por%20%C3%93scar%20Humberto%20G%C3%B3mez%20G%C3%B3mez https%3A%2F%2Foscarhumbertogomez.com%2Findex.php%3Frest_route%3D%252Fwp%252Fv2%252Fposts%252F3910\")'><ss style=\"display:block\" class=\"heateorSssSharingSvg heateorSssWhatsappSvg\"><\/ss><\/i><\/li><li class=\"heateorSssSharingRound\"><i style=\"width:35px;height:35px;border-radius:999px;\" alt=\"Pinterest\" Title=\"Pinterest\" class=\"heateorSssSharing heateorSssPinterestBackground\" onclick=\"javascript:void( (function() {var e=document.createElement('script' );e.setAttribute('type','text\/javascript' );e.setAttribute('charset','UTF-8' );e.setAttribute('src','\/\/assets.pinterest.com\/js\/pinmarklet.js?r='+Math.random()*99999999);document.body.appendChild(e)})());\"><ss style=\"display:block;border-radius:999px;\" class=\"heateorSssSharingSvg heateorSssPinterestSvg\"><\/ss><\/i><\/li><li class=\"heateorSssSharingRound\"><i style=\"width:35px;height:35px;border-radius:999px;\" alt=\"Google Gmail\" Title=\"Google Gmail\" class=\"heateorSssSharing heateorSssGoogleGmailBackground\" onclick='heateorSssPopup(\"https:\/\/mail.google.com\/mail\/?ui=2&view=cm&fs=1&tf=1&su=Pedro%20Pablo%20Contreras%20Pinillos%2C%20abogado%2C%20exmagistrado%2C%20periodista%20y%20artista%20santandereano.%20Por%20%C3%93scar%20Humberto%20G%C3%B3mez%20G%C3%B3mez&body=Link:https%3A%2F%2Foscarhumbertogomez.com%2Findex.php%3Frest_route%3D%252Fwp%252Fv2%252Fposts%252F3910\")'><ss style=\"display:block;border-radius:999px;\" class=\"heateorSssSharingSvg heateorSssGoogleGmailSvg\"><\/ss><\/i><\/li><li class=\"heateorSssSharingRound\"><i style=\"width:35px;height:35px;border-radius:999px;\" title=\"More\" alt=\"More\" class=\"heateorSssSharing heateorSssMoreBackground\" onclick=\"heateorSssMoreSharingPopup(this, 'https:\/\/oscarhumbertogomez.com\/index.php?rest_route=%2Fwp%2Fv2%2Fposts%2F3910', 'Pedro%20Pablo%20Contreras%20Pinillos%2C%20abogado%2C%20exmagistrado%2C%20periodista%20y%20artista%20santandereano.%20Por%20%C3%93scar%20Humberto%20G%C3%B3mez%20G%C3%B3mez', '' )\" ><ss style=\"display:block\" class=\"heateorSssSharingSvg heateorSssMoreSvg\"><\/ss><\/i><\/li><\/ul><div class=\"heateorSssClear\"><\/div><\/div><div class='heateorSssClear'><\/div>","protected":false},"author":2,"featured_media":0,"comment_status":"open","ping_status":"open","sticky":false,"template":"","format":"standard","meta":{"spay_email":"","footnotes":""},"categories":[1],"tags":[],"class_list":["post-3910","post","type-post","status-publish","format-standard","hentry","category-blog"],"jetpack_featured_media_url":"","jetpack_shortlink":"https:\/\/wp.me\/p1FYrr-114","_links":{"self":[{"href":"https:\/\/oscarhumbertogomez.com\/index.php?rest_route=\/wp\/v2\/posts\/3910","targetHints":{"allow":["GET"]}}],"collection":[{"href":"https:\/\/oscarhumbertogomez.com\/index.php?rest_route=\/wp\/v2\/posts"}],"about":[{"href":"https:\/\/oscarhumbertogomez.com\/index.php?rest_route=\/wp\/v2\/types\/post"}],"author":[{"embeddable":true,"href":"https:\/\/oscarhumbertogomez.com\/index.php?rest_route=\/wp\/v2\/users\/2"}],"replies":[{"embeddable":true,"href":"https:\/\/oscarhumbertogomez.com\/index.php?rest_route=%2Fwp%2Fv2%2Fcomments&post=3910"}],"version-history":[{"count":5,"href":"https:\/\/oscarhumbertogomez.com\/index.php?rest_route=\/wp\/v2\/posts\/3910\/revisions"}],"predecessor-version":[{"id":53426,"href":"https:\/\/oscarhumbertogomez.com\/index.php?rest_route=\/wp\/v2\/posts\/3910\/revisions\/53426"}],"wp:attachment":[{"href":"https:\/\/oscarhumbertogomez.com\/index.php?rest_route=%2Fwp%2Fv2%2Fmedia&parent=3910"}],"wp:term":[{"taxonomy":"category","embeddable":true,"href":"https:\/\/oscarhumbertogomez.com\/index.php?rest_route=%2Fwp%2Fv2%2Fcategories&post=3910"},{"taxonomy":"post_tag","embeddable":true,"href":"https:\/\/oscarhumbertogomez.com\/index.php?rest_route=%2Fwp%2Fv2%2Ftags&post=3910"}],"curies":[{"name":"wp","href":"https:\/\/api.w.org\/{rel}","templated":true}]}}