{"id":39151,"date":"2021-05-31T12:21:47","date_gmt":"2021-05-31T17:21:47","guid":{"rendered":"https:\/\/lapiedrafilosofal.com\/?p=39151"},"modified":"2021-05-31T12:44:00","modified_gmt":"2021-05-31T17:44:00","slug":"luis-ariel-rey-el-jilguero-del-llano-por-oscar-humberto-gomez-gomez","status":"publish","type":"post","link":"https:\/\/oscarhumbertogomez.com\/?p=39151","title":{"rendered":"Luis Ariel Rey, el Jilguero del Llano. Por \u00d3scar Humberto G\u00f3mez G\u00f3mez"},"content":{"rendered":"<p><img loading=\"lazy\" decoding=\"async\" class=\"aligncenter size-full wp-image-39156\" src=\"https:\/\/lapiedrafilosofal.com\/wp-content\/uploads\/2021\/05\/luis-ariel-rey.png\" alt=\"\" width=\"960\" height=\"839\" srcset=\"https:\/\/oscarhumbertogomez.com\/wp-content\/uploads\/2021\/05\/luis-ariel-rey.png 960w, https:\/\/oscarhumbertogomez.com\/wp-content\/uploads\/2021\/05\/luis-ariel-rey-300x262.png 300w, https:\/\/oscarhumbertogomez.com\/wp-content\/uploads\/2021\/05\/luis-ariel-rey-768x671.png 768w\" sizes=\"auto, (max-width: 960px) 100vw, 960px\" \/><\/p>\n<p>&nbsp;<\/p>\n<p>No s\u00e9 si mis amigos llaneros lo recuerden. Yo supongo que s\u00ed. Sobre todo, deber\u00edan recordarlo los oriundos de Villavicencio, pues \u00e9l era villavicense. Recordar\u00e1n, entonces, qui\u00e9n fue el pionero del folclor llanero colombiano, qui\u00e9n comenz\u00f3 cantando joropos y pasajes por las fr\u00edas calles bogotanas, qui\u00e9n los cantaba con el punteo instrumental, no del arpa (o harpa, que tambi\u00e9n con &#8220;h&#8221; se puede escribir) con que ahora se puntean, sino del requinto y la bandola, y qui\u00e9n catapult\u00f3 a la fama nacional e internacional, por ejemplo, aquello de &#8220;!Ay si s\u00ed, yo no soy de por aqu\u00ed, ay si s\u00ed, yo vengo de Casanare&#8221;, que cant\u00e1bamos en la escuela, cuando todav\u00eda a los estudiantes los pon\u00edan a cantar m\u00fasica colombiana.<\/p>\n<p>Hoy es el aniversario de la temprana muerte del maestro Luis Ariel Rey, el Jilguero del Llano.<\/p>\n<p>&nbsp;<\/p>\n<p><img loading=\"lazy\" decoding=\"async\" class=\"aligncenter size-full wp-image-39156\" src=\"https:\/\/lapiedrafilosofal.com\/wp-content\/uploads\/2021\/05\/luis-ariel-rey.png\" alt=\"\" width=\"960\" height=\"839\" srcset=\"https:\/\/oscarhumbertogomez.com\/wp-content\/uploads\/2021\/05\/luis-ariel-rey.png 960w, https:\/\/oscarhumbertogomez.com\/wp-content\/uploads\/2021\/05\/luis-ariel-rey-300x262.png 300w, https:\/\/oscarhumbertogomez.com\/wp-content\/uploads\/2021\/05\/luis-ariel-rey-768x671.png 768w\" sizes=\"auto, (max-width: 960px) 100vw, 960px\" \/><\/p>\n<p>&nbsp;<\/p>\n<p>Nacido en Villavicencio, intendencia del Meta, el 6 de junio de 1934, muri\u00f3 en la g\u00e9lida capital colombiana el 31 de mayo de 1975, cuando yo todav\u00eda no terminaba de estrenarme como estudiante de derecho y cantaba aquellas piezas folcl\u00f3ricas entre mis compa\u00f1eros de curso que a\u00fan eran mis amigos.<\/p>\n<p>Dej\u00f3 muchas canciones grabadas con su particular voz y su singular dejo llanero; canciones emblem\u00e1ticas del inmenso folclor de Colombia, como CARMENTEA, de Miguel \u00c1ngel Mart\u00edn, AY S\u00cd S\u00cd, de su propio hermano Gil Arialdo Rey, o GUAYABO NEGRO, de Ignacio Figueredo.<\/p>\n<p>&nbsp;<\/p>\n<p><img loading=\"lazy\" decoding=\"async\" class=\"aligncenter size-full wp-image-39156\" src=\"https:\/\/lapiedrafilosofal.com\/wp-content\/uploads\/2021\/05\/luis-ariel-rey.png\" alt=\"\" width=\"960\" height=\"839\" srcset=\"https:\/\/oscarhumbertogomez.com\/wp-content\/uploads\/2021\/05\/luis-ariel-rey.png 960w, https:\/\/oscarhumbertogomez.com\/wp-content\/uploads\/2021\/05\/luis-ariel-rey-300x262.png 300w, https:\/\/oscarhumbertogomez.com\/wp-content\/uploads\/2021\/05\/luis-ariel-rey-768x671.png 768w\" sizes=\"auto, (max-width: 960px) 100vw, 960px\" \/><\/p>\n<p>&nbsp;<\/p>\n<p>Solamente hasta 1960 llega el arpa a Villavicencio, llevada de la mano del maestro David Parales, y el grupo llanero que acompa\u00f1ar\u00e1 al maestro Luis Ariel Rey a partir de ah\u00ed quedar\u00e1 conformado por este instrumento, el cuatro y las maracas, tal y como se conoce hoy en d\u00eda.<\/p>\n<p>Para honrar su memoria, compartimos con nuestros amigos las canciones &#8220;PASILLANEANDO&#8221;, de Jos\u00e9 La Riva Contreras, y &#8220;PAISAJE MATINAL&#8221;, de Miguel \u00c1ngel Mart\u00edn.<\/p>\n<p>\u00a1\u00a1\u00a1 BIENVENIDOS !!!<\/p>\n<p>&nbsp;<\/p>\n<p><iframe loading=\"lazy\" title=\"YouTube video player\" src=\"https:\/\/www.youtube-nocookie.com\/embed\/JKokFX-DiQM?controls=0\" width=\"560\" height=\"315\" frameborder=\"0\" allowfullscreen=\"allowfullscreen\"><\/iframe><\/p>\n<p>&nbsp;<\/p>\n<p><iframe loading=\"lazy\" title=\"YouTube video player\" src=\"https:\/\/www.youtube-nocookie.com\/embed\/eW6r1Bpd3zY?controls=0\" width=\"560\" height=\"315\" frameborder=\"0\" allowfullscreen=\"allowfullscreen\"><\/iframe><\/p>\n<p>&nbsp;<\/p>\n","protected":false},"excerpt":{"rendered":"<p>&nbsp; No s\u00e9 si mis amigos llaneros lo recuerden. Yo supongo que s\u00ed. Sobre todo, deber\u00edan recordarlo los oriundos de Villavicencio, pues \u00e9l era villavicense. Recordar\u00e1n, entonces, qui\u00e9n fue el pionero del folclor llanero colombiano, qui\u00e9n comenz\u00f3 cantando joropos y &hellip; <a href=\"https:\/\/oscarhumbertogomez.com\/?p=39151\">Sigue leyendo <span class=\"meta-nav\">&rarr;<\/span><\/a><\/p>\n<div class='heateorSssClear'><\/div><div  class='heateor_sss_sharing_container heateor_sss_horizontal_sharing' heateor-sss-data-href='https:\/\/oscarhumbertogomez.com\/?p=39151'><div class='heateor_sss_sharing_title' style=\"font-weight:bold\" >\u00a1Gracias por compartirla!<\/div><ul class=\"heateor_sss_sharing_ul\"><li class=\"heateorSssSharingRound\"><i style=\"width:35px;height:35px;border-radius:999px;\" alt=\"Facebook\" Title=\"Facebook\" class=\"heateorSssSharing heateorSssFacebookBackground\" onclick='heateorSssPopup(\"https:\/\/www.facebook.com\/sharer\/sharer.php?u=https%3A%2F%2Foscarhumbertogomez.com%2Findex.php%3Frest_route%3D%252Fwp%252Fv2%252Fposts%252F39151\")'><ss style=\"display:block;border-radius:999px;\" class=\"heateorSssSharingSvg heateorSssFacebookSvg\"><\/ss><\/i><\/li><li class=\"heateorSssSharingRound\"><i style=\"width:35px;height:35px;border-radius:999px;\" alt=\"Twitter\" Title=\"Twitter\" class=\"heateorSssSharing heateorSssTwitterBackground\" onclick='heateorSssPopup(\"http:\/\/twitter.com\/intent\/tweet?text=Luis%20Ariel%20Rey%2C%20el%20Jilguero%20del%20Llano.%20Por%20%C3%93scar%20Humberto%20G%C3%B3mez%20G%C3%B3mez&url=https%3A%2F%2Foscarhumbertogomez.com%2Findex.php%3Frest_route%3D%252Fwp%252Fv2%252Fposts%252F39151\")'><ss style=\"display:block;border-radius:999px;\" class=\"heateorSssSharingSvg heateorSssTwitterSvg\"><\/ss><\/i><\/li><li class=\"heateorSssSharingRound\"><i style=\"width:35px;height:35px;border-radius:999px;\" alt=\"Whatsapp\" Title=\"Whatsapp\" class=\"heateorSssSharing heateorSssWhatsappBackground\" onclick='heateorSssPopup(\"https:\/\/web.whatsapp.com\/send?text=Luis%20Ariel%20Rey%2C%20el%20Jilguero%20del%20Llano.%20Por%20%C3%93scar%20Humberto%20G%C3%B3mez%20G%C3%B3mez https%3A%2F%2Foscarhumbertogomez.com%2Findex.php%3Frest_route%3D%252Fwp%252Fv2%252Fposts%252F39151\")'><ss style=\"display:block\" class=\"heateorSssSharingSvg heateorSssWhatsappSvg\"><\/ss><\/i><\/li><li class=\"heateorSssSharingRound\"><i style=\"width:35px;height:35px;border-radius:999px;\" alt=\"Pinterest\" Title=\"Pinterest\" class=\"heateorSssSharing heateorSssPinterestBackground\" onclick=\"javascript:void( (function() {var e=document.createElement('script' );e.setAttribute('type','text\/javascript' );e.setAttribute('charset','UTF-8' );e.setAttribute('src','\/\/assets.pinterest.com\/js\/pinmarklet.js?r='+Math.random()*99999999);document.body.appendChild(e)})());\"><ss style=\"display:block;border-radius:999px;\" class=\"heateorSssSharingSvg heateorSssPinterestSvg\"><\/ss><\/i><\/li><li class=\"heateorSssSharingRound\"><i style=\"width:35px;height:35px;border-radius:999px;\" alt=\"Google Gmail\" Title=\"Google Gmail\" class=\"heateorSssSharing heateorSssGoogleGmailBackground\" onclick='heateorSssPopup(\"https:\/\/mail.google.com\/mail\/?ui=2&view=cm&fs=1&tf=1&su=Luis%20Ariel%20Rey%2C%20el%20Jilguero%20del%20Llano.%20Por%20%C3%93scar%20Humberto%20G%C3%B3mez%20G%C3%B3mez&body=Link:https%3A%2F%2Foscarhumbertogomez.com%2Findex.php%3Frest_route%3D%252Fwp%252Fv2%252Fposts%252F39151\")'><ss style=\"display:block;border-radius:999px;\" class=\"heateorSssSharingSvg heateorSssGoogleGmailSvg\"><\/ss><\/i><\/li><li class=\"heateorSssSharingRound\"><i style=\"width:35px;height:35px;border-radius:999px;\" title=\"More\" alt=\"More\" class=\"heateorSssSharing heateorSssMoreBackground\" onclick=\"heateorSssMoreSharingPopup(this, 'https:\/\/oscarhumbertogomez.com\/index.php?rest_route=%2Fwp%2Fv2%2Fposts%2F39151', 'Luis%20Ariel%20Rey%2C%20el%20Jilguero%20del%20Llano.%20Por%20%C3%93scar%20Humberto%20G%C3%B3mez%20G%C3%B3mez', '' )\" ><ss style=\"display:block\" class=\"heateorSssSharingSvg heateorSssMoreSvg\"><\/ss><\/i><\/li><\/ul><div class=\"heateorSssClear\"><\/div><\/div><div class='heateorSssClear'><\/div>","protected":false},"author":2,"featured_media":0,"comment_status":"closed","ping_status":"closed","sticky":false,"template":"","format":"standard","meta":{"spay_email":"","footnotes":""},"categories":[1],"tags":[],"class_list":["post-39151","post","type-post","status-publish","format-standard","hentry","category-blog"],"jetpack_featured_media_url":"","jetpack_shortlink":"https:\/\/wp.me\/p1FYrr-abt","_links":{"self":[{"href":"https:\/\/oscarhumbertogomez.com\/index.php?rest_route=\/wp\/v2\/posts\/39151","targetHints":{"allow":["GET"]}}],"collection":[{"href":"https:\/\/oscarhumbertogomez.com\/index.php?rest_route=\/wp\/v2\/posts"}],"about":[{"href":"https:\/\/oscarhumbertogomez.com\/index.php?rest_route=\/wp\/v2\/types\/post"}],"author":[{"embeddable":true,"href":"https:\/\/oscarhumbertogomez.com\/index.php?rest_route=\/wp\/v2\/users\/2"}],"replies":[{"embeddable":true,"href":"https:\/\/oscarhumbertogomez.com\/index.php?rest_route=%2Fwp%2Fv2%2Fcomments&post=39151"}],"version-history":[{"count":5,"href":"https:\/\/oscarhumbertogomez.com\/index.php?rest_route=\/wp\/v2\/posts\/39151\/revisions"}],"predecessor-version":[{"id":39160,"href":"https:\/\/oscarhumbertogomez.com\/index.php?rest_route=\/wp\/v2\/posts\/39151\/revisions\/39160"}],"wp:attachment":[{"href":"https:\/\/oscarhumbertogomez.com\/index.php?rest_route=%2Fwp%2Fv2%2Fmedia&parent=39151"}],"wp:term":[{"taxonomy":"category","embeddable":true,"href":"https:\/\/oscarhumbertogomez.com\/index.php?rest_route=%2Fwp%2Fv2%2Fcategories&post=39151"},{"taxonomy":"post_tag","embeddable":true,"href":"https:\/\/oscarhumbertogomez.com\/index.php?rest_route=%2Fwp%2Fv2%2Ftags&post=39151"}],"curies":[{"name":"wp","href":"https:\/\/api.w.org\/{rel}","templated":true}]}}