{"id":39187,"date":"2021-06-03T21:37:05","date_gmt":"2021-06-04T02:37:05","guid":{"rendered":"https:\/\/lapiedrafilosofal.com\/?p=39187"},"modified":"2024-10-19T20:42:12","modified_gmt":"2024-10-20T01:42:12","slug":"bucaramanga-en-los-anos-70-de-como-nacio-y-muy-pronto-murio-en-el-diario-del-oriente-el-nuevo-periodismo-cronica-por-oscar-humberto-gomez-gomez","status":"publish","type":"post","link":"https:\/\/oscarhumbertogomez.com\/?p=39187","title":{"rendered":"Bucaramanga en los a\u00f1os 70 \/\/ DE C\u00d3MO NACI\u00d3 Y MUY PRONTO MURI\u00d3 EN EL DIARIO DEL ORIENTE EL &#8220;NUEVO PERIODISMO&#8221; (Cr\u00f3nica) Por \u00d3scar Humberto G\u00f3mez G\u00f3mez"},"content":{"rendered":"<div id=\"attachment_25280\" style=\"width: 910px\" class=\"wp-caption alignnone\"><a href=\"https:\/\/lapiedrafilosofal.com\/wp-content\/uploads\/2011\/07\/caja-manual.jpg\"><img loading=\"lazy\" decoding=\"async\" aria-describedby=\"caption-attachment-25280\" class=\"size-full wp-image-25280\" src=\"https:\/\/lapiedrafilosofal.com\/wp-content\/uploads\/2011\/07\/caja-manual.jpg\" alt=\"\" width=\"900\" height=\"600\" srcset=\"https:\/\/oscarhumbertogomez.com\/wp-content\/uploads\/2011\/07\/caja-manual.jpg 900w, https:\/\/oscarhumbertogomez.com\/wp-content\/uploads\/2011\/07\/caja-manual-300x200.jpg 300w, https:\/\/oscarhumbertogomez.com\/wp-content\/uploads\/2011\/07\/caja-manual-768x512.jpg 768w\" sizes=\"auto, (max-width: 900px) 100vw, 900px\" \/><\/a><p id=\"caption-attachment-25280\" class=\"wp-caption-text\">AUNQUE HOY EN D\u00cdA SE TENGA POR INCRE\u00cdBLE, LEVANTAR UN DIARIO LETRA POR LETRA SE HIZO EN BUCARAMANGA HASTA MEDIADOS DE LOS A\u00d1OS 80.  EL DIARIO &#8216;EL DEBER&#8217;, FUNDADO EN 1923 POR MANUEL SERRANO BLANCO Y JUAN CRIST\u00d3BAL MART\u00cdNEZ, NUNCA LLEG\u00d3 A TENER SIQUIERA LINOTIPO; SIEMPRE CONT\u00d3 CON CAJAS Y CAJISTAS.  EL AUTOR DE ESTA CR\u00d3NICA TRABAJ\u00d3 PARA ESTE DIARIO EN EL A\u00d1O 1972<\/p><\/div>\n<div id=\"attachment_25277\" style=\"width: 614px\" class=\"wp-caption alignnone\"><a href=\"https:\/\/lapiedrafilosofal.com\/wp-content\/uploads\/2011\/07\/LINOTIPOS.jpg\"><img loading=\"lazy\" decoding=\"async\" aria-describedby=\"caption-attachment-25277\" class=\"size-full wp-image-25277\" src=\"https:\/\/lapiedrafilosofal.com\/wp-content\/uploads\/2011\/07\/LINOTIPOS.jpg\" alt=\"\" width=\"604\" height=\"470\" srcset=\"https:\/\/oscarhumbertogomez.com\/wp-content\/uploads\/2011\/07\/LINOTIPOS.jpg 604w, https:\/\/oscarhumbertogomez.com\/wp-content\/uploads\/2011\/07\/LINOTIPOS-300x233.jpg 300w\" sizes=\"auto, (max-width: 604px) 100vw, 604px\" \/><\/a><p id=\"caption-attachment-25277\" class=\"wp-caption-text\">EN EL &#8216;DIARIO DEL ORIENTE&#8217;, EN CAMBIO, YA SE USABA EL LINOTIPO O CAJA AUTOM\u00c1TICA, A DIFERENCIA DE &#8216;EL DEBER&#8217;, EN EL CUAL SE USABA LA CAJA MANUAL.  LOS ENCARGADOS DE LOS LINOTIPOS SE LLAMABAN LINOTIPISTAS.  LOS DE LAS CAJAS MANUALES, CAJISTAS.  ESTOS LEVANTABAN EL PERI\u00d3DICO LETRA POR LETRA.  EL AUTOR DE ESTA CR\u00d3NICA TRABAJ\u00d3 EN EL &#8216;DIARIO DEL ORIENTE&#8217; EN EL A\u00d1O 1973. ALL\u00cd SUCEDIERON LOS HECHOS QUE AQU\u00cd NARRA<\/p><\/div>\n<p>&nbsp;<\/p>\n<p><span style=\"color: #000080;\"><strong><strong>DE C\u00d3MO NACI\u00d3 Y MUY PRONTO MURI\u00d3 EN EL DIARIO DEL ORIENTE EL &#8220;NUEVO PERIODISMO&#8221; <\/strong><\/strong><\/span> (Cr\u00f3nica) Por \u00d3scar Humberto G\u00f3mez G\u00f3mez<\/p>\n<p>&nbsp;<\/p>\n<p><a href=\"https:\/\/lapiedrafilosofal.com\/wp-content\/uploads\/2010\/11\/linotype.jpg\"><img loading=\"lazy\" decoding=\"async\" class=\"alignnone size-full wp-image-143\" src=\"https:\/\/lapiedrafilosofal.com\/wp-content\/uploads\/2010\/11\/linotype.jpg\" alt=\"LINOTIPO\" width=\"300\" height=\"229\"><\/a><\/p>\n<p>&nbsp;<\/p>\n<p>Precedido de la natural controversia, apenas obvia en un medio period\u00edstico como el de la Bucaramanga de los albores de los a\u00f1os 70, \u00e9poca en la cual todas las figuras m\u00e1s representativas de la prensa local se hab\u00edan forjado, \u00fanica y exclusivamente, en los azarosos terrenos de la pr\u00e1ctica diaria, Inocencio Carvajal lleg\u00f3 al <em>Diario del Oriente<\/em> como el primer periodista graduado en una universidad. Su <em>alma mater<\/em>, seg\u00fan trascendi\u00f3 de inmediato (nunca pude comprobar la veracidad de ese rumor), era la Universidad La Gran Colombia, de Bogot\u00e1.<\/p>\n<p>En los escondrijos de la memoria y con la inevitable deformaci\u00f3n de los a\u00f1os, creo que f\u00edsicamente se me parec\u00eda a uno de los linotipistas del peri\u00f3dico, uno de apellido Oviedo talvez, y esa semejanza la encuentro porque a ambos se les formaban unos particulares hoyitos en las mejillas al sonre\u00edr.<\/p>\n<p>Pero si cay\u00f3 mal en aquel gremio de periodistas emp\u00edricos el hecho de que llegara a reemplazar a una de aquellas figuras emblem\u00e1ticas del periodismo bumangu\u00e9s un individuo con flamante diploma universitario de Periodismo y Comunicaci\u00f3n Social debajo del brazo, s\u00ed que cay\u00f3 peor la sobradez que los comunicadores locales percibieron en aquel forastero. Si mal no recuerdo, Inocencio llegaba a reemplazar en el cargo de redactor judicial, es decir, de cronista de la llamada en ese entonces &#8220;p\u00e1gina roja&#8221;, a Jos\u00e9 Sanmiguel Hern\u00e1ndez, hombre de menuda estatura y r\u00e1pido andar, y uno de los m\u00e1s veteranos, capaces y apreciados oficiantes del periodismo en la ciudad.<\/p>\n<p>&nbsp;<\/p>\n<p><a href=\"https:\/\/lapiedrafilosofal.com\/wp-content\/uploads\/2010\/11\/linotype.jpg\"><img loading=\"lazy\" decoding=\"async\" class=\"alignnone size-full wp-image-143\" src=\"https:\/\/lapiedrafilosofal.com\/wp-content\/uploads\/2010\/11\/linotype.jpg\" alt=\"LINOTIPO\" width=\"300\" height=\"229\"><\/a><\/p>\n<p>&nbsp;<\/p>\n<p>El nuevo cronista judicial del <em>Diario del Oriente<\/em>, en efecto, no arrib\u00f3 al medio comarcano con la modestia de quien llega a un sitio que no es el propio y s\u00f3lo con sus acciones y su simpat\u00eda es que va calando en el ambiente ajeno hasta apropiarse de \u00e9l, como ha sucedido con personas de quienes llega a saberse m\u00e1s tarde que hasta son declarados hijos adoptivos de un lugar donde no nacieron, como aconteci\u00f3, pongamos por caso, con el pintor Segundo Agelvis, de quien nadie en Bucaramanga sab\u00eda que no era bumangu\u00e9s, porque el pueblo de esta ciudad lo consider\u00f3 siempre, y lo contin\u00faa considerando, uno de sus m\u00e1s importantes hijos. No. Parece que Inocencio, seg\u00fan echaron a rodar las lenguas viperinas del periodismo local (es decir, todas), lleg\u00f3 con \u00ednfulas de que \u00e9l s\u00ed les iba a ense\u00f1ar, a &#8220;la partida de emp\u00edricos&#8221; que reinaba en nuestra prensa escrita, c\u00f3mo era que se ten\u00eda que hacer eso que \u00e9l llamaba &#8220;el nuevo periodismo&#8221;.<\/p>\n<p>&nbsp;<\/p>\n<p><a href=\"https:\/\/lapiedrafilosofal.com\/wp-content\/uploads\/2010\/11\/linotype.jpg\"><img loading=\"lazy\" decoding=\"async\" class=\"alignnone size-full wp-image-143\" src=\"https:\/\/lapiedrafilosofal.com\/wp-content\/uploads\/2010\/11\/linotype.jpg\" alt=\"LINOTIPO\" width=\"300\" height=\"229\"><\/a><\/p>\n<p>&nbsp;<\/p>\n<p>Por desdicha para el reci\u00e9n llegado, su estilo no s\u00f3lo no le gust\u00f3 al gremio de los comunicadores, sino -m\u00e1s grave para \u00e9l- tampoco al p\u00fablico en general, vale decir, a los lectores de nuestra prensa, pero principalmente a los del <em>Diario del Oriente<\/em>.<\/p>\n<p>Y es que en una ciudad acostumbrada a la pluma galana de cronistas de vieja data y de nuevo cu\u00f1o que narraban las noticias tratando de poner en el relato toda la exquisitez idiom\u00e1tica que les era posible, y que en esta tierra ya lo hac\u00edan desde mucho antes de que el periodista de <em>El Espectador <\/em>Gabriel Garc\u00eda M\u00e1rquez terminase demostrando que del periodismo a la literatura no hab\u00eda m\u00e1s que un paso, y mucho antes de que \u00e9l mismo llegara a afirmar que el periodismo era ni m\u00e1s ni menos que un g\u00e9nero literario, dif\u00edcilmente pod\u00eda agradar el nuevo estilo que trat\u00f3 de imponer Inocencio para referir las nuevas que ten\u00edan que ver con los hechos de sangre.<\/p>\n<p>&nbsp;<\/p>\n<p><a href=\"https:\/\/lapiedrafilosofal.com\/wp-content\/uploads\/2010\/11\/linotype.jpg\"><img loading=\"lazy\" decoding=\"async\" class=\"alignnone size-full wp-image-143\" src=\"https:\/\/lapiedrafilosofal.com\/wp-content\/uploads\/2010\/11\/linotype.jpg\" alt=\"LINOTIPO\" width=\"300\" height=\"229\"><\/a><\/p>\n<p>&nbsp;<\/p>\n<p>La primera noticia que narr\u00f3 el profesional universitario se refer\u00eda al percance que un transe\u00fante hab\u00eda sufrido en la carrera 15 entre calles 34 y 35, frente al conocido almac\u00e9n <em>Normandie<\/em>.<\/p>\n<p>Corr\u00eda el mes de diciembre y la Empresa Hidroel\u00e9ctrica del R\u00edo Lebrija hab\u00eda instalado unas grandes y hermosas l\u00e1mparas multicolores en el sector c\u00e9ntrico de la ciudad con el fin de iluminar las noches m\u00e1gicas de la \u00e9poca de Navidad. Sucedi\u00f3 que un peat\u00f3n iba transitando por esa v\u00eda, pero justamente cuando trat\u00f3 de cruzar la calzada entre el separador y el and\u00e9n occidental, la luminaria, que no hab\u00eda quedado bien asegurada, se desprendi\u00f3 y cay\u00f3 sobre \u00e9l. El impacto le produjo, lamentablemente, lesiones considerables que lo manten\u00edan recluido en un centro asistencial. &#8220;El nuevo periodismo&#8221; del reci\u00e9n llegado informador judicial narr\u00f3 el hecho diciendo que &#8220;<em><strong>cuando el caballero iba pasando la calle, la l\u00e1mpara instalada en el lugar se vino abajo y&#8230;po\u00f1o\u00f1o\u00f1\u00f3in&#8230;\u00a1ciudadano al piso!&#8221;.<\/strong><\/em><\/p>\n<p>Que hubo molestia entre los lectores, pero sobre todo entre la familia del afectado, es f\u00e1cilmente adivinable. Empero, realmente a ra\u00edz de esa publicaci\u00f3n no observamos cambio alguno en el color del rostro de nuestro director, ni apreciamos sudor copioso alguno en su frente, ni vimos movimientos extra\u00f1os en la recepci\u00f3n del peri\u00f3dico.<\/p>\n<p>&nbsp;<\/p>\n<p><a href=\"https:\/\/lapiedrafilosofal.com\/wp-content\/uploads\/2010\/11\/linotype.jpg\"><img loading=\"lazy\" decoding=\"async\" class=\"alignnone size-full wp-image-143\" src=\"https:\/\/lapiedrafilosofal.com\/wp-content\/uploads\/2010\/11\/linotype.jpg\" alt=\"LINOTIPO\" width=\"300\" height=\"229\"><\/a><\/p>\n<p>&nbsp;<\/p>\n<p>La segunda noticia relatada por el profesional universitario de la comunicaci\u00f3n tuvo que ver con un accidente de tr\u00e1nsito, este s\u00ed fatal, sucedido en la v\u00eda entre Gir\u00f3n y Lebrija cuando una distinguida odont\u00f3loga, quien viajaba conduciendo su campero, en una curva perdi\u00f3 el control del veh\u00edculo, se estrell\u00f3 contra las rocas, la puerta del automotor se abri\u00f3, la conductora se sali\u00f3 y su cuerpo sin vida qued\u00f3 tendido sobre el asfalto. Carvajal narr\u00f3 el grave episodio as\u00ed: &#8220;<strong><em>Al abrirse la puerta del campero, la profesional sali\u00f3 disparada como escupida de t\u00edsico y fue a estrellarse contra el pavimento. Cuando las autoridades llegaron a auxiliarla, ya se encontraba completamente fr\u00eda<\/em><\/strong>&#8220;.<\/p>\n<p>Esta vez, a juzgar por la palidez de su cara, su pa\u00f1uelo blanco limpiando las sudor\u00edficas perlas de su frente y la agitaci\u00f3n observada en la recepci\u00f3n esa ma\u00f1ana, el doctor Jaimes Espinosa se vio, con toda certeza, enfrentado a un problema m\u00e1s grande que el que le hab\u00eda generado el caso del se\u00f1or golpeado en la cabeza por la l\u00e1mpara.<\/p>\n<p>&nbsp;<\/p>\n<p><a href=\"https:\/\/lapiedrafilosofal.com\/wp-content\/uploads\/2010\/11\/linotype.jpg\"><img loading=\"lazy\" decoding=\"async\" class=\"alignnone size-full wp-image-143\" src=\"https:\/\/lapiedrafilosofal.com\/wp-content\/uploads\/2010\/11\/linotype.jpg\" alt=\"LINOTIPO\" width=\"300\" height=\"229\"><\/a><\/p>\n<p>&nbsp;<\/p>\n<p>El tercer hecho tuvo lugar en un pueblo santandereano donde dos campesinos se hab\u00edan trenzado en una fenomenal reyerta y ambos se hab\u00edan matado mutuamente a machetazos. Fue un sangriento acontecer de violencia que conmovi\u00f3 las fibras de la entra\u00f1a popular porque los contendientes eran personas apreciadas en el entorno social donde la tragedia ocurri\u00f3 y todo se hab\u00eda debido -seg\u00fan se dijo- al efecto de los tragos. &#8220;El nuevo periodismo&#8221; que ahora se hac\u00eda en el <em>Diario del Oriente<\/em> titul\u00f3 la noticia as\u00ed: &#8220;<strong><em>Dos muertos en falaz ri\u00f1a<\/em><\/strong>&#8220;.<\/p>\n<p>Aqu\u00ed s\u00ed fue Troya. Entre la terrible andanada de cr\u00edticas que se le vino encima a Inocencio recuerdo la columna de Clemente Toscano Jaimes, a la saz\u00f3n jefe de redacci\u00f3n de <em>El Liberal de Santander<\/em>, peri\u00f3dico de reciente fundaci\u00f3n y cuya impecable presentaci\u00f3n, por cierto, hac\u00eda presagiar que desplazar\u00eda a <em>Vanguardia Liberal<\/em> en la preeminencia period\u00edstica local, o al menos le iba a hacer una fuerte competencia. El matutino era dirigido por el m\u00e9dico y pol\u00edtico Norberto Morales Ballesteros. Toscano Jaimes, uno de los m\u00e1s reconocidos periodistas de la comarca en aquellos momentos, aparte de ejercer la jefatura de redacci\u00f3n manten\u00eda su propia columna de opini\u00f3n y fue en \u00e9sta donde descarg\u00f3 toda su artiller\u00eda contra aquel &#8220;periodista&#8221; (la palabra la puso \u00e9l entre comillas) del cual hac\u00eda \u00e9nfasis, con una calculada per\u00edfrasis, que <strong>no<\/strong> era, &#8220;por supuesto&#8221;, el redactor judicial de <em>El Deber<\/em>, ni era, &#8220;desde luego&#8221;, el redactor judicial de <em>Vanguardia Liberal<\/em>, ni era, &#8220;claro est\u00e1&#8221;, el redactor judicial de <em>El Frente, <\/em> ni, era, &#8220;obviamente&#8221;, el redactor judicial del <em>Diario de Bucaramanga<\/em>, ni era, &#8220;sobra decirlo&#8221;, el redactor judicial de <em>El Liberal de Santander<\/em>, dejando, pues, que el lector, por elemental y obvia exclusi\u00f3n, dedujera qui\u00e9n hab\u00eda sido el autor de semejante exabrupto.<\/p>\n<p>El \u00e1cido columnista remataba con esta reflexi\u00f3n: &#8220;Si ese fue el saldo -dos muertos- de una ri\u00f1a <em>de mentiras<\/em>, \u00bfqu\u00e9 tal que hubiese sido una ri\u00f1a <em>de verdad<\/em>?&#8221;.<\/p>\n<p>&nbsp;<\/p>\n<p><a href=\"https:\/\/lapiedrafilosofal.com\/wp-content\/uploads\/2010\/11\/linotype.jpg\"><img loading=\"lazy\" decoding=\"async\" class=\"alignnone size-full wp-image-143\" src=\"https:\/\/lapiedrafilosofal.com\/wp-content\/uploads\/2010\/11\/linotype.jpg\" alt=\"LINOTIPO\" width=\"300\" height=\"229\"><\/a><\/p>\n<p>&nbsp;<\/p>\n<p>Nuestro director, sin embargo, opt\u00f3 por darle a Carvajal una \u00faltima oportunidad. Pero, entonces, esta vez fueron &#8220;las diablitas&#8221; las encargadas de sellar su suerte. &#8220;Diablitas&#8221; que, claro, como ya lo he anotado en otros apartes de estas deshilvanadas memorias, cada vez me convenzo m\u00e1s de que no son tan &#8220;inocentes&#8221; como suele decirse, sino que en no pocas ocasiones son guiadas por la mano de alg\u00fan &#8220;diablo&#8221; que, con perversa intenci\u00f3n, altera el texto.<\/p>\n<p>El suceso fue el siguiente: Hab\u00eda por aquellas calendas una pareja de antisociales de extrema peligrosidad en la mira de la polic\u00eda. Uno era conocido con el alias de &#8220;Mechabrava&#8221;. El otro, con el de &#8220;El Cale\u00f1o&#8221;. Ocurri\u00f3 que este par de malandrines cometi\u00f3 un asalto a mano armada -en lo cual eran unos verdaderos expertos-, pero esta vez las autoridades lograron arribar al lugar de los hechos de manera oportuna y se produjo su espectacular captura. Como corrector de pruebas di fe ante el director, y la doy ahora -tantos a\u00f1os despu\u00e9s- ante mis amigos y mis amigas, de que la cr\u00f3nica del acontecimiento, en la pluma de Inocencio, dec\u00eda textualmente que &#8220;<em>La polic\u00eda captur\u00f3 a los hampones autores del robo, entre los cuales se encontraban &#8220;Mechabrava&#8221; y &#8220;El Cale\u00f1o&#8221;, <\/em><strong><em>quienes pasaron a disposici\u00f3n del se\u00f1or Juez Quinto de Instrucci\u00f3n Criminal de esta ciudad<\/em><\/strong>&#8220;. Infortunadamente, la noticia sali\u00f3 publicada as\u00ed: &#8220;<em>La polic\u00eda captur\u00f3 a los hampones autores del robo, entre los cuales se encontraban &#8220;Mechabrava&#8221;<\/em> <strong><em>y el se\u00f1or Juez Quinto de Instrucci\u00f3n Criminal de esta ciudad<\/em><\/strong>&#8220;.<\/p>\n<p>Todos quedamos convencidos de que el chirrido de llantas que escuchamos esa ma\u00f1ana frente a las instalaciones del peri\u00f3dico, la acalorada discusi\u00f3n en la recepci\u00f3n entre unos se\u00f1ores evidentemente indignados y la confundida recepcionista, el rostro p\u00e1lido y desencajado del director cuando nos llam\u00f3 a su oficina para que le di\u00e9ramos una explicaci\u00f3n satisfactoria acerca de lo ocurrido con esa noticia y el no haber vuelto a ver nunca m\u00e1s a Inocencio Carvajal en las instalaciones del <em>Diario del Oriente <\/em>despu\u00e9s de ese d\u00eda, fueron hechos estrechamente relacionados con aquel &#8220;empastelamiento&#8221;, que es como se denomina dentro de la actividad period\u00edstica esa clase de mezclas y confusiones en los textos.<\/p>\n<p>&nbsp;<\/p>\n<p><a href=\"https:\/\/lapiedrafilosofal.com\/wp-content\/uploads\/2010\/11\/linotype.jpg\"><img loading=\"lazy\" decoding=\"async\" class=\"alignnone size-full wp-image-143\" src=\"https:\/\/lapiedrafilosofal.com\/wp-content\/uploads\/2010\/11\/linotype.jpg\" alt=\"LINOTIPO\" width=\"300\" height=\"229\"><\/a><\/p>\n<p>&nbsp;<\/p>\n<p>A m\u00ed, en lo personal, me qued\u00f3, sin embargo, la sensaci\u00f3n de que se hab\u00eda cometido una injusticia con Inocencio.<\/p>\n<p>Y lo digo, porque yo revis\u00e9 cuidadosamente las tiras originales y puedo testificar -repito- que el periodista escribi\u00f3 la nota correctamente. Como le expliqu\u00e9 al director aquel lejano y turbulento d\u00eda, en esa especie de agitado juicio al que nos someti\u00f3 dentro de su oficina, yo no le hice ninguna correcci\u00f3n al texto sencillamente porque no hab\u00eda nada que corregirle.<\/p>\n<p>El inolvidable Rafael Boh\u00f3rquez (tan inolvidable como su tambi\u00e9n recordado padre), quien para ese momento a\u00fan estaba encargado de hacer los cambios en las galeras -reemplazando los lingotes donde estuvieran ubicados los errores por los lingotes que de nuevo volvieran a levantar los linotipistas- (m\u00e1s tarde fue designado prensista), me jur\u00f3 que \u00e9l no hab\u00eda tocado nada, absolutamente nada.<\/p>\n<p>\u2014Se supone \u2014me dijo\u2014 que yo cambio los lingotes donde hay error, por los nuevos lingotes que levantan los linotipistas, ya sin el error.<\/p>\n<p>\u2014S\u00ed, claro\u2014, le dije.<\/p>\n<p>Pero se supone tambi\u00e9n \u2014agreg\u00f3\u2014 que los linotipistas levantan y funden nuevos lingotes solamente donde usted, \u00d3scar Humberto, ha marcado que deben hacerse correcciones.<\/p>\n<p>\u2014S\u00ed,claro\u2014, volv\u00ed a decirle.<\/p>\n<p>\u2014Luego si usted \u2014redonde\u00f3 su explicaci\u00f3n\u2014 no marc\u00f3 nada, hermano, o sea, si no hab\u00eda que hacer correcciones, \u00bfc\u00f3mo iba yo a cambiar unos lingotes por otros?<\/p>\n<p>\u2014S\u00ed, claro\u2014, le dije otra vez.<\/p>\n<p>\u2014M\u00e1s a\u00fan: \u2014a\u00f1adi\u00f3 a manera de remate\u2014 si usted, \u00d3scar Humberto, no marc\u00f3 nada, \u00bfc\u00f3mo iban los linotipistas a levantar y a fundir un nuevo texto?<\/p>\n<p>\u2014S\u00ed, claro\u2014, le dije finalmente.<\/p>\n<p>La argumentaci\u00f3n de Rafael era incontestable. Mejor defensa, ni Gait\u00e1n.<\/p>\n<p>Lo cierto, sin embargo, es que <strong>alguien<\/strong> les meti\u00f3 ese d\u00eda la mano a las galeras.<\/p>\n<p>Y, por supuesto, yo s\u00e9 que no fueron &#8220;las diablitas&#8221;.<\/p>\n<p>&nbsp;<\/p>\n","protected":false},"excerpt":{"rendered":"<p>&nbsp; DE C\u00d3MO NACI\u00d3 Y MUY PRONTO MURI\u00d3 EN EL DIARIO DEL ORIENTE EL &#8220;NUEVO PERIODISMO&#8221; (Cr\u00f3nica) Por \u00d3scar Humberto G\u00f3mez G\u00f3mez &nbsp; &nbsp; Precedido de la natural controversia, apenas obvia en un medio period\u00edstico como el de la Bucaramanga &hellip; <a href=\"https:\/\/oscarhumbertogomez.com\/?p=39187\">Sigue leyendo <span class=\"meta-nav\">&rarr;<\/span><\/a><\/p>\n<div class='heateorSssClear'><\/div><div  class='heateor_sss_sharing_container heateor_sss_horizontal_sharing' heateor-sss-data-href='https:\/\/oscarhumbertogomez.com\/?p=39187'><div class='heateor_sss_sharing_title' style=\"font-weight:bold\" >\u00a1Gracias por compartirla!<\/div><ul class=\"heateor_sss_sharing_ul\"><li class=\"heateorSssSharingRound\"><i style=\"width:35px;height:35px;border-radius:999px;\" alt=\"Facebook\" Title=\"Facebook\" class=\"heateorSssSharing heateorSssFacebookBackground\" onclick='heateorSssPopup(\"https:\/\/www.facebook.com\/sharer\/sharer.php?u=https%3A%2F%2Foscarhumbertogomez.com%2Findex.php%3Frest_route%3D%252Fwp%252Fv2%252Fposts%252F39187\")'><ss style=\"display:block;border-radius:999px;\" class=\"heateorSssSharingSvg heateorSssFacebookSvg\"><\/ss><\/i><\/li><li class=\"heateorSssSharingRound\"><i style=\"width:35px;height:35px;border-radius:999px;\" alt=\"Twitter\" Title=\"Twitter\" class=\"heateorSssSharing heateorSssTwitterBackground\" onclick='heateorSssPopup(\"http:\/\/twitter.com\/intent\/tweet?text=Bucaramanga%20en%20los%20a%C3%B1os%2070%20%2F%2F%20DE%20C%C3%93MO%20NACI%C3%93%20Y%20MUY%20PRONTO%20MURI%C3%93%20EN%20EL%20DIARIO%20DEL%20ORIENTE%20EL%20%22NUEVO%20PERIODISMO%22%20%28Cr%C3%B3nica%29%20Por%20%C3%93scar%20Humberto%20G%C3%B3mez%20G%C3%B3mez&url=https%3A%2F%2Foscarhumbertogomez.com%2Findex.php%3Frest_route%3D%252Fwp%252Fv2%252Fposts%252F39187\")'><ss style=\"display:block;border-radius:999px;\" class=\"heateorSssSharingSvg heateorSssTwitterSvg\"><\/ss><\/i><\/li><li class=\"heateorSssSharingRound\"><i style=\"width:35px;height:35px;border-radius:999px;\" alt=\"Whatsapp\" Title=\"Whatsapp\" class=\"heateorSssSharing heateorSssWhatsappBackground\" onclick='heateorSssPopup(\"https:\/\/web.whatsapp.com\/send?text=Bucaramanga%20en%20los%20a%C3%B1os%2070%20%2F%2F%20DE%20C%C3%93MO%20NACI%C3%93%20Y%20MUY%20PRONTO%20MURI%C3%93%20EN%20EL%20DIARIO%20DEL%20ORIENTE%20EL%20%22NUEVO%20PERIODISMO%22%20%28Cr%C3%B3nica%29%20Por%20%C3%93scar%20Humberto%20G%C3%B3mez%20G%C3%B3mez https%3A%2F%2Foscarhumbertogomez.com%2Findex.php%3Frest_route%3D%252Fwp%252Fv2%252Fposts%252F39187\")'><ss style=\"display:block\" class=\"heateorSssSharingSvg heateorSssWhatsappSvg\"><\/ss><\/i><\/li><li class=\"heateorSssSharingRound\"><i style=\"width:35px;height:35px;border-radius:999px;\" alt=\"Pinterest\" Title=\"Pinterest\" class=\"heateorSssSharing heateorSssPinterestBackground\" onclick=\"javascript:void( (function() {var e=document.createElement('script' );e.setAttribute('type','text\/javascript' );e.setAttribute('charset','UTF-8' );e.setAttribute('src','\/\/assets.pinterest.com\/js\/pinmarklet.js?r='+Math.random()*99999999);document.body.appendChild(e)})());\"><ss style=\"display:block;border-radius:999px;\" class=\"heateorSssSharingSvg heateorSssPinterestSvg\"><\/ss><\/i><\/li><li class=\"heateorSssSharingRound\"><i style=\"width:35px;height:35px;border-radius:999px;\" alt=\"Google Gmail\" Title=\"Google Gmail\" class=\"heateorSssSharing heateorSssGoogleGmailBackground\" onclick='heateorSssPopup(\"https:\/\/mail.google.com\/mail\/?ui=2&view=cm&fs=1&tf=1&su=Bucaramanga%20en%20los%20a%C3%B1os%2070%20%2F%2F%20DE%20C%C3%93MO%20NACI%C3%93%20Y%20MUY%20PRONTO%20MURI%C3%93%20EN%20EL%20DIARIO%20DEL%20ORIENTE%20EL%20%22NUEVO%20PERIODISMO%22%20%28Cr%C3%B3nica%29%20Por%20%C3%93scar%20Humberto%20G%C3%B3mez%20G%C3%B3mez&body=Link:https%3A%2F%2Foscarhumbertogomez.com%2Findex.php%3Frest_route%3D%252Fwp%252Fv2%252Fposts%252F39187\")'><ss style=\"display:block;border-radius:999px;\" class=\"heateorSssSharingSvg heateorSssGoogleGmailSvg\"><\/ss><\/i><\/li><li class=\"heateorSssSharingRound\"><i style=\"width:35px;height:35px;border-radius:999px;\" title=\"More\" alt=\"More\" class=\"heateorSssSharing heateorSssMoreBackground\" onclick=\"heateorSssMoreSharingPopup(this, 'https:\/\/oscarhumbertogomez.com\/index.php?rest_route=%2Fwp%2Fv2%2Fposts%2F39187', 'Bucaramanga%20en%20los%20a%C3%B1os%2070%20%2F%2F%20DE%20C%C3%93MO%20NACI%C3%93%20Y%20MUY%20PRONTO%20MURI%C3%93%20EN%20EL%20DIARIO%20DEL%20ORIENTE%20EL%20%22NUEVO%20PERIODISMO%22%20%28Cr%C3%B3nica%29%20Por%20%C3%93scar%20Humberto%20G%C3%B3mez%20G%C3%B3mez', '' )\" ><ss style=\"display:block\" class=\"heateorSssSharingSvg heateorSssMoreSvg\"><\/ss><\/i><\/li><\/ul><div class=\"heateorSssClear\"><\/div><\/div><div class='heateorSssClear'><\/div>","protected":false},"author":2,"featured_media":0,"comment_status":"closed","ping_status":"closed","sticky":false,"template":"","format":"standard","meta":{"spay_email":"","footnotes":""},"categories":[11],"tags":[],"class_list":["post-39187","post","type-post","status-publish","format-standard","hentry","category-periodismo"],"jetpack_featured_media_url":"","jetpack_shortlink":"https:\/\/wp.me\/p1FYrr-ac3","_links":{"self":[{"href":"https:\/\/oscarhumbertogomez.com\/index.php?rest_route=\/wp\/v2\/posts\/39187","targetHints":{"allow":["GET"]}}],"collection":[{"href":"https:\/\/oscarhumbertogomez.com\/index.php?rest_route=\/wp\/v2\/posts"}],"about":[{"href":"https:\/\/oscarhumbertogomez.com\/index.php?rest_route=\/wp\/v2\/types\/post"}],"author":[{"embeddable":true,"href":"https:\/\/oscarhumbertogomez.com\/index.php?rest_route=\/wp\/v2\/users\/2"}],"replies":[{"embeddable":true,"href":"https:\/\/oscarhumbertogomez.com\/index.php?rest_route=%2Fwp%2Fv2%2Fcomments&post=39187"}],"version-history":[{"count":4,"href":"https:\/\/oscarhumbertogomez.com\/index.php?rest_route=\/wp\/v2\/posts\/39187\/revisions"}],"predecessor-version":[{"id":48759,"href":"https:\/\/oscarhumbertogomez.com\/index.php?rest_route=\/wp\/v2\/posts\/39187\/revisions\/48759"}],"wp:attachment":[{"href":"https:\/\/oscarhumbertogomez.com\/index.php?rest_route=%2Fwp%2Fv2%2Fmedia&parent=39187"}],"wp:term":[{"taxonomy":"category","embeddable":true,"href":"https:\/\/oscarhumbertogomez.com\/index.php?rest_route=%2Fwp%2Fv2%2Fcategories&post=39187"},{"taxonomy":"post_tag","embeddable":true,"href":"https:\/\/oscarhumbertogomez.com\/index.php?rest_route=%2Fwp%2Fv2%2Ftags&post=39187"}],"curies":[{"name":"wp","href":"https:\/\/api.w.org\/{rel}","templated":true}]}}