{"id":392,"date":"2011-07-01T21:26:07","date_gmt":"2011-07-02T02:26:07","guid":{"rendered":"http:\/\/www.oscarhumbertogomez.com\/?p=392"},"modified":"2019-11-11T17:58:16","modified_gmt":"2019-11-11T22:58:16","slug":"nace-nueva-revista-ecologica-en-colombia","status":"publish","type":"post","link":"https:\/\/oscarhumbertogomez.com\/?p=392","title":{"rendered":"Nace revista ecol\u00f3gica en Colombia"},"content":{"rendered":"<p style=\"text-align: center;\"><a href=\"https:\/\/lapiedrafilosofal.com\/wp-content\/uploads\/2011\/07\/HSEQ1.jpg\"><br \/>\n<img loading=\"lazy\" decoding=\"async\" class=\"aligncenter size-large wp-image-393\" title=\"PORTADA REVISTA HSEQ WORLD\" src=\"https:\/\/lapiedrafilosofal.com\/wp-content\/uploads\/2011\/07\/HSEQ1-810x1024.jpg\" alt=\"PORTADA REVISTA HSEQ WORLD\" width=\"448\" height=\"566\" srcset=\"https:\/\/oscarhumbertogomez.com\/wp-content\/uploads\/2011\/07\/HSEQ1-810x1024.jpg 810w, https:\/\/oscarhumbertogomez.com\/wp-content\/uploads\/2011\/07\/HSEQ1-237x300.jpg 237w, https:\/\/oscarhumbertogomez.com\/wp-content\/uploads\/2011\/07\/HSEQ1.jpg 915w\" sizes=\"auto, (max-width: 448px) 100vw, 448px\" \/><\/a><\/p>\n<p><strong>&nbsp;<\/strong><\/p>\n<p>Con el objetivo de crear conciencia ecol\u00f3gica dentro del sector empresarial colombiano y extranjero, y de fortalecer el esp\u00edritu ambientalista existente, acaba de ser lanzada en Bogot\u00e1, y ya se encuentra circulando desde hoy dentro del sector empresarial, la nueva revista ecol\u00f3gica colombiana <strong><span style=\"color: #008000;\">HSEQ World Ecoempresarial<\/span><\/strong>.<\/p>\n<p>Seg\u00fan la nota de saludo de su consejo editorial, la revista fue &#8220;pensada y dise\u00f1ada para empresas nacionales e internacionales que trabajan en pro del desarrollo sostenible del pa\u00eds&#8221;. De acuerdo con lo expresado por el mismo comit\u00e9, &#8220;<span style=\"color: #008000;\"><strong>HSEQ World Ecoempresarial<\/strong><\/span> desea acercar al p\u00fablico en general a la reflexi\u00f3n sobre los problemas ambientales e involucrar a las empresas a mostrar sus proyectos sostenibles en sus campos particulares y que vayan de la mano con el desarrollo del pa\u00eds&#8221;. &#8220;En ella -advierte el comit\u00e9- el lector podr\u00e1 encontrar los avances de las empresas en salud, seguridad industrial, medio ambiente y calidad con tecnolog\u00eda de punta e innovaciones en estos campos&#8221;.<\/p>\n<p>El primer editorial de la revista se titula &#8220;<strong>Responsabilidad socioambiental, eje para el desarrollo sostenible<\/strong>&#8221; y en su texto se adentra en la industria de los hidrocarburos. &#8220;La industria del petr\u00f3leo y el gas -empieza diciendo- es una actividad de alto impacto socio-ambiental. Por tal motivo, las compa\u00f1\u00edas (&#8230;) deben contar con pol\u00edticas de responsabilidad socio-ambiental como su eje para el desarrollo sostenible de los diferentes proyectos empresariales&#8221;.<\/p>\n<p>En su secci\u00f3n &#8220;<strong>Planeta O2<\/strong>&#8220;, la revista dedica amplio espacio al art\u00edculo &#8220;<strong>El mercado voluntario de carbono como una alternativa econ\u00f3mica en Colombia<\/strong>&#8220;, escrito por el ec\u00f3logo y magister en tecnolog\u00edas ambientales Arturo Restrepo-Aristiz\u00e1bal. All\u00ed se explica, adem\u00e1s, &#8220;\u00bf<strong>Qu\u00e9 es la calculadora de la huella de carbono<\/strong>?&#8221;<\/p>\n<p>En su secci\u00f3n &#8220;<strong>Innovaci\u00f3n<\/strong>&#8220;, aparece el art\u00edculo &#8220;<strong>Mens et Manus <\/strong>(Mente y manos). <strong>La sabidur\u00eda pr\u00e1ctica de MIT<\/strong>&#8220;, que parte con un ep\u00edgrafe de Juan Fernando Ribero, Presidente del Club Harvard-MIT Colombia, y cuestiona, entre otros aspectos, el de que si &#8220;Por ejemplo, la energ\u00eda solar se ha usado tradicionalmente para calentar, \u00bfpor qu\u00e9 no usarla para refrigerar?&#8221; [No sobra aclarar que MIT son las iniciales del Massachusetts Institute of Technology, instituci\u00f3n docente estadounidense fundada en Boston en 1861 y domiciliada desde 1916 en Cambridge].<\/p>\n<p>Viene despu\u00e9s el importante art\u00edculo sobre <strong>Seguridad Industrial<\/strong> titulado &#8220;<strong>Prevenci\u00f3n primaria laboral: \u00bfvale la pena<\/strong>?&#8221;, escrito por el m\u00e9dico geront\u00f3logo, salubrista ocupacional y experto en higiene y seguridad industrial Dr. Jairo Andr\u00e9s Echeverri Uribe, el cual parte de premisas preocupantes como la de que &#8220;La Organizaci\u00f3n Mundial del Trabajo (OIT) calcula en 270 millones los accidentes laborales en el mundo cada a\u00f1o, y cada d\u00eda mueren 6.000 personas por accidentes y enfermedades provocados en el \u00e1mbito laboral&#8221;, y todo ello por falta de sensibilizaci\u00f3n acerca de la importancia que tiene la prevenci\u00f3n primaria.<\/p>\n<p>En la secci\u00f3n &#8220;<strong>Proyecto social<\/strong>&#8221; se destaca esta vez el de &#8220;<strong>Corpropaz, modelo de desarrollo pos-conflicto<\/strong>&#8220;, en cuyo contenido se pone de relieve el &#8220;cultivo del sorgo dulce con miras a producir etanol, forraje para alimentaci\u00f3n vacuna y cogeneraci\u00f3n de energ\u00eda&#8221;.<\/p>\n<p>En seguida, el ejecutivo C\u00e9sar Augusto Torres Mac\u00edas, presidente de Transoriente S.A. E.S.P., escribe el art\u00edculo &#8220;<strong>Transoriente, trabajando por cuidar el medio ambiente<\/strong>&#8220;, que culmina con la siguiente reflexi\u00f3n: &#8220;Hoy d\u00eda resulta imperioso que la sociedad y las empresas asuman el rol y la responsabilidad de preservar los recursos naturales como la \u00fanica manera de lograr el desarrollo sostenible, que persigue que nuestros hijos puedan disfrutar de un ambiente sano, como legado nuestro&#8221;.<\/p>\n<p>El ingeniero de petr\u00f3leos de la Universidad Industrial de Santander y gerente de la empresa <em>Clean Energy Resources <\/em>(CEREX S.A.) William Blackburn es presentado como el <strong><em>Empresario del mes<\/em><\/strong>, distinci\u00f3n con la cual se da inicio a esta secci\u00f3n especial dentro de la revista.<\/p>\n<p>De nuevo el Dr. Jairo Andr\u00e9s Echeverri Uribe, M.D. aporta valiosas ense\u00f1anzas, esta vez con su art\u00edculo <strong><em>Seguridad industrial en el sector de los hidrocarburos<\/em><\/strong>.<\/p>\n<p>A continuaci\u00f3n, <span style=\"color: #008000;\"><strong>HSEQ World Ecoempresarial<\/strong><\/span> presenta en su secci\u00f3n <strong><em>Pa\u00eds invitado<\/em><\/strong> a la Rep\u00fablica del Paraguay, representada por el se\u00f1or Embajador del Paraguay en Colombia Dr. Walter Biederman, profesional egresado de la Universidad de Harvard y quien lidera en su pa\u00eds la lucha por el medio ambiente a trav\u00e9s del programa <strong><em>Paraguay a todo pulm\u00f3n<\/em><\/strong>.<\/p>\n<p>Prosigue la revista con el art\u00edculo <em><strong>Ciudades inteligentes, las ciudades del futuro, hoy<\/strong>. <\/em>Llaman la atenci\u00f3n varios detalles, pero dos de especial atracci\u00f3n resultan ser, por un lado, el de que &#8220;En lugar de trabajar en la oficina, los empleados lo podr\u00e1n hacer en sus casas o centros de trabajo conectados&#8221;, y por otro, el de que &#8220;El espacio p\u00fablico no ser\u00e1 solamente f\u00edsico, sino tambi\u00e9n cibern\u00e9tico&#8221;.<\/p>\n<p>La periodista Giovanna Rom\u00e1n Robayo ofrece un informe especial acerca del tema &#8220;<strong>Crecer econ\u00f3micamente, protegiendo el medio ambiente. El 85% de las empresas canadienses lo creen posible<\/strong>&#8220;, dentro del cual se incluye una interesante entrevista a Brad Trost, miembro del parlamento canadiense y participante en el seminario &#8220;Canad\u00e1 abre sus puertas ecol\u00f3gicas a Colombia&#8221;.<\/p>\n<p>\u00d3scar Humberto G\u00f3mez G\u00f3mez contin\u00faa con la rese\u00f1a hist\u00f3rica <strong><em>Barrancabermeja, una historia petrolera<\/em><\/strong>, presentada en el <strong>Sumario<\/strong> de la revista as\u00ed: &#8220;De c\u00f3mo un remoto e ignoto paraje descubierto por los espa\u00f1oles se convirti\u00f3 en la capital del petr\u00f3leo&#8221;.<\/p>\n<p>Siguen las <strong>Econoticias<\/strong>: &#8220;Colombia no tendr\u00eda nieve en 30 a\u00f1os por irresponsabilidad ambiental&#8221;, &#8220;Bruselas quiere impulsar reglas para la producci\u00f3n de vinos ecol\u00f3gicos&#8221; y &#8220;Desarrollan una nube a control remoto para el mundial de Qatar 2022&#8221;.<\/p>\n<p>Hay luego una muy expresiva <strong>caricatura<\/strong> titulada &#8220;As\u00ed somos&#8221; en la que un cami\u00f3n de &#8220;Eliminaci\u00f3n de residuos t\u00f3xicos&#8221; va dejando sobre el piso un reguero de lixiviados.<\/p>\n<p>Contin\u00faa una hermosa, vistosa y colorida secci\u00f3n titulada &#8220;Incre\u00edble.<span style=\"color: #ffcc00;\"><strong> Amarillo<\/strong><\/span>, <span style=\"color: #0000ff;\"><strong>azul<\/strong><\/span> y <span style=\"color: #ff0000;\"><strong>rojo<\/strong><\/span>, una nueva forma de ver el tricolor colombiano&#8221;.<\/p>\n<p>Finalmente, no pod\u00eda faltar la nota entristecida y solidaria de <span style=\"color: #008000;\"><strong>HSEQ World Ecoempresarial<\/strong><\/span> con los damnificados por la ola invernal en Colombia.<\/p>\n<p><strong>&nbsp;<\/strong><\/p>\n<p>\u00bfPor qu\u00e9 la revista se llama <span style=\"color: #008000;\"><strong>HSEQ World Ecoempresarial<\/strong><\/span>?<\/p>\n<p><strong>HSEQ<\/strong> son las iniciales, en ingl\u00e9s, de <strong>Health<\/strong> (Salud), <strong>Security<\/strong> (Seguridad), <strong>Environment<\/strong> (Ambiente) y <strong>Quality<\/strong> (Calidad). La integraci\u00f3n de la salud, la seguridad, el ambiente y la calidad conforma la nueva concepci\u00f3n de la Seguridad Industrial, la cual, como se observa, implica el <strong>compromiso decidido de las empresas con el medio ambiente<\/strong>. &nbsp;El vocablo <strong>World <\/strong>(mundo)&nbsp;le da al tema la indispensable connotaci\u00f3n planetaria que debe tener. La palabra &#8220;<strong>Ecoempresarial<\/strong>&#8221; reafirma la anhelada e impostergable integraci\u00f3n entre ecolog\u00eda y empresa.<\/p>\n<p><strong>&nbsp;<\/strong><\/p>\n<p><span style=\"color: #008000;\"><strong>HSEQ World Ecoempresarial<\/strong><\/span> tiene la siguiente plantilla directiva:<\/p>\n<p><strong>&nbsp;<\/strong><\/p>\n<p><strong>Director General: <\/strong>\u00d3scar Humberto G\u00f3mez<\/p>\n<p><strong>Sub Director: <\/strong>Luis Francisco Madri\u00f1\u00e1n<\/p>\n<p><strong>Director Comercial: <\/strong>Javier Garc\u00eda Rend\u00f3n<\/p>\n<p><strong>Jefe de Redacci\u00f3n: <\/strong>Fernando Rueda<\/p>\n<p><strong>Asesor Econ\u00f3mico: <\/strong>Jaime Aldana<\/p>\n<p><strong>Asesora Industrial: <\/strong>Zandra Calder\u00f3n<\/p>\n<p><strong>Comit\u00e9 Editorial: <\/strong>\u00d3scar Humberto G\u00f3mez, Luis Francisco Madri\u00f1\u00e1n, Mar\u00eda Fernanda Rojas, Eduard Salazar R\u00edos, Jairo Andr\u00e9s Echeverri, Fernando Rueda y Jaime Aldana.<\/p>\n<p><strong>Periodistas: <\/strong>Giovanna Rom\u00e1n, Bibian Adriana Nieto y Jairo Andr\u00e9s Echeverri.<\/p>\n<p><strong>Dise\u00f1o Gr\u00e1fico: <\/strong>Gustavo Adolfo Z\u00fa\u00f1iga<\/p>\n<p><strong>Impresi\u00f3n: <\/strong>Ecoeditores<\/p>\n<p>La fotograf\u00eda de la portada, que capta la majestad de un \u00e1rbol proyect\u00e1ndose hacia el cielo santandereano en La Arboleda, Gir\u00f3n \/Santander, fue tomada por Fernando Rueda V.<\/p>\n<p>La nueva revista colombiana tendr\u00e1 su sede en la oficina 603 de la Torre Colfondos de Bogot\u00e1 (calle 67 No. 7 &#8211; 94).<\/p>\n<p><strong>&nbsp;<\/strong><\/p>\n<p>[Si desean leerla en su versi\u00f3n virtual, por favor den clic izquierdo encima del siguiente enlace:<\/p>\n<p><strong>&nbsp;<\/strong><\/p>\n<p><a href=\"http:\/\/issuu.com\/fruedav\/docs\/hseq_world_edicion_1_junio-julio_2011\">http:\/\/issuu.com\/fruedav\/docs\/hseq_world_edicion_1_junio-julio_2011<\/a><\/p>\n<p><strong>&nbsp;<\/strong><\/p>\n<p>Para ampliar el tama\u00f1o de las p\u00e1ginas a las dimensiones reales den clic izquierdo encima de las flechitas].<\/p>\n<p>&nbsp;<\/p>\n","protected":false},"excerpt":{"rendered":"<p>&nbsp; Con el objetivo de crear conciencia ecol\u00f3gica dentro del sector empresarial colombiano y extranjero, y de fortalecer el esp\u00edritu ambientalista existente, acaba de ser lanzada en Bogot\u00e1, y ya se encuentra circulando desde hoy dentro del sector empresarial, la &hellip; <a href=\"https:\/\/oscarhumbertogomez.com\/?p=392\">Sigue leyendo <span class=\"meta-nav\">&rarr;<\/span><\/a><\/p>\n<div class='heateorSssClear'><\/div><div  class='heateor_sss_sharing_container heateor_sss_horizontal_sharing' heateor-sss-data-href='https:\/\/oscarhumbertogomez.com\/?p=392'><div class='heateor_sss_sharing_title' style=\"font-weight:bold\" >\u00a1Gracias por compartirla!<\/div><ul class=\"heateor_sss_sharing_ul\"><li class=\"heateorSssSharingRound\"><i style=\"width:35px;height:35px;border-radius:999px;\" alt=\"Facebook\" Title=\"Facebook\" class=\"heateorSssSharing heateorSssFacebookBackground\" onclick='heateorSssPopup(\"https:\/\/www.facebook.com\/sharer\/sharer.php?u=https%3A%2F%2Foscarhumbertogomez.com%2Findex.php%3Frest_route%3D%252Fwp%252Fv2%252Fposts%252F392\")'><ss style=\"display:block;border-radius:999px;\" class=\"heateorSssSharingSvg heateorSssFacebookSvg\"><\/ss><\/i><\/li><li class=\"heateorSssSharingRound\"><i style=\"width:35px;height:35px;border-radius:999px;\" alt=\"Twitter\" Title=\"Twitter\" class=\"heateorSssSharing heateorSssTwitterBackground\" onclick='heateorSssPopup(\"http:\/\/twitter.com\/intent\/tweet?text=Nace%20revista%20ecol%C3%B3gica%20en%20Colombia&url=https%3A%2F%2Foscarhumbertogomez.com%2Findex.php%3Frest_route%3D%252Fwp%252Fv2%252Fposts%252F392\")'><ss style=\"display:block;border-radius:999px;\" class=\"heateorSssSharingSvg heateorSssTwitterSvg\"><\/ss><\/i><\/li><li class=\"heateorSssSharingRound\"><i style=\"width:35px;height:35px;border-radius:999px;\" alt=\"Whatsapp\" Title=\"Whatsapp\" class=\"heateorSssSharing heateorSssWhatsappBackground\" onclick='heateorSssPopup(\"https:\/\/web.whatsapp.com\/send?text=Nace%20revista%20ecol%C3%B3gica%20en%20Colombia https%3A%2F%2Foscarhumbertogomez.com%2Findex.php%3Frest_route%3D%252Fwp%252Fv2%252Fposts%252F392\")'><ss style=\"display:block\" class=\"heateorSssSharingSvg heateorSssWhatsappSvg\"><\/ss><\/i><\/li><li class=\"heateorSssSharingRound\"><i style=\"width:35px;height:35px;border-radius:999px;\" alt=\"Pinterest\" Title=\"Pinterest\" class=\"heateorSssSharing heateorSssPinterestBackground\" onclick=\"javascript:void( (function() {var e=document.createElement('script' );e.setAttribute('type','text\/javascript' );e.setAttribute('charset','UTF-8' );e.setAttribute('src','\/\/assets.pinterest.com\/js\/pinmarklet.js?r='+Math.random()*99999999);document.body.appendChild(e)})());\"><ss style=\"display:block;border-radius:999px;\" class=\"heateorSssSharingSvg heateorSssPinterestSvg\"><\/ss><\/i><\/li><li class=\"heateorSssSharingRound\"><i style=\"width:35px;height:35px;border-radius:999px;\" alt=\"Google Gmail\" Title=\"Google Gmail\" class=\"heateorSssSharing heateorSssGoogleGmailBackground\" onclick='heateorSssPopup(\"https:\/\/mail.google.com\/mail\/?ui=2&view=cm&fs=1&tf=1&su=Nace%20revista%20ecol%C3%B3gica%20en%20Colombia&body=Link:https%3A%2F%2Foscarhumbertogomez.com%2Findex.php%3Frest_route%3D%252Fwp%252Fv2%252Fposts%252F392\")'><ss style=\"display:block;border-radius:999px;\" class=\"heateorSssSharingSvg heateorSssGoogleGmailSvg\"><\/ss><\/i><\/li><li class=\"heateorSssSharingRound\"><i style=\"width:35px;height:35px;border-radius:999px;\" title=\"More\" alt=\"More\" class=\"heateorSssSharing heateorSssMoreBackground\" onclick=\"heateorSssMoreSharingPopup(this, 'https:\/\/oscarhumbertogomez.com\/index.php?rest_route=%2Fwp%2Fv2%2Fposts%2F392', 'Nace%20revista%20ecol%C3%B3gica%20en%20Colombia', '' )\" ><ss style=\"display:block\" class=\"heateorSssSharingSvg heateorSssMoreSvg\"><\/ss><\/i><\/li><\/ul><div class=\"heateorSssClear\"><\/div><\/div><div class='heateorSssClear'><\/div>","protected":false},"author":2,"featured_media":0,"comment_status":"open","ping_status":"open","sticky":false,"template":"","format":"standard","meta":{"spay_email":"","footnotes":""},"categories":[18],"tags":[],"class_list":["post-392","post","type-post","status-publish","format-standard","hentry","category-ecologia"],"jetpack_featured_media_url":"","jetpack_shortlink":"https:\/\/wp.me\/p1FYrr-6k","_links":{"self":[{"href":"https:\/\/oscarhumbertogomez.com\/index.php?rest_route=\/wp\/v2\/posts\/392","targetHints":{"allow":["GET"]}}],"collection":[{"href":"https:\/\/oscarhumbertogomez.com\/index.php?rest_route=\/wp\/v2\/posts"}],"about":[{"href":"https:\/\/oscarhumbertogomez.com\/index.php?rest_route=\/wp\/v2\/types\/post"}],"author":[{"embeddable":true,"href":"https:\/\/oscarhumbertogomez.com\/index.php?rest_route=\/wp\/v2\/users\/2"}],"replies":[{"embeddable":true,"href":"https:\/\/oscarhumbertogomez.com\/index.php?rest_route=%2Fwp%2Fv2%2Fcomments&post=392"}],"version-history":[{"count":4,"href":"https:\/\/oscarhumbertogomez.com\/index.php?rest_route=\/wp\/v2\/posts\/392\/revisions"}],"predecessor-version":[{"id":30957,"href":"https:\/\/oscarhumbertogomez.com\/index.php?rest_route=\/wp\/v2\/posts\/392\/revisions\/30957"}],"wp:attachment":[{"href":"https:\/\/oscarhumbertogomez.com\/index.php?rest_route=%2Fwp%2Fv2%2Fmedia&parent=392"}],"wp:term":[{"taxonomy":"category","embeddable":true,"href":"https:\/\/oscarhumbertogomez.com\/index.php?rest_route=%2Fwp%2Fv2%2Fcategories&post=392"},{"taxonomy":"post_tag","embeddable":true,"href":"https:\/\/oscarhumbertogomez.com\/index.php?rest_route=%2Fwp%2Fv2%2Ftags&post=392"}],"curies":[{"name":"wp","href":"https:\/\/api.w.org\/{rel}","templated":true}]}}