{"id":39262,"date":"2021-06-06T11:44:44","date_gmt":"2021-06-06T16:44:44","guid":{"rendered":"https:\/\/lapiedrafilosofal.com\/?p=39262"},"modified":"2025-02-23T12:52:19","modified_gmt":"2025-02-23T17:52:19","slug":"un-6-de-junio-como-hoy-nacio-luis-ariel-rey-pionero-del-folclor-llanero-colombiano-por-oscar-humberto-gomez-gomez","status":"publish","type":"post","link":"https:\/\/oscarhumbertogomez.com\/?p=39262","title":{"rendered":"Un 6 de junio como hoy naci\u00f3 Luis Ariel Rey, pionero del folclor llanero colombiano. Por \u00d3scar Humberto G\u00f3mez G\u00f3mez"},"content":{"rendered":"<p><img loading=\"lazy\" decoding=\"async\" class=\"aligncenter size-full wp-image-39156\" src=\"https:\/\/lapiedrafilosofal.com\/wp-content\/uploads\/2021\/05\/luis-ariel-rey.png\" alt=\"\" width=\"960\" height=\"839\" srcset=\"https:\/\/oscarhumbertogomez.com\/wp-content\/uploads\/2021\/05\/luis-ariel-rey.png 960w, https:\/\/oscarhumbertogomez.com\/wp-content\/uploads\/2021\/05\/luis-ariel-rey-300x262.png 300w, https:\/\/oscarhumbertogomez.com\/wp-content\/uploads\/2021\/05\/luis-ariel-rey-768x671.png 768w\" sizes=\"auto, (max-width: 960px) 100vw, 960px\" \/><\/p>\n<p>&nbsp;<\/p>\n<p>Naci\u00f3 un 6 de junio, el 6 de junio de 1934, y fue el pionero de la m\u00fasica llanera en Colombia.<\/p>\n<p>A Bogot\u00e1, en efecto, la llev\u00f3, desde su natal y por aquel entonces remoto Villavicencio, tocando \u00e9l mismo la guitarra. Tambi\u00e9n era ejecutante del cuatro.<\/p>\n<p>Les hablo del compositor y cantante Luis Ariel Rey.<\/p>\n<p>&nbsp;<\/p>\n<p><img loading=\"lazy\" decoding=\"async\" class=\"aligncenter size-full wp-image-39156\" src=\"https:\/\/lapiedrafilosofal.com\/wp-content\/uploads\/2021\/05\/luis-ariel-rey.png\" alt=\"\" width=\"960\" height=\"839\" srcset=\"https:\/\/oscarhumbertogomez.com\/wp-content\/uploads\/2021\/05\/luis-ariel-rey.png 960w, https:\/\/oscarhumbertogomez.com\/wp-content\/uploads\/2021\/05\/luis-ariel-rey-300x262.png 300w, https:\/\/oscarhumbertogomez.com\/wp-content\/uploads\/2021\/05\/luis-ariel-rey-768x671.png 768w\" sizes=\"auto, (max-width: 960px) 100vw, 960px\" \/><\/p>\n<p>&nbsp;<\/p>\n<p>Autor del joropo &#8220;Villavicencio&#8221; y de los tambi\u00e9n joropos &#8220;Cristina&#8221;, &#8220;Atardecer llanero&#8221;, &#8220;El palmar&#8221;, &#8220;Adi\u00f3s sabana&#8221;, &#8220;Do\u00f1a Sof\u00eda&#8221;, &#8220;Puerto Infante&#8221;, &#8220;Plegaria&#8221;, &#8220;Noches de Guatiquia&#8221;, &#8220;Chicanoa&#8221;, &#8220;Esteros del Meta&#8221;, &#8220;Picaespuela&#8221;, &#8220;Reconcilio&#8221;, &#8220;Las aves&#8221;, &#8220;Jira venezolana&#8221; y &#8220;Ay no no&#8221;, entre otras canciones grabadas por \u00e9l mismo para el sello disquero Victoria, con su voz y su caracter\u00edstico dejo llanero les dio renombre nacional e internacional a &#8220;Carmentea&#8221;, de Miguel \u00c1ngel Mart\u00edn, y a otras bellas piezas del folclor del llano, entre ellas las dos que en la anterior entrada de este blog, escrita y publicada a prop\u00f3sito del aniversario de su muerte, compartimos con ustedes: &#8220;Pasillaneando&#8221; y &#8220;Paisaje matinal&#8221;.<\/p>\n<p>&nbsp;<\/p>\n<p><img loading=\"lazy\" decoding=\"async\" class=\"aligncenter size-full wp-image-39156\" src=\"https:\/\/lapiedrafilosofal.com\/wp-content\/uploads\/2021\/05\/luis-ariel-rey.png\" alt=\"\" width=\"960\" height=\"839\" srcset=\"https:\/\/oscarhumbertogomez.com\/wp-content\/uploads\/2021\/05\/luis-ariel-rey.png 960w, https:\/\/oscarhumbertogomez.com\/wp-content\/uploads\/2021\/05\/luis-ariel-rey-300x262.png 300w, https:\/\/oscarhumbertogomez.com\/wp-content\/uploads\/2021\/05\/luis-ariel-rey-768x671.png 768w\" sizes=\"auto, (max-width: 960px) 100vw, 960px\" \/><\/p>\n<p>&nbsp;<\/p>\n<p>En la d\u00e9cada de los a\u00f1os 60, en la escuela Roso Cala, antes de entrar a clases, los alumnos cant\u00e1bamos canciones colombianas andinas y canciones colombianas coste\u00f1as.<\/p>\n<p>Canciones andinas, digo, como &#8220;Pueblito viejo&#8221; o &#8220;Campesina santandereana&#8221;, de Jos\u00e9 A. Morales, y canciones coste\u00f1as, como &#8220;El testamento&#8221;, de Rafael Escalona, o &#8220;Mi Buenaventura&#8221; de Petronio \u00c1lvarez (s\u00ed, coste\u00f1a de la Costa Pac\u00edfica, porque Colombia tiene costa no solo sobre el oc\u00e9ano Atl\u00e1ntico, sino tambi\u00e9n sobre el oc\u00e9ano Pac\u00edfico, cosa que se nos olvida y, por ello, cuando decimos que &#8220;voy para la Costa&#8221;, no especificamos para cu\u00e1l de las dos, porque damos por sentado que la \u00fanica &#8220;Costa&#8221; es la primera).<\/p>\n<p>Pero tambi\u00e9n cant\u00e1bamos canciones colombianas llaneras (y colombo-venezolanas llaneras) como &#8220;!Ay si s\u00ed&#8221;, de Luis Arialdo Rey (&#8220;Ay si s\u00ed, yo no soy de por aqu\u00ed, \/ ay si s\u00ed, yo vengo de Casanare&#8221;, la cual mencionamos en la entrada anterior), &#8220;Galer\u00f3n llanero&#8221;, de Alejandro Wills, &#8220;Carmentea&#8221;, de Miguel \u00c1ngel Mart\u00edn, y &#8220;Caminito verde&#8221;, letra de Germ\u00e1n Fleitas Beroes y m\u00fasica de Juan Brice\u00f1o Zapata.<\/p>\n<p>&nbsp;<\/p>\n<p><img loading=\"lazy\" decoding=\"async\" class=\"aligncenter size-full wp-image-39156\" src=\"https:\/\/lapiedrafilosofal.com\/wp-content\/uploads\/2021\/05\/luis-ariel-rey.png\" alt=\"\" width=\"960\" height=\"839\" srcset=\"https:\/\/oscarhumbertogomez.com\/wp-content\/uploads\/2021\/05\/luis-ariel-rey.png 960w, https:\/\/oscarhumbertogomez.com\/wp-content\/uploads\/2021\/05\/luis-ariel-rey-300x262.png 300w, https:\/\/oscarhumbertogomez.com\/wp-content\/uploads\/2021\/05\/luis-ariel-rey-768x671.png 768w\" sizes=\"auto, (max-width: 960px) 100vw, 960px\" \/><\/p>\n<p>&nbsp;<\/p>\n<p>Aqu\u00ed est\u00e1 la grabaci\u00f3n original de &#8220;Caminito verde&#8221;, canci\u00f3n emblem\u00e1tica del folclor llanero.<\/p>\n<p>Folclor que, dicho sea de paso, culturalmente fusiona el llano colombiano con el llano venezolano \u2014a pesar de la separaci\u00f3n geogr\u00e1fica marcada por los r\u00edos Arauca y Orinoco\u2014, el llano metense con el llano araucano, y, en general, a todo el inmenso llano del pa\u00eds \u00fanico que fuimos.<\/p>\n<p>Este es, pues, el maestro Luis Ariel Rey el Jilguero del Llano interpretando &#8220;Caminito verde&#8221;.<\/p>\n<p>\u00a1\u00a1\u00a1 BIENVENIDOS !!!<\/p>\n<p>&nbsp;<\/p>\n<p><img loading=\"lazy\" decoding=\"async\" class=\"aligncenter size-full wp-image-39156\" src=\"https:\/\/lapiedrafilosofal.com\/wp-content\/uploads\/2021\/05\/luis-ariel-rey.png\" alt=\"\" width=\"960\" height=\"839\" srcset=\"https:\/\/oscarhumbertogomez.com\/wp-content\/uploads\/2021\/05\/luis-ariel-rey.png 960w, https:\/\/oscarhumbertogomez.com\/wp-content\/uploads\/2021\/05\/luis-ariel-rey-300x262.png 300w, https:\/\/oscarhumbertogomez.com\/wp-content\/uploads\/2021\/05\/luis-ariel-rey-768x671.png 768w\" sizes=\"auto, (max-width: 960px) 100vw, 960px\" \/><\/p>\n<p>&nbsp;<\/p>\n<p><iframe loading=\"lazy\" width=\"560\" height=\"315\" src=\"https:\/\/www.youtube-nocookie.com\/embed\/BvPpC4Dh7CQ?si=HWI8aJje1PLpPXr4&amp;controls=0&amp;start=60\" title=\"YouTube video player\" frameborder=\"0\" allow=\"accelerometer; autoplay; clipboard-write; encrypted-media; gyroscope; picture-in-picture; web-share\" referrerpolicy=\"strict-origin-when-cross-origin\" allowfullscreen=\"\"><\/iframe><\/p>\n<p>&nbsp;<\/p>\n","protected":false},"excerpt":{"rendered":"<p>&nbsp; Naci\u00f3 un 6 de junio, el 6 de junio de 1934, y fue el pionero de la m\u00fasica llanera en Colombia. A Bogot\u00e1, en efecto, la llev\u00f3, desde su natal y por aquel entonces remoto Villavicencio, tocando \u00e9l mismo &hellip; <a href=\"https:\/\/oscarhumbertogomez.com\/?p=39262\">Sigue leyendo <span class=\"meta-nav\">&rarr;<\/span><\/a><\/p>\n<div class='heateorSssClear'><\/div><div  class='heateor_sss_sharing_container heateor_sss_horizontal_sharing' heateor-sss-data-href='https:\/\/oscarhumbertogomez.com\/?p=39262'><div class='heateor_sss_sharing_title' style=\"font-weight:bold\" >\u00a1Gracias por compartirla!<\/div><ul class=\"heateor_sss_sharing_ul\"><li class=\"heateorSssSharingRound\"><i style=\"width:35px;height:35px;border-radius:999px;\" alt=\"Facebook\" Title=\"Facebook\" class=\"heateorSssSharing heateorSssFacebookBackground\" onclick='heateorSssPopup(\"https:\/\/www.facebook.com\/sharer\/sharer.php?u=https%3A%2F%2Foscarhumbertogomez.com%2Findex.php%3Frest_route%3D%252Fwp%252Fv2%252Fposts%252F39262\")'><ss style=\"display:block;border-radius:999px;\" class=\"heateorSssSharingSvg heateorSssFacebookSvg\"><\/ss><\/i><\/li><li class=\"heateorSssSharingRound\"><i style=\"width:35px;height:35px;border-radius:999px;\" alt=\"Twitter\" Title=\"Twitter\" class=\"heateorSssSharing heateorSssTwitterBackground\" onclick='heateorSssPopup(\"http:\/\/twitter.com\/intent\/tweet?text=Un%206%20de%20junio%20como%20hoy%20naci%C3%B3%20Luis%20Ariel%20Rey%2C%20pionero%20del%20folclor%20llanero%20colombiano.%20Por%20%C3%93scar%20Humberto%20G%C3%B3mez%20G%C3%B3mez&url=https%3A%2F%2Foscarhumbertogomez.com%2Findex.php%3Frest_route%3D%252Fwp%252Fv2%252Fposts%252F39262\")'><ss style=\"display:block;border-radius:999px;\" class=\"heateorSssSharingSvg heateorSssTwitterSvg\"><\/ss><\/i><\/li><li class=\"heateorSssSharingRound\"><i style=\"width:35px;height:35px;border-radius:999px;\" alt=\"Whatsapp\" Title=\"Whatsapp\" class=\"heateorSssSharing heateorSssWhatsappBackground\" onclick='heateorSssPopup(\"https:\/\/web.whatsapp.com\/send?text=Un%206%20de%20junio%20como%20hoy%20naci%C3%B3%20Luis%20Ariel%20Rey%2C%20pionero%20del%20folclor%20llanero%20colombiano.%20Por%20%C3%93scar%20Humberto%20G%C3%B3mez%20G%C3%B3mez https%3A%2F%2Foscarhumbertogomez.com%2Findex.php%3Frest_route%3D%252Fwp%252Fv2%252Fposts%252F39262\")'><ss style=\"display:block\" class=\"heateorSssSharingSvg heateorSssWhatsappSvg\"><\/ss><\/i><\/li><li class=\"heateorSssSharingRound\"><i style=\"width:35px;height:35px;border-radius:999px;\" alt=\"Pinterest\" Title=\"Pinterest\" class=\"heateorSssSharing heateorSssPinterestBackground\" onclick=\"javascript:void( (function() {var e=document.createElement('script' );e.setAttribute('type','text\/javascript' );e.setAttribute('charset','UTF-8' );e.setAttribute('src','\/\/assets.pinterest.com\/js\/pinmarklet.js?r='+Math.random()*99999999);document.body.appendChild(e)})());\"><ss style=\"display:block;border-radius:999px;\" class=\"heateorSssSharingSvg heateorSssPinterestSvg\"><\/ss><\/i><\/li><li class=\"heateorSssSharingRound\"><i style=\"width:35px;height:35px;border-radius:999px;\" alt=\"Google Gmail\" Title=\"Google Gmail\" class=\"heateorSssSharing heateorSssGoogleGmailBackground\" onclick='heateorSssPopup(\"https:\/\/mail.google.com\/mail\/?ui=2&view=cm&fs=1&tf=1&su=Un%206%20de%20junio%20como%20hoy%20naci%C3%B3%20Luis%20Ariel%20Rey%2C%20pionero%20del%20folclor%20llanero%20colombiano.%20Por%20%C3%93scar%20Humberto%20G%C3%B3mez%20G%C3%B3mez&body=Link:https%3A%2F%2Foscarhumbertogomez.com%2Findex.php%3Frest_route%3D%252Fwp%252Fv2%252Fposts%252F39262\")'><ss style=\"display:block;border-radius:999px;\" class=\"heateorSssSharingSvg heateorSssGoogleGmailSvg\"><\/ss><\/i><\/li><li class=\"heateorSssSharingRound\"><i style=\"width:35px;height:35px;border-radius:999px;\" title=\"More\" alt=\"More\" class=\"heateorSssSharing heateorSssMoreBackground\" onclick=\"heateorSssMoreSharingPopup(this, 'https:\/\/oscarhumbertogomez.com\/index.php?rest_route=%2Fwp%2Fv2%2Fposts%2F39262', 'Un%206%20de%20junio%20como%20hoy%20naci%C3%B3%20Luis%20Ariel%20Rey%2C%20pionero%20del%20folclor%20llanero%20colombiano.%20Por%20%C3%93scar%20Humberto%20G%C3%B3mez%20G%C3%B3mez', '' )\" ><ss style=\"display:block\" class=\"heateorSssSharingSvg heateorSssMoreSvg\"><\/ss><\/i><\/li><\/ul><div class=\"heateorSssClear\"><\/div><\/div><div class='heateorSssClear'><\/div>","protected":false},"author":2,"featured_media":0,"comment_status":"closed","ping_status":"closed","sticky":false,"template":"","format":"standard","meta":{"spay_email":"","footnotes":""},"categories":[8],"tags":[],"class_list":["post-39262","post","type-post","status-publish","format-standard","hentry","category-musica"],"jetpack_featured_media_url":"","jetpack_shortlink":"https:\/\/wp.me\/p1FYrr-adg","_links":{"self":[{"href":"https:\/\/oscarhumbertogomez.com\/index.php?rest_route=\/wp\/v2\/posts\/39262","targetHints":{"allow":["GET"]}}],"collection":[{"href":"https:\/\/oscarhumbertogomez.com\/index.php?rest_route=\/wp\/v2\/posts"}],"about":[{"href":"https:\/\/oscarhumbertogomez.com\/index.php?rest_route=\/wp\/v2\/types\/post"}],"author":[{"embeddable":true,"href":"https:\/\/oscarhumbertogomez.com\/index.php?rest_route=\/wp\/v2\/users\/2"}],"replies":[{"embeddable":true,"href":"https:\/\/oscarhumbertogomez.com\/index.php?rest_route=%2Fwp%2Fv2%2Fcomments&post=39262"}],"version-history":[{"count":5,"href":"https:\/\/oscarhumbertogomez.com\/index.php?rest_route=\/wp\/v2\/posts\/39262\/revisions"}],"predecessor-version":[{"id":51191,"href":"https:\/\/oscarhumbertogomez.com\/index.php?rest_route=\/wp\/v2\/posts\/39262\/revisions\/51191"}],"wp:attachment":[{"href":"https:\/\/oscarhumbertogomez.com\/index.php?rest_route=%2Fwp%2Fv2%2Fmedia&parent=39262"}],"wp:term":[{"taxonomy":"category","embeddable":true,"href":"https:\/\/oscarhumbertogomez.com\/index.php?rest_route=%2Fwp%2Fv2%2Fcategories&post=39262"},{"taxonomy":"post_tag","embeddable":true,"href":"https:\/\/oscarhumbertogomez.com\/index.php?rest_route=%2Fwp%2Fv2%2Ftags&post=39262"}],"curies":[{"name":"wp","href":"https:\/\/api.w.org\/{rel}","templated":true}]}}