{"id":39425,"date":"2021-06-29T10:38:31","date_gmt":"2021-06-29T15:38:31","guid":{"rendered":"https:\/\/lapiedrafilosofal.com\/?p=39425"},"modified":"2025-02-16T09:07:58","modified_gmt":"2025-02-16T14:07:58","slug":"pedro-pablo-rivera-el-enfermero-poeta-por-oscar-humberto-gomez-gomez","status":"publish","type":"post","link":"https:\/\/oscarhumbertogomez.com\/?p=39425","title":{"rendered":"PEDRO PABLO RIVERA, EL ENFERMERO POETA. (Cr\u00f3nica). (Cap\u00edtulo I). Por \u00d3scar Humberto G\u00f3mez G\u00f3mez"},"content":{"rendered":"<p><img loading=\"lazy\" decoding=\"async\" class=\"aligncenter size-full wp-image-38787\" src=\"https:\/\/lapiedrafilosofal.com\/wp-content\/uploads\/2021\/05\/FOTO-PEDRO.png\" alt=\"\" width=\"360\" height=\"640\" srcset=\"https:\/\/oscarhumbertogomez.com\/wp-content\/uploads\/2021\/05\/FOTO-PEDRO.png 360w, https:\/\/oscarhumbertogomez.com\/wp-content\/uploads\/2021\/05\/FOTO-PEDRO-169x300.png 169w\" sizes=\"auto, (max-width: 360px) 100vw, 360px\" \/><\/p>\n<p>&nbsp;<\/p>\n<p>Ni Pedro se llamaba Pedro, ni Pablo se llamaba Pablo: el primero ten\u00eda por nombre el de Sim\u00f3n y el segundo, el de Saulo. Ambos fueron ap\u00f3stoles. Aunque el segundo no estuvo entre los doce que personalmente escogi\u00f3 Jes\u00fas, termin\u00f3 sobrepasando en importancia a casi todos al punto de convertirse en uno de los principales.<\/p>\n<p>La Iglesia quiso honrarlos y con tal fin consagr\u00f3 el 29 de junio como el d\u00eda de su festividad dentro del mundo cat\u00f3lico.<\/p>\n<p>Con el paso del tiempo, la fiesta termin\u00f3 siendo asociada al jolgorio popular hasta convertirse en sin\u00f3nimo de bailes y concursos que nada ten\u00edan de religiosos.<\/p>\n<p>Sin embargo, una costumbre de car\u00e1cter socio-religioso s\u00ed se impuso dentro de los hogares cat\u00f3licos y fue la de bautizar a los hijos con el nombre del santo cuya festividad se celebrara el d\u00eda de su nacimiento. Consiguientemente, a los nacidos un 29 de junio empezaron a bautizarlos, entonces, con el nombre compuesto formado por los de los dos famosos santos. As\u00ed naci\u00f3 el nombre de Pedro Pablo.<\/p>\n<p>Ello explica por qu\u00e9 hoy mi amigo Pedro Pablo Rivera no solo estar\u00eda de cumplea\u00f1os, sino adem\u00e1s de onom\u00e1stico.<\/p>\n<p>&nbsp;<\/p>\n<p><img loading=\"lazy\" decoding=\"async\" class=\"aligncenter size-full wp-image-38787\" src=\"https:\/\/lapiedrafilosofal.com\/wp-content\/uploads\/2021\/05\/FOTO-PEDRO.png\" alt=\"\" width=\"360\" height=\"640\" srcset=\"https:\/\/oscarhumbertogomez.com\/wp-content\/uploads\/2021\/05\/FOTO-PEDRO.png 360w, https:\/\/oscarhumbertogomez.com\/wp-content\/uploads\/2021\/05\/FOTO-PEDRO-169x300.png 169w\" sizes=\"auto, (max-width: 360px) 100vw, 360px\" \/><\/p>\n<p>&nbsp;<\/p>\n<p>Lo estar\u00eda, claro, si la enfermedad y la muerte no se hubieran interpuesto para impedirnos la que hubiese sido otra m\u00e1s de nuestras ya tradicionales conversaciones anuales, a veces personales, a veces telef\u00f3nicas, en las que, a lo largo de una, dos o m\u00e1s horas, ambos viaj\u00e1bamos al pasado como pasajeros del tiempo hasta llegar no solo a los albores de nuestra amistad, sino mucho m\u00e1s all\u00e1, retrocediendo y retrocediendo, apoyados casi siempre en su memoria, para volver a contemplar sin verla esa Bucaramanga suya y m\u00eda de parques solitarios, de calles sin autom\u00f3viles, de noches sin ruido, de pasillos y bambucos en las estaciones de radio y en los taburetes al frente de las casas, de rojizos atardeceres tras los cerros del occidente, de alegres paseos familiares al r\u00edo Surat\u00e1 o al lejano r\u00edo de Oro, de personajes t\u00edpicos aglutinando p\u00fablico, de escuelas bulliciosas a la hora del recreo, de melcochas bailables, y millos con melado, y cometas multicolores surcando los cielos celestes en agosto.<\/p>\n<p>&nbsp;<\/p>\n<p><img loading=\"lazy\" decoding=\"async\" class=\"aligncenter size-full wp-image-38787\" src=\"https:\/\/lapiedrafilosofal.com\/wp-content\/uploads\/2021\/05\/FOTO-PEDRO.png\" alt=\"\" width=\"360\" height=\"640\" srcset=\"https:\/\/oscarhumbertogomez.com\/wp-content\/uploads\/2021\/05\/FOTO-PEDRO.png 360w, https:\/\/oscarhumbertogomez.com\/wp-content\/uploads\/2021\/05\/FOTO-PEDRO-169x300.png 169w\" sizes=\"auto, (max-width: 360px) 100vw, 360px\" \/><\/p>\n<p>&nbsp;<\/p>\n<p>Tecleando de noche en su vieja m\u00e1quina de escribir, la misma vieja m\u00e1quina en la que, durante largas jornadas nocturnas de dictado y de risas, me ayud\u00f3 a materializar mi tesis de grado, mi amigo Pedro Pablo Rivera escrib\u00eda poes\u00edas. Versos sencillos y hermosos de los que yo era siempre el \u00fanico lector privilegiado.<\/p>\n<p>Uno de aquellos poemas lo titul\u00f3 &#8220;\u00bfC\u00f3mo te llamas t\u00fa?&#8221;.<\/p>\n<p>&nbsp;<\/p>\n<p><img loading=\"lazy\" decoding=\"async\" class=\"aligncenter size-full wp-image-13707\" title=\"Amor I\" src=\"https:\/\/lapiedrafilosofal.com\/wp-content\/uploads\/2014\/09\/Amor-I.jpg\" alt=\"\" width=\"665\" height=\"500\" srcset=\"https:\/\/oscarhumbertogomez.com\/wp-content\/uploads\/2014\/09\/Amor-I.jpg 665w, https:\/\/oscarhumbertogomez.com\/wp-content\/uploads\/2014\/09\/Amor-I-300x225.jpg 300w\" sizes=\"auto, (max-width: 665px) 100vw, 665px\" \/><\/p>\n<p>&nbsp;<\/p>\n<p><strong>\u00bfC\u00f3mo te llamas t\u00fa?<\/strong><\/p>\n<p>Por <strong>Pedro Pablo Rivera<\/strong><\/p>\n<p>&nbsp;<\/p>\n<p>Ando buscando tu nombre,<br \/>\nmas no lo he podido hallar,<br \/>\npero har\u00e9 hasta lo imposible<br \/>\npara poderlo encontrar.<\/p>\n<p>Lo buscar\u00e9 entre las flores,<br \/>\ntambi\u00e9n en otros lugares,<br \/>\nbuscar\u00e9 en el infinito<br \/>\ny as\u00ed mismo entre los mares.<\/p>\n<p>\u00bfTe llamar\u00e1s Azucena,<br \/>\npor su sin igual belleza<br \/>\ny porque esta flor representa<br \/>\nvirginidad y pureza?<\/p>\n<p>Te puedes llamar Camelia,<br \/>\npor el verdor de tus ojos;<br \/>\nel m\u00e1s rudo de los hombres<br \/>\na tus pies cae de hinojos.<\/p>\n<p>Quiz\u00e1 te llames Jazm\u00edn,<br \/>\npor sus fragantes olores,<br \/>\ncon solo pasar junto a ti<br \/>\nincitas a los amores.<\/p>\n<p>\u00bfSer\u00e1 que Hortensia es el nombre<br \/>\ncon que a ti te bautizaron<br \/>\ny al contemplar tu hermosura<br \/>\nlos \u00e1ngeles te arrullaron?<\/p>\n<p>Tal vez te llames Magnolia,<br \/>\npor el color de tu piel,<br \/>\ncon tus deliciosos labios,<br \/>\nque tienen sabor a miel.<\/p>\n<p>Por sus variados colores,<br \/>\nte puedes llamar Victoria,<br \/>\nal estar juntito a ti<br \/>\ncreo que estoy en la gloria.<\/p>\n<p>Puede que seas Margarita,<br \/>\npor tu talle tan peque\u00f1o,<br \/>\nque mi coraz\u00f3n palpita<br \/>\ny me hace perder el sue\u00f1o.<\/p>\n<p>Si te llamaras Violeta<br \/>\n(su flor es medicinal),<br \/>\nven que amoroso te espero<br \/>\npara que cures mi mal.<\/p>\n<p>T\u00fa te puedes llamar Rosa,<br \/>\npor suavidad y fragancia,<br \/>\npor tu rostro angelical,<br \/>\ntu donaire y elegancia.<\/p>\n<p>Ver\u00f3nica, mujer noble,<br \/>\nque con inmenso dolor,<br \/>\nenjug\u00f3 el rostro sagrado<br \/>\ndel Divino Redentor.<\/p>\n<p>Si eres Perla o Gaviota,<br \/>\no la Sirena del mar,<br \/>\nnavegar\u00e9 sin descanso<br \/>\npara poderlo encontrar.<\/p>\n<p>Ando a veces confundido<br \/>\ny de noche me desvelo<br \/>\npensando en el nombre tuyo:<br \/>\n\u00bfser\u00e1 que te llamas Cielo?<\/p>\n<p>\u00bfAurora, Estrella, Lucero?<br \/>\n\u00bfO Sol, con su gran destello?<br \/>\nPor tus n\u00edtidos fulgores,<br \/>\ntu nombre debe ser bello.<\/p>\n<p>No lo hall\u00e9 en el firmamento,<br \/>\nni en los mares, ni en la flor.<br \/>\nYa pude, al fin, descubrirlo:<br \/>\n\u00a1el nombre tuyo es &#8220;Amor&#8221;!<\/p>\n<p>&nbsp;<\/p>\n","protected":false},"excerpt":{"rendered":"<p>&nbsp; Ni Pedro se llamaba Pedro, ni Pablo se llamaba Pablo: el primero ten\u00eda por nombre el de Sim\u00f3n y el segundo, el de Saulo. Ambos fueron ap\u00f3stoles. Aunque el segundo no estuvo entre los doce que personalmente escogi\u00f3 Jes\u00fas, &hellip; <a href=\"https:\/\/oscarhumbertogomez.com\/?p=39425\">Sigue leyendo <span class=\"meta-nav\">&rarr;<\/span><\/a><\/p>\n<div class='heateorSssClear'><\/div><div  class='heateor_sss_sharing_container heateor_sss_horizontal_sharing' heateor-sss-data-href='https:\/\/oscarhumbertogomez.com\/?p=39425'><div class='heateor_sss_sharing_title' style=\"font-weight:bold\" >\u00a1Gracias por compartirla!<\/div><ul class=\"heateor_sss_sharing_ul\"><li class=\"heateorSssSharingRound\"><i style=\"width:35px;height:35px;border-radius:999px;\" alt=\"Facebook\" Title=\"Facebook\" class=\"heateorSssSharing heateorSssFacebookBackground\" onclick='heateorSssPopup(\"https:\/\/www.facebook.com\/sharer\/sharer.php?u=https%3A%2F%2Foscarhumbertogomez.com%2Findex.php%3Frest_route%3D%252Fwp%252Fv2%252Fposts%252F39425\")'><ss style=\"display:block;border-radius:999px;\" class=\"heateorSssSharingSvg heateorSssFacebookSvg\"><\/ss><\/i><\/li><li class=\"heateorSssSharingRound\"><i style=\"width:35px;height:35px;border-radius:999px;\" alt=\"Twitter\" Title=\"Twitter\" class=\"heateorSssSharing heateorSssTwitterBackground\" onclick='heateorSssPopup(\"http:\/\/twitter.com\/intent\/tweet?text=PEDRO%20PABLO%20RIVERA%2C%20EL%20ENFERMERO%20POETA.%20%28Cr%C3%B3nica%29.%20%28Cap%C3%ADtulo%20I%29.%20Por%20%C3%93scar%20Humberto%20G%C3%B3mez%20G%C3%B3mez&url=https%3A%2F%2Foscarhumbertogomez.com%2Findex.php%3Frest_route%3D%252Fwp%252Fv2%252Fposts%252F39425\")'><ss style=\"display:block;border-radius:999px;\" class=\"heateorSssSharingSvg heateorSssTwitterSvg\"><\/ss><\/i><\/li><li class=\"heateorSssSharingRound\"><i style=\"width:35px;height:35px;border-radius:999px;\" alt=\"Whatsapp\" Title=\"Whatsapp\" class=\"heateorSssSharing heateorSssWhatsappBackground\" onclick='heateorSssPopup(\"https:\/\/web.whatsapp.com\/send?text=PEDRO%20PABLO%20RIVERA%2C%20EL%20ENFERMERO%20POETA.%20%28Cr%C3%B3nica%29.%20%28Cap%C3%ADtulo%20I%29.%20Por%20%C3%93scar%20Humberto%20G%C3%B3mez%20G%C3%B3mez https%3A%2F%2Foscarhumbertogomez.com%2Findex.php%3Frest_route%3D%252Fwp%252Fv2%252Fposts%252F39425\")'><ss style=\"display:block\" class=\"heateorSssSharingSvg heateorSssWhatsappSvg\"><\/ss><\/i><\/li><li class=\"heateorSssSharingRound\"><i style=\"width:35px;height:35px;border-radius:999px;\" alt=\"Pinterest\" Title=\"Pinterest\" class=\"heateorSssSharing heateorSssPinterestBackground\" onclick=\"javascript:void( (function() {var e=document.createElement('script' );e.setAttribute('type','text\/javascript' );e.setAttribute('charset','UTF-8' );e.setAttribute('src','\/\/assets.pinterest.com\/js\/pinmarklet.js?r='+Math.random()*99999999);document.body.appendChild(e)})());\"><ss style=\"display:block;border-radius:999px;\" class=\"heateorSssSharingSvg heateorSssPinterestSvg\"><\/ss><\/i><\/li><li class=\"heateorSssSharingRound\"><i style=\"width:35px;height:35px;border-radius:999px;\" alt=\"Google Gmail\" Title=\"Google Gmail\" class=\"heateorSssSharing heateorSssGoogleGmailBackground\" onclick='heateorSssPopup(\"https:\/\/mail.google.com\/mail\/?ui=2&view=cm&fs=1&tf=1&su=PEDRO%20PABLO%20RIVERA%2C%20EL%20ENFERMERO%20POETA.%20%28Cr%C3%B3nica%29.%20%28Cap%C3%ADtulo%20I%29.%20Por%20%C3%93scar%20Humberto%20G%C3%B3mez%20G%C3%B3mez&body=Link:https%3A%2F%2Foscarhumbertogomez.com%2Findex.php%3Frest_route%3D%252Fwp%252Fv2%252Fposts%252F39425\")'><ss style=\"display:block;border-radius:999px;\" class=\"heateorSssSharingSvg heateorSssGoogleGmailSvg\"><\/ss><\/i><\/li><li class=\"heateorSssSharingRound\"><i style=\"width:35px;height:35px;border-radius:999px;\" title=\"More\" alt=\"More\" class=\"heateorSssSharing heateorSssMoreBackground\" onclick=\"heateorSssMoreSharingPopup(this, 'https:\/\/oscarhumbertogomez.com\/index.php?rest_route=%2Fwp%2Fv2%2Fposts%2F39425', 'PEDRO%20PABLO%20RIVERA%2C%20EL%20ENFERMERO%20POETA.%20%28Cr%C3%B3nica%29.%20%28Cap%C3%ADtulo%20I%29.%20Por%20%C3%93scar%20Humberto%20G%C3%B3mez%20G%C3%B3mez', '' )\" ><ss style=\"display:block\" class=\"heateorSssSharingSvg heateorSssMoreSvg\"><\/ss><\/i><\/li><\/ul><div class=\"heateorSssClear\"><\/div><\/div><div class='heateorSssClear'><\/div>","protected":false},"author":2,"featured_media":0,"comment_status":"closed","ping_status":"closed","sticky":false,"template":"","format":"standard","meta":{"spay_email":"","footnotes":""},"categories":[7],"tags":[],"class_list":["post-39425","post","type-post","status-publish","format-standard","hentry","category-poesia"],"jetpack_featured_media_url":"","jetpack_shortlink":"https:\/\/wp.me\/p1FYrr-afT","_links":{"self":[{"href":"https:\/\/oscarhumbertogomez.com\/index.php?rest_route=\/wp\/v2\/posts\/39425","targetHints":{"allow":["GET"]}}],"collection":[{"href":"https:\/\/oscarhumbertogomez.com\/index.php?rest_route=\/wp\/v2\/posts"}],"about":[{"href":"https:\/\/oscarhumbertogomez.com\/index.php?rest_route=\/wp\/v2\/types\/post"}],"author":[{"embeddable":true,"href":"https:\/\/oscarhumbertogomez.com\/index.php?rest_route=\/wp\/v2\/users\/2"}],"replies":[{"embeddable":true,"href":"https:\/\/oscarhumbertogomez.com\/index.php?rest_route=%2Fwp%2Fv2%2Fcomments&post=39425"}],"version-history":[{"count":5,"href":"https:\/\/oscarhumbertogomez.com\/index.php?rest_route=\/wp\/v2\/posts\/39425\/revisions"}],"predecessor-version":[{"id":48376,"href":"https:\/\/oscarhumbertogomez.com\/index.php?rest_route=\/wp\/v2\/posts\/39425\/revisions\/48376"}],"wp:attachment":[{"href":"https:\/\/oscarhumbertogomez.com\/index.php?rest_route=%2Fwp%2Fv2%2Fmedia&parent=39425"}],"wp:term":[{"taxonomy":"category","embeddable":true,"href":"https:\/\/oscarhumbertogomez.com\/index.php?rest_route=%2Fwp%2Fv2%2Fcategories&post=39425"},{"taxonomy":"post_tag","embeddable":true,"href":"https:\/\/oscarhumbertogomez.com\/index.php?rest_route=%2Fwp%2Fv2%2Ftags&post=39425"}],"curies":[{"name":"wp","href":"https:\/\/api.w.org\/{rel}","templated":true}]}}