{"id":39714,"date":"2021-08-17T17:15:40","date_gmt":"2021-08-17T22:15:40","guid":{"rendered":"https:\/\/lapiedrafilosofal.com\/?p=39714"},"modified":"2023-01-21T17:14:34","modified_gmt":"2023-01-21T22:14:34","slug":"antonio-frio-memorias-por-oscar-humberto-gomez-gomez","status":"publish","type":"post","link":"https:\/\/oscarhumbertogomez.com\/?p=39714","title":{"rendered":"Muri\u00f3 Antonio Fr\u00edo. Por: \u00d3scar Humberto G\u00f3mez G\u00f3mez"},"content":{"rendered":"<p><img loading=\"lazy\" decoding=\"async\" class=\"aligncenter size-large wp-image-39717\" src=\"https:\/\/lapiedrafilosofal.com\/wp-content\/uploads\/2021\/08\/Antonio-Frio-1024x528.jpeg\" alt=\"\" width=\"640\" height=\"330\" srcset=\"https:\/\/oscarhumbertogomez.com\/wp-content\/uploads\/2021\/08\/Antonio-Frio-1024x528.jpeg 1024w, https:\/\/oscarhumbertogomez.com\/wp-content\/uploads\/2021\/08\/Antonio-Frio-300x155.jpeg 300w, https:\/\/oscarhumbertogomez.com\/wp-content\/uploads\/2021\/08\/Antonio-Frio-768x396.jpeg 768w, https:\/\/oscarhumbertogomez.com\/wp-content\/uploads\/2021\/08\/Antonio-Frio.jpeg 1430w\" sizes=\"auto, (max-width: 640px) 100vw, 640px\" \/><\/p>\n<p>&nbsp;<\/p>\n<p>En el a\u00f1o 1978 me encontraba adelantando mis estudios de derecho y mi compa\u00f1era Mar\u00eda Adela Pulido dirig\u00eda la p\u00e1gina de Sociales del diario Vanguardia Liberal. Un d\u00eda cualquiera en que estaba all\u00ed de visita, ingresaron a su oficina dos j\u00f3venes, uno de ellos de gafas. Se notaba que ya hab\u00edan hablado anteriormente con ella y que ven\u00edan de alguna otra dependencia del peri\u00f3dico, porque luego de que Mar\u00eda Adela me present\u00f3 como &#8220;un compa\u00f1ero&#8221; y de que ambos me dieron la mano sonrientes, los remiti\u00f3 a otra secci\u00f3n donde, seg\u00fan les dijo con amabilidad, terminar\u00edan de atenderlos. Los dos j\u00f3venes abandonaron la oficina de Sociales y se dirigieron hacia ese lugar y fue entonces cuando la persona que estaba con ella le hizo a Mar\u00eda Adela el comentario de que el joven que no ten\u00eda gafas le hab\u00eda ca\u00eddo muy bien, pero el que s\u00ed le hab\u00eda parecido insoportable hab\u00eda sido el de las gafas. Mar\u00eda Adela respald\u00f3 aquella observaci\u00f3n y fue ah\u00ed cuando me abord\u00f3:<\/p>\n<p>\u2014\u00bfLo conoce?\u2014, me dijo.<br \/>\n\u2014\u00bfA qui\u00e9n? \u2014, le interrogu\u00e9.<br \/>\n\u2014\u00bfNo ha escuchado la canci\u00f3n?\u2014, me replic\u00f3.<br \/>\n\u2014\u00bfCu\u00e1l canci\u00f3n?\u2014, le dije.<br \/>\n\u2014Esa que est\u00e1n pasando en la radio \u2014me respondi\u00f3\u2014. La de &#8220;Pistolero Siglo XX&#8221;.<br \/>\n\u2014Claro \u2014le contest\u00e9\u2014. La he escuchado.<br \/>\n\u2014\u00bfPor qu\u00e9?\u2014 contrainterrogu\u00e9 enseguida.<br \/>\n\u2014\u00c9l es el que la canta \u2014me explic\u00f3\u2014. Y es el compositor. Se llama Antonio Fr\u00edo.<br \/>\n\u2014\u00a1Qu\u00e9 va!\u2014, exclam\u00e9 sonriendo.<br \/>\n\u2014\u00bfY cu\u00e1l de los dos es Antonio?\u2014 le pregunt\u00e9.<br \/>\n\u2014El de las gafas es el &#8220;manager&#8221; \u2014me precis\u00f3\u2014. Antonio es el otro.<br \/>\n\u2014\u00bfY por qu\u00e9 \u2014pregunt\u00e9\u2014 les cae mal el otro?<br \/>\n\u2014Es que es engre\u00eddo\u2014 me respondi\u00f3 luego de mirar a quien estaba con ella\u2014. En cambio Antonio es muy sencillo.<br \/>\n\u2014De modo que este Antonio \u2014conclu\u00ed\u2014 es el que a toda hora canta&#8230;<\/p>\n<p>Y de una vez empec\u00e9 a cantar un trozo de memoria. De la misma manera \u2014de memoria\u2014 como hoy, cuarenta y tres a\u00f1os despu\u00e9s, traigo toda su letra a estas l\u00edneas, como si el tiempo hubiese retrocedido:<\/p>\n<p>\u201cEl Pistolero Siglo XX del oeste \/ es el sobrino consentido del T\u00edo Sam, \/ descendiente del vaquero Pecos Bill \/ y m\u00e1s r\u00e1pido para disparar. \/<\/p>\n<p>Aquel Colt 45 que ten\u00eda \/ hoy lo ha cambiado por equipo militar \/ Y su caballo de montar en el rodeo \/ por un auto que le corre m\u00e1s \/.<\/p>\n<p>Tiene en la mira a la Am\u00e9rica Latina \/ y al Medio Oriente quiere conquistar \/ manda a la guerra a Batman y a Superman \/ y los de la CIA dan el golpe final.<\/p>\n<p>\/Y al guardaespalda, a quien le dice secretario, \/ si se le apaga el auto Mustang Ford, \/ muy elegante lo manda al Medio Oriente \/ por gasolina, que el tanque se rompi\u00f3 \/. Y por all\u00e1 en los comienzos de este siglo \/ firm\u00f3 la paz para llevarse a Panam\u00e1 \/ y donde estaba la vida de mi tierra \/ de un disparo el pistolero hizo el canal \/.<\/p>\n<p>Tiene en la mira a la Am\u00e9rica Latina \/ y al Medio Oriente quiere conquistar \/ manda a la guerra a Batman y a Superman \/ Y los de la CIA dan el golpe final&#8221;.<\/p>\n<p>&nbsp;<\/p>\n<p><img loading=\"lazy\" decoding=\"async\" class=\"aligncenter size-full wp-image-39718\" src=\"https:\/\/lapiedrafilosofal.com\/wp-content\/uploads\/2021\/08\/Antonio-Frio-2.jpeg\" alt=\"\" width=\"716\" height=\"477\" srcset=\"https:\/\/oscarhumbertogomez.com\/wp-content\/uploads\/2021\/08\/Antonio-Frio-2.jpeg 716w, https:\/\/oscarhumbertogomez.com\/wp-content\/uploads\/2021\/08\/Antonio-Frio-2-300x200.jpeg 300w\" sizes=\"auto, (max-width: 716px) 100vw, 716px\" \/><\/p>\n<p>&nbsp;<\/p>\n<p>As\u00ed, en la oficina de Sociales del diario Vanguardia Liberal, conoc\u00ed al artista bumangu\u00e9s que habr\u00eda de convertirse en hijo ilustre de la ciudad de Zipaquir\u00e1 luego de que abandonara su terru\u00f1o natal y sus estudios de ingenier\u00eda para irse a estudiar los pictogramas inscritos en las rocas zipaquire\u00f1as y a\u00f1os m\u00e1s tarde se convertir\u00eda en el pintor del Libertador Sim\u00f3n Bol\u00edvar desde una perspectiva totalmente diferente de aquella con que lo hab\u00edan abordado siempre los pintores, el Bol\u00edvar cubierto de fama, de poder y de gloria, para optar por un Bol\u00edvar enfermo, envejecido y sumido en la derrota, la tristeza y la amargura, un Bol\u00edvar con humilde ruana en vez de pomposo traje militar, un Don Sim\u00f3n al que terminar\u00eda aplicando los conocimientos que hab\u00eda adquirido en los talleres de forja y de fundici\u00f3n del Instituto Tecnol\u00f3gico Santandereano para reproducirlo en sus esculturas.<\/p>\n<p>&nbsp;<\/p>\n<p><img loading=\"lazy\" decoding=\"async\" class=\"aligncenter size-large wp-image-39719\" src=\"https:\/\/lapiedrafilosofal.com\/wp-content\/uploads\/2021\/08\/LA-ULTIMA-CARTA-ANTONIO-FRIO-819x1024.jpeg\" alt=\"\" width=\"640\" height=\"800\" srcset=\"https:\/\/oscarhumbertogomez.com\/wp-content\/uploads\/2021\/08\/LA-ULTIMA-CARTA-ANTONIO-FRIO-819x1024.jpeg 819w, https:\/\/oscarhumbertogomez.com\/wp-content\/uploads\/2021\/08\/LA-ULTIMA-CARTA-ANTONIO-FRIO-240x300.jpeg 240w, https:\/\/oscarhumbertogomez.com\/wp-content\/uploads\/2021\/08\/LA-ULTIMA-CARTA-ANTONIO-FRIO-768x960.jpeg 768w, https:\/\/oscarhumbertogomez.com\/wp-content\/uploads\/2021\/08\/LA-ULTIMA-CARTA-ANTONIO-FRIO.jpeg 960w\" sizes=\"auto, (max-width: 640px) 100vw, 640px\" \/><\/p>\n<p>&nbsp;<\/p>\n<p>Esta madrugada, en el hospital de Zipaquir\u00e1, v\u00edctima de la pandemia que nos azota y cuando apenas hab\u00eda superado el umbral de los 70 a\u00f1os de vida, muri\u00f3 el connotado pintor, escultor, compositor y cantor colombiano \u00c9dgar Adarme, quien con su nombre art\u00edstico y seud\u00f3nimo Antonio Fr\u00edo, y gracias a su talento innato y a su esfuerzo personal indoblegable, lleg\u00f3 a posicionarse como uno de los artistas m\u00e1s vers\u00e1tiles y polifac\u00e9ticos de nuestro pa\u00eds.<\/p>\n<p>Nos unimos al inmenso dolor de su familia, de sus amigos y del pueblo zipaquire\u00f1o que lo apreciaba. A todos les enviamos, desde el fondo de nuestro coraz\u00f3n atribulado, el m\u00e1s c\u00e1lido abrazo de solidaridad en estas horas de profunda tristeza y de total desconcierto por la muerte del talentoso artista.<\/p>\n<p>&nbsp;<\/p>\n<p>Ruitoque, Mesa de las Tempestades, \u00e1rea metropolitana de Bucaramanga, martes 17 de agosto de 2021<\/p>\n<p>&nbsp;<\/p>\n","protected":false},"excerpt":{"rendered":"<p>&nbsp; En el a\u00f1o 1978 me encontraba adelantando mis estudios de derecho y mi compa\u00f1era Mar\u00eda Adela Pulido dirig\u00eda la p\u00e1gina de Sociales del diario Vanguardia Liberal. Un d\u00eda cualquiera en que estaba all\u00ed de visita, ingresaron a su oficina &hellip; <a href=\"https:\/\/oscarhumbertogomez.com\/?p=39714\">Sigue leyendo <span class=\"meta-nav\">&rarr;<\/span><\/a><\/p>\n<div class='heateorSssClear'><\/div><div  class='heateor_sss_sharing_container heateor_sss_horizontal_sharing' heateor-sss-data-href='https:\/\/oscarhumbertogomez.com\/?p=39714'><div class='heateor_sss_sharing_title' style=\"font-weight:bold\" >\u00a1Gracias por compartirla!<\/div><ul class=\"heateor_sss_sharing_ul\"><li class=\"heateorSssSharingRound\"><i style=\"width:35px;height:35px;border-radius:999px;\" alt=\"Facebook\" Title=\"Facebook\" class=\"heateorSssSharing heateorSssFacebookBackground\" onclick='heateorSssPopup(\"https:\/\/www.facebook.com\/sharer\/sharer.php?u=https%3A%2F%2Foscarhumbertogomez.com%2Findex.php%3Frest_route%3D%252Fwp%252Fv2%252Fposts%252F39714\")'><ss style=\"display:block;border-radius:999px;\" class=\"heateorSssSharingSvg heateorSssFacebookSvg\"><\/ss><\/i><\/li><li class=\"heateorSssSharingRound\"><i style=\"width:35px;height:35px;border-radius:999px;\" alt=\"Twitter\" Title=\"Twitter\" class=\"heateorSssSharing heateorSssTwitterBackground\" onclick='heateorSssPopup(\"http:\/\/twitter.com\/intent\/tweet?text=Muri%C3%B3%20Antonio%20Fr%C3%ADo.%20Por%3A%20%C3%93scar%20Humberto%20G%C3%B3mez%20G%C3%B3mez&url=https%3A%2F%2Foscarhumbertogomez.com%2Findex.php%3Frest_route%3D%252Fwp%252Fv2%252Fposts%252F39714\")'><ss style=\"display:block;border-radius:999px;\" class=\"heateorSssSharingSvg heateorSssTwitterSvg\"><\/ss><\/i><\/li><li class=\"heateorSssSharingRound\"><i style=\"width:35px;height:35px;border-radius:999px;\" alt=\"Whatsapp\" Title=\"Whatsapp\" class=\"heateorSssSharing heateorSssWhatsappBackground\" onclick='heateorSssPopup(\"https:\/\/web.whatsapp.com\/send?text=Muri%C3%B3%20Antonio%20Fr%C3%ADo.%20Por%3A%20%C3%93scar%20Humberto%20G%C3%B3mez%20G%C3%B3mez https%3A%2F%2Foscarhumbertogomez.com%2Findex.php%3Frest_route%3D%252Fwp%252Fv2%252Fposts%252F39714\")'><ss style=\"display:block\" class=\"heateorSssSharingSvg heateorSssWhatsappSvg\"><\/ss><\/i><\/li><li class=\"heateorSssSharingRound\"><i style=\"width:35px;height:35px;border-radius:999px;\" alt=\"Pinterest\" Title=\"Pinterest\" class=\"heateorSssSharing heateorSssPinterestBackground\" onclick=\"javascript:void( (function() {var e=document.createElement('script' );e.setAttribute('type','text\/javascript' );e.setAttribute('charset','UTF-8' );e.setAttribute('src','\/\/assets.pinterest.com\/js\/pinmarklet.js?r='+Math.random()*99999999);document.body.appendChild(e)})());\"><ss style=\"display:block;border-radius:999px;\" class=\"heateorSssSharingSvg heateorSssPinterestSvg\"><\/ss><\/i><\/li><li class=\"heateorSssSharingRound\"><i style=\"width:35px;height:35px;border-radius:999px;\" alt=\"Google Gmail\" Title=\"Google Gmail\" class=\"heateorSssSharing heateorSssGoogleGmailBackground\" onclick='heateorSssPopup(\"https:\/\/mail.google.com\/mail\/?ui=2&view=cm&fs=1&tf=1&su=Muri%C3%B3%20Antonio%20Fr%C3%ADo.%20Por%3A%20%C3%93scar%20Humberto%20G%C3%B3mez%20G%C3%B3mez&body=Link:https%3A%2F%2Foscarhumbertogomez.com%2Findex.php%3Frest_route%3D%252Fwp%252Fv2%252Fposts%252F39714\")'><ss style=\"display:block;border-radius:999px;\" class=\"heateorSssSharingSvg heateorSssGoogleGmailSvg\"><\/ss><\/i><\/li><li class=\"heateorSssSharingRound\"><i style=\"width:35px;height:35px;border-radius:999px;\" title=\"More\" alt=\"More\" class=\"heateorSssSharing heateorSssMoreBackground\" onclick=\"heateorSssMoreSharingPopup(this, 'https:\/\/oscarhumbertogomez.com\/index.php?rest_route=%2Fwp%2Fv2%2Fposts%2F39714', 'Muri%C3%B3%20Antonio%20Fr%C3%ADo.%20Por%3A%20%C3%93scar%20Humberto%20G%C3%B3mez%20G%C3%B3mez', '' )\" ><ss style=\"display:block\" class=\"heateorSssSharingSvg heateorSssMoreSvg\"><\/ss><\/i><\/li><\/ul><div class=\"heateorSssClear\"><\/div><\/div><div class='heateorSssClear'><\/div>","protected":false},"author":2,"featured_media":0,"comment_status":"closed","ping_status":"closed","sticky":false,"template":"","format":"standard","meta":{"spay_email":"","footnotes":""},"categories":[71],"tags":[],"class_list":["post-39714","post","type-post","status-publish","format-standard","hentry","category-pintura-y-escultura"],"jetpack_featured_media_url":"","jetpack_shortlink":"https:\/\/wp.me\/p1FYrr-aky","_links":{"self":[{"href":"https:\/\/oscarhumbertogomez.com\/index.php?rest_route=\/wp\/v2\/posts\/39714","targetHints":{"allow":["GET"]}}],"collection":[{"href":"https:\/\/oscarhumbertogomez.com\/index.php?rest_route=\/wp\/v2\/posts"}],"about":[{"href":"https:\/\/oscarhumbertogomez.com\/index.php?rest_route=\/wp\/v2\/types\/post"}],"author":[{"embeddable":true,"href":"https:\/\/oscarhumbertogomez.com\/index.php?rest_route=\/wp\/v2\/users\/2"}],"replies":[{"embeddable":true,"href":"https:\/\/oscarhumbertogomez.com\/index.php?rest_route=%2Fwp%2Fv2%2Fcomments&post=39714"}],"version-history":[{"count":5,"href":"https:\/\/oscarhumbertogomez.com\/index.php?rest_route=\/wp\/v2\/posts\/39714\/revisions"}],"predecessor-version":[{"id":43720,"href":"https:\/\/oscarhumbertogomez.com\/index.php?rest_route=\/wp\/v2\/posts\/39714\/revisions\/43720"}],"wp:attachment":[{"href":"https:\/\/oscarhumbertogomez.com\/index.php?rest_route=%2Fwp%2Fv2%2Fmedia&parent=39714"}],"wp:term":[{"taxonomy":"category","embeddable":true,"href":"https:\/\/oscarhumbertogomez.com\/index.php?rest_route=%2Fwp%2Fv2%2Fcategories&post=39714"},{"taxonomy":"post_tag","embeddable":true,"href":"https:\/\/oscarhumbertogomez.com\/index.php?rest_route=%2Fwp%2Fv2%2Ftags&post=39714"}],"curies":[{"name":"wp","href":"https:\/\/api.w.org\/{rel}","templated":true}]}}