{"id":3987,"date":"2012-04-30T21:20:32","date_gmt":"2012-05-01T02:20:32","guid":{"rendered":"http:\/\/www.oscarhumbertogomez.com\/?p=3987"},"modified":"2025-04-05T11:45:43","modified_gmt":"2025-04-05T16:45:43","slug":"lo-que-faltaba-lo-que-los-altos-dignatarios-del-estado-digan-o-escriban-en-los-medios-de-comunicacion-no-tiene-valor-probatorio-alguno-si-no-lo-ratifican-judicialmente-dice-el-consejo-de-e","status":"publish","type":"post","link":"https:\/\/oscarhumbertogomez.com\/?p=3987","title":{"rendered":"\u00a1Lo que faltaba! Seg\u00fan el Consejo de Estado, &#8220;Lo que los altos dignatarios del Estado digan o escriban en los medios de comunicaci\u00f3n no tiene valor probatorio alguno si no lo ratifican judicialmente&#8221;. Por \u00d3scar Humberto G\u00f3mez G\u00f3mez"},"content":{"rendered":"<div id=\"attachment_49906\" style=\"width: 650px\" class=\"wp-caption aligncenter\"><img loading=\"lazy\" decoding=\"async\" aria-describedby=\"caption-attachment-49906\" class=\"size-large wp-image-49906\" src=\"https:\/\/oscarhumbertogomez.com\/wp-content\/uploads\/2011\/06\/WhatsApp-Image-2025-01-19-at-16.33.19-1024x690.jpeg\" alt=\"\" width=\"640\" height=\"431\" srcset=\"https:\/\/oscarhumbertogomez.com\/wp-content\/uploads\/2011\/06\/WhatsApp-Image-2025-01-19-at-16.33.19-1024x690.jpeg 1024w, https:\/\/oscarhumbertogomez.com\/wp-content\/uploads\/2011\/06\/WhatsApp-Image-2025-01-19-at-16.33.19-300x202.jpeg 300w, https:\/\/oscarhumbertogomez.com\/wp-content\/uploads\/2011\/06\/WhatsApp-Image-2025-01-19-at-16.33.19-768x517.jpeg 768w, https:\/\/oscarhumbertogomez.com\/wp-content\/uploads\/2011\/06\/WhatsApp-Image-2025-01-19-at-16.33.19.jpeg 1280w\" sizes=\"auto, (max-width: 640px) 100vw, 640px\" \/><p id=\"caption-attachment-49906\" class=\"wp-caption-text\">\u00d3SCAR HUMBERTO G\u00d3MEZ G\u00d3MEZ. Fotograf\u00eda de Nylse Blackburn. 2009<\/p><\/div>\n<p>&nbsp;<\/p>\n<p>\u00a1Lo que faltaba!<\/p>\n<p>En un pa\u00eds donde desde la hora del desayuno los funcionarios p\u00fablicos se la pasan dando declaraciones en los medios de comunicaci\u00f3n, donde se transmiten por televisi\u00f3n y, como dicen, &#8220;en vivo y en directo&#8221; alocuciones presidenciales, vicepresidenciales, ministeriales y de todo orden, ahora resulta que cuanto digan esas autoridades estatales no tiene valor probatorio alguno si no han ratificado lo que dijeron, ante un juzgado, bajo juramento y con el lleno de los requisitos procesales.<\/p>\n<p>As\u00ed lo ha dicho el Consejo de Estado, con el argumento de que <span style=\"text-decoration: underline;\">el testimonio<\/span> tiene unos requisitos formales que deben cumplirse para que tenga validez.<\/p>\n<p>En consecuencia, si un ministro dice a trav\u00e9s de los medios de comunicaci\u00f3n que tuvo que declarar insubsistente a un subalterno de su ministerio porque hab\u00eda incurrido en actos de corrupci\u00f3n, o porque estaba mentalmente perturbado, o porque era inepto para el cargo, en lugar de la Justicia darles a semejantes afirmaciones el correspondiente valor y, consecuencialmente, conminar al Ministerio a que presente las pruebas de que tales aseveraciones son ciertas, so pena de que, en caso contrario, se derivar\u00e1n las consecuencias jur\u00eddicas del caso, lo que se pretende ahora es negarles toda validez probatoria a dichas declaraciones p\u00fablicas.<\/p>\n<p>Transitando en la misma l\u00ednea de asegurar que los medios de comunicaci\u00f3n no sirven en absoluto para aproximarse a la prueba de los hechos que ellos divulgan, el Consejo de Estado. Sala de lo Contencioso Administrativo. Secci\u00f3n Tercera dice tambi\u00e9n que los videos en los cuales aparezca un alto funcionario explicando ante los canales de televisi\u00f3n por qu\u00e9 se prescindi\u00f3 de un subalterno, o las cintas del espacio radial en el que hizo tal cosa, o el ejemplar autenticado donde se lee entre comillas su versi\u00f3n, no tienen el m\u00e1s m\u00ednimo valor probatorio y que lo \u00fanico que, escasamente, demuestra ese material es que la televisi\u00f3n emiti\u00f3 tales declaraciones, o que la radiodifusora las transmiti\u00f3, o que la prensa las public\u00f3, pero no que el funcionario dijo lo que dijo, porque es como si nunca lo hubiera dicho.<\/p>\n<p>Por consiguiente, si un alto dignatario dice cualquier cosa por televisi\u00f3n, por la radio o por la prensa, pero no ratifica lo que dijo <strong>judicialmente, <\/strong>el ciudadano afectado con las declaraciones, o que pudiera, con base en ellas, exigir sus derechos, se ver\u00e1 privado de la posibilidad de utilizarlas como medio de prueba.<\/p>\n<p>As\u00ed, por ejemplo, si al ser retirado del servicio oficial un funcionario su superior jer\u00e1rquico dice en una entrevista de televisi\u00f3n, radio o prensa que su retiro obedeci\u00f3 al hecho de haber sido sorprendido llev\u00e1ndose los caudales, pero no ratifica esa aseveraci\u00f3n <strong>judicialmente<\/strong>, no obtendr\u00e1 su&nbsp;reintegro, a pesar de que aparentemente el mismo pareciera ser inevitable por hab\u00e9rsele violado su derecho a que, primero, se le hubiese investigado y, al final, como resultado de haber quedado probada la veracidad de las acusaciones ah\u00ed s\u00ed se le hubiese retirado del servicio (derecho al debido proceso).<\/p>\n<p>La cuesti\u00f3n se torna m\u00e1s grave porque, desde hace mucho tiempo, el mismo Consejo de Estado ha sentado la jurisprudencia de que a los representantes legales de las entidades p\u00fablicas demandadas (por ejemplo, a los ministros) no se les puede citar a interrogatorio de parte, medio de prueba con la que, a base de preguntas, se busca la confesi\u00f3n del citado.<\/p>\n<p>El no valorar como medios de prueba los peri\u00f3dicos y dem\u00e1s medios de comunicaci\u00f3n rompe la tradici\u00f3n jurisprudencial del propio Consejo de Estado.<\/p>\n<p>En efecto, desde siempre, y como lo veremos en otra entrada posterior, el Consejo de Estado ha tenido en cuenta los peri\u00f3dicos y los dem\u00e1s medios de comunicaci\u00f3n como medios de prueba dentro de los procesos contencioso-administrativos.<\/p>\n<p>Este portal, por supuesto, se estar\u00e1 pronunciando en contra de este otro exabrupto judicial y mantendremos esa lucha, porque la anotada jurisprudencia resulta, a nuestro juicio, completamente equivocada, da\u00f1ina y peligrosa. &nbsp;De ser cierto lo que ahora dice el Consejo de Estado, les bastar\u00eda a los funcionarios p\u00fablicos negarse a ratificar judicialmente lo que dijeron en los medios de comunicaci\u00f3n para, con eso, dejar sin herramientas de defensa a los afectados con sus declaraciones.<\/p>\n<p>Estamos, ciertamente, atravesando un momento hist\u00f3rico especialmente dif\u00edcil para el Derecho y para la Justicia.<\/p>\n<p>&nbsp;<\/p>\n","protected":false},"excerpt":{"rendered":"<p>&nbsp; \u00a1Lo que faltaba! En un pa\u00eds donde desde la hora del desayuno los funcionarios p\u00fablicos se la pasan dando declaraciones en los medios de comunicaci\u00f3n, donde se transmiten por televisi\u00f3n y, como dicen, &#8220;en vivo y en directo&#8221; alocuciones &hellip; <a href=\"https:\/\/oscarhumbertogomez.com\/?p=3987\">Sigue leyendo <span class=\"meta-nav\">&rarr;<\/span><\/a><\/p>\n<div class='heateorSssClear'><\/div><div  class='heateor_sss_sharing_container heateor_sss_horizontal_sharing' heateor-sss-data-href='https:\/\/oscarhumbertogomez.com\/?p=3987'><div class='heateor_sss_sharing_title' style=\"font-weight:bold\" >\u00a1Gracias por compartirla!<\/div><ul class=\"heateor_sss_sharing_ul\"><li class=\"heateorSssSharingRound\"><i style=\"width:35px;height:35px;border-radius:999px;\" alt=\"Facebook\" Title=\"Facebook\" class=\"heateorSssSharing heateorSssFacebookBackground\" onclick='heateorSssPopup(\"https:\/\/www.facebook.com\/sharer\/sharer.php?u=https%3A%2F%2Foscarhumbertogomez.com%2Findex.php%3Frest_route%3D%252Fwp%252Fv2%252Fposts%252F3987\")'><ss style=\"display:block;border-radius:999px;\" class=\"heateorSssSharingSvg heateorSssFacebookSvg\"><\/ss><\/i><\/li><li class=\"heateorSssSharingRound\"><i style=\"width:35px;height:35px;border-radius:999px;\" alt=\"Twitter\" Title=\"Twitter\" class=\"heateorSssSharing heateorSssTwitterBackground\" onclick='heateorSssPopup(\"http:\/\/twitter.com\/intent\/tweet?text=%C2%A1Lo%20que%20faltaba%21%20Seg%C3%BAn%20el%20Consejo%20de%20Estado%2C%20%22Lo%20que%20los%20altos%20dignatarios%20del%20Estado%20digan%20o%20escriban%20en%20los%20medios%20de%20comunicaci%C3%B3n%20no%20tiene%20valor%20probatorio%20alguno%20si%20no%20lo%20ratifican%20judicialmente%22.%20Por%20%C3%93scar%20Humberto%20G%C3%B3mez%20G%C3%B3mez&url=https%3A%2F%2Foscarhumbertogomez.com%2Findex.php%3Frest_route%3D%252Fwp%252Fv2%252Fposts%252F3987\")'><ss style=\"display:block;border-radius:999px;\" class=\"heateorSssSharingSvg heateorSssTwitterSvg\"><\/ss><\/i><\/li><li class=\"heateorSssSharingRound\"><i style=\"width:35px;height:35px;border-radius:999px;\" alt=\"Whatsapp\" Title=\"Whatsapp\" class=\"heateorSssSharing heateorSssWhatsappBackground\" onclick='heateorSssPopup(\"https:\/\/web.whatsapp.com\/send?text=%C2%A1Lo%20que%20faltaba%21%20Seg%C3%BAn%20el%20Consejo%20de%20Estado%2C%20%22Lo%20que%20los%20altos%20dignatarios%20del%20Estado%20digan%20o%20escriban%20en%20los%20medios%20de%20comunicaci%C3%B3n%20no%20tiene%20valor%20probatorio%20alguno%20si%20no%20lo%20ratifican%20judicialmente%22.%20Por%20%C3%93scar%20Humberto%20G%C3%B3mez%20G%C3%B3mez https%3A%2F%2Foscarhumbertogomez.com%2Findex.php%3Frest_route%3D%252Fwp%252Fv2%252Fposts%252F3987\")'><ss style=\"display:block\" class=\"heateorSssSharingSvg heateorSssWhatsappSvg\"><\/ss><\/i><\/li><li class=\"heateorSssSharingRound\"><i style=\"width:35px;height:35px;border-radius:999px;\" alt=\"Pinterest\" Title=\"Pinterest\" class=\"heateorSssSharing heateorSssPinterestBackground\" onclick=\"javascript:void( (function() {var e=document.createElement('script' );e.setAttribute('type','text\/javascript' );e.setAttribute('charset','UTF-8' );e.setAttribute('src','\/\/assets.pinterest.com\/js\/pinmarklet.js?r='+Math.random()*99999999);document.body.appendChild(e)})());\"><ss style=\"display:block;border-radius:999px;\" class=\"heateorSssSharingSvg heateorSssPinterestSvg\"><\/ss><\/i><\/li><li class=\"heateorSssSharingRound\"><i style=\"width:35px;height:35px;border-radius:999px;\" alt=\"Google Gmail\" Title=\"Google Gmail\" class=\"heateorSssSharing heateorSssGoogleGmailBackground\" onclick='heateorSssPopup(\"https:\/\/mail.google.com\/mail\/?ui=2&view=cm&fs=1&tf=1&su=%C2%A1Lo%20que%20faltaba%21%20Seg%C3%BAn%20el%20Consejo%20de%20Estado%2C%20%22Lo%20que%20los%20altos%20dignatarios%20del%20Estado%20digan%20o%20escriban%20en%20los%20medios%20de%20comunicaci%C3%B3n%20no%20tiene%20valor%20probatorio%20alguno%20si%20no%20lo%20ratifican%20judicialmente%22.%20Por%20%C3%93scar%20Humberto%20G%C3%B3mez%20G%C3%B3mez&body=Link:https%3A%2F%2Foscarhumbertogomez.com%2Findex.php%3Frest_route%3D%252Fwp%252Fv2%252Fposts%252F3987\")'><ss style=\"display:block;border-radius:999px;\" class=\"heateorSssSharingSvg heateorSssGoogleGmailSvg\"><\/ss><\/i><\/li><li class=\"heateorSssSharingRound\"><i style=\"width:35px;height:35px;border-radius:999px;\" title=\"More\" alt=\"More\" class=\"heateorSssSharing heateorSssMoreBackground\" onclick=\"heateorSssMoreSharingPopup(this, 'https:\/\/oscarhumbertogomez.com\/index.php?rest_route=%2Fwp%2Fv2%2Fposts%2F3987', '%C2%A1Lo%20que%20faltaba%21%20Seg%C3%BAn%20el%20Consejo%20de%20Estado%2C%20%22Lo%20que%20los%20altos%20dignatarios%20del%20Estado%20digan%20o%20escriban%20en%20los%20medios%20de%20comunicaci%C3%B3n%20no%20tiene%20valor%20probatorio%20alguno%20si%20no%20lo%20ratifican%20judicialmente%22.%20Por%20%C3%93scar%20Humberto%20G%C3%B3mez%20G%C3%B3mez', '' )\" ><ss style=\"display:block\" class=\"heateorSssSharingSvg heateorSssMoreSvg\"><\/ss><\/i><\/li><\/ul><div class=\"heateorSssClear\"><\/div><\/div><div class='heateorSssClear'><\/div>","protected":false},"author":2,"featured_media":0,"comment_status":"closed","ping_status":"closed","sticky":false,"template":"","format":"standard","meta":{"spay_email":"","footnotes":""},"categories":[60,11],"tags":[],"class_list":["post-3987","post","type-post","status-publish","format-standard","hentry","category-tribuna-de-opinion","category-periodismo"],"jetpack_featured_media_url":"","jetpack_shortlink":"https:\/\/wp.me\/p1FYrr-12j","_links":{"self":[{"href":"https:\/\/oscarhumbertogomez.com\/index.php?rest_route=\/wp\/v2\/posts\/3987","targetHints":{"allow":["GET"]}}],"collection":[{"href":"https:\/\/oscarhumbertogomez.com\/index.php?rest_route=\/wp\/v2\/posts"}],"about":[{"href":"https:\/\/oscarhumbertogomez.com\/index.php?rest_route=\/wp\/v2\/types\/post"}],"author":[{"embeddable":true,"href":"https:\/\/oscarhumbertogomez.com\/index.php?rest_route=\/wp\/v2\/users\/2"}],"replies":[{"embeddable":true,"href":"https:\/\/oscarhumbertogomez.com\/index.php?rest_route=%2Fwp%2Fv2%2Fcomments&post=3987"}],"version-history":[{"count":5,"href":"https:\/\/oscarhumbertogomez.com\/index.php?rest_route=\/wp\/v2\/posts\/3987\/revisions"}],"predecessor-version":[{"id":53601,"href":"https:\/\/oscarhumbertogomez.com\/index.php?rest_route=\/wp\/v2\/posts\/3987\/revisions\/53601"}],"wp:attachment":[{"href":"https:\/\/oscarhumbertogomez.com\/index.php?rest_route=%2Fwp%2Fv2%2Fmedia&parent=3987"}],"wp:term":[{"taxonomy":"category","embeddable":true,"href":"https:\/\/oscarhumbertogomez.com\/index.php?rest_route=%2Fwp%2Fv2%2Fcategories&post=3987"},{"taxonomy":"post_tag","embeddable":true,"href":"https:\/\/oscarhumbertogomez.com\/index.php?rest_route=%2Fwp%2Fv2%2Ftags&post=3987"}],"curies":[{"name":"wp","href":"https:\/\/api.w.org\/{rel}","templated":true}]}}