{"id":4009,"date":"2012-05-02T20:40:49","date_gmt":"2012-05-03T01:40:49","guid":{"rendered":"http:\/\/www.oscarhumbertogomez.com\/?p=4009"},"modified":"2025-03-24T18:45:30","modified_gmt":"2025-03-24T23:45:30","slug":"la-conciliacion-en-equidad-ii-por-hector-hernandez-mateus","status":"publish","type":"post","link":"https:\/\/oscarhumbertogomez.com\/?p=4009","title":{"rendered":"La Conciliaci\u00f3n en Equidad (II). Por H\u00e9ctor Hern\u00e1ndez Mateus"},"content":{"rendered":"<p><span style=\"color: #333399;\"><strong>NOTA DEL PORTAL:<\/strong><\/span> <em><strong>El destacado reportero gr\u00e1fico, columnista de prensa, l\u00edder c\u00edvico y dirigente deportivo don H\u00e9ctor Hern\u00e1ndez Mateus contin\u00faa explic\u00e1ndonos en qu\u00e9 consiste la conciliaci\u00f3n en equidad, instituci\u00f3n jur\u00eddica colombiana en la que es un experto.<\/strong><\/em><\/p>\n<p>&nbsp;<\/p>\n<p><span style=\"color: #0000ff;\"><strong><img decoding=\"async\" class=\"aligncenter size-full wp-image-4014\" title=\"HECTOR-HERNANDEZ-MATEUS\" src=\"https:\/\/lapiedrafilosofal.com\/wp-content\/uploads\/2012\/05\/HECTOR-HERNANDEZ-MATEUS.jpg\" alt=\"\" width=\"500\" height=\"\"><\/strong><\/span><\/p>\n<p><strong>&nbsp;<\/strong><\/p>\n<p>Hemos visto en la primera parte la base jur\u00eddica de la figura y algunas bondades de la misma. Vamos a complementar teniendo en cuenta que por ser, de manera principal, requerida por comunidad menos favorecida, es fundamental tener conocimiento cierto, completo y claro de las bondades y el tr\u00e1mite de la figura de la Conciliaci\u00f3n en Equidad.<\/p>\n<p>Hay que entender que cuando se expide una boleta, no es boleta de citaci\u00f3n; es de invitaci\u00f3n al di\u00e1logo con quien se tiene una contrariedad, diferencia, conflicto o deuda.<\/p>\n<p>La intervenci\u00f3n del Conciliador en Equidad es ser garante, orientador u ofertante de propuestas de soluci\u00f3n; es decir, el conciliador en equidad es un facilitador para encontrar soluci\u00f3n, que s\u00f3lo los conciliantes aprobaran. Son ellos quienes razonar\u00e1n y aprobar\u00e1n su acuerdo, donde cada una de las partes ceder\u00e1 a sus expectativas, por el bien y la armon\u00eda en convivencia entre ellos y los de su entorno. Dicho acuerdo se estampar\u00e1 en acta de Audiencia de Conciliaci\u00f3n en Equidad, que presta m\u00e9rito ejecutivo y da tr\u00e1nsito de cosa juzgada. Se aconseja realizar las audiencias de Conciliaci\u00f3n en Equidad en sitio donde haya discreci\u00f3n frente a terceras personas, e igualmente que solo intervengan las partes comprometidas en el caso tratado. No es aconsejable la intervenci\u00f3n de profesionales en derecho; si as\u00ed ocurriese, se limitar\u00e1n a verificar que se cumpla el protocolo y condiciones de equidad con cada uno de los participantes. Es facultad del Conciliador en Equidad aceptar la presencia de personas ajenas en la audiencia; se recomienda actuar con responsabilidad, respetando la dignidad de los presentes, especialmente con los profesionales en derecho y sus asistidos, para que no se crea que hay extralimitaci\u00f3n en las funciones y discriminaci\u00f3n para las garant\u00edas, por ser un tema de Justicia Comunitaria.<\/p>\n<p>Una audiencia de Conciliaci\u00f3n en Equidad puede durar m\u00e1s de una hora y\/o ser dividida en partes, con el fin de lograr acuerdos; si lo tratado se compone de varios puntos, se podr\u00e1n hacer acuerdos parciales, aconsej\u00e1ndose dirimir aquellos de menor a mayor, y as\u00ed se pueden consolidar grandes arreglos, que siempre beneficiar\u00e1n la convivencia dentro de la comunidad, que es en \u00faltimas el prop\u00f3sito del existir de la Conciliaci\u00f3n en Equidad, sin prisa y con convicci\u00f3n de credibilidad en la figura.<\/p>\n<p>&nbsp;<\/p>\n<p>* <em>Conciliador en Equidad posesionado ante el Tribunal Superior del Distrito Judicial de Bucaramanga, mediante acuerdo 22 del 27 de junio de 1994.<\/em><\/p>\n<p>&nbsp;<\/p>\n","protected":false},"excerpt":{"rendered":"<p>NOTA DEL PORTAL: El destacado reportero gr\u00e1fico, columnista de prensa, l\u00edder c\u00edvico y dirigente deportivo don H\u00e9ctor Hern\u00e1ndez Mateus contin\u00faa explic\u00e1ndonos en qu\u00e9 consiste la conciliaci\u00f3n en equidad, instituci\u00f3n jur\u00eddica colombiana en la que es un experto. &nbsp; &nbsp; Hemos &hellip; <a href=\"https:\/\/oscarhumbertogomez.com\/?p=4009\">Sigue leyendo <span class=\"meta-nav\">&rarr;<\/span><\/a><\/p>\n<div class='heateorSssClear'><\/div><div  class='heateor_sss_sharing_container heateor_sss_horizontal_sharing' heateor-sss-data-href='https:\/\/oscarhumbertogomez.com\/?p=4009'><div class='heateor_sss_sharing_title' style=\"font-weight:bold\" >\u00a1Gracias por compartirla!<\/div><ul class=\"heateor_sss_sharing_ul\"><li class=\"heateorSssSharingRound\"><i style=\"width:35px;height:35px;border-radius:999px;\" alt=\"Facebook\" Title=\"Facebook\" class=\"heateorSssSharing heateorSssFacebookBackground\" onclick='heateorSssPopup(\"https:\/\/www.facebook.com\/sharer\/sharer.php?u=https%3A%2F%2Foscarhumbertogomez.com%2Findex.php%3Frest_route%3D%252Fwp%252Fv2%252Fposts%252F4009\")'><ss style=\"display:block;border-radius:999px;\" class=\"heateorSssSharingSvg heateorSssFacebookSvg\"><\/ss><\/i><\/li><li class=\"heateorSssSharingRound\"><i style=\"width:35px;height:35px;border-radius:999px;\" alt=\"Twitter\" Title=\"Twitter\" class=\"heateorSssSharing heateorSssTwitterBackground\" onclick='heateorSssPopup(\"http:\/\/twitter.com\/intent\/tweet?text=La%20Conciliaci%C3%B3n%20en%20Equidad%20%28II%29.%20Por%20H%C3%A9ctor%20Hern%C3%A1ndez%20Mateus&url=https%3A%2F%2Foscarhumbertogomez.com%2Findex.php%3Frest_route%3D%252Fwp%252Fv2%252Fposts%252F4009\")'><ss style=\"display:block;border-radius:999px;\" class=\"heateorSssSharingSvg heateorSssTwitterSvg\"><\/ss><\/i><\/li><li class=\"heateorSssSharingRound\"><i style=\"width:35px;height:35px;border-radius:999px;\" alt=\"Whatsapp\" Title=\"Whatsapp\" class=\"heateorSssSharing heateorSssWhatsappBackground\" onclick='heateorSssPopup(\"https:\/\/web.whatsapp.com\/send?text=La%20Conciliaci%C3%B3n%20en%20Equidad%20%28II%29.%20Por%20H%C3%A9ctor%20Hern%C3%A1ndez%20Mateus https%3A%2F%2Foscarhumbertogomez.com%2Findex.php%3Frest_route%3D%252Fwp%252Fv2%252Fposts%252F4009\")'><ss style=\"display:block\" class=\"heateorSssSharingSvg heateorSssWhatsappSvg\"><\/ss><\/i><\/li><li class=\"heateorSssSharingRound\"><i style=\"width:35px;height:35px;border-radius:999px;\" alt=\"Pinterest\" Title=\"Pinterest\" class=\"heateorSssSharing heateorSssPinterestBackground\" onclick=\"javascript:void( (function() {var e=document.createElement('script' );e.setAttribute('type','text\/javascript' );e.setAttribute('charset','UTF-8' );e.setAttribute('src','\/\/assets.pinterest.com\/js\/pinmarklet.js?r='+Math.random()*99999999);document.body.appendChild(e)})());\"><ss style=\"display:block;border-radius:999px;\" class=\"heateorSssSharingSvg heateorSssPinterestSvg\"><\/ss><\/i><\/li><li class=\"heateorSssSharingRound\"><i style=\"width:35px;height:35px;border-radius:999px;\" alt=\"Google Gmail\" Title=\"Google Gmail\" class=\"heateorSssSharing heateorSssGoogleGmailBackground\" onclick='heateorSssPopup(\"https:\/\/mail.google.com\/mail\/?ui=2&view=cm&fs=1&tf=1&su=La%20Conciliaci%C3%B3n%20en%20Equidad%20%28II%29.%20Por%20H%C3%A9ctor%20Hern%C3%A1ndez%20Mateus&body=Link:https%3A%2F%2Foscarhumbertogomez.com%2Findex.php%3Frest_route%3D%252Fwp%252Fv2%252Fposts%252F4009\")'><ss style=\"display:block;border-radius:999px;\" class=\"heateorSssSharingSvg heateorSssGoogleGmailSvg\"><\/ss><\/i><\/li><li class=\"heateorSssSharingRound\"><i style=\"width:35px;height:35px;border-radius:999px;\" title=\"More\" alt=\"More\" class=\"heateorSssSharing heateorSssMoreBackground\" onclick=\"heateorSssMoreSharingPopup(this, 'https:\/\/oscarhumbertogomez.com\/index.php?rest_route=%2Fwp%2Fv2%2Fposts%2F4009', 'La%20Conciliaci%C3%B3n%20en%20Equidad%20%28II%29.%20Por%20H%C3%A9ctor%20Hern%C3%A1ndez%20Mateus', '' )\" ><ss style=\"display:block\" class=\"heateorSssSharingSvg heateorSssMoreSvg\"><\/ss><\/i><\/li><\/ul><div class=\"heateorSssClear\"><\/div><\/div><div class='heateorSssClear'><\/div>","protected":false},"author":2,"featured_media":0,"comment_status":"closed","ping_status":"closed","sticky":false,"template":"","format":"standard","meta":{"spay_email":"","footnotes":""},"categories":[6],"tags":[],"class_list":["post-4009","post","type-post","status-publish","format-standard","hentry","category-la-pluma-ajena"],"jetpack_featured_media_url":"","jetpack_shortlink":"https:\/\/wp.me\/p1FYrr-12F","_links":{"self":[{"href":"https:\/\/oscarhumbertogomez.com\/index.php?rest_route=\/wp\/v2\/posts\/4009","targetHints":{"allow":["GET"]}}],"collection":[{"href":"https:\/\/oscarhumbertogomez.com\/index.php?rest_route=\/wp\/v2\/posts"}],"about":[{"href":"https:\/\/oscarhumbertogomez.com\/index.php?rest_route=\/wp\/v2\/types\/post"}],"author":[{"embeddable":true,"href":"https:\/\/oscarhumbertogomez.com\/index.php?rest_route=\/wp\/v2\/users\/2"}],"replies":[{"embeddable":true,"href":"https:\/\/oscarhumbertogomez.com\/index.php?rest_route=%2Fwp%2Fv2%2Fcomments&post=4009"}],"version-history":[{"count":4,"href":"https:\/\/oscarhumbertogomez.com\/index.php?rest_route=\/wp\/v2\/posts\/4009\/revisions"}],"predecessor-version":[{"id":52809,"href":"https:\/\/oscarhumbertogomez.com\/index.php?rest_route=\/wp\/v2\/posts\/4009\/revisions\/52809"}],"wp:attachment":[{"href":"https:\/\/oscarhumbertogomez.com\/index.php?rest_route=%2Fwp%2Fv2%2Fmedia&parent=4009"}],"wp:term":[{"taxonomy":"category","embeddable":true,"href":"https:\/\/oscarhumbertogomez.com\/index.php?rest_route=%2Fwp%2Fv2%2Fcategories&post=4009"},{"taxonomy":"post_tag","embeddable":true,"href":"https:\/\/oscarhumbertogomez.com\/index.php?rest_route=%2Fwp%2Fv2%2Ftags&post=4009"}],"curies":[{"name":"wp","href":"https:\/\/api.w.org\/{rel}","templated":true}]}}