{"id":40447,"date":"2022-12-17T13:30:00","date_gmt":"2022-12-17T18:30:00","guid":{"rendered":"https:\/\/lapiedrafilosofal.com\/?p=40447"},"modified":"2023-01-10T20:59:27","modified_gmt":"2023-01-11T01:59:27","slug":"los-ultimos-vestigios-de-simon-por-oscar-humberto-gomez-gomez","status":"publish","type":"post","link":"https:\/\/oscarhumbertogomez.com\/?p=40447","title":{"rendered":"Los \u00faltimos vestigios de Sim\u00f3n. Por \u00d3scar Humberto G\u00f3mez G\u00f3mez"},"content":{"rendered":"<p><img loading=\"lazy\" decoding=\"async\" class=\"aligncenter size-full wp-image-25300\" src=\"https:\/\/lapiedrafilosofal.com\/wp-content\/uploads\/2017\/04\/BOLIVAR.jpg\" alt=\"\" width=\"496\" height=\"392\" srcset=\"https:\/\/oscarhumbertogomez.com\/wp-content\/uploads\/2017\/04\/BOLIVAR.jpg 496w, https:\/\/oscarhumbertogomez.com\/wp-content\/uploads\/2017\/04\/BOLIVAR-300x237.jpg 300w\" sizes=\"auto, (max-width: 496px) 100vw, 496px\" \/><\/p>\n<p>&nbsp;<\/p>\n<p>\u00bfMe preguntas qu\u00e9 queda de su obra?<\/p>\n<p>Pues, la verdad sea dicha, no mucho que digamos.<\/p>\n<p>&nbsp;<\/p>\n<p><img loading=\"lazy\" decoding=\"async\" class=\"aligncenter size-full wp-image-25300\" src=\"https:\/\/lapiedrafilosofal.com\/wp-content\/uploads\/2017\/04\/BOLIVAR.jpg\" alt=\"\" width=\"496\" height=\"392\" srcset=\"https:\/\/oscarhumbertogomez.com\/wp-content\/uploads\/2017\/04\/BOLIVAR.jpg 496w, https:\/\/oscarhumbertogomez.com\/wp-content\/uploads\/2017\/04\/BOLIVAR-300x237.jpg 300w\" sizes=\"auto, (max-width: 496px) 100vw, 496px\" \/><\/p>\n<p>&nbsp;<\/p>\n<p>Nuestro departamento de Panam\u00e1, por ejemplo, hoy es un pa\u00eds aparte y nadie me ha respondido con claridad si los paname\u00f1os de hoy en d\u00eda le otorgan alg\u00fan papel en la liberaci\u00f3n de su pa\u00eds, al lado de Jos\u00e9 de F\u00e1brega por supuesto, o si m\u00e1s bien consideran como sus libertadores a los personajes que fraguaron la separaci\u00f3n en el nefasto a\u00f1o de 1903 solamente con el fin de entregarle a Estados Unidos su ansiada construcci\u00f3n del canal interoce\u00e1nico para que sus barcos no tuvieran que dar la vuelta por el extremo sur del continente.<\/p>\n<p>&nbsp;<\/p>\n<p><img loading=\"lazy\" decoding=\"async\" class=\"aligncenter size-full wp-image-25300\" src=\"https:\/\/lapiedrafilosofal.com\/wp-content\/uploads\/2017\/04\/BOLIVAR.jpg\" alt=\"\" width=\"496\" height=\"392\" srcset=\"https:\/\/oscarhumbertogomez.com\/wp-content\/uploads\/2017\/04\/BOLIVAR.jpg 496w, https:\/\/oscarhumbertogomez.com\/wp-content\/uploads\/2017\/04\/BOLIVAR-300x237.jpg 300w\" sizes=\"auto, (max-width: 496px) 100vw, 496px\" \/><\/p>\n<p>&nbsp;<\/p>\n<p>Lo cierto es que los ni\u00f1os y las ni\u00f1as que nacieron en 1830, el a\u00f1o triste en que muri\u00f3, tendido en una cama ajena, y para colmo de males de propiedad de un espa\u00f1ol, andaban por los 73 a\u00f1os de edad cuando ya se hab\u00eda desintegrado la unidad territorial de esta Colombia desventurada con la dolorosa e irreparable p\u00e9rdida de su promisorio istmo.<\/p>\n<p>&nbsp;<\/p>\n<p><img loading=\"lazy\" decoding=\"async\" class=\"aligncenter size-full wp-image-25300\" src=\"https:\/\/lapiedrafilosofal.com\/wp-content\/uploads\/2017\/04\/BOLIVAR.jpg\" alt=\"\" width=\"496\" height=\"392\" srcset=\"https:\/\/oscarhumbertogomez.com\/wp-content\/uploads\/2017\/04\/BOLIVAR.jpg 496w, https:\/\/oscarhumbertogomez.com\/wp-content\/uploads\/2017\/04\/BOLIVAR-300x237.jpg 300w\" sizes=\"auto, (max-width: 496px) 100vw, 496px\" \/><\/p>\n<p>&nbsp;<\/p>\n<p>Y eso, para hablar solamente de la unidad de la hoy Colombia.<\/p>\n<p>Porque para el momento mismo de su muerte, esto es, para el 17 de diciembre de 1830, ya se hab\u00eda desintegrado la unidad territorial de la Colombia de entonces.<\/p>\n<p>Una Colombia que no era la misma de hoy, sino una mucho m\u00e1s inmensa.<\/p>\n<p>&nbsp;<\/p>\n<p><img loading=\"lazy\" decoding=\"async\" class=\"aligncenter size-full wp-image-25300\" src=\"https:\/\/lapiedrafilosofal.com\/wp-content\/uploads\/2017\/04\/BOLIVAR.jpg\" alt=\"\" width=\"496\" height=\"392\" srcset=\"https:\/\/oscarhumbertogomez.com\/wp-content\/uploads\/2017\/04\/BOLIVAR.jpg 496w, https:\/\/oscarhumbertogomez.com\/wp-content\/uploads\/2017\/04\/BOLIVAR-300x237.jpg 300w\" sizes=\"auto, (max-width: 496px) 100vw, 496px\" \/><\/p>\n<p>&nbsp;<\/p>\n<p>Y es que ya nadie, salvo los historiadores, se acuerda de que tambi\u00e9n Caracas, y tambi\u00e9n Quito, y tambi\u00e9n el resto de ciudades y de pueblos tanto de la actual Venezuela como del actual Ecuador, gracias a \u00e9l formaron parte de Colombia.<\/p>\n<p>En otras palabras, ya nadie se acuerda, ni a nadie le importa acordarse, de que los venezolanos y los ecuatorianos, gracias a \u00e9l, tambi\u00e9n fueron colombianos.<\/p>\n<p>&nbsp;<\/p>\n<p><img loading=\"lazy\" decoding=\"async\" class=\"aligncenter size-full wp-image-25300\" src=\"https:\/\/lapiedrafilosofal.com\/wp-content\/uploads\/2017\/04\/BOLIVAR.jpg\" alt=\"\" width=\"496\" height=\"392\" srcset=\"https:\/\/oscarhumbertogomez.com\/wp-content\/uploads\/2017\/04\/BOLIVAR.jpg 496w, https:\/\/oscarhumbertogomez.com\/wp-content\/uploads\/2017\/04\/BOLIVAR-300x237.jpg 300w\" sizes=\"auto, (max-width: 496px) 100vw, 496px\" \/><\/p>\n<p>&nbsp;<\/p>\n<p>Nada queda siquiera de la fugaz unidad colombo-venezolana.  Por el contrario, hoy en d\u00eda colombianos y venezolanos solamente hablan de cerrarse las fronteras, de expulsarse mutuamente, hasta de ir a la guerra.<\/p>\n<p>&nbsp;<\/p>\n<p><img loading=\"lazy\" decoding=\"async\" class=\"aligncenter size-full wp-image-25300\" src=\"https:\/\/lapiedrafilosofal.com\/wp-content\/uploads\/2017\/04\/BOLIVAR.jpg\" alt=\"\" width=\"496\" height=\"392\" srcset=\"https:\/\/oscarhumbertogomez.com\/wp-content\/uploads\/2017\/04\/BOLIVAR.jpg 496w, https:\/\/oscarhumbertogomez.com\/wp-content\/uploads\/2017\/04\/BOLIVAR-300x237.jpg 300w\" sizes=\"auto, (max-width: 496px) 100vw, 496px\" \/><\/p>\n<p>&nbsp;<\/p>\n<p>Pero la divisi\u00f3n no es solamente entre venezolanos y colombianos.<\/p>\n<p>Si no, miren la que hay dentro de los mismos colombianos.<\/p>\n<p>Basta con ojear los titulares de las noticias \u2014 que, por cierto, es lo \u00fanico que leo de ellas desde que el contenido de las mismas aprend\u00ed a adivinarlo \u2014 para observar que dentro de los colombianos de ahora lo que reina no es precisamente el afecto mutuo.<\/p>\n<p>&nbsp;<\/p>\n<p><img loading=\"lazy\" decoding=\"async\" class=\"aligncenter size-full wp-image-25300\" src=\"https:\/\/lapiedrafilosofal.com\/wp-content\/uploads\/2017\/04\/BOLIVAR.jpg\" alt=\"\" width=\"496\" height=\"392\" srcset=\"https:\/\/oscarhumbertogomez.com\/wp-content\/uploads\/2017\/04\/BOLIVAR.jpg 496w, https:\/\/oscarhumbertogomez.com\/wp-content\/uploads\/2017\/04\/BOLIVAR-300x237.jpg 300w\" sizes=\"auto, (max-width: 496px) 100vw, 496px\" \/><\/p>\n<p>&nbsp;<\/p>\n<p>Y eso, sin hablar de nuestras guerras, sin ahondar mucho en que aqu\u00ed no m\u00e1s, en los terrenos a donde la gente llega para tomar el avi\u00f3n, los colombianos, los de la Colombia que qued\u00f3 despu\u00e9s de la desintegraci\u00f3n de la enorme que \u00e9l fund\u00f3, se mataron entre ellos mismos d\u00e1ndose tiros y machetazos.<\/p>\n<p>Y es que la gente, salvo los historiadores, ni siquiera sabe que all\u00e1 en ese cerro quedaron agonizando, ensangrentados, miles de colombianos que antes de fallecer clamaban por una gota de agua. Ni sabe que en el templo de San Laureano se celebr\u00f3 un Te Deum para darle gracias a Dios por la victoria que significaba haberlos dejado agonizando, ensangrentados y clamando por una gota de agua all\u00e1 arriba, en el cerro triste de Palonegro.<\/p>\n<p>&nbsp;<\/p>\n<p><img loading=\"lazy\" decoding=\"async\" class=\"aligncenter size-full wp-image-25300\" src=\"https:\/\/lapiedrafilosofal.com\/wp-content\/uploads\/2017\/04\/BOLIVAR.jpg\" alt=\"\" width=\"496\" height=\"392\" srcset=\"https:\/\/oscarhumbertogomez.com\/wp-content\/uploads\/2017\/04\/BOLIVAR.jpg 496w, https:\/\/oscarhumbertogomez.com\/wp-content\/uploads\/2017\/04\/BOLIVAR-300x237.jpg 300w\" sizes=\"auto, (max-width: 496px) 100vw, 496px\" \/><\/p>\n<p>&nbsp;<\/p>\n<p>Del resto de naciones libertadas por su ingenio es mejor no hablar. S\u00ed: es mejor guardar silencio frente a la situaci\u00f3n del siempre convulsionado Per\u00fa. Y es mejor no hablar tampoco de la casi siempre inestable Bolivia. Pa\u00edses bolivarianos ambos donde la sombra siniestra de los golpes de Estado y de la inestabilidad presidencial e institucional se cierne a toda hora.<\/p>\n<p>&nbsp;<\/p>\n<p><img loading=\"lazy\" decoding=\"async\" class=\"aligncenter size-full wp-image-25300\" src=\"https:\/\/lapiedrafilosofal.com\/wp-content\/uploads\/2017\/04\/BOLIVAR.jpg\" alt=\"\" width=\"496\" height=\"392\" srcset=\"https:\/\/oscarhumbertogomez.com\/wp-content\/uploads\/2017\/04\/BOLIVAR.jpg 496w, https:\/\/oscarhumbertogomez.com\/wp-content\/uploads\/2017\/04\/BOLIVAR-300x237.jpg 300w\" sizes=\"auto, (max-width: 496px) 100vw, 496px\" \/><\/p>\n<p>&nbsp;<\/p>\n<p>Por aqu\u00ed, en estas tierras santandereanas, en esta Bucaramanga, donde se vino a ejercer la presidencia de la Gran Colombia en 1828, y en este Santander que la tiene como su capital, hoy en d\u00eda muy poco queda que recuerde al personaje cuya muerte se conmemora hoy.<\/p>\n<p>&nbsp;<\/p>\n<p><img loading=\"lazy\" decoding=\"async\" class=\"aligncenter size-full wp-image-25300\" src=\"https:\/\/lapiedrafilosofal.com\/wp-content\/uploads\/2017\/04\/BOLIVAR.jpg\" alt=\"\" width=\"496\" height=\"392\" srcset=\"https:\/\/oscarhumbertogomez.com\/wp-content\/uploads\/2017\/04\/BOLIVAR.jpg 496w, https:\/\/oscarhumbertogomez.com\/wp-content\/uploads\/2017\/04\/BOLIVAR-300x237.jpg 300w\" sizes=\"auto, (max-width: 496px) 100vw, 496px\" \/><\/p>\n<p>&nbsp;<\/p>\n<p>Bueno, para ser justos, queda el barrio Bol\u00edvar. Aunque apuesto a que muchos ni siquiera saben a qu\u00e9 barrio me refiero, ni les interesa que se lo cuente.<\/p>\n<p>Y queda el parque Bol\u00edvar. Por donde, dicho sea de paso, no les aconsejo caminar de noche. Y queda el Bulevar Bol\u00edvar, por donde tampoco se lo aconsejo.<\/p>\n<p>&nbsp;<\/p>\n<p><img loading=\"lazy\" decoding=\"async\" class=\"aligncenter size-full wp-image-25300\" src=\"https:\/\/lapiedrafilosofal.com\/wp-content\/uploads\/2017\/04\/BOLIVAR.jpg\" alt=\"\" width=\"496\" height=\"392\" srcset=\"https:\/\/oscarhumbertogomez.com\/wp-content\/uploads\/2017\/04\/BOLIVAR.jpg 496w, https:\/\/oscarhumbertogomez.com\/wp-content\/uploads\/2017\/04\/BOLIVAR-300x237.jpg 300w\" sizes=\"auto, (max-width: 496px) 100vw, 496px\" \/><\/p>\n<p>&nbsp;<\/p>\n<p>Y queda la Casa de Bol\u00edvar. O lo que qued\u00f3 de la Casa de Bol\u00edvar, para ser m\u00e1s exactos. S\u00ed, porque casi nadie sabe que para abrir la calle 36 hicieron desaparecer una buena parte de ella.<\/p>\n<p>Como tambi\u00e9n casi nadie sabe que se llama Casa de Bol\u00edvar porque ah\u00ed vivi\u00f3 \u00e9l en 1828 y desde ah\u00ed ejerci\u00f3 la presidencia de la Rep\u00fablica de Colombia.<\/p>\n<p>De la Colombia de entonces.<\/p>\n<p>Y quiz\u00e1s tampoco se sabe que a la mayor\u00eda de los taxistas hay que darles la direcci\u00f3n exacta porque casi ninguno sabe d\u00f3nde diablos se encuentra ubicada. Tampoco les aconsejo caminar de noche por sus alrededores.<\/p>\n<p>&nbsp;<\/p>\n<p><img loading=\"lazy\" decoding=\"async\" class=\"aligncenter size-full wp-image-25300\" src=\"https:\/\/lapiedrafilosofal.com\/wp-content\/uploads\/2017\/04\/BOLIVAR.jpg\" alt=\"\" width=\"496\" height=\"392\" srcset=\"https:\/\/oscarhumbertogomez.com\/wp-content\/uploads\/2017\/04\/BOLIVAR.jpg 496w, https:\/\/oscarhumbertogomez.com\/wp-content\/uploads\/2017\/04\/BOLIVAR-300x237.jpg 300w\" sizes=\"auto, (max-width: 496px) 100vw, 496px\" \/><\/p>\n<p>&nbsp;<\/p>\n<p>Y queda el pueblo natal del maestro Jorge Ariza.<\/p>\n<p>Que apuesto a que muchos santandereanos j\u00f3venes \u2014y muchos no tanto\u2014 ni siquiera saben qui\u00e9n fue, ni d\u00f3nde queda ese pueblo.<\/p>\n<p>&nbsp;<\/p>\n<p><img loading=\"lazy\" decoding=\"async\" class=\"aligncenter size-full wp-image-25300\" src=\"https:\/\/lapiedrafilosofal.com\/wp-content\/uploads\/2017\/04\/BOLIVAR.jpg\" alt=\"\" width=\"496\" height=\"392\" srcset=\"https:\/\/oscarhumbertogomez.com\/wp-content\/uploads\/2017\/04\/BOLIVAR.jpg 496w, https:\/\/oscarhumbertogomez.com\/wp-content\/uploads\/2017\/04\/BOLIVAR-300x237.jpg 300w\" sizes=\"auto, (max-width: 496px) 100vw, 496px\" \/><\/p>\n<p>&nbsp;<\/p>\n<p>Y queda \u201cel caballo de Bol\u00edvar \u201c, que es como llama todo el mundo al monumento ubicado cerca de la UIS, ninguneando por completo a su jinete, que se supon\u00eda que era el homenajeado.<\/p>\n<p>&nbsp;<\/p>\n<p><img loading=\"lazy\" decoding=\"async\" class=\"aligncenter size-full wp-image-25300\" src=\"https:\/\/lapiedrafilosofal.com\/wp-content\/uploads\/2017\/04\/BOLIVAR.jpg\" alt=\"\" width=\"496\" height=\"392\" srcset=\"https:\/\/oscarhumbertogomez.com\/wp-content\/uploads\/2017\/04\/BOLIVAR.jpg 496w, https:\/\/oscarhumbertogomez.com\/wp-content\/uploads\/2017\/04\/BOLIVAR-300x237.jpg 300w\" sizes=\"auto, (max-width: 496px) 100vw, 496px\" \/><\/p>\n<p>&nbsp;<\/p>\n<p>Ah: y queda la Universidad Pontificia Bolivariana.<\/p>\n<p>&nbsp;<\/p>\n<p><img loading=\"lazy\" decoding=\"async\" class=\"aligncenter size-full wp-image-25300\" src=\"https:\/\/lapiedrafilosofal.com\/wp-content\/uploads\/2017\/04\/BOLIVAR.jpg\" alt=\"\" width=\"496\" height=\"392\" srcset=\"https:\/\/oscarhumbertogomez.com\/wp-content\/uploads\/2017\/04\/BOLIVAR.jpg 496w, https:\/\/oscarhumbertogomez.com\/wp-content\/uploads\/2017\/04\/BOLIVAR-300x237.jpg 300w\" sizes=\"auto, (max-width: 496px) 100vw, 496px\" \/><\/p>\n<p>&nbsp;<\/p>\n<p>Bueno, aunque la verdad sea dicha, no se me alegre tanto, mi general, porque todo el mundo le dice \u201cla Ponti\u201d.<\/p>\n<p>_________<\/p>\n<p>&nbsp;<\/p>\n<p>Mesa de las Tempestades, s\u00e1bado 17 de diciembre de 2022<\/p>\n<p>&nbsp;<\/p>\n<p><img loading=\"lazy\" decoding=\"async\" class=\"aligncenter size-full wp-image-25300\" src=\"https:\/\/lapiedrafilosofal.com\/wp-content\/uploads\/2017\/04\/BOLIVAR.jpg\" alt=\"\" width=\"496\" height=\"392\" srcset=\"https:\/\/oscarhumbertogomez.com\/wp-content\/uploads\/2017\/04\/BOLIVAR.jpg 496w, https:\/\/oscarhumbertogomez.com\/wp-content\/uploads\/2017\/04\/BOLIVAR-300x237.jpg 300w\" sizes=\"auto, (max-width: 496px) 100vw, 496px\" \/><\/p>\n<p>&nbsp;<\/p>\n<p><strong>ILUSTRACI\u00d3N<\/strong>: Sue\u00f1o para un desvelo. \u00d3leo sobre lienzo. Antonio Fr\u00edo.<\/p>\n<p>&nbsp;<\/p>\n","protected":false},"excerpt":{"rendered":"<p>&nbsp; \u00bfMe preguntas qu\u00e9 queda de su obra? Pues, la verdad sea dicha, no mucho que digamos. &nbsp; &nbsp; Nuestro departamento de Panam\u00e1, por ejemplo, hoy es un pa\u00eds aparte y nadie me ha respondido con claridad si los paname\u00f1os &hellip; <a href=\"https:\/\/oscarhumbertogomez.com\/?p=40447\">Sigue leyendo <span class=\"meta-nav\">&rarr;<\/span><\/a><\/p>\n<div class='heateorSssClear'><\/div><div  class='heateor_sss_sharing_container heateor_sss_horizontal_sharing' heateor-sss-data-href='https:\/\/oscarhumbertogomez.com\/?p=40447'><div class='heateor_sss_sharing_title' style=\"font-weight:bold\" >\u00a1Gracias por compartirla!<\/div><ul class=\"heateor_sss_sharing_ul\"><li class=\"heateorSssSharingRound\"><i style=\"width:35px;height:35px;border-radius:999px;\" alt=\"Facebook\" Title=\"Facebook\" class=\"heateorSssSharing heateorSssFacebookBackground\" onclick='heateorSssPopup(\"https:\/\/www.facebook.com\/sharer\/sharer.php?u=https%3A%2F%2Foscarhumbertogomez.com%2Findex.php%3Frest_route%3D%252Fwp%252Fv2%252Fposts%252F40447\")'><ss style=\"display:block;border-radius:999px;\" class=\"heateorSssSharingSvg heateorSssFacebookSvg\"><\/ss><\/i><\/li><li class=\"heateorSssSharingRound\"><i style=\"width:35px;height:35px;border-radius:999px;\" alt=\"Twitter\" Title=\"Twitter\" class=\"heateorSssSharing heateorSssTwitterBackground\" onclick='heateorSssPopup(\"http:\/\/twitter.com\/intent\/tweet?text=Los%20%C3%BAltimos%20vestigios%20de%20Sim%C3%B3n.%20Por%20%C3%93scar%20Humberto%20G%C3%B3mez%20G%C3%B3mez&url=https%3A%2F%2Foscarhumbertogomez.com%2Findex.php%3Frest_route%3D%252Fwp%252Fv2%252Fposts%252F40447\")'><ss style=\"display:block;border-radius:999px;\" class=\"heateorSssSharingSvg heateorSssTwitterSvg\"><\/ss><\/i><\/li><li class=\"heateorSssSharingRound\"><i style=\"width:35px;height:35px;border-radius:999px;\" alt=\"Whatsapp\" Title=\"Whatsapp\" class=\"heateorSssSharing heateorSssWhatsappBackground\" onclick='heateorSssPopup(\"https:\/\/web.whatsapp.com\/send?text=Los%20%C3%BAltimos%20vestigios%20de%20Sim%C3%B3n.%20Por%20%C3%93scar%20Humberto%20G%C3%B3mez%20G%C3%B3mez https%3A%2F%2Foscarhumbertogomez.com%2Findex.php%3Frest_route%3D%252Fwp%252Fv2%252Fposts%252F40447\")'><ss style=\"display:block\" class=\"heateorSssSharingSvg heateorSssWhatsappSvg\"><\/ss><\/i><\/li><li class=\"heateorSssSharingRound\"><i style=\"width:35px;height:35px;border-radius:999px;\" alt=\"Pinterest\" Title=\"Pinterest\" class=\"heateorSssSharing heateorSssPinterestBackground\" onclick=\"javascript:void( (function() {var e=document.createElement('script' );e.setAttribute('type','text\/javascript' );e.setAttribute('charset','UTF-8' );e.setAttribute('src','\/\/assets.pinterest.com\/js\/pinmarklet.js?r='+Math.random()*99999999);document.body.appendChild(e)})());\"><ss style=\"display:block;border-radius:999px;\" class=\"heateorSssSharingSvg heateorSssPinterestSvg\"><\/ss><\/i><\/li><li class=\"heateorSssSharingRound\"><i style=\"width:35px;height:35px;border-radius:999px;\" alt=\"Google Gmail\" Title=\"Google Gmail\" class=\"heateorSssSharing heateorSssGoogleGmailBackground\" onclick='heateorSssPopup(\"https:\/\/mail.google.com\/mail\/?ui=2&view=cm&fs=1&tf=1&su=Los%20%C3%BAltimos%20vestigios%20de%20Sim%C3%B3n.%20Por%20%C3%93scar%20Humberto%20G%C3%B3mez%20G%C3%B3mez&body=Link:https%3A%2F%2Foscarhumbertogomez.com%2Findex.php%3Frest_route%3D%252Fwp%252Fv2%252Fposts%252F40447\")'><ss style=\"display:block;border-radius:999px;\" class=\"heateorSssSharingSvg heateorSssGoogleGmailSvg\"><\/ss><\/i><\/li><li class=\"heateorSssSharingRound\"><i style=\"width:35px;height:35px;border-radius:999px;\" title=\"More\" alt=\"More\" class=\"heateorSssSharing heateorSssMoreBackground\" onclick=\"heateorSssMoreSharingPopup(this, 'https:\/\/oscarhumbertogomez.com\/index.php?rest_route=%2Fwp%2Fv2%2Fposts%2F40447', 'Los%20%C3%BAltimos%20vestigios%20de%20Sim%C3%B3n.%20Por%20%C3%93scar%20Humberto%20G%C3%B3mez%20G%C3%B3mez', '' )\" ><ss style=\"display:block\" class=\"heateorSssSharingSvg heateorSssMoreSvg\"><\/ss><\/i><\/li><\/ul><div class=\"heateorSssClear\"><\/div><\/div><div class='heateorSssClear'><\/div>","protected":false},"author":2,"featured_media":0,"comment_status":"closed","ping_status":"closed","sticky":false,"template":"","format":"standard","meta":{"spay_email":"","footnotes":""},"categories":[12],"tags":[],"class_list":["post-40447","post","type-post","status-publish","format-standard","hentry","category-historia"],"jetpack_featured_media_url":"","jetpack_shortlink":"https:\/\/wp.me\/p1FYrr-awn","_links":{"self":[{"href":"https:\/\/oscarhumbertogomez.com\/index.php?rest_route=\/wp\/v2\/posts\/40447","targetHints":{"allow":["GET"]}}],"collection":[{"href":"https:\/\/oscarhumbertogomez.com\/index.php?rest_route=\/wp\/v2\/posts"}],"about":[{"href":"https:\/\/oscarhumbertogomez.com\/index.php?rest_route=\/wp\/v2\/types\/post"}],"author":[{"embeddable":true,"href":"https:\/\/oscarhumbertogomez.com\/index.php?rest_route=\/wp\/v2\/users\/2"}],"replies":[{"embeddable":true,"href":"https:\/\/oscarhumbertogomez.com\/index.php?rest_route=%2Fwp%2Fv2%2Fcomments&post=40447"}],"version-history":[{"count":5,"href":"https:\/\/oscarhumbertogomez.com\/index.php?rest_route=\/wp\/v2\/posts\/40447\/revisions"}],"predecessor-version":[{"id":43628,"href":"https:\/\/oscarhumbertogomez.com\/index.php?rest_route=\/wp\/v2\/posts\/40447\/revisions\/43628"}],"wp:attachment":[{"href":"https:\/\/oscarhumbertogomez.com\/index.php?rest_route=%2Fwp%2Fv2%2Fmedia&parent=40447"}],"wp:term":[{"taxonomy":"category","embeddable":true,"href":"https:\/\/oscarhumbertogomez.com\/index.php?rest_route=%2Fwp%2Fv2%2Fcategories&post=40447"},{"taxonomy":"post_tag","embeddable":true,"href":"https:\/\/oscarhumbertogomez.com\/index.php?rest_route=%2Fwp%2Fv2%2Ftags&post=40447"}],"curies":[{"name":"wp","href":"https:\/\/api.w.org\/{rel}","templated":true}]}}