{"id":4089,"date":"2012-05-08T08:05:29","date_gmt":"2012-05-08T13:05:29","guid":{"rendered":"http:\/\/www.oscarhumbertogomez.com\/?p=4089"},"modified":"2025-04-01T21:01:50","modified_gmt":"2025-04-02T02:01:50","slug":"justicia-y-politica-el-coctel-molotov","status":"publish","type":"post","link":"https:\/\/oscarhumbertogomez.com\/?p=4089","title":{"rendered":"Justicia y pol\u00edtica: el coctel Molotov. Por \u00d3scar Humberto G\u00f3mez G\u00f3mez"},"content":{"rendered":"<div id=\"attachment_49906\" style=\"width: 650px\" class=\"wp-caption aligncenter\"><img loading=\"lazy\" decoding=\"async\" aria-describedby=\"caption-attachment-49906\" class=\"size-large wp-image-49906\" src=\"https:\/\/oscarhumbertogomez.com\/wp-content\/uploads\/2011\/06\/WhatsApp-Image-2025-01-19-at-16.33.19-1024x690.jpeg\" alt=\"\" width=\"640\" height=\"431\" srcset=\"https:\/\/oscarhumbertogomez.com\/wp-content\/uploads\/2011\/06\/WhatsApp-Image-2025-01-19-at-16.33.19-1024x690.jpeg 1024w, https:\/\/oscarhumbertogomez.com\/wp-content\/uploads\/2011\/06\/WhatsApp-Image-2025-01-19-at-16.33.19-300x202.jpeg 300w, https:\/\/oscarhumbertogomez.com\/wp-content\/uploads\/2011\/06\/WhatsApp-Image-2025-01-19-at-16.33.19-768x517.jpeg 768w, https:\/\/oscarhumbertogomez.com\/wp-content\/uploads\/2011\/06\/WhatsApp-Image-2025-01-19-at-16.33.19.jpeg 1280w\" sizes=\"auto, (max-width: 640px) 100vw, 640px\" \/><p id=\"caption-attachment-49906\" class=\"wp-caption-text\">\u00d3SCAR HUMBERTO G\u00d3MEZ G\u00d3MEZ. Fotograf\u00eda de Nylse Blackburn. 2009<\/p><\/div>\n<p>&nbsp;<\/p>\n<p>\u00bfC\u00f3mo as\u00ed!<\/p>\n<p>\u00bfO sea, que ahora, cuando se denuncie <strong>penalmente<\/strong> a un magistrado, o a un congresista, o a un alto funcionario del Poder Ejecutivo, funcionarios p\u00fablicos que son los m\u00e1s obligados a dar buen ejemplo de intachable conducta, antes de analizar siquiera si, en realidad, <strong>violaron o pudieron violar el C\u00f3digo Penal<\/strong>, que es lo que constituye, de entrada, la <strong>posible<\/strong> comisi\u00f3n <strong>de un delito<\/strong>, primero tiene que el Congreso determinar si <strong>pol\u00edticamente<\/strong>&nbsp;se hace conveniente abrirles la correspondiente investigaci\u00f3n <strong>penal<\/strong>?<\/p>\n<p>Porque fue esto lo que, asombrados, le escuchamos decir al congresista autor de la ponencia, o promotor del acuerdo o no s\u00e9 qu\u00e9, ante el periodista Yamid Amat.<\/p>\n<p>Si no se lo hubi\u00e9ramos o\u00eddo a ese congresista, ponente o art\u00edfice de este adefesio, un se\u00f1or de apellido Garc\u00eda creo, que incluso se lo tuvo que repetir al at\u00f3nito Yamid Amat, nosotros tampoco lo creer\u00edamos.<\/p>\n<p>Pues s\u00ed, as\u00ed como lo leen: el propio ponente del proyecto, o art\u00edfice o no s\u00e9 qu\u00e9 del acuerdo, explic\u00f3 que en eso consistir\u00e1 el <strong>juicio pol\u00edtico previo<\/strong>.<\/p>\n<p>\u00bfPero qu\u00e9 es juicio pol\u00edtico?, pregunt\u00f3 el entrevistador. Y el entrevistado dijo lo que ya dije que dijo.<\/p>\n<p>Y eso, tama\u00f1o exabrupto, el de mezclar la pol\u00edtica con el derecho penal, el de atreverse a decir que una investigaci\u00f3n &nbsp;<strong>penal <\/strong>s\u00f3lo se abrir\u00e1 si es &#8220;<strong>pol\u00edticamente conveniente&#8221; <\/strong>abrirla,&nbsp;es uno de los &#8220;grandes acuerdos&#8221; con que las Altas Cortes, el Congreso y el Gobierno, en imp\u00fadica manguala, a espaldas de la abogac\u00eda y del pueblo en general, destrabaron la reforma, una reforma <strong>a su medida<\/strong>, cuyo hundimiento ya se atisbaba en el oscuro horizonte.<\/p>\n<p>&nbsp;<\/p>\n<p><img loading=\"lazy\" decoding=\"async\" class=\"aligncenter size-full wp-image-4091\" title=\"politica-justicia\" src=\"https:\/\/lapiedrafilosofal.com\/wp-content\/uploads\/2012\/05\/politica-justicia.jpg\" alt=\"\" width=\"396\" height=\"396\" srcset=\"https:\/\/oscarhumbertogomez.com\/wp-content\/uploads\/2012\/05\/politica-justicia.jpg 396w, https:\/\/oscarhumbertogomez.com\/wp-content\/uploads\/2012\/05\/politica-justicia-150x150.jpg 150w, https:\/\/oscarhumbertogomez.com\/wp-content\/uploads\/2012\/05\/politica-justicia-300x300.jpg 300w\" sizes=\"auto, (max-width: 396px) 100vw, 396px\" \/><\/p>\n<p>&nbsp;<\/p>\n<p>El otro &#8220;gran acuerdo&#8221; fue el de que ahora los congresistas ser\u00e1n juzgados en doble instancia.<\/p>\n<p>Vean ustedes c\u00f3mo cambian los tiempos: a todos los mortales nos juzgan en doble instancia, pero porque lo hacen jueces de inferior jerarqu\u00eda que tienen siempre por encima a un superior, de modo que uno -el inferior- nos juzga en primera instancia, y el otro -el superior- en segunda. &nbsp;En otras palabras, porque el juez que nos juzga tiene siempre un superior jer\u00e1rquico al cual acudir en apelaci\u00f3n. &nbsp;Sin embargo, los congresistas, que son quienes dictan las leyes, dictaron hace mucho tiempo una -y una de car\u00e1cter superior- para <strong>protegerse<\/strong> con un fuero: el de que a ellos <strong>solamente<\/strong> los pudiera investigar y juzgar un juez sin superior jer\u00e1rquico, o sea, el m\u00e1ximo tribunal del pa\u00eds, es decir, la Corte Suprema de Justicia. Obviamente, que como por encima de esa Corte <strong>Suprema&nbsp;<\/strong>no hab\u00eda nadie, mal se habr\u00eda podido establecer una <strong>segunda<\/strong> instancia, puesto que los estaba juzgando <strong>la m\u00e1xima autoridad judicial del pa\u00eds<\/strong>. En eso justamente consist\u00eda <strong>el fuero<\/strong>. Era, mejor dicho, <strong>un privilegio<\/strong>.<\/p>\n<p>Ahora resulta que no. Que la Corte Suprema de Justicia se les volvi\u00f3 un tribunal que <strong>no les da garant\u00edas de imparcialidad y objetividad en el juzgamiento<\/strong>, y por ello est\u00e1n buscando una segunda instancia.<\/p>\n<p>Pero lo que se pregunta, y con raz\u00f3n, el observador de la calle es lo siguiente: si la Corte Suprema, <strong>como instituci\u00f3n<\/strong>, no sirve, si no brinda garant\u00edas, \u00bfpor qu\u00e9 no la cierran? \u00bfO es que, acaso, los pobres presos colombianos an\u00f3nimos, los Juan Pagas de siempre, los que han sido juzgados y condenados por delitos inclusive menos graves que los cometidos por los parlamentarios hipot\u00e9ticamente acusados, s\u00ed tienen que resignarse a que los juzgue, nada menos que en casaci\u00f3n, un tribunal que no brinda ni siquiera esa garant\u00eda m\u00ednima que debe ofrecer todo juez y que se llama imparcialidad?<\/p>\n<p>&nbsp;<\/p>\n<p><img loading=\"lazy\" decoding=\"async\" class=\"aligncenter size-large wp-image-4092\" title=\"JUSTICIA LT270308_02\" src=\"https:\/\/lapiedrafilosofal.com\/wp-content\/uploads\/2012\/05\/JUSTICIA-LT270308_021-858x1024.jpg\" alt=\"\" width=\"640\" height=\"763\" srcset=\"https:\/\/oscarhumbertogomez.com\/wp-content\/uploads\/2012\/05\/JUSTICIA-LT270308_021-858x1024.jpg 858w, https:\/\/oscarhumbertogomez.com\/wp-content\/uploads\/2012\/05\/JUSTICIA-LT270308_021-251x300.jpg 251w, https:\/\/oscarhumbertogomez.com\/wp-content\/uploads\/2012\/05\/JUSTICIA-LT270308_021.jpg 1037w\" sizes=\"auto, (max-width: 640px) 100vw, 640px\" \/><\/p>\n<p>&nbsp;<\/p>\n<p>Hay un fen\u00f3meno que no puede seguir creciendo en este pa\u00eds: el de que nadie acepta las instituciones y todos buscan sacarles el cuerpo, pero, igual, ellas contin\u00faan existiendo y su sostenimiento nos sigue costando un dineral, solo que somos los m\u00e1s pingos los que tenemos que resignarnos a seguir sometidos a ellas, pues los que tienen c\u00f3mo hacerlo las eluden.<\/p>\n<p>Ah\u00ed est\u00e1 el caso del Consejo Superior de la Judicatura Sala Jurisdiccional &#8211; Disciplinaria.<\/p>\n<p>Para su cierre, hemos o\u00eddo todos los argumentos habidos y por haber, pero nadie habla <span style=\"text-decoration: underline;\">de los abogados<\/span> a quienes esa corporaci\u00f3n investig\u00f3, juzg\u00f3 y sancion\u00f3 (entre los cuales, aclaro, no estamos nosotros. O, al menos, no hasta ahora). A esos abogados \u00bfse les hizo en ese cuestionado Consejo Superior un juicio recto y justo? Es posible que s\u00ed. Es posible que no. Al menos parece que no se le hizo al abogado al que sancionaron disciplinariamente y cuya sanci\u00f3n fue dejada sin efecto, v\u00eda tutela, por la Corte Constitucional, caso que en este portal estaremos dando a conocer pr\u00f3ximamente.<\/p>\n<p>Yo no creo que haya que cerrar nada. &nbsp;Y no lo creo, porque tengo la m\u00e1s absoluta certeza de que el problema no es la Corte Suprema de Justicia <strong>como instituci\u00f3n<\/strong>. El problema de la Corte Suprema, igual que el problema de los tribunales, que el problema de los juzgados, que el problema, en fin, de la justicia colombiana, lo hemos repetido muchas veces, es <strong>humano<\/strong>. &nbsp;El problema es si <strong>la gente<\/strong> que est\u00e1 llegando a las instituciones judiciales es la m\u00e1s indicada, si toda ella cumple su tarea con celeridad, dedicaci\u00f3n, probidad, seriedad, profundidad y, sobre todo, verdadero sentido de justicia; si es gente que, de verdad, ahonda en el estudio de las denuncias, de las demandas, de los expedientes, de las pruebas, de los alegatos, de los recursos y, claro, de los libros donde est\u00e1 consignada la doctrina jur\u00eddica, y que se preocupa m\u00e1s por llegar a la verdad que por rendirles culto a los formalismos. &nbsp;Si es gente, dig\u00e1moslo tambi\u00e9n, que respeta el Estado de Derecho, sus instituciones, la Constituci\u00f3n y las leyes, y, por supuesto, la doctrina constitucional. O si, por el contrario, es gente que antepone su ego, o sus intereses, o su prepotencia. Dicho de otro modo, si es gente que desempe\u00f1a su labor con \u00e9tica.<\/p>\n<p>S\u00ed: con <span style=\"color: #000000;\"><strong>\u00c9TICA<\/strong>, se\u00f1oras y se\u00f1ores<strong>.&nbsp;<\/strong><\/span><\/p>\n<p>Porque es la <strong>\u00c9TICA<\/strong>, en \u00faltimas, el gran problema del Estado todo.<\/p>\n<p>Incluidos tambi\u00e9n, por supuesto, el Ejecutivo y el Congreso.<\/p>\n<p>\u00a1Ah!, se nos olvidaba:<\/p>\n<p>Acabamos de enterarnos de que, en el curso de la discusi\u00f3n sobre la reforma a la justicia, el Congreso aprob\u00f3 que los magistrados de las Altas Cortes ya no permanecer\u00e1n en sus cargos&nbsp;<strong>ocho<\/strong>&nbsp;a\u00f1os, sino&nbsp;<strong>doce<\/strong>.<\/p>\n<p>En fin, de ah\u00ed saquen ustedes sus propias conclusiones.<\/p>\n<p>&nbsp;<\/p>\n","protected":false},"excerpt":{"rendered":"<p>&nbsp; \u00bfC\u00f3mo as\u00ed! \u00bfO sea, que ahora, cuando se denuncie penalmente a un magistrado, o a un congresista, o a un alto funcionario del Poder Ejecutivo, funcionarios p\u00fablicos que son los m\u00e1s obligados a dar buen ejemplo de intachable conducta, &hellip; <a href=\"https:\/\/oscarhumbertogomez.com\/?p=4089\">Sigue leyendo <span class=\"meta-nav\">&rarr;<\/span><\/a><\/p>\n<div class='heateorSssClear'><\/div><div  class='heateor_sss_sharing_container heateor_sss_horizontal_sharing' heateor-sss-data-href='https:\/\/oscarhumbertogomez.com\/?p=4089'><div class='heateor_sss_sharing_title' style=\"font-weight:bold\" >\u00a1Gracias por compartirla!<\/div><ul class=\"heateor_sss_sharing_ul\"><li class=\"heateorSssSharingRound\"><i style=\"width:35px;height:35px;border-radius:999px;\" alt=\"Facebook\" Title=\"Facebook\" class=\"heateorSssSharing heateorSssFacebookBackground\" onclick='heateorSssPopup(\"https:\/\/www.facebook.com\/sharer\/sharer.php?u=https%3A%2F%2Foscarhumbertogomez.com%2Findex.php%3Frest_route%3D%252Fwp%252Fv2%252Fposts%252F4089\")'><ss style=\"display:block;border-radius:999px;\" class=\"heateorSssSharingSvg heateorSssFacebookSvg\"><\/ss><\/i><\/li><li class=\"heateorSssSharingRound\"><i style=\"width:35px;height:35px;border-radius:999px;\" alt=\"Twitter\" Title=\"Twitter\" class=\"heateorSssSharing heateorSssTwitterBackground\" onclick='heateorSssPopup(\"http:\/\/twitter.com\/intent\/tweet?text=Justicia%20y%20pol%C3%ADtica%3A%20el%20coctel%20Molotov.%20Por%20%C3%93scar%20Humberto%20G%C3%B3mez%20G%C3%B3mez&url=https%3A%2F%2Foscarhumbertogomez.com%2Findex.php%3Frest_route%3D%252Fwp%252Fv2%252Fposts%252F4089\")'><ss style=\"display:block;border-radius:999px;\" class=\"heateorSssSharingSvg heateorSssTwitterSvg\"><\/ss><\/i><\/li><li class=\"heateorSssSharingRound\"><i style=\"width:35px;height:35px;border-radius:999px;\" alt=\"Whatsapp\" Title=\"Whatsapp\" class=\"heateorSssSharing heateorSssWhatsappBackground\" onclick='heateorSssPopup(\"https:\/\/web.whatsapp.com\/send?text=Justicia%20y%20pol%C3%ADtica%3A%20el%20coctel%20Molotov.%20Por%20%C3%93scar%20Humberto%20G%C3%B3mez%20G%C3%B3mez https%3A%2F%2Foscarhumbertogomez.com%2Findex.php%3Frest_route%3D%252Fwp%252Fv2%252Fposts%252F4089\")'><ss style=\"display:block\" class=\"heateorSssSharingSvg heateorSssWhatsappSvg\"><\/ss><\/i><\/li><li class=\"heateorSssSharingRound\"><i style=\"width:35px;height:35px;border-radius:999px;\" alt=\"Pinterest\" Title=\"Pinterest\" class=\"heateorSssSharing heateorSssPinterestBackground\" onclick=\"javascript:void( (function() {var e=document.createElement('script' );e.setAttribute('type','text\/javascript' );e.setAttribute('charset','UTF-8' );e.setAttribute('src','\/\/assets.pinterest.com\/js\/pinmarklet.js?r='+Math.random()*99999999);document.body.appendChild(e)})());\"><ss style=\"display:block;border-radius:999px;\" class=\"heateorSssSharingSvg heateorSssPinterestSvg\"><\/ss><\/i><\/li><li class=\"heateorSssSharingRound\"><i style=\"width:35px;height:35px;border-radius:999px;\" alt=\"Google Gmail\" Title=\"Google Gmail\" class=\"heateorSssSharing heateorSssGoogleGmailBackground\" onclick='heateorSssPopup(\"https:\/\/mail.google.com\/mail\/?ui=2&view=cm&fs=1&tf=1&su=Justicia%20y%20pol%C3%ADtica%3A%20el%20coctel%20Molotov.%20Por%20%C3%93scar%20Humberto%20G%C3%B3mez%20G%C3%B3mez&body=Link:https%3A%2F%2Foscarhumbertogomez.com%2Findex.php%3Frest_route%3D%252Fwp%252Fv2%252Fposts%252F4089\")'><ss style=\"display:block;border-radius:999px;\" class=\"heateorSssSharingSvg heateorSssGoogleGmailSvg\"><\/ss><\/i><\/li><li class=\"heateorSssSharingRound\"><i style=\"width:35px;height:35px;border-radius:999px;\" title=\"More\" alt=\"More\" class=\"heateorSssSharing heateorSssMoreBackground\" onclick=\"heateorSssMoreSharingPopup(this, 'https:\/\/oscarhumbertogomez.com\/index.php?rest_route=%2Fwp%2Fv2%2Fposts%2F4089', 'Justicia%20y%20pol%C3%ADtica%3A%20el%20coctel%20Molotov.%20Por%20%C3%93scar%20Humberto%20G%C3%B3mez%20G%C3%B3mez', '' )\" ><ss style=\"display:block\" class=\"heateorSssSharingSvg heateorSssMoreSvg\"><\/ss><\/i><\/li><\/ul><div class=\"heateorSssClear\"><\/div><\/div><div class='heateorSssClear'><\/div>","protected":false},"author":2,"featured_media":0,"comment_status":"closed","ping_status":"closed","sticky":false,"template":"","format":"standard","meta":{"spay_email":"","footnotes":""},"categories":[1],"tags":[],"class_list":["post-4089","post","type-post","status-publish","format-standard","hentry","category-blog"],"jetpack_featured_media_url":"","jetpack_shortlink":"https:\/\/wp.me\/p1FYrr-13X","_links":{"self":[{"href":"https:\/\/oscarhumbertogomez.com\/index.php?rest_route=\/wp\/v2\/posts\/4089","targetHints":{"allow":["GET"]}}],"collection":[{"href":"https:\/\/oscarhumbertogomez.com\/index.php?rest_route=\/wp\/v2\/posts"}],"about":[{"href":"https:\/\/oscarhumbertogomez.com\/index.php?rest_route=\/wp\/v2\/types\/post"}],"author":[{"embeddable":true,"href":"https:\/\/oscarhumbertogomez.com\/index.php?rest_route=\/wp\/v2\/users\/2"}],"replies":[{"embeddable":true,"href":"https:\/\/oscarhumbertogomez.com\/index.php?rest_route=%2Fwp%2Fv2%2Fcomments&post=4089"}],"version-history":[{"count":4,"href":"https:\/\/oscarhumbertogomez.com\/index.php?rest_route=\/wp\/v2\/posts\/4089\/revisions"}],"predecessor-version":[{"id":53427,"href":"https:\/\/oscarhumbertogomez.com\/index.php?rest_route=\/wp\/v2\/posts\/4089\/revisions\/53427"}],"wp:attachment":[{"href":"https:\/\/oscarhumbertogomez.com\/index.php?rest_route=%2Fwp%2Fv2%2Fmedia&parent=4089"}],"wp:term":[{"taxonomy":"category","embeddable":true,"href":"https:\/\/oscarhumbertogomez.com\/index.php?rest_route=%2Fwp%2Fv2%2Fcategories&post=4089"},{"taxonomy":"post_tag","embeddable":true,"href":"https:\/\/oscarhumbertogomez.com\/index.php?rest_route=%2Fwp%2Fv2%2Ftags&post=4089"}],"curies":[{"name":"wp","href":"https:\/\/api.w.org\/{rel}","templated":true}]}}