{"id":41157,"date":"2022-01-14T16:10:43","date_gmt":"2022-01-14T21:10:43","guid":{"rendered":"https:\/\/lapiedrafilosofal.com\/?p=41157"},"modified":"2024-01-19T13:31:52","modified_gmt":"2024-01-19T18:31:52","slug":"yasemin-cetinkaya-joven-y-talentosa-actriz-alemana-por-oscar-humberto-gomez-gomez-miembro-del-colegio-nacional-de-periodistas","status":"publish","type":"post","link":"https:\/\/oscarhumbertogomez.com\/?p=41157","title":{"rendered":"Yasemin Cetinkaya, joven y talentosa actriz alemana. Por \u00d3scar Humberto G\u00f3mez G\u00f3mez"},"content":{"rendered":"<div id=\"attachment_41185\" style=\"width: 692px\" class=\"wp-caption aligncenter\"><img loading=\"lazy\" decoding=\"async\" aria-describedby=\"caption-attachment-41185\" class=\"size-full wp-image-41185\" src=\"https:\/\/lapiedrafilosofal.com\/wp-content\/uploads\/2022\/01\/YASEMIN-.jpeg\" alt=\"\" width=\"682\" height=\"1023\" srcset=\"https:\/\/oscarhumbertogomez.com\/wp-content\/uploads\/2022\/01\/YASEMIN-.jpeg 682w, https:\/\/oscarhumbertogomez.com\/wp-content\/uploads\/2022\/01\/YASEMIN--200x300.jpeg 200w\" sizes=\"auto, (max-width: 682px) 100vw, 682px\" \/><p id=\"caption-attachment-41185\" class=\"wp-caption-text\">YASEMIN CETINKAYA. Fotograf\u00eda: Momento Kolekto. Hendrik Wittenbrink<\/p><\/div>\n<p>&nbsp;<\/p>\n<p>Alemania celebr\u00f3 el A\u00f1o Nuevo de 1984 con las primeras emisiones de un nuevo canal de televisi\u00f3n: el canal Sat.1. Hoy por hoy, es un canal privado con cobertura nacional y abierta.<\/p>\n<p>Pues bien: siete lustros despu\u00e9s de aquella feliz inauguraci\u00f3n del entonces nuevo canal televisivo, lleg\u00f3 all\u00ed una joven alemana, peque\u00f1a de estatura f\u00edsica, pero a quien percibo inmensamente grande de alma y de talento art\u00edstico.<\/p>\n<p>&nbsp;<\/p>\n<div id=\"attachment_41200\" style=\"width: 810px\" class=\"wp-caption aligncenter\"><img loading=\"lazy\" decoding=\"async\" aria-describedby=\"caption-attachment-41200\" class=\"size-full wp-image-41200\" src=\"https:\/\/lapiedrafilosofal.com\/wp-content\/uploads\/2022\/01\/Herdecke-Fotografi\u0301a-de-Klaus-Barwinkel-.jpeg\" alt=\"\" width=\"800\" height=\"533\" srcset=\"https:\/\/oscarhumbertogomez.com\/wp-content\/uploads\/2022\/01\/Herdecke-Fotografi\u0301a-de-Klaus-Barwinkel-.jpeg 800w, https:\/\/oscarhumbertogomez.com\/wp-content\/uploads\/2022\/01\/Herdecke-Fotografi\u0301a-de-Klaus-Barwinkel--300x200.jpeg 300w, https:\/\/oscarhumbertogomez.com\/wp-content\/uploads\/2022\/01\/Herdecke-Fotografi\u0301a-de-Klaus-Barwinkel--768x512.jpeg 768w\" sizes=\"auto, (max-width: 800px) 100vw, 800px\" \/><p id=\"caption-attachment-41200\" class=\"wp-caption-text\">HERDECKE (ALEMANIA). Fotograf\u00eda de Klaus Barwinke<\/p><\/div>\n<p>&nbsp;<\/p>\n<p>Aunque hab\u00eda nacido en Herdecke, su infancia la hab\u00eda vivido en Dortmund, donde no solamente creci\u00f3, sino que siendo a\u00fan ni\u00f1a descubri\u00f3 sus capacidades como actriz al darse cuenta de que, disfrazada de brujita, en una representaci\u00f3n dramatizada de Hansel y Gretel, hac\u00eda re\u00edr a la gente.<\/p>\n<p>&nbsp;<\/p>\n<div id=\"attachment_41167\" style=\"width: 810px\" class=\"wp-caption aligncenter\"><img loading=\"lazy\" decoding=\"async\" aria-describedby=\"caption-attachment-41167\" class=\"size-full wp-image-41167\" src=\"https:\/\/lapiedrafilosofal.com\/wp-content\/uploads\/2022\/01\/Herdecke.jpeg\" alt=\"\" width=\"800\" height=\"600\" srcset=\"https:\/\/oscarhumbertogomez.com\/wp-content\/uploads\/2022\/01\/Herdecke.jpeg 800w, https:\/\/oscarhumbertogomez.com\/wp-content\/uploads\/2022\/01\/Herdecke-300x225.jpeg 300w, https:\/\/oscarhumbertogomez.com\/wp-content\/uploads\/2022\/01\/Herdecke-768x576.jpeg 768w\" sizes=\"auto, (max-width: 800px) 100vw, 800px\" \/><p id=\"caption-attachment-41167\" class=\"wp-caption-text\">HERDECKE, ALEMANIA, TIERRA NATAL DE LA ACTRIZ YASEMIN CETINKAYA. Fotograf\u00eda: Michiel Verbeek<\/p><\/div>\n<p>&nbsp;<\/p>\n<p>Seguramente ella ignoraba en aquel entonces, y es posible que todav\u00eda lo ignore ahora, que no solo tiene esas capacidades actorales para hacer re\u00edr a la gente, de las que es consciente, sino que tambi\u00e9n logra transmitir otros sentimientos profundamente humanos, totalmente opuestos a la alegr\u00eda, como el de los remordimientos, la preocupaci\u00f3n, la tristeza infinita, la soledad y la desesperanza, esa terrible y abrumadora sensaci\u00f3n de sin salida que, por desgracia, ha conducido a muchas personas a pensar en el suicidio.<\/p>\n<p>&nbsp;<\/p>\n<div id=\"attachment_41175\" style=\"width: 499px\" class=\"wp-caption aligncenter\"><img loading=\"lazy\" decoding=\"async\" aria-describedby=\"caption-attachment-41175\" class=\"size-full wp-image-41175\" src=\"https:\/\/lapiedrafilosofal.com\/wp-content\/uploads\/2022\/01\/Hansel-Gretel-y-la-bruja.png\" alt=\"\" width=\"489\" height=\"353\" srcset=\"https:\/\/oscarhumbertogomez.com\/wp-content\/uploads\/2022\/01\/Hansel-Gretel-y-la-bruja.png 489w, https:\/\/oscarhumbertogomez.com\/wp-content\/uploads\/2022\/01\/Hansel-Gretel-y-la-bruja-300x217.png 300w\" sizes=\"auto, (max-width: 489px) 100vw, 489px\" \/><p id=\"caption-attachment-41175\" class=\"wp-caption-text\">HANSEL, GRETEL Y LA BRUJA. Este \u00faltimo personaje de los hermanos Grimm fue representado por la entonces ni\u00f1a actriz<\/p><\/div>\n<p>&nbsp;<\/p>\n<div id=\"attachment_41201\" style=\"width: 850px\" class=\"wp-caption aligncenter\"><img loading=\"lazy\" decoding=\"async\" aria-describedby=\"caption-attachment-41201\" class=\"size-full wp-image-41201\" src=\"https:\/\/lapiedrafilosofal.com\/wp-content\/uploads\/2022\/01\/Dortmund-.jpeg\" alt=\"\" width=\"840\" height=\"558\" srcset=\"https:\/\/oscarhumbertogomez.com\/wp-content\/uploads\/2022\/01\/Dortmund-.jpeg 840w, https:\/\/oscarhumbertogomez.com\/wp-content\/uploads\/2022\/01\/Dortmund--300x199.jpeg 300w, https:\/\/oscarhumbertogomez.com\/wp-content\/uploads\/2022\/01\/Dortmund--768x510.jpeg 768w\" sizes=\"auto, (max-width: 840px) 100vw, 840px\" \/><p id=\"caption-attachment-41201\" class=\"wp-caption-text\">DORTMUND, ALEMANIA. Fotograf\u00eda: Dos Mochilas en Ruta.com. Mi lado viajero.com<\/p><\/div>\n<p>&nbsp;<\/p>\n<div id=\"attachment_41202\" style=\"width: 650px\" class=\"wp-caption aligncenter\"><img loading=\"lazy\" decoding=\"async\" aria-describedby=\"caption-attachment-41202\" class=\"size-large wp-image-41202\" src=\"https:\/\/lapiedrafilosofal.com\/wp-content\/uploads\/2022\/01\/DORTMUND-2-1024x682.jpeg\" alt=\"\" width=\"640\" height=\"426\" srcset=\"https:\/\/oscarhumbertogomez.com\/wp-content\/uploads\/2022\/01\/DORTMUND-2-1024x682.jpeg 1024w, https:\/\/oscarhumbertogomez.com\/wp-content\/uploads\/2022\/01\/DORTMUND-2-300x200.jpeg 300w, https:\/\/oscarhumbertogomez.com\/wp-content\/uploads\/2022\/01\/DORTMUND-2-768x512.jpeg 768w, https:\/\/oscarhumbertogomez.com\/wp-content\/uploads\/2022\/01\/DORTMUND-2-1536x1023.jpeg 1536w, https:\/\/oscarhumbertogomez.com\/wp-content\/uploads\/2022\/01\/DORTMUND-2.jpeg 1600w\" sizes=\"auto, (max-width: 640px) 100vw, 640px\" \/><p id=\"caption-attachment-41202\" class=\"wp-caption-text\">DORTMUND, ALEMANIA. es.hoteles.com<\/p><\/div>\n<p>&nbsp;<\/p>\n<p>Precisamente, en lo personal, me conmovi\u00f3 verla representando a una jovencita atribulada, totalmente superada por la adversidad, que decide alejarse de su casa paterna a pie y se dirige hacia la carretera, despu\u00e9s de que su amado padre, en medio de una fuerte reprimenda, le ha desnudado la terrible realidad adversa y sin soluci\u00f3n a la que ha llegado a ra\u00edz de la destrucci\u00f3n total de su taller de mec\u00e1nica automotriz como consecuencia de un devastador incendio, la ha hecho caer en la cuenta del futuro incierto en que han quedado \u00e9l y los suyos y le ha exteriorizado la imposibilidad de seguir viviendo en un pueblo donde todos desconf\u00edan de \u00e9l, y all\u00ed en la solitaria carretera, en medio de una profunda angustia, con su rostro p\u00e1lido por el miedo y sus ojos enrojecidos por las l\u00e1grimas, mientras empieza a ser acompa\u00f1ada magistralmente por una musicalizaci\u00f3n cinematogr\u00e1fica muy acorde con aquel terrible estado de \u00e1nimo final, decide acabar con su vida.<\/p>\n<p>Ya en escenas anteriores del mismo filme, la actriz hab\u00eda transmitido sentimientos profundamente humanos como el de la indignaci\u00f3n ante la burla proveniente de un sector social racista, xen\u00f3fobo e indolente frente a la tragedia por la cual estaba atravesando su padre. Eran personas que profesaban una visceral antipat\u00eda contra la presencia de migrantes en el pueblo y hab\u00edan echado a rodar la especie de que el incendio del taller hab\u00eda sido intencionalmente provocado por su propio due\u00f1o con el fin de cobrar el seguro, dada la mala situaci\u00f3n econ\u00f3mica por la cual atravesaba.<\/p>\n<p>Aquella artista, a la que yo jam\u00e1s hab\u00eda visto, representaba a una jovencita de nombre Merv\u00e9.<\/p>\n<p>Me estoy refiriendo a la joven, hermosa y talentosa actriz alemana Yasemin Cetinkaya y a su papel estelar en la pel\u00edcula \u201cTiempos revueltos\u201c, una pel\u00edcula alemana sencilla y bella del a\u00f1o 2019.<\/p>\n<p>&nbsp;<\/p>\n<div id=\"attachment_41210\" style=\"width: 650px\" class=\"wp-caption aligncenter\"><img loading=\"lazy\" decoding=\"async\" aria-describedby=\"caption-attachment-41210\" class=\"size-large wp-image-41210\" src=\"https:\/\/lapiedrafilosofal.com\/wp-content\/uploads\/2022\/01\/YASEMIN-8-683x1024.jpeg\" alt=\"\" width=\"640\" height=\"960\" srcset=\"https:\/\/oscarhumbertogomez.com\/wp-content\/uploads\/2022\/01\/YASEMIN-8-683x1024.jpeg 683w, https:\/\/oscarhumbertogomez.com\/wp-content\/uploads\/2022\/01\/YASEMIN-8-200x300.jpeg 200w, https:\/\/oscarhumbertogomez.com\/wp-content\/uploads\/2022\/01\/YASEMIN-8-768x1151.jpeg 768w, https:\/\/oscarhumbertogomez.com\/wp-content\/uploads\/2022\/01\/YASEMIN-8.jpeg 1024w\" sizes=\"auto, (max-width: 640px) 100vw, 640px\" \/><p id=\"caption-attachment-41210\" class=\"wp-caption-text\">YASEMIN CETINKAYA, ACTRIZ ALEMANA. Fotograf\u00eda: Momento Kolekto. Hendrik Wittenbrink<\/p><\/div>\n<p>&nbsp;<\/p>\n<p>Y es que en un momento en que ya estamos hasta la coronilla de tanta violencia est\u00fapida y ramplona en la cinematograf\u00eda, resulta reconfortante saber, gracias a YouTube, que en Alemania se est\u00e1 produciendo un nuevo cine.<\/p>\n<p>Es un cine sencillo y hermoso en el que se privilegian el amor, el perd\u00f3n, la reconciliaci\u00f3n, la familia, la buena vecindad y el esp\u00edritu pac\u00edfico entre quienes comparten un espacio y un tiempo, a la par que se muestra la otra cara de la moneda sin acudir a la estridencia.<\/p>\n<p>Es, en s\u00edntesis, un cine de profundo contenido humano y que a la luz de la actual situaci\u00f3n de desamor hacia los dem\u00e1s en que se halla sumido el mundo, bien podemos catalogar como un verdadero cine de protesta.<\/p>\n<p>La pel\u00edcula &#8220;Tiempos revueltos&#8221; (2019), dirigida por Marcus Weiler, es emblem\u00e1tica de ese concepto cinematogr\u00e1fico fresco y esperanzador.<\/p>\n<p>&nbsp;<\/p>\n<div id=\"attachment_40521\" style=\"width: 650px\" class=\"wp-caption aligncenter\"><img loading=\"lazy\" decoding=\"async\" aria-describedby=\"caption-attachment-40521\" class=\"size-large wp-image-40521\" src=\"https:\/\/lapiedrafilosofal.com\/wp-content\/uploads\/2021\/12\/Tiempos-revueltos-1024x576.jpeg\" alt=\"\" width=\"640\" height=\"360\" srcset=\"https:\/\/oscarhumbertogomez.com\/wp-content\/uploads\/2021\/12\/Tiempos-revueltos-1024x576.jpeg 1024w, https:\/\/oscarhumbertogomez.com\/wp-content\/uploads\/2021\/12\/Tiempos-revueltos-300x169.jpeg 300w, https:\/\/oscarhumbertogomez.com\/wp-content\/uploads\/2021\/12\/Tiempos-revueltos-768x432.jpeg 768w, https:\/\/oscarhumbertogomez.com\/wp-content\/uploads\/2021\/12\/Tiempos-revueltos.jpeg 1280w\" sizes=\"auto, (max-width: 640px) 100vw, 640px\" \/><p id=\"caption-attachment-40521\" class=\"wp-caption-text\">YASEMIN CETINKAYA (COMO MERV\u00c9) Y LA MAGN\u00cdFICA ACTRIZ ALEMANA CHRISTINE EIXENBERGER (COMO MARIE) EN UNA ESCENA DE &#8220;TIEMPOS REVUELTOS&#8221;<\/p><\/div>\n<p>&nbsp;<\/p>\n<p>En un pueblo de la Alemania actual llamado Wildegg se produce un devastador incendio en un taller de mec\u00e1nica automotriz de propiedad de un inmigrante ya entrado en a\u00f1os de nombre Altay (representado por el actor alem\u00e1n de origen turco Vedat Erincin).<\/p>\n<p>Mientras que dentro del lugar se profesa una sincera amistad hacia \u00e9l por parte de un sector de la poblaci\u00f3n que est\u00e1 despojado de cualquier mentalidad xen\u00f3foba o racista, otro sector es totalmente hostil a la presencia de extranjeros. En este segundo sector al due\u00f1o del taller incendiado se le llama despectivamente \u201cEl Turco\u201c mientras que en aquel donde es apreciado se le llama por su nombre, Altay. Ese solo detalle tiene un especial significado cuando se intenta una aproximaci\u00f3n al complejo ambiente de la discriminaci\u00f3n social.<\/p>\n<p>La voraz conflagraci\u00f3n acaba por completo con el taller de Altay \u2014 que funcionaba desde hac\u00eda cuarenta a\u00f1os \u2014 y los deja expuestos a \u00e9l y a su familia a la incertidumbre econ\u00f3mica absoluta.<\/p>\n<p>&nbsp;<\/p>\n<div id=\"attachment_41193\" style=\"width: 650px\" class=\"wp-caption aligncenter\"><img loading=\"lazy\" decoding=\"async\" aria-describedby=\"caption-attachment-41193\" class=\"size-large wp-image-41193\" src=\"https:\/\/lapiedrafilosofal.com\/wp-content\/uploads\/2022\/01\/ALTAY--1024x576.jpeg\" alt=\"\" width=\"640\" height=\"360\" srcset=\"https:\/\/oscarhumbertogomez.com\/wp-content\/uploads\/2022\/01\/ALTAY--1024x576.jpeg 1024w, https:\/\/oscarhumbertogomez.com\/wp-content\/uploads\/2022\/01\/ALTAY--300x169.jpeg 300w, https:\/\/oscarhumbertogomez.com\/wp-content\/uploads\/2022\/01\/ALTAY--768x432.jpeg 768w, https:\/\/oscarhumbertogomez.com\/wp-content\/uploads\/2022\/01\/ALTAY-.jpeg 1280w\" sizes=\"auto, (max-width: 640px) 100vw, 640px\" \/><p id=\"caption-attachment-41193\" class=\"wp-caption-text\">LOS ACTORES VEDAT ERINCIN Y WOLFANG FIEREK EN &#8220;TIEMPOS REVUELTOS&#8221;. ALTAY FRENTE A SU TALLER DESTRUIDO. AL FONDO, LOS BOMBEROS DE WILDEGG<\/p><\/div>\n<p>&nbsp;<\/p>\n<p>El sector hostil a los inmigrantes echa a rodar la bola de que el incendio fue provocado por el propio Altay debido a la mala situaci\u00f3n econ\u00f3mica en la que se encontraba y con el prop\u00f3sito de cobrar el seguro.<\/p>\n<p>&nbsp;<\/p>\n<div id=\"attachment_41190\" style=\"width: 650px\" class=\"wp-caption aligncenter\"><img loading=\"lazy\" decoding=\"async\" aria-describedby=\"caption-attachment-41190\" class=\"size-large wp-image-41190\" src=\"https:\/\/lapiedrafilosofal.com\/wp-content\/uploads\/2022\/01\/VEDAT-ERINCIN-COMO-ALTAY--1024x576.jpeg\" alt=\"\" width=\"640\" height=\"360\" srcset=\"https:\/\/oscarhumbertogomez.com\/wp-content\/uploads\/2022\/01\/VEDAT-ERINCIN-COMO-ALTAY--1024x576.jpeg 1024w, https:\/\/oscarhumbertogomez.com\/wp-content\/uploads\/2022\/01\/VEDAT-ERINCIN-COMO-ALTAY--300x169.jpeg 300w, https:\/\/oscarhumbertogomez.com\/wp-content\/uploads\/2022\/01\/VEDAT-ERINCIN-COMO-ALTAY--768x432.jpeg 768w, https:\/\/oscarhumbertogomez.com\/wp-content\/uploads\/2022\/01\/VEDAT-ERINCIN-COMO-ALTAY-.jpeg 1280w\" sizes=\"auto, (max-width: 640px) 100vw, 640px\" \/><p id=\"caption-attachment-41190\" class=\"wp-caption-text\">VEDAT ERINCIN COMO ALTAY EN &#8220;TIEMPOS REVUELTOS&#8221;. EL CABELLO QUE ALCANZA A OBSERVARSE ES EL DE SU HIJA MERVE QUIEN DE AH\u00cd SALE A SUICIDARSE<\/p><\/div>\n<p>&nbsp;<\/p>\n<p>Trasciende que la compa\u00f1\u00eda de seguros llevar\u00e1 a cabo una investigaci\u00f3n para determinar cu\u00e1l fue la verdadera causa del incendio.<\/p>\n<p>Del resultado de ella depender\u00e1 que el due\u00f1o del taller y su familia queden sumidos en la ruina y el atribulado Altay termine en la c\u00e1rcel.<\/p>\n<p>&nbsp;<\/p>\n<div id=\"attachment_41186\" style=\"width: 857px\" class=\"wp-caption aligncenter\"><img loading=\"lazy\" decoding=\"async\" aria-describedby=\"caption-attachment-41186\" class=\"size-full wp-image-41186\" src=\"https:\/\/lapiedrafilosofal.com\/wp-content\/uploads\/2022\/01\/YASEMIN-CETINKAYA-JUNTO-A-CHRISTINE-EIXENBERGER-.jpeg\" alt=\"\" width=\"847\" height=\"565\" srcset=\"https:\/\/oscarhumbertogomez.com\/wp-content\/uploads\/2022\/01\/YASEMIN-CETINKAYA-JUNTO-A-CHRISTINE-EIXENBERGER-.jpeg 847w, https:\/\/oscarhumbertogomez.com\/wp-content\/uploads\/2022\/01\/YASEMIN-CETINKAYA-JUNTO-A-CHRISTINE-EIXENBERGER--300x200.jpeg 300w, https:\/\/oscarhumbertogomez.com\/wp-content\/uploads\/2022\/01\/YASEMIN-CETINKAYA-JUNTO-A-CHRISTINE-EIXENBERGER--768x512.jpeg 768w\" sizes=\"auto, (max-width: 847px) 100vw, 847px\" \/><p id=\"caption-attachment-41186\" class=\"wp-caption-text\">YASEMIN CETINKAYA JUNTO A CHRISTINE EIXENBERGER, GABRIEL RAAB Y VEDAT ERINCIN EN &#8220;TIEMPOS REVUELTOS&#8221;<\/p><\/div>\n<p>&nbsp;<\/p>\n<p>A partir de ese momento se da inicio al desarrollo de la trama y es cuando van saliendo a flote los prejuicios de los unos, la humanidad de los otros, la abrumadora sensaci\u00f3n de soledad, fragilidad e indefensi\u00f3n del damnificado, la extrema susceptibilidad que genera en su \u00e1nimo cualquier comentario que ponga en duda su inocencia en el incendio de su taller y, en fin, los afectos y desafectos que en el alma de las personas generan tanto la grandeza como la mezquindad.<\/p>\n<p>La encrucijada que ella percibe como sin soluci\u00f3n alguna, lleva a la joven hija de Altay, Merv\u00e9 (protagonizada por Yasemin Cetinkaya), a escapar a trav\u00e9s del suicidio.<\/p>\n<p>&nbsp;<\/p>\n<div id=\"attachment_41191\" style=\"width: 610px\" class=\"wp-caption aligncenter\"><img loading=\"lazy\" decoding=\"async\" aria-describedby=\"caption-attachment-41191\" class=\"size-full wp-image-41191\" src=\"https:\/\/lapiedrafilosofal.com\/wp-content\/uploads\/2022\/01\/YASEMIN-3.jpeg\" alt=\"\" width=\"600\" height=\"800\" srcset=\"https:\/\/oscarhumbertogomez.com\/wp-content\/uploads\/2022\/01\/YASEMIN-3.jpeg 600w, https:\/\/oscarhumbertogomez.com\/wp-content\/uploads\/2022\/01\/YASEMIN-3-225x300.jpeg 225w\" sizes=\"auto, (max-width: 600px) 100vw, 600px\" \/><p id=\"caption-attachment-41191\" class=\"wp-caption-text\">ESCENA DE &#8220;TIEMPOS REVUELTOS&#8221;. MERV\u00c9, LA HIJA DE ALTAY (YASEMIN CETINKAYA) EST\u00c1 A PUNTO DE IRSE A BUSCAR A QUIENES CREE QUE PINTARON EL FRENTE DE SU CASA CON LETREROS XEN\u00d3FOBOS MIENTRAS MARIE (CHRISTINE EIXENBERGER) TRATA DE DISUADIRLA<\/p><\/div>\n<p>&nbsp;<\/p>\n<p>La artista naci\u00f3 el 4 de octubre de 1988 en Herdecke, un peque\u00f1o pueblo de unos 23.000 habitantes ubicado en Renania del Norte-Westfalia, al sur de Dortmund, en una regi\u00f3n ba\u00f1ada por el r\u00edo Ruhr, pero junto a sus tres hermanos menores creci\u00f3 en Dortmund, una metr\u00f3poli de casi 590.000 habitantes y que es la ciudad m\u00e1s grande del valle del r\u00edo Ruhr con una alta presencia cultural y deportiva.<\/p>\n<p>Entre los a\u00f1os 2011 y 2015, la joven Cetinkaya estudi\u00f3 en la Academia de Artes Esc\u00e9nicas de Baden-W\u00fcrttemberg en Ludwigsburg.<\/p>\n<p>All\u00ed, en desarrollo de sus estudios superiores, interpret\u00f3 a distintos personajes en obras dram\u00e1ticas cl\u00e1sicas.<\/p>\n<p>En el a\u00f1o 2014 adelant\u00f3 un taller de cine en la Academia de Cine de Baden-W\u00fcrttemberg.<\/p>\n<p>En la actualidad Yasemin Cetinkaya reside en Berl\u00edn, la capital de Alemania, donde se celebra un prestigioso festival de cine.<\/p>\n<p>&nbsp;<\/p>\n<div id=\"attachment_41208\" style=\"width: 810px\" class=\"wp-caption aligncenter\"><img loading=\"lazy\" decoding=\"async\" aria-describedby=\"caption-attachment-41208\" class=\"size-full wp-image-41208\" src=\"https:\/\/lapiedrafilosofal.com\/wp-content\/uploads\/2022\/01\/BERLIN-.jpeg\" alt=\"\" width=\"800\" height=\"400\" srcset=\"https:\/\/oscarhumbertogomez.com\/wp-content\/uploads\/2022\/01\/BERLIN-.jpeg 800w, https:\/\/oscarhumbertogomez.com\/wp-content\/uploads\/2022\/01\/BERLIN--300x150.jpeg 300w, https:\/\/oscarhumbertogomez.com\/wp-content\/uploads\/2022\/01\/BERLIN--768x384.jpeg 768w\" sizes=\"auto, (max-width: 800px) 100vw, 800px\" \/><p id=\"caption-attachment-41208\" class=\"wp-caption-text\">BERL\u00cdN, CAPITAL DE ALEMANIA Y ACTUAL LUGAR DE RESIDENCIA DE YASEMIN CETINKAYA, ACTRIZ DE ESE PA\u00cdS EUROPEO. caracteristicas.co<\/p><\/div>\n<p>&nbsp;<\/p>\n<div id=\"attachment_41209\" style=\"width: 650px\" class=\"wp-caption aligncenter\"><img loading=\"lazy\" decoding=\"async\" aria-describedby=\"caption-attachment-41209\" class=\"size-large wp-image-41209\" src=\"https:\/\/lapiedrafilosofal.com\/wp-content\/uploads\/2022\/01\/BERLI\u0301N-CATEDRAL-768x1024.jpeg\" alt=\"\" width=\"640\" height=\"853\" srcset=\"https:\/\/oscarhumbertogomez.com\/wp-content\/uploads\/2022\/01\/BERLI\u0301N-CATEDRAL-768x1024.jpeg 768w, https:\/\/oscarhumbertogomez.com\/wp-content\/uploads\/2022\/01\/BERLI\u0301N-CATEDRAL-225x300.jpeg 225w, https:\/\/oscarhumbertogomez.com\/wp-content\/uploads\/2022\/01\/BERLI\u0301N-CATEDRAL-1152x1536.jpeg 1152w, https:\/\/oscarhumbertogomez.com\/wp-content\/uploads\/2022\/01\/BERLI\u0301N-CATEDRAL-1536x2048.jpeg 1536w, https:\/\/oscarhumbertogomez.com\/wp-content\/uploads\/2022\/01\/BERLI\u0301N-CATEDRAL-scaled.jpeg 1920w\" sizes=\"auto, (max-width: 640px) 100vw, 640px\" \/><p id=\"caption-attachment-41209\" class=\"wp-caption-text\">BERL\u00cdN, ALEMANIA. CATEDRAL. Hmvg \/ Wikipedia<\/p><\/div>\n<p>&nbsp;<\/p>\n<p>Yasemin Cetinkaya actu\u00f3 en la pel\u00edcula &#8220;Layla&#8221; (&#8220;Leila&#8221;), del a\u00f1o 2016, al lado de los actores Nora El Koussour, Ilias Addab, Hassan Akkouch, Husam Chadat, Karl Ferlin, Sachli Gholamalizad y Steef Cuijpers. Esta cinta fue una coproducci\u00f3n entre Pa\u00edses Bajos, B\u00e9lgica, Alemania y Jordania. Es un largometraje de la cineasta neerlandesa Mijke de Jong y aborda la situaci\u00f3n de una joven holandesa de ascendencia marroqu\u00ed que se aproxima al extremismo yihadista. Y es que durante un partido de f\u00fatbol, Layla escucha un comentario racista y debido a ello empieza a sentir simpat\u00eda hacia la causa yihadista hasta que termina cas\u00e1ndose con un joven radical. Entonces, abandona su natal Amsterdam y da comienzo a otra vida. La cinta denuncia c\u00f3mo  la discriminaci\u00f3n, la intolerancia social y el fanatismo empujan a las personas hacia la aprobaci\u00f3n de la violencia.<\/p>\n<p>&nbsp;<\/p>\n<div id=\"attachment_41231\" style=\"width: 610px\" class=\"wp-caption aligncenter\"><img loading=\"lazy\" decoding=\"async\" aria-describedby=\"caption-attachment-41231\" class=\"size-full wp-image-41231\" src=\"https:\/\/lapiedrafilosofal.com\/wp-content\/uploads\/2022\/01\/LAILA-.jpeg\" alt=\"\" width=\"600\" height=\"310\" srcset=\"https:\/\/oscarhumbertogomez.com\/wp-content\/uploads\/2022\/01\/LAILA-.jpeg 600w, https:\/\/oscarhumbertogomez.com\/wp-content\/uploads\/2022\/01\/LAILA--300x155.jpeg 300w\" sizes=\"auto, (max-width: 600px) 100vw, 600px\" \/><p id=\"caption-attachment-41231\" class=\"wp-caption-text\">ESCENA DE LA PEL\u00cdCULA &#8220;LAYLA&#8221; (&#8220;LEILA&#8221;) huffpost.com Cortes\u00eda de Topkapi Films<\/p><\/div>\n<p>&nbsp;<\/p>\n<div id=\"attachment_41232\" style=\"width: 850px\" class=\"wp-caption aligncenter\"><img loading=\"lazy\" decoding=\"async\" aria-describedby=\"caption-attachment-41232\" class=\"size-full wp-image-41232\" src=\"https:\/\/lapiedrafilosofal.com\/wp-content\/uploads\/2022\/01\/LEYLA-.jpeg\" alt=\"\" width=\"840\" height=\"474\" srcset=\"https:\/\/oscarhumbertogomez.com\/wp-content\/uploads\/2022\/01\/LEYLA-.jpeg 840w, https:\/\/oscarhumbertogomez.com\/wp-content\/uploads\/2022\/01\/LEYLA--300x169.jpeg 300w, https:\/\/oscarhumbertogomez.com\/wp-content\/uploads\/2022\/01\/LEYLA--768x433.jpeg 768w\" sizes=\"auto, (max-width: 840px) 100vw, 840px\" \/><p id=\"caption-attachment-41232\" class=\"wp-caption-text\">ESCENA DE &#8220;LAYLA&#8221; (&#8220;LEILA&#8221;) pulpadigital.wordpress.com<\/p><\/div>\n<p>&nbsp;<\/p>\n<p>Este a\u00f1o 2022 se dio inicio en Alemania a la nueva serie de televisi\u00f3n WaPo Duisburg. Se trata de un proyecto programado para ocho cap\u00edtulos que se desarrollan en las aguas que rodean el municipio de Duisburg, ciudad del \u00e1rea metropolitana de Renania Norte, Weftalia, ubicada en la confluencia del r\u00edo Rin y el r\u00edo Ruhr.<\/p>\n<p>En esta serie la joven actriz Yasemin \u00c7etinkaya le da vida al papel de Arda Turan, una joven hija de migrantes nacida en esa ciudad y quien llega a convertirse en una nadadora de alta competici\u00f3n, que incluso participa en juegos ol\u00edmpicos, para terminar, ya en su retiro del deporte de la nataci\u00f3n, a bordo de un barco integrando un eficiente equipo de investigaci\u00f3n de hechos extra\u00f1os que suceden en dicho entorno fluvial, poniendo all\u00ed, en aquel ambiente serio, la chispa natural de su simpat\u00eda. Aunque, como ocurre siempre, estas series no gozan de la aceptaci\u00f3n de algunos sectores, en todo caso m\u00e1s del 80% de los televidentes han exteriorizado su total satisfacci\u00f3n con la misma y aprobado que el papel estelar se lo hubiesen dado a Yasemin Cetinkaya, quien, parad\u00f3jicamente, hizo saber, sonriendo, que no es precisamente una buena nadadora.<\/p>\n<p>&nbsp;<\/p>\n<div id=\"attachment_41227\" style=\"width: 650px\" class=\"wp-caption aligncenter\"><img loading=\"lazy\" decoding=\"async\" aria-describedby=\"caption-attachment-41227\" class=\"size-large wp-image-41227\" src=\"https:\/\/lapiedrafilosofal.com\/wp-content\/uploads\/2022\/01\/YASEMIN-CETINKAYA-EN-WAPO-DUISBURG-1024x576.jpeg\" alt=\"\" width=\"640\" height=\"360\" srcset=\"https:\/\/oscarhumbertogomez.com\/wp-content\/uploads\/2022\/01\/YASEMIN-CETINKAYA-EN-WAPO-DUISBURG-1024x576.jpeg 1024w, https:\/\/oscarhumbertogomez.com\/wp-content\/uploads\/2022\/01\/YASEMIN-CETINKAYA-EN-WAPO-DUISBURG-300x169.jpeg 300w, https:\/\/oscarhumbertogomez.com\/wp-content\/uploads\/2022\/01\/YASEMIN-CETINKAYA-EN-WAPO-DUISBURG-768x432.jpeg 768w, https:\/\/oscarhumbertogomez.com\/wp-content\/uploads\/2022\/01\/YASEMIN-CETINKAYA-EN-WAPO-DUISBURG-1536x864.jpeg 1536w, https:\/\/oscarhumbertogomez.com\/wp-content\/uploads\/2022\/01\/YASEMIN-CETINKAYA-EN-WAPO-DUISBURG.jpeg 1920w\" sizes=\"auto, (max-width: 640px) 100vw, 640px\" \/><p id=\"caption-attachment-41227\" class=\"wp-caption-text\">YASEMIN CETINKAYA JUNTO A LOS ACTORES ALEMANES MARKUS JOHNS Y NIKLAS OSTERLOH EN LA NUEVA SERIE TELEVISIVA &#8220;WAPO DUISBURG&#8221;. Fotograf\u00eda de Mart\u00edn Valent\u00edn Menke<\/p><\/div>\n<p>&nbsp;<\/p>\n<div id=\"attachment_41224\" style=\"width: 490px\" class=\"wp-caption aligncenter\"><img loading=\"lazy\" decoding=\"async\" aria-describedby=\"caption-attachment-41224\" class=\"size-full wp-image-41224\" src=\"https:\/\/lapiedrafilosofal.com\/wp-content\/uploads\/2022\/01\/YASEMIN-WAPO-DUISBURG-.jpeg\" alt=\"\" width=\"480\" height=\"270\" srcset=\"https:\/\/oscarhumbertogomez.com\/wp-content\/uploads\/2022\/01\/YASEMIN-WAPO-DUISBURG-.jpeg 480w, https:\/\/oscarhumbertogomez.com\/wp-content\/uploads\/2022\/01\/YASEMIN-WAPO-DUISBURG--300x169.jpeg 300w\" sizes=\"auto, (max-width: 480px) 100vw, 480px\" \/><p id=\"caption-attachment-41224\" class=\"wp-caption-text\">YASEMIN CETINKAYA JUNTO A LOS ACTORES NIKLAS OSTERLOH Y MARKUS JOHNS EN LA NUEVA SERIE TELEVISIVA &#8220;WAPO DUISBURG&#8221;. Fotograf\u00eda de Mart\u00edn Valent\u00edn Menke<\/p><\/div>\n<p>&nbsp;<\/p>\n<div id=\"attachment_41221\" style=\"width: 522px\" class=\"wp-caption aligncenter\"><img loading=\"lazy\" decoding=\"async\" aria-describedby=\"caption-attachment-41221\" class=\"size-full wp-image-41221\" src=\"https:\/\/lapiedrafilosofal.com\/wp-content\/uploads\/2022\/01\/YASEMIN-11.jpeg\" alt=\"\" width=\"512\" height=\"288\" srcset=\"https:\/\/oscarhumbertogomez.com\/wp-content\/uploads\/2022\/01\/YASEMIN-11.jpeg 512w, https:\/\/oscarhumbertogomez.com\/wp-content\/uploads\/2022\/01\/YASEMIN-11-300x169.jpeg 300w\" sizes=\"auto, (max-width: 512px) 100vw, 512px\" \/><p id=\"caption-attachment-41221\" class=\"wp-caption-text\">YASEMIN CETINKAYA COMO ARDA TURAN EN LA SERIE TELEVISIVA ALEMANA &#8220;WAPO DUISBURG&#8221;.Fotograf\u00eda de Mart\u00edn Valent\u00edn Menke<\/p><\/div>\n<p>&nbsp;<\/p>\n<p>La \u00fanica entrevista a Yasemin Cetinkaya existente en YouTube data del 15 de febrero de 2020, se encuentra exclusivamente en idioma alem\u00e1n y su autor fue Christian Behring. Quise, entonces, obtener su traducci\u00f3n al idioma espa\u00f1ol con el prop\u00f3sito de enterarme de su contenido. Lo logr\u00e9 gracias a la pronta, entusiasta y desinteresada colaboraci\u00f3n que me brind\u00f3 mi joven nuera Ver\u00f3nica N\u00fa\u00f1ez, de ascendencia alemana y quien residi\u00f3 en Alemania durante varios a\u00f1os.<\/p>\n<p>Compart\u00ed con mi traductora su comentario de que es una entrevista realmente &#8220;muy linda&#8221;, pues all\u00ed la actriz transmite su sencillez como persona. Aunque en el fondo me da un poco de miedo el saber que es una practicante de deportes en los que f\u00e1cilmente y en cuesti\u00f3n de segundos uno estar\u00eda derribado en el suelo pregunt\u00e1ndose qu\u00e9 diablos sucedi\u00f3, si llegase a incurrir en alg\u00fan infortunado descache, me consuela la \u00edntima esperanza de que cuando regrese a Alemania tenga el honor de conocerla, ella me crea que estoy all\u00e1 en son de paz y, m\u00e1s bien, acceda a responderme, con la luminosa amabilidad de su sonrisa, una entrevista hecha en nuestro particular estilo latinoamericano, que obviamente ser\u00eda sustancialmente distinta a la que se halla publicada en YouTube.<\/p>\n<p>Por ahora, y a continuaci\u00f3n de otra hermosa fotograf\u00eda de Hendrik Wittenbrink, aqu\u00ed est\u00e1 la bonita entrevista de Christian Behring con Yasemin Cetinkaya en espa\u00f1ol, traducci\u00f3n de Ver\u00f3nica N\u00fa\u00f1ez, a quien le reitero mis m\u00e1s sinceros agradecimientos por su oportuna y valiosa colaboraci\u00f3n.<\/p>\n<p>&nbsp;<\/p>\n<p><img loading=\"lazy\" decoding=\"async\" class=\"aligncenter size-large wp-image-41179\" src=\"https:\/\/lapiedrafilosofal.com\/wp-content\/uploads\/2022\/01\/Yasemin-cetinkaya-Fotografi\u0301a-de-Hendrik-Wittenbrink-683x1024.jpeg\" alt=\"\" width=\"640\" height=\"960\" srcset=\"https:\/\/oscarhumbertogomez.com\/wp-content\/uploads\/2022\/01\/Yasemin-cetinkaya-Fotografi\u0301a-de-Hendrik-Wittenbrink-683x1024.jpeg 683w, https:\/\/oscarhumbertogomez.com\/wp-content\/uploads\/2022\/01\/Yasemin-cetinkaya-Fotografi\u0301a-de-Hendrik-Wittenbrink-200x300.jpeg 200w, https:\/\/oscarhumbertogomez.com\/wp-content\/uploads\/2022\/01\/Yasemin-cetinkaya-Fotografi\u0301a-de-Hendrik-Wittenbrink-768x1151.jpeg 768w, https:\/\/oscarhumbertogomez.com\/wp-content\/uploads\/2022\/01\/Yasemin-cetinkaya-Fotografi\u0301a-de-Hendrik-Wittenbrink.jpeg 1024w\" sizes=\"auto, (max-width: 640px) 100vw, 640px\" \/><\/p>\n<p>&nbsp;<\/p>\n<p>&#8220;Entrevistador: S\u00e9 que est\u00e1s trabajando en Sat. 1, pero cuando se busca informaci\u00f3n sobre ti no aparece mucho. Quisiera que te presentaras un poco.<\/p>\n<p>Yasemin: S\u00ed, soy Yasemin Cetinkaya. Hice estudios de actuaci\u00f3n en Luisburgo, en una academia de artes en Wurzburgo y me mud\u00e9 hace cinco a\u00f1os a Berl\u00edn.<\/p>\n<p>Entrevistador: Empezaste en &#8220;Berlin Tag und Nacht&#8221; (Berl\u00edn D\u00eda y Noche, programa de TV) pero todav\u00eda no eras actriz.<\/p>\n<p>Yasemin: En el 2011 hubo muchos programas de realities. En ese entonces todav\u00eda no era actriz, fue antes de mi especializaci\u00f3n.<\/p>\n<p>Entrevistador: \u00bfPor tal motivo estudiaste actuaci\u00f3n? O tu deseo empez\u00f3 desde antes&#8230;<\/p>\n<p>Yasemin: \u00bfVolverme actriz? Oh, no; ese deseo lo tengo hace mucho. Cuando era una ni\u00f1a peque\u00f1a no ten\u00eda dientes, salvo uno negrito que me estaba saliendo. En ese entonces estaban presentando la obra Hansel y Gretel para los padres de familia. Para todos era claro que era yo quien iba a interpretar a la bruja. Entonces yo hice de la bruja y todav\u00eda recuerdo que para m\u00ed fue una experiencia muy linda, pues pude hacer re\u00edr a la gente. Cuando entr\u00e9 al escenario y vi a tantos padres ri\u00e9ndose, me di cuenta de que me era natural hacer re\u00edr a las personas y ver sus emociones. Ah\u00ed dije para m\u00ed misma: en el futuro, o voy a ser princesa, o voy a ser actriz. Decid\u00ed, entonces, ser actriz y no princesa.<\/p>\n<p>Empec\u00e9 a presentarme en teatros de colegio, pero siempre intent\u00e9 actuar en cualquier sitio. Empec\u00e9 a actuar en Dortmund. Hice un proyecto con unos j\u00f3venes en Dortmund y conoc\u00ed a una pedagoga en el teatro. Me pregunt\u00f3 si quer\u00eda ser actriz, lo cual me extra\u00f1\u00f3 pues no pens\u00e9 que eso fuera una profesi\u00f3n.<\/p>\n<p>&nbsp;<\/p>\n<div id=\"attachment_41211\" style=\"width: 778px\" class=\"wp-caption aligncenter\"><img loading=\"lazy\" decoding=\"async\" aria-describedby=\"caption-attachment-41211\" class=\"size-full wp-image-41211\" src=\"https:\/\/lapiedrafilosofal.com\/wp-content\/uploads\/2022\/01\/YASEMIN-CETINKAYA.jpeg\" alt=\"\" width=\"768\" height=\"1024\" srcset=\"https:\/\/oscarhumbertogomez.com\/wp-content\/uploads\/2022\/01\/YASEMIN-CETINKAYA.jpeg 768w, https:\/\/oscarhumbertogomez.com\/wp-content\/uploads\/2022\/01\/YASEMIN-CETINKAYA-225x300.jpeg 225w\" sizes=\"auto, (max-width: 768px) 100vw, 768px\" \/><p id=\"caption-attachment-41211\" class=\"wp-caption-text\">YASEMIN CETINKAYA, ACTRIZ ALEMANA. schauspielervideos.de \/\/ Gold Berlin \/\/ Kim Palme<\/p><\/div>\n<p>&nbsp;<\/p>\n<p>Entrevistador: \u00bfEntonces fue &#8220;Berlin Tag un Nacht&#8221; un impulso?<\/p>\n<p>Yasemin: Esa propuesta me lleg\u00f3 cuando estaba haciendo el Abitur (etapa preparatoria para entrar a la universidad; dura tres a\u00f1os y de la aprobaci\u00f3n de su examen final depende el ingreso o no a la universidad). Despu\u00e9s de hacer el Abitur hice la audici\u00f3n. Imag\u00ednate, en esa fase de mi vida en la que yo estaba me lleg\u00f3 la propuesta de estar ah\u00ed, apenas terminara la universidad, entonces fue muy interesante para m\u00ed. Cuando acab\u00e9 la universidad todo tom\u00f3 su rumbo y me pareci\u00f3 una experiencia incre\u00edble.<\/p>\n<p>Entrevistador: Si el estudio no hubiera funcionado, \u00bften\u00edas alg\u00fan plan B?<\/p>\n<p>Yasemin: En realidad, no. A veces el mejor empuje para que salga el plan A es que no tengas un plan B.<\/p>\n<p>Entrevistador: Cuando ves las pel\u00edculas que has hecho, \u00bfest\u00e1s satisfecha?<\/p>\n<p>Yasemin: Mucho. En especial el a\u00f1o pasado fue muy bueno para m\u00ed. Tengo la sensaci\u00f3n de que puedo probar muchas cosas nuevas, cosas diferentes. Antes grab\u00e9 &#8220;Geil Eins&#8221; y era un personaje plano. Ahora estoy haciendo comedia. Tambi\u00e9n he jugado a &#8220;Marie F\u00e4ngt Feuer&#8221; o &#8220;V\u00e4ter Alleine zu Hause&#8221; en donde actu\u00e9 de la exesposa de Oliver Schultz, as\u00ed como de mam\u00e1 de tres ni\u00f1os. Tengo el sentimiento de que tengo mucha suerte, de que puedo actuar en muchas cosas distintas.<\/p>\n<p>Entrevistador: No muchos actores pueden decir que han hecho eso.<\/p>\n<p>Yasemin: S\u00ed, exacto; tengo la sensaci\u00f3n de que soy suertuda, que puedo probar muchas cosas, y estoy agradecida con eso.<\/p>\n<p>Entrevistador: \u00bfHay alg\u00fan personaje de ensue\u00f1o para ti?<\/p>\n<p>Yasemin: Billonaria, dir\u00eda yo (risas). En realidad no puedo decir cu\u00e1l es, sino que cuando yo veo un libreto y leo c\u00f3mo es mi personaje, puedo responder esa pregunta, al menos luego de la segunda le\u00edda. No puedo decir que lo ideal ser\u00eda una mujer fuerte, porque todos los personajes tienen sus desventajas y sus debilidades, as\u00ed parezcan fuertes.<\/p>\n<p>Entrevistador: \u00bfEn ocasiones te detienes a pensar si quieres hacer el personaje o no?<\/p>\n<p>Yasemin: S\u00ed, eso es una corazonada. Me gusta interpretar a las figuras d\u00e9biles, a las que tienen problemas, a las que han sufrido de algo, pero intento buscar en cada personaje algo bueno. Eso es muy importante para m\u00ed. De todas maneras, tengo que amar a la figura que har\u00e9. Si no siento amor, no me gusta interpretarla.<\/p>\n<p>&nbsp;<\/p>\n<div id=\"attachment_41218\" style=\"width: 750px\" class=\"wp-caption aligncenter\"><img loading=\"lazy\" decoding=\"async\" aria-describedby=\"caption-attachment-41218\" class=\"size-full wp-image-41218\" src=\"https:\/\/lapiedrafilosofal.com\/wp-content\/uploads\/2022\/01\/yasemin-cetinkaya-1.jpeg\" alt=\"\" width=\"740\" height=\"987\" srcset=\"https:\/\/oscarhumbertogomez.com\/wp-content\/uploads\/2022\/01\/yasemin-cetinkaya-1.jpeg 740w, https:\/\/oscarhumbertogomez.com\/wp-content\/uploads\/2022\/01\/yasemin-cetinkaya-1-225x300.jpeg 225w\" sizes=\"auto, (max-width: 740px) 100vw, 740px\" \/><p id=\"caption-attachment-41218\" class=\"wp-caption-text\">YASEMIN CETINKAYA. listal.com<\/p><\/div>\n<p>&nbsp;<\/p>\n<p>Entrevistador: Viendo tu recorrido es evidente que solo has hecho pel\u00edculas y cosas muy &#8220;fancies&#8221; (cosas lujosas, elegantes y que causan furor), pero no he visto que hayas hecho teatro.<\/p>\n<p>Yasemin: S\u00ed lo he hecho. He hecho teatro, aunque personajes secundarios. Es que&#8230; cuando uno termina la escuela de actuaci\u00f3n le preguntan mucho qu\u00e9 es lo que quiere hacer, si prefiere dedicarse al teatro o al cine. Claro que me han ofrecido papeles e, incluso, yo de ni\u00f1a estuve en teatro para j\u00f3venes y actu\u00e9 en papeles secundarios. He hecho algunas obras de teatro para ni\u00f1os en Dortmund, en Karlsruhe, y era muy divertido, aunque soy una persona persona muy bajita&#8230; (risas), entonces me adapto muy bien a los papeles de ni\u00f1os, de j\u00f3venes. Para hacer personajes secundarios me toca pens\u00e1rmelo mucho. Por ejemplo, si en Karlsruhe debo interpretar un personaje secundario y vivo en Berl\u00edn, me tocan seis horas de ida y seis de vuelta para estar solo dos horas en el escenario. Uno no se puede sacrificar tanto, pero ganas de hacer teatro s\u00ed que tengo. Tengo ganas de volver a trabajar en ello, pero comprometerme fuertemente con eso&#8230; no me lo imagino, estudi\u00e9 en Luisburgo, que fue genial, pero es una ciudad peque\u00f1a y uno est\u00e1 en un peque\u00f1o cuarto, siempre con las mismas personas, a las que quer\u00eda mucho, pero ah\u00ed yo pensaba: &#8220;quiero salir de ah\u00ed&#8221;, &#8220;quiero estar en la gran ciudad&#8221;, &#8220;quiero hacer cosas diferentes&#8221;; si me hubiera comprometido con el teatro me habr\u00eda tocado quedarme dos a\u00f1os m\u00e1s y no me imagino eso, en el futuro de pronto&#8230;<\/p>\n<p>Entrevistador: Berl\u00edn tiene muchos teatros. \u00bfVas a teatros privados?<\/p>\n<p>Yasemin: S\u00ed, yo siempre voy, miro el programa y si hay cl\u00e1sicos que me gustan mucho. Miro tambi\u00e9n qui\u00e9nes est\u00e1n actuando, si hay conocidos o algo as\u00ed.<\/p>\n<p>Entrevistador: \u00bfCu\u00e1les cl\u00e1sicos?<\/p>\n<p>Yasemin: Yo&#8230; me gusta mucho Heiner M\u00fcller o&#8230; Salom\u00e9 (\u00bfla obra de Oscar Wilde?). Como espectador de teatro estoy ah\u00ed muy seguido.<\/p>\n<p>Entrevistador: \u00bfY te gusta ir al cine?<\/p>\n<p>Yasemin: Mmm&#8230; all\u00e1 s\u00ed voy mucho, por supuesto. Miro qu\u00e9 hay antes. El cine es de sorpresas. Miro el programa de cine para ver qu\u00e9 hay. En Neuk\u00f6lln Kreuzberg hay muchos, entonces pienso: &#8220;vamos a ver qu\u00e9 hay&#8221;. Me parece genial.<\/p>\n<p>Entrevistador: \u00bfY Berlinale (Festival Internacional de Cine de Berl\u00edn)? \u00bfVas all\u00e1?<\/p>\n<p>Yasemin: S\u00ed, un poco. Uno mira la publicidad, los eventos&#8230; uno no va solo por las conexiones o los conocidos. Eso es como cuando llevas tiempo trabajando en algo y conoces personas de un medio, los colegas te piden que los veas aqu\u00ed y all\u00e1, y uno al principio dice que s\u00ed, que es genial, que luego se encuentra con ellos, pero luego suena tanto a trabajo o a tener que cumplir obligaciones de tu agenda&#8230; por eso a veces es bueno tambi\u00e9n, adem\u00e1s de encontrarse con las personas con las que has trabajado antes y hablar de lo que hemos hecho, ir a mirar tambi\u00e9n lo que est\u00e1n haciendo las personas que todav\u00eda no conoces.<\/p>\n<p>&nbsp;<\/p>\n<div id=\"attachment_41195\" style=\"width: 778px\" class=\"wp-caption aligncenter\"><img loading=\"lazy\" decoding=\"async\" aria-describedby=\"caption-attachment-41195\" class=\"size-full wp-image-41195\" src=\"https:\/\/lapiedrafilosofal.com\/wp-content\/uploads\/2022\/01\/YASEMIN-5.jpeg\" alt=\"\" width=\"768\" height=\"1024\" srcset=\"https:\/\/oscarhumbertogomez.com\/wp-content\/uploads\/2022\/01\/YASEMIN-5.jpeg 768w, https:\/\/oscarhumbertogomez.com\/wp-content\/uploads\/2022\/01\/YASEMIN-5-225x300.jpeg 225w\" sizes=\"auto, (max-width: 768px) 100vw, 768px\" \/><p id=\"caption-attachment-41195\" class=\"wp-caption-text\">YASEMIN CETINKAYA. schauspielervideos.de \/\/ Gold Berlin \/\/ Kim Palme<\/p><\/div>\n<p>&nbsp;<\/p>\n<p>Entrevistador: Bueno, quisiera que no habl\u00e1ramos de tu trabajo. He visto que haces mucho deporte&#8230;<\/p>\n<p>Yasemin: Uy, s\u00ed&#8230; (risas). Me gusta mucho el deporte. Por ejemplo, me parece interesante el &#8220;muay thay&#8221;, en el que se usa mucho la tibia y los codos. Para las personas bajitas es muy interesante. Soy muy peque\u00f1a, mido 1.56 metros y no tengo brazos largos, por lo que creo que no me ir\u00eda muy bien como boxeadora. Me gusta mucho y me parece muy interesante mirarlo tambi\u00e9n, pero como actriz no es muy recomendable ir a torneos y cada tres semanas romperse la nariz.<\/p>\n<p>Entrevistador: \u00bfEso te podr\u00eda ayudar a conseguir un rol de acci\u00f3n, por ejemplo?<\/p>\n<p>Yasemin: Claro. Es una ventaja pero, desde mi experiencia, cuando est\u00e1s en un set hay profesionales que te dicen c\u00f3mo moverte y qu\u00e9 hacer. Para eso no necesitas a\u00f1os de deporte de pelea. Sin embargo, el sentimiento interno es muy bueno. Por ejemplo, para mi especializaci\u00f3n en actuaci\u00f3n hice &#8220;aikido&#8221;, que es un deporte de pelea que es transporte de las energ\u00edas por el cuerpo, y yo creo que cada arte o deporte que te ayude a usar tu cuerpo y a sentirlo te ayuda tambi\u00e9n a actuar mejor.<\/p>\n<p>&nbsp;<\/p>\n<div id=\"attachment_41196\" style=\"width: 650px\" class=\"wp-caption aligncenter\"><img loading=\"lazy\" decoding=\"async\" aria-describedby=\"caption-attachment-41196\" class=\"size-large wp-image-41196\" src=\"https:\/\/lapiedrafilosofal.com\/wp-content\/uploads\/2022\/01\/YASEMIN-7-1024x682.jpeg\" alt=\"\" width=\"640\" height=\"426\" srcset=\"https:\/\/oscarhumbertogomez.com\/wp-content\/uploads\/2022\/01\/YASEMIN-7-1024x682.jpeg 1024w, https:\/\/oscarhumbertogomez.com\/wp-content\/uploads\/2022\/01\/YASEMIN-7-300x200.jpeg 300w, https:\/\/oscarhumbertogomez.com\/wp-content\/uploads\/2022\/01\/YASEMIN-7-768x512.jpeg 768w, https:\/\/oscarhumbertogomez.com\/wp-content\/uploads\/2022\/01\/YASEMIN-7.jpeg 1070w\" sizes=\"auto, (max-width: 640px) 100vw, 640px\" \/><p id=\"caption-attachment-41196\" class=\"wp-caption-text\">YASEMIN CETINKAYA (Fotograf\u00eda: Henry Wittebrink)<\/p><\/div>\n<p>&nbsp;<\/p>\n<p>Entrevistador: Tenemos algo de tiempo para preguntarte si tienes &#8220;hobbies&#8221;.<\/p>\n<p>Yasemin: S\u00ed, claro. Soy una ratona de biblioteca. Sin mis libros no voy a ning\u00fan lado. Tambi\u00e9n tengo amigos, personas con las que me gusta hablar y encontrarme&#8230; (risas dudosas). \u00bfCu\u00e1les son mis &#8220;hobbies&#8221;? Jajaja, s\u00ed tengo &#8220;hobbies&#8221;, pero cambian con el tiempo.<\/p>\n<p>Entrevistador: Bueno, eso fue todo. Muchas gracias por esta charla y mucha suerte.<\/p>\n<p>Yasemin: Muchas gracias&#8221;.<\/p>\n<p>&nbsp;<\/p>\n<p>Gracias a ti, Yasemin, por el regalo inconmensurable de tu sencillez, tu simpat\u00eda y tu talento. Un abrazo grande desde Colombia y que vengan muchas satisfacciones en tu carrera actoral. Por all\u00e1 a Berl\u00edn ir\u00e9 y espero que me des la invaluable oportunidad de saludarte.<\/p>\n<p>&nbsp;<\/p>\n<p>Ruitoque, Mesa de las Tempestades, \u00e1rea metropolitana de Bucaramanga, Santander (Colombia), Suram\u00e9rica, s\u00e1bado 15 de enero de 2022.<\/p>\n<p>&nbsp;<\/p>\n<p><iframe loading=\"lazy\" width=\"560\" height=\"315\" src=\"https:\/\/www.youtube.com\/embed\/dHmGZKWRmp0?controls=0\" title=\"YouTube video player\" frameborder=\"0\" allow=\"accelerometer; autoplay; clipboard-write; encrypted-media; gyroscope; picture-in-picture\" allowfullscreen=\"\"><\/iframe><\/p>\n<p>&nbsp;<\/p>\n","protected":false},"excerpt":{"rendered":"<p>&nbsp; Alemania celebr\u00f3 el A\u00f1o Nuevo de 1984 con las primeras emisiones de un nuevo canal de televisi\u00f3n: el canal Sat.1. Hoy por hoy, es un canal privado con cobertura nacional y abierta. Pues bien: siete lustros despu\u00e9s de aquella &hellip; <a href=\"https:\/\/oscarhumbertogomez.com\/?p=41157\">Sigue leyendo <span class=\"meta-nav\">&rarr;<\/span><\/a><\/p>\n<div class='heateorSssClear'><\/div><div  class='heateor_sss_sharing_container heateor_sss_horizontal_sharing' heateor-sss-data-href='https:\/\/oscarhumbertogomez.com\/?p=41157'><div class='heateor_sss_sharing_title' style=\"font-weight:bold\" >\u00a1Gracias por compartirla!<\/div><ul class=\"heateor_sss_sharing_ul\"><li class=\"heateorSssSharingRound\"><i style=\"width:35px;height:35px;border-radius:999px;\" alt=\"Facebook\" Title=\"Facebook\" class=\"heateorSssSharing heateorSssFacebookBackground\" onclick='heateorSssPopup(\"https:\/\/www.facebook.com\/sharer\/sharer.php?u=https%3A%2F%2Foscarhumbertogomez.com%2Findex.php%3Frest_route%3D%252Fwp%252Fv2%252Fposts%252F41157\")'><ss style=\"display:block;border-radius:999px;\" class=\"heateorSssSharingSvg heateorSssFacebookSvg\"><\/ss><\/i><\/li><li class=\"heateorSssSharingRound\"><i style=\"width:35px;height:35px;border-radius:999px;\" alt=\"Twitter\" Title=\"Twitter\" class=\"heateorSssSharing heateorSssTwitterBackground\" onclick='heateorSssPopup(\"http:\/\/twitter.com\/intent\/tweet?text=Yasemin%20Cetinkaya%2C%20joven%20y%20talentosa%20actriz%20alemana.%20Por%20%C3%93scar%20Humberto%20G%C3%B3mez%20G%C3%B3mez&url=https%3A%2F%2Foscarhumbertogomez.com%2Findex.php%3Frest_route%3D%252Fwp%252Fv2%252Fposts%252F41157\")'><ss style=\"display:block;border-radius:999px;\" class=\"heateorSssSharingSvg heateorSssTwitterSvg\"><\/ss><\/i><\/li><li class=\"heateorSssSharingRound\"><i style=\"width:35px;height:35px;border-radius:999px;\" alt=\"Whatsapp\" Title=\"Whatsapp\" class=\"heateorSssSharing heateorSssWhatsappBackground\" onclick='heateorSssPopup(\"https:\/\/web.whatsapp.com\/send?text=Yasemin%20Cetinkaya%2C%20joven%20y%20talentosa%20actriz%20alemana.%20Por%20%C3%93scar%20Humberto%20G%C3%B3mez%20G%C3%B3mez https%3A%2F%2Foscarhumbertogomez.com%2Findex.php%3Frest_route%3D%252Fwp%252Fv2%252Fposts%252F41157\")'><ss style=\"display:block\" class=\"heateorSssSharingSvg heateorSssWhatsappSvg\"><\/ss><\/i><\/li><li class=\"heateorSssSharingRound\"><i style=\"width:35px;height:35px;border-radius:999px;\" alt=\"Pinterest\" Title=\"Pinterest\" class=\"heateorSssSharing heateorSssPinterestBackground\" onclick=\"javascript:void( (function() {var e=document.createElement('script' );e.setAttribute('type','text\/javascript' );e.setAttribute('charset','UTF-8' );e.setAttribute('src','\/\/assets.pinterest.com\/js\/pinmarklet.js?r='+Math.random()*99999999);document.body.appendChild(e)})());\"><ss style=\"display:block;border-radius:999px;\" class=\"heateorSssSharingSvg heateorSssPinterestSvg\"><\/ss><\/i><\/li><li class=\"heateorSssSharingRound\"><i style=\"width:35px;height:35px;border-radius:999px;\" alt=\"Google Gmail\" Title=\"Google Gmail\" class=\"heateorSssSharing heateorSssGoogleGmailBackground\" onclick='heateorSssPopup(\"https:\/\/mail.google.com\/mail\/?ui=2&view=cm&fs=1&tf=1&su=Yasemin%20Cetinkaya%2C%20joven%20y%20talentosa%20actriz%20alemana.%20Por%20%C3%93scar%20Humberto%20G%C3%B3mez%20G%C3%B3mez&body=Link:https%3A%2F%2Foscarhumbertogomez.com%2Findex.php%3Frest_route%3D%252Fwp%252Fv2%252Fposts%252F41157\")'><ss style=\"display:block;border-radius:999px;\" class=\"heateorSssSharingSvg heateorSssGoogleGmailSvg\"><\/ss><\/i><\/li><li class=\"heateorSssSharingRound\"><i style=\"width:35px;height:35px;border-radius:999px;\" title=\"More\" alt=\"More\" class=\"heateorSssSharing heateorSssMoreBackground\" onclick=\"heateorSssMoreSharingPopup(this, 'https:\/\/oscarhumbertogomez.com\/index.php?rest_route=%2Fwp%2Fv2%2Fposts%2F41157', 'Yasemin%20Cetinkaya%2C%20joven%20y%20talentosa%20actriz%20alemana.%20Por%20%C3%93scar%20Humberto%20G%C3%B3mez%20G%C3%B3mez', '' )\" ><ss style=\"display:block\" class=\"heateorSssSharingSvg heateorSssMoreSvg\"><\/ss><\/i><\/li><\/ul><div class=\"heateorSssClear\"><\/div><\/div><div class='heateorSssClear'><\/div>","protected":false},"author":2,"featured_media":0,"comment_status":"closed","ping_status":"closed","sticky":false,"template":"","format":"standard","meta":{"spay_email":"","footnotes":""},"categories":[55],"tags":[],"class_list":["post-41157","post","type-post","status-publish","format-standard","hentry","category-cine-y-television"],"jetpack_featured_media_url":"","jetpack_shortlink":"https:\/\/wp.me\/p1FYrr-aHP","_links":{"self":[{"href":"https:\/\/oscarhumbertogomez.com\/index.php?rest_route=\/wp\/v2\/posts\/41157","targetHints":{"allow":["GET"]}}],"collection":[{"href":"https:\/\/oscarhumbertogomez.com\/index.php?rest_route=\/wp\/v2\/posts"}],"about":[{"href":"https:\/\/oscarhumbertogomez.com\/index.php?rest_route=\/wp\/v2\/types\/post"}],"author":[{"embeddable":true,"href":"https:\/\/oscarhumbertogomez.com\/index.php?rest_route=\/wp\/v2\/users\/2"}],"replies":[{"embeddable":true,"href":"https:\/\/oscarhumbertogomez.com\/index.php?rest_route=%2Fwp%2Fv2%2Fcomments&post=41157"}],"version-history":[{"count":5,"href":"https:\/\/oscarhumbertogomez.com\/index.php?rest_route=\/wp\/v2\/posts\/41157\/revisions"}],"predecessor-version":[{"id":46359,"href":"https:\/\/oscarhumbertogomez.com\/index.php?rest_route=\/wp\/v2\/posts\/41157\/revisions\/46359"}],"wp:attachment":[{"href":"https:\/\/oscarhumbertogomez.com\/index.php?rest_route=%2Fwp%2Fv2%2Fmedia&parent=41157"}],"wp:term":[{"taxonomy":"category","embeddable":true,"href":"https:\/\/oscarhumbertogomez.com\/index.php?rest_route=%2Fwp%2Fv2%2Fcategories&post=41157"},{"taxonomy":"post_tag","embeddable":true,"href":"https:\/\/oscarhumbertogomez.com\/index.php?rest_route=%2Fwp%2Fv2%2Ftags&post=41157"}],"curies":[{"name":"wp","href":"https:\/\/api.w.org\/{rel}","templated":true}]}}