{"id":41573,"date":"2022-03-30T12:40:51","date_gmt":"2022-03-30T17:40:51","guid":{"rendered":"https:\/\/oscarhumbertogomez.com\/?p=41573"},"modified":"2023-01-20T18:24:01","modified_gmt":"2023-01-20T23:24:01","slug":"omar-gomez-rey-la-presencia-del-arte-colombiano-en-alemania-por-oscar-humberto-gomez-gomez","status":"publish","type":"post","link":"https:\/\/oscarhumbertogomez.com\/?p=41573","title":{"rendered":"Omar G\u00f3mez Rey, la presencia del arte colombiano en Alemania. Por \u00d3scar Humberto G\u00f3mez G\u00f3mez"},"content":{"rendered":"<p><img loading=\"lazy\" decoding=\"async\" class=\"aligncenter size-full wp-image-41576\" src=\"https:\/\/oscarhumbertogomez.com\/wp-content\/uploads\/2022\/03\/omar.jpeg\" alt=\"\" width=\"880\" height=\"678\" srcset=\"https:\/\/oscarhumbertogomez.com\/wp-content\/uploads\/2022\/03\/omar.jpeg 880w, https:\/\/oscarhumbertogomez.com\/wp-content\/uploads\/2022\/03\/omar-300x231.jpeg 300w, https:\/\/oscarhumbertogomez.com\/wp-content\/uploads\/2022\/03\/omar-768x592.jpeg 768w\" sizes=\"auto, (max-width: 880px) 100vw, 880px\" \/><\/p>\n<p>&nbsp;<\/p>\n<p>El s\u00e1bado 30 de marzo de 1957, hoy hace 65 a\u00f1os, naci\u00f3 el artista colombiano Omar G\u00f3mez Rey.<\/p>\n<p>Cuando apenas se desperezaba la d\u00e9cada de los a\u00f1os 80 y \u00e9l andaba por los veinte y tantos a\u00f1os de su edad terrenal, este so\u00f1ador, dibujante de proyectos de caballetes, lienzos, \u00f3leos, pinceles, rostros y paisajes, abandon\u00f3 su solar nativo, aquella se\u00f1ora Bucaramanga de tradiciones incuestionables para una juventud rebelde y en cuyo barrio El Prado hab\u00eda vivido junto a sus padres, don Francisco G\u00f3mez y do\u00f1a Lucila Rey de G\u00f3mez, y al lado de sus j\u00f3venes hermanos y sus hermosas hermanas, el sector residencial todav\u00eda tranquilo y bordeado de \u00e1rboles y zonas verdes en cuyos andenes hab\u00eda jugado al trompo, y elevado cometas hacia los cielos celestes de agosto, y disputado emocionantes partidos de maras multicolores, y viaj\u00f3, ligero de equipaje y m\u00e1s ligero a\u00fan de fondos en los bolsillos, entiendo que primero a Cartagena de Indias, donde las malas lenguas me cuentan que conoci\u00f3 a Gabriel Garc\u00eda M\u00e1rquez, que departi\u00f3 con \u00e9l y que hasta se tom\u00f3 fotograf\u00edas a su lado, para terminar despu\u00e9s larg\u00e1ndose, oc\u00e9ano Atl\u00e1ntico de por medio, a la Europa lejana y desconocida donde pensaba que podr\u00eda hacer realidad sus sue\u00f1os, los mismos sue\u00f1os juveniles que, como suele ocurrir, eran totalmente incomprendidos en su tierra natal, entra\u00f1able pero siempre hostil a sus profetas.<\/p>\n<p>Su emigraci\u00f3n al Viejo Continente lo condujo a la hist\u00f3rica ciudad de Nuremberg donde se residenci\u00f3 y mont\u00f3 su taller art\u00edstico.<\/p>\n<p>Doce a\u00f1os despu\u00e9s, en 1994, ya era miembro de la Confederaci\u00f3n Internacional de Asociaciones de Artistas de Bruselas, B\u00e9lgica (si es que no he traducido mal, cosa que no ser\u00eda rara) y en 1998 fue recibido como miembro de la Sociedad Internacional de Artistas Visuales de Bonn, Alemania.<\/p>\n<p>&nbsp;<\/p>\n<p><img loading=\"lazy\" decoding=\"async\" class=\"aligncenter size-full wp-image-41577\" src=\"https:\/\/oscarhumbertogomez.com\/wp-content\/uploads\/2022\/03\/omar_1.jpeg\" alt=\"\" width=\"840\" height=\"493\" srcset=\"https:\/\/oscarhumbertogomez.com\/wp-content\/uploads\/2022\/03\/omar_1.jpeg 840w, https:\/\/oscarhumbertogomez.com\/wp-content\/uploads\/2022\/03\/omar_1-300x176.jpeg 300w, https:\/\/oscarhumbertogomez.com\/wp-content\/uploads\/2022\/03\/omar_1-768x451.jpeg 768w\" sizes=\"auto, (max-width: 840px) 100vw, 840px\" \/><\/p>\n<p>&nbsp;<\/p>\n<p>A lo largo de su meritoria carrera art\u00edstica, el maestro G\u00f3mez Rey ha producido obras pict\u00f3ricas tanto de tama\u00f1o inmenso, con las que ha llevado el arte al interior de melanc\u00f3licos edificios, como de tama\u00f1o m\u00ednimo, algunas de ellas a manera de un sello de correos y que para ser apreciadas exig\u00edan el que se proveyera a los visitantes de la exposici\u00f3n de una lupa. As\u00ed mismo, y a diferencia de la gran mayor\u00eda de artistas, que se decantan por el arte abstracto o, por el contrario, hacia el arte realista, el talentoso pintor santandereano muy pronto comenz\u00f3 a exhibir un asombroso dominio de ambas expresiones, de modo que tranquilamente y con similar habilidad pas\u00f3 de las pinturas abstractas, esas que para yo entenderlas me toca hacer un curso intensivo o que alguien me las explique, a un arte concreto y constructivista, habiendo alcanzado gran renombre en la tierra que lo adopt\u00f3 como hijo ilustre.<\/p>\n<p>Ha expuesto el destacado maestro colombiano, a lo largo de su presencia art\u00edstica en Europa, en reputadas galer\u00edas como la Galer\u00eda The Stairs, de Berl\u00edn (1984), la Galer\u00eda Pel\u00e9 M\u00e9le, de Nuremberg, (1987), la Galer\u00eda Frauenknecht, de Nuremberg (1988), la Galer\u00eda Norisbank, de Furth (1989), la Galer\u00eda H\u00f6fler, de Nuremberg (1997), la Galer\u00eda Scholz, de Hersbruck (2002), la Galer\u00eda Arauco, de Nuremberg (1994, 1998 y 2000), entre otras, y fue invitado a exponer en el hist\u00f3rico G\u00e4nsturm, en Hersbruck, donde llev\u00f3 a cabo una exposici\u00f3n permanente con piezas \u00fanicas en aceite entre octubre de 2018 y abril de 2019. En este emblem\u00e1tico lugar del casco antiguo de la ciudad, que a diferencia de lo que sucede en Bucaramanga cuenta con una organizaci\u00f3n que lo defiende y que se llama &#8220;Amigos del Casco Antiguo&#8221;, el maestro G\u00f3mez Rey expuso miniaturas creadas con esp\u00e1tula en las cuales plasm\u00f3 paisajes y remembranzas, pero tambi\u00e9n ofreci\u00f3 a los visitantes, y copio textualmente de alg\u00fan lado que ya no recuerdo, \u201cel horizonte de una ciudad de fantas\u00eda\u201c.<\/p>\n<p>&nbsp;<\/p>\n<p><img loading=\"lazy\" decoding=\"async\" class=\"aligncenter size-full wp-image-41578\" src=\"https:\/\/oscarhumbertogomez.com\/wp-content\/uploads\/2022\/03\/projekte_1.jpeg\" alt=\"\" width=\"840\" height=\"493\" srcset=\"https:\/\/oscarhumbertogomez.com\/wp-content\/uploads\/2022\/03\/projekte_1.jpeg 840w, https:\/\/oscarhumbertogomez.com\/wp-content\/uploads\/2022\/03\/projekte_1-300x176.jpeg 300w, https:\/\/oscarhumbertogomez.com\/wp-content\/uploads\/2022\/03\/projekte_1-768x451.jpeg 768w\" sizes=\"auto, (max-width: 840px) 100vw, 840px\" \/><\/p>\n<p>&nbsp;<\/p>\n<p>Hoy, d\u00eda de su cumplea\u00f1os, el maestro Omar G\u00f3mez Rey atraviesa por quebrantos de salud que lo aquejan.<\/p>\n<p>Nos lo cont\u00f3 ayer entre risas, an\u00e9cdotas, chistes y remembranzas de viejos y felices tiempos, en desarrollo de una larga charla telef\u00f3nica en la que trajo a colaci\u00f3n cosas bellas hoy por hoy olvidadas, las f\u00e1bulas y sus moralejas, las ense\u00f1anzas de nuestros antepasados, los pavos reales del Instituto Tecnol\u00f3gico Santandereano y las idas a Chitota, pero tambi\u00e9n nos confes\u00f3 su accidentado paso por diversos colegios y las bregas de su padre por que estudiara con juicio, trajo a cuento episodios felices de su juventud, las im\u00e1genes de viejos amigos, los sabios consejos que en momentos complicados recibi\u00f3 de personas para \u00e9l hoy inolvidables, record\u00f3 c\u00f3mo se hab\u00eda convertido en divulgador de la cultura santandereana en Alemania, c\u00f3mo hab\u00eda dado a conocer, pongamos por caso, la poes\u00eda de Rafael Ortiz Gonz\u00e1lez, a quien considera uno de los grandes poetas de Am\u00e9rica Latina, en fin, intercambiamos a\u00f1oranzas y le dimos bote a la tristeza anteponi\u00e9ndole lo \u00fanico con lo cual podemos derrotarla, que no puede ser m\u00e1s que la alegr\u00eda.<\/p>\n<p>&nbsp;<\/p>\n<p><img loading=\"lazy\" decoding=\"async\" class=\"aligncenter size-full wp-image-41579\" src=\"https:\/\/oscarhumbertogomez.com\/wp-content\/uploads\/2022\/03\/im-gaensturm.jpeg\" alt=\"\" width=\"279\" height=\"469\" srcset=\"https:\/\/oscarhumbertogomez.com\/wp-content\/uploads\/2022\/03\/im-gaensturm.jpeg 279w, https:\/\/oscarhumbertogomez.com\/wp-content\/uploads\/2022\/03\/im-gaensturm-178x300.jpeg 178w\" sizes=\"auto, (max-width: 279px) 100vw, 279px\" \/><\/p>\n<p>&nbsp;<\/p>\n<p>Esa personalidad festiva y optimista frente a la adversidad se la observ\u00e9 tambi\u00e9n al borde de la tumba reci\u00e9n abierta de su padre donde, a diferencia de lo que estaba acostumbrado a ver siempre en los sepelios, lo que hubo fueron an\u00e9cdotas, buen humor, coplas recitadas y canciones cantadas a viva voz y de manera espont\u00e1nea, como cuando \u00e9l y toda la familia del finado, que esperaba en su f\u00e9retro, comenz\u00f3 a cantar el &#8220;Pueblito viejo&#8221; de Jos\u00e9 A. Morales ante la mirada desconcertada de los sepultureros y de los circunspectos asistentes.<\/p>\n<p>Si algo tengo claro de Omar G\u00f3mez Rey es no s\u00f3lo su talento art\u00edstico, sino adem\u00e1s, y quiz\u00e1s m\u00e1s importante en estos momentos duros, su fe inquebrantable en el Supremo Hacedor y en los valores y principios que le ense\u00f1aron en su hogar, que nos ense\u00f1aron a todos en el nuestro y que por momentos, infortunadamente, pareciera que se nos olvidaran o que no crey\u00e9ramos en ellos lo suficiente.<\/p>\n<p>Que este dif\u00edcil cumplea\u00f1os sea la antesala de su feliz recuperaci\u00f3n, maestro.<\/p>\n<p>&nbsp;<\/p>\n<p><iframe loading=\"lazy\" width=\"560\" height=\"315\" src=\"https:\/\/www.youtube-nocookie.com\/embed\/PukbstNEy7I?controls=0\" title=\"YouTube video player\" frameborder=\"0\" allow=\"accelerometer; autoplay; clipboard-write; encrypted-media; gyroscope; picture-in-picture\" allowfullscreen=\"\"><\/iframe><\/p>\n<p>&nbsp;<\/p>\n","protected":false},"excerpt":{"rendered":"<p>&nbsp; El s\u00e1bado 30 de marzo de 1957, hoy hace 65 a\u00f1os, naci\u00f3 el artista colombiano Omar G\u00f3mez Rey. Cuando apenas se desperezaba la d\u00e9cada de los a\u00f1os 80 y \u00e9l andaba por los veinte y tantos a\u00f1os de su &hellip; <a href=\"https:\/\/oscarhumbertogomez.com\/?p=41573\">Sigue leyendo <span class=\"meta-nav\">&rarr;<\/span><\/a><\/p>\n<div class='heateorSssClear'><\/div><div  class='heateor_sss_sharing_container heateor_sss_horizontal_sharing' heateor-sss-data-href='https:\/\/oscarhumbertogomez.com\/?p=41573'><div class='heateor_sss_sharing_title' style=\"font-weight:bold\" >\u00a1Gracias por compartirla!<\/div><ul class=\"heateor_sss_sharing_ul\"><li class=\"heateorSssSharingRound\"><i style=\"width:35px;height:35px;border-radius:999px;\" alt=\"Facebook\" Title=\"Facebook\" class=\"heateorSssSharing heateorSssFacebookBackground\" onclick='heateorSssPopup(\"https:\/\/www.facebook.com\/sharer\/sharer.php?u=https%3A%2F%2Foscarhumbertogomez.com%2Findex.php%3Frest_route%3D%252Fwp%252Fv2%252Fposts%252F41573\")'><ss style=\"display:block;border-radius:999px;\" class=\"heateorSssSharingSvg heateorSssFacebookSvg\"><\/ss><\/i><\/li><li class=\"heateorSssSharingRound\"><i style=\"width:35px;height:35px;border-radius:999px;\" alt=\"Twitter\" Title=\"Twitter\" class=\"heateorSssSharing heateorSssTwitterBackground\" onclick='heateorSssPopup(\"http:\/\/twitter.com\/intent\/tweet?text=Omar%20G%C3%B3mez%20Rey%2C%20la%20presencia%20del%20arte%20colombiano%20en%20Alemania.%20Por%20%C3%93scar%20Humberto%20G%C3%B3mez%20G%C3%B3mez&url=https%3A%2F%2Foscarhumbertogomez.com%2Findex.php%3Frest_route%3D%252Fwp%252Fv2%252Fposts%252F41573\")'><ss style=\"display:block;border-radius:999px;\" class=\"heateorSssSharingSvg heateorSssTwitterSvg\"><\/ss><\/i><\/li><li class=\"heateorSssSharingRound\"><i style=\"width:35px;height:35px;border-radius:999px;\" alt=\"Whatsapp\" Title=\"Whatsapp\" class=\"heateorSssSharing heateorSssWhatsappBackground\" onclick='heateorSssPopup(\"https:\/\/web.whatsapp.com\/send?text=Omar%20G%C3%B3mez%20Rey%2C%20la%20presencia%20del%20arte%20colombiano%20en%20Alemania.%20Por%20%C3%93scar%20Humberto%20G%C3%B3mez%20G%C3%B3mez https%3A%2F%2Foscarhumbertogomez.com%2Findex.php%3Frest_route%3D%252Fwp%252Fv2%252Fposts%252F41573\")'><ss style=\"display:block\" class=\"heateorSssSharingSvg heateorSssWhatsappSvg\"><\/ss><\/i><\/li><li class=\"heateorSssSharingRound\"><i style=\"width:35px;height:35px;border-radius:999px;\" alt=\"Pinterest\" Title=\"Pinterest\" class=\"heateorSssSharing heateorSssPinterestBackground\" onclick=\"javascript:void( (function() {var e=document.createElement('script' );e.setAttribute('type','text\/javascript' );e.setAttribute('charset','UTF-8' );e.setAttribute('src','\/\/assets.pinterest.com\/js\/pinmarklet.js?r='+Math.random()*99999999);document.body.appendChild(e)})());\"><ss style=\"display:block;border-radius:999px;\" class=\"heateorSssSharingSvg heateorSssPinterestSvg\"><\/ss><\/i><\/li><li class=\"heateorSssSharingRound\"><i style=\"width:35px;height:35px;border-radius:999px;\" alt=\"Google Gmail\" Title=\"Google Gmail\" class=\"heateorSssSharing heateorSssGoogleGmailBackground\" onclick='heateorSssPopup(\"https:\/\/mail.google.com\/mail\/?ui=2&view=cm&fs=1&tf=1&su=Omar%20G%C3%B3mez%20Rey%2C%20la%20presencia%20del%20arte%20colombiano%20en%20Alemania.%20Por%20%C3%93scar%20Humberto%20G%C3%B3mez%20G%C3%B3mez&body=Link:https%3A%2F%2Foscarhumbertogomez.com%2Findex.php%3Frest_route%3D%252Fwp%252Fv2%252Fposts%252F41573\")'><ss style=\"display:block;border-radius:999px;\" class=\"heateorSssSharingSvg heateorSssGoogleGmailSvg\"><\/ss><\/i><\/li><li class=\"heateorSssSharingRound\"><i style=\"width:35px;height:35px;border-radius:999px;\" title=\"More\" alt=\"More\" class=\"heateorSssSharing heateorSssMoreBackground\" onclick=\"heateorSssMoreSharingPopup(this, 'https:\/\/oscarhumbertogomez.com\/index.php?rest_route=%2Fwp%2Fv2%2Fposts%2F41573', 'Omar%20G%C3%B3mez%20Rey%2C%20la%20presencia%20del%20arte%20colombiano%20en%20Alemania.%20Por%20%C3%93scar%20Humberto%20G%C3%B3mez%20G%C3%B3mez', '' )\" ><ss style=\"display:block\" class=\"heateorSssSharingSvg heateorSssMoreSvg\"><\/ss><\/i><\/li><\/ul><div class=\"heateorSssClear\"><\/div><\/div><div class='heateorSssClear'><\/div>","protected":false},"author":2,"featured_media":0,"comment_status":"closed","ping_status":"closed","sticky":false,"template":"","format":"standard","meta":{"spay_email":"","footnotes":""},"categories":[71],"tags":[],"class_list":["post-41573","post","type-post","status-publish","format-standard","hentry","category-pintura-y-escultura"],"jetpack_featured_media_url":"","jetpack_shortlink":"https:\/\/wp.me\/p1FYrr-aOx","_links":{"self":[{"href":"https:\/\/oscarhumbertogomez.com\/index.php?rest_route=\/wp\/v2\/posts\/41573","targetHints":{"allow":["GET"]}}],"collection":[{"href":"https:\/\/oscarhumbertogomez.com\/index.php?rest_route=\/wp\/v2\/posts"}],"about":[{"href":"https:\/\/oscarhumbertogomez.com\/index.php?rest_route=\/wp\/v2\/types\/post"}],"author":[{"embeddable":true,"href":"https:\/\/oscarhumbertogomez.com\/index.php?rest_route=\/wp\/v2\/users\/2"}],"replies":[{"embeddable":true,"href":"https:\/\/oscarhumbertogomez.com\/index.php?rest_route=%2Fwp%2Fv2%2Fcomments&post=41573"}],"version-history":[{"count":5,"href":"https:\/\/oscarhumbertogomez.com\/index.php?rest_route=\/wp\/v2\/posts\/41573\/revisions"}],"predecessor-version":[{"id":43055,"href":"https:\/\/oscarhumbertogomez.com\/index.php?rest_route=\/wp\/v2\/posts\/41573\/revisions\/43055"}],"wp:attachment":[{"href":"https:\/\/oscarhumbertogomez.com\/index.php?rest_route=%2Fwp%2Fv2%2Fmedia&parent=41573"}],"wp:term":[{"taxonomy":"category","embeddable":true,"href":"https:\/\/oscarhumbertogomez.com\/index.php?rest_route=%2Fwp%2Fv2%2Fcategories&post=41573"},{"taxonomy":"post_tag","embeddable":true,"href":"https:\/\/oscarhumbertogomez.com\/index.php?rest_route=%2Fwp%2Fv2%2Ftags&post=41573"}],"curies":[{"name":"wp","href":"https:\/\/api.w.org\/{rel}","templated":true}]}}