{"id":422,"date":"2011-07-03T11:16:47","date_gmt":"2011-07-03T16:16:47","guid":{"rendered":"http:\/\/www.oscarhumbertogomez.com\/?p=422"},"modified":"2025-02-01T08:16:18","modified_gmt":"2025-02-01T13:16:18","slug":"david-alberto-arias-mantilla-nuevo-presidente-de-la-sociedad-colombiana-de-arquitectos-capitulo-santander","status":"publish","type":"post","link":"https:\/\/oscarhumbertogomez.com\/?p=422","title":{"rendered":"David Alberto Arias Mantilla, nuevo presidente de la Sociedad Colombiana de Arquitectos Regional Santander"},"content":{"rendered":"<p><img loading=\"lazy\" decoding=\"async\" class=\"aligncenter size-full wp-image-423\" title=\"HOTEL GUARIGUA DE CAJAS\u00c1N EN SAN GIL\" src=\"https:\/\/lapiedrafilosofal.com\/wp-content\/uploads\/2011\/07\/HOTEL-GUARIGUA-DE-CAJAS\u00c1N-EN-SAN-GIL.jpg\" alt=\"HOTEL GUARIGUA DE CAJAS\u00c1N EN SAN GIL\" width=\"500\" height=\"333\" srcset=\"https:\/\/oscarhumbertogomez.com\/wp-content\/uploads\/2011\/07\/HOTEL-GUARIGUA-DE-CAJAS\u00c1N-EN-SAN-GIL.jpg 500w, https:\/\/oscarhumbertogomez.com\/wp-content\/uploads\/2011\/07\/HOTEL-GUARIGUA-DE-CAJAS\u00c1N-EN-SAN-GIL-300x199.jpg 300w\" sizes=\"auto, (max-width: 500px) 100vw, 500px\" \/><\/p>\n<p>&nbsp;<\/p>\n<p>El joven, talentoso y din\u00e1mico arquitecto santandereano David Alberto Arias Mantilla, catedr\u00e1tico de Historia de la Arquitectura Colombiana en la ilustre Universidad Santo Tom\u00e1s de Aquino (USTA) de Bucaramanga y quien estuvo al frente de los dise\u00f1os y trabajos de ejecuci\u00f3n del hermoso Hotel Guarigua de la Caja Santandereana de Subsidio Familiar (Cajas\u00e1n) en la noble Villa de Santa Cruz y San Gil de la Nueva Baeza (Ver fotograf\u00eda), es el nuevo presidente de la Sociedad Colombiana de Arquitectos Regional Santander y miembro de la junta directiva de la entidad a escala nacional.<\/p>\n<p>El arquitecto Arias Mantilla, quien viene adelantando una plausible labor cultural al inculcar en sus alumnos el conocimiento y exaltaci\u00f3n de la historia de Santander a trav\u00e9s de las obras arquitect\u00f3nicas sobrevivientes del progreso mal entendido, creando y fortaleciendo en las nuevas generaciones de arquitectos el amor por el legado cultural de nuestra tierra en un aspecto tan vital de la memoria hist\u00f3rica de los pueblos como lo es la arquitectura, es hijo del ganadero santandereano don Olinto Arias D\u00edaz, presidente de Fedagro, fallecido en lamentables circunstancias, y de do\u00f1a Ana Bel\u00e9n Mantilla de Arias. &nbsp;Egresado de la Facultad de Arquitectura de la USTA, le ha dedicado a su <em>alma mater <\/em>todos sus esfuerzos acad\u00e9micos en procura de contribuir al engrandecimiento intelectual de las nuevas generaciones de profesionales que egresen de ella, quienes en su sentir deben entrar a participar decididamente en el rescate del patrimonio cultural de Santander y de Colombia. &nbsp;Por eso, el arquitecto Arias Mantilla programa y adelanta viajes de excursi\u00f3n a sitios como Santa Cruz de Mompox, en la Costa Atl\u00e1ntica, o El Socorro, en el departamento de Santander, para que sus alumnos conozcan de primera mano los vestigios de la expresi\u00f3n arquitect\u00f3nica de \u00e9pocas pret\u00e9ritas y a partir de ello sienten las bases cient\u00edficas para la aplicaci\u00f3n del conocimiento a la arquitectura presente y del porvenir. &nbsp;A su meritoria labor de investigaci\u00f3n hist\u00f3rica, el arquitecto Arias Mantilla ha a\u00f1adido el valioso instrumento de la fotograf\u00eda a\u00e9rea, para lo cual cuenta no s\u00f3lo con el apoyo log\u00edstico de su propia c\u00e1mara fotogr\u00e1fica, sino de la valiosa asesor\u00eda de uno de los m\u00e1s reputados profesionales de la fotograf\u00eda que ha dado la tierra santandereana, el maestro Carlos Eslava.<\/p>\n<p>Le deseamos al arquitecto David Alberto Arias Mantilla muchos \u00e9xitos en su honroso encargo y felicitamos a la ilustre Sociedad Colombiana de Arquitectos por esta atinada decisi\u00f3n.<\/p>\n<p>&nbsp;<\/p>\n","protected":false},"excerpt":{"rendered":"<p>&nbsp; El joven, talentoso y din\u00e1mico arquitecto santandereano David Alberto Arias Mantilla, catedr\u00e1tico de Historia de la Arquitectura Colombiana en la ilustre Universidad Santo Tom\u00e1s de Aquino (USTA) de Bucaramanga y quien estuvo al frente de los dise\u00f1os y trabajos &hellip; <a href=\"https:\/\/oscarhumbertogomez.com\/?p=422\">Sigue leyendo <span class=\"meta-nav\">&rarr;<\/span><\/a><\/p>\n<div class='heateorSssClear'><\/div><div  class='heateor_sss_sharing_container heateor_sss_horizontal_sharing' heateor-sss-data-href='https:\/\/oscarhumbertogomez.com\/?p=422'><div class='heateor_sss_sharing_title' style=\"font-weight:bold\" >\u00a1Gracias por compartirla!<\/div><ul class=\"heateor_sss_sharing_ul\"><li class=\"heateorSssSharingRound\"><i style=\"width:35px;height:35px;border-radius:999px;\" alt=\"Facebook\" Title=\"Facebook\" class=\"heateorSssSharing heateorSssFacebookBackground\" onclick='heateorSssPopup(\"https:\/\/www.facebook.com\/sharer\/sharer.php?u=https%3A%2F%2Foscarhumbertogomez.com%2Findex.php%3Frest_route%3D%252Fwp%252Fv2%252Fposts%252F422\")'><ss style=\"display:block;border-radius:999px;\" class=\"heateorSssSharingSvg heateorSssFacebookSvg\"><\/ss><\/i><\/li><li class=\"heateorSssSharingRound\"><i style=\"width:35px;height:35px;border-radius:999px;\" alt=\"Twitter\" Title=\"Twitter\" class=\"heateorSssSharing heateorSssTwitterBackground\" onclick='heateorSssPopup(\"http:\/\/twitter.com\/intent\/tweet?text=David%20Alberto%20Arias%20Mantilla%2C%20nuevo%20presidente%20de%20la%20Sociedad%20Colombiana%20de%20Arquitectos%20Regional%20Santander&url=https%3A%2F%2Foscarhumbertogomez.com%2Findex.php%3Frest_route%3D%252Fwp%252Fv2%252Fposts%252F422\")'><ss style=\"display:block;border-radius:999px;\" class=\"heateorSssSharingSvg heateorSssTwitterSvg\"><\/ss><\/i><\/li><li class=\"heateorSssSharingRound\"><i style=\"width:35px;height:35px;border-radius:999px;\" alt=\"Whatsapp\" Title=\"Whatsapp\" class=\"heateorSssSharing heateorSssWhatsappBackground\" onclick='heateorSssPopup(\"https:\/\/web.whatsapp.com\/send?text=David%20Alberto%20Arias%20Mantilla%2C%20nuevo%20presidente%20de%20la%20Sociedad%20Colombiana%20de%20Arquitectos%20Regional%20Santander https%3A%2F%2Foscarhumbertogomez.com%2Findex.php%3Frest_route%3D%252Fwp%252Fv2%252Fposts%252F422\")'><ss style=\"display:block\" class=\"heateorSssSharingSvg heateorSssWhatsappSvg\"><\/ss><\/i><\/li><li class=\"heateorSssSharingRound\"><i style=\"width:35px;height:35px;border-radius:999px;\" alt=\"Pinterest\" Title=\"Pinterest\" class=\"heateorSssSharing heateorSssPinterestBackground\" onclick=\"javascript:void( (function() {var e=document.createElement('script' );e.setAttribute('type','text\/javascript' );e.setAttribute('charset','UTF-8' );e.setAttribute('src','\/\/assets.pinterest.com\/js\/pinmarklet.js?r='+Math.random()*99999999);document.body.appendChild(e)})());\"><ss style=\"display:block;border-radius:999px;\" class=\"heateorSssSharingSvg heateorSssPinterestSvg\"><\/ss><\/i><\/li><li class=\"heateorSssSharingRound\"><i style=\"width:35px;height:35px;border-radius:999px;\" alt=\"Google Gmail\" Title=\"Google Gmail\" class=\"heateorSssSharing heateorSssGoogleGmailBackground\" onclick='heateorSssPopup(\"https:\/\/mail.google.com\/mail\/?ui=2&view=cm&fs=1&tf=1&su=David%20Alberto%20Arias%20Mantilla%2C%20nuevo%20presidente%20de%20la%20Sociedad%20Colombiana%20de%20Arquitectos%20Regional%20Santander&body=Link:https%3A%2F%2Foscarhumbertogomez.com%2Findex.php%3Frest_route%3D%252Fwp%252Fv2%252Fposts%252F422\")'><ss style=\"display:block;border-radius:999px;\" class=\"heateorSssSharingSvg heateorSssGoogleGmailSvg\"><\/ss><\/i><\/li><li class=\"heateorSssSharingRound\"><i style=\"width:35px;height:35px;border-radius:999px;\" title=\"More\" alt=\"More\" class=\"heateorSssSharing heateorSssMoreBackground\" onclick=\"heateorSssMoreSharingPopup(this, 'https:\/\/oscarhumbertogomez.com\/index.php?rest_route=%2Fwp%2Fv2%2Fposts%2F422', 'David%20Alberto%20Arias%20Mantilla%2C%20nuevo%20presidente%20de%20la%20Sociedad%20Colombiana%20de%20Arquitectos%20Regional%20Santander', '' )\" ><ss style=\"display:block\" class=\"heateorSssSharingSvg heateorSssMoreSvg\"><\/ss><\/i><\/li><\/ul><div class=\"heateorSssClear\"><\/div><\/div><div class='heateorSssClear'><\/div>","protected":false},"author":2,"featured_media":0,"comment_status":"open","ping_status":"open","sticky":false,"template":"","format":"standard","meta":{"spay_email":"","footnotes":""},"categories":[1],"tags":[],"class_list":["post-422","post","type-post","status-publish","format-standard","hentry","category-blog"],"jetpack_featured_media_url":"","jetpack_shortlink":"https:\/\/wp.me\/p1FYrr-6O","_links":{"self":[{"href":"https:\/\/oscarhumbertogomez.com\/index.php?rest_route=\/wp\/v2\/posts\/422","targetHints":{"allow":["GET"]}}],"collection":[{"href":"https:\/\/oscarhumbertogomez.com\/index.php?rest_route=\/wp\/v2\/posts"}],"about":[{"href":"https:\/\/oscarhumbertogomez.com\/index.php?rest_route=\/wp\/v2\/types\/post"}],"author":[{"embeddable":true,"href":"https:\/\/oscarhumbertogomez.com\/index.php?rest_route=\/wp\/v2\/users\/2"}],"replies":[{"embeddable":true,"href":"https:\/\/oscarhumbertogomez.com\/index.php?rest_route=%2Fwp%2Fv2%2Fcomments&post=422"}],"version-history":[{"count":5,"href":"https:\/\/oscarhumbertogomez.com\/index.php?rest_route=\/wp\/v2\/posts\/422\/revisions"}],"predecessor-version":[{"id":49987,"href":"https:\/\/oscarhumbertogomez.com\/index.php?rest_route=\/wp\/v2\/posts\/422\/revisions\/49987"}],"wp:attachment":[{"href":"https:\/\/oscarhumbertogomez.com\/index.php?rest_route=%2Fwp%2Fv2%2Fmedia&parent=422"}],"wp:term":[{"taxonomy":"category","embeddable":true,"href":"https:\/\/oscarhumbertogomez.com\/index.php?rest_route=%2Fwp%2Fv2%2Fcategories&post=422"},{"taxonomy":"post_tag","embeddable":true,"href":"https:\/\/oscarhumbertogomez.com\/index.php?rest_route=%2Fwp%2Fv2%2Ftags&post=422"}],"curies":[{"name":"wp","href":"https:\/\/api.w.org\/{rel}","templated":true}]}}