{"id":42337,"date":"2022-06-18T10:44:25","date_gmt":"2022-06-18T15:44:25","guid":{"rendered":"https:\/\/oscarhumbertogomez.com\/?p=42337"},"modified":"2022-06-19T10:59:21","modified_gmt":"2022-06-19T15:59:21","slug":"in-der-tiroler-bergen-en-las-montanas-tirolesas-cancion-campesina-de-austria-por-oscar-humberto-gomez-gomez","status":"publish","type":"post","link":"https:\/\/oscarhumbertogomez.com\/?p=42337","title":{"rendered":"&#8220;IN DEN TIROLER BERGEN&#8221; (&#8220;En las monta\u00f1as tirolesas&#8221;, canci\u00f3n emblem\u00e1tica de Austria. Por \u00d3scar Humberto G\u00f3mez G\u00f3mez"},"content":{"rendered":"<p><img loading=\"lazy\" decoding=\"async\" class=\"aligncenter size-large wp-image-42339\" src=\"https:\/\/oscarhumbertogomez.com\/wp-content\/uploads\/2022\/06\/IN-DEN-TIROLER-BERGEN-ENSEMBLE-OSTTIROL--1024x576.jpeg\" alt=\"\" width=\"640\" height=\"360\" srcset=\"https:\/\/oscarhumbertogomez.com\/wp-content\/uploads\/2022\/06\/IN-DEN-TIROLER-BERGEN-ENSEMBLE-OSTTIROL--1024x576.jpeg 1024w, https:\/\/oscarhumbertogomez.com\/wp-content\/uploads\/2022\/06\/IN-DEN-TIROLER-BERGEN-ENSEMBLE-OSTTIROL--300x169.jpeg 300w, https:\/\/oscarhumbertogomez.com\/wp-content\/uploads\/2022\/06\/IN-DEN-TIROLER-BERGEN-ENSEMBLE-OSTTIROL--768x432.jpeg 768w, https:\/\/oscarhumbertogomez.com\/wp-content\/uploads\/2022\/06\/IN-DEN-TIROLER-BERGEN-ENSEMBLE-OSTTIROL-.jpeg 1280w\" sizes=\"auto, (max-width: 640px) 100vw, 640px\" \/><\/p>\n<p>&nbsp;<\/p>\n<p>\u00a1 Hola a todos !<\/p>\n<p>Hoy les comparto una bella canci\u00f3n emblem\u00e1tica de Austria, pa\u00eds de Europa. Se llama \u201cIN DEN TIROLER BERGEN\u201d (\u201cEn las monta\u00f1as tirolesas\u201d).<\/p>\n<p>Tambi\u00e9n les remito al final la traducci\u00f3n de su letra del idioma alem\u00e1n al idioma espa\u00f1ol. Infortunadamente no hay un video en el que aparezca la traducci\u00f3n simult\u00e1nea en subt\u00edtulos.<\/p>\n<p>&nbsp;<\/p>\n<p><img loading=\"lazy\" decoding=\"async\" class=\"aligncenter size-large wp-image-42340\" src=\"https:\/\/oscarhumbertogomez.com\/wp-content\/uploads\/2022\/06\/IN-DEN-TIROLER-BERGEN-ENSEMBLE-OSTTIROL-1024x576.jpeg\" alt=\"\" width=\"640\" height=\"360\" srcset=\"https:\/\/oscarhumbertogomez.com\/wp-content\/uploads\/2022\/06\/IN-DEN-TIROLER-BERGEN-ENSEMBLE-OSTTIROL-1024x576.jpeg 1024w, https:\/\/oscarhumbertogomez.com\/wp-content\/uploads\/2022\/06\/IN-DEN-TIROLER-BERGEN-ENSEMBLE-OSTTIROL-300x169.jpeg 300w, https:\/\/oscarhumbertogomez.com\/wp-content\/uploads\/2022\/06\/IN-DEN-TIROLER-BERGEN-ENSEMBLE-OSTTIROL-768x432.jpeg 768w, https:\/\/oscarhumbertogomez.com\/wp-content\/uploads\/2022\/06\/IN-DEN-TIROLER-BERGEN-ENSEMBLE-OSTTIROL.jpeg 1280w\" sizes=\"auto, (max-width: 640px) 100vw, 640px\" \/><\/p>\n<p>&nbsp;<\/p>\n<p>En realidad es una canci\u00f3n de letra muy sencilla y elemental, con un profundo contenido rom\u00e1ntico.<\/p>\n<p>La canci\u00f3n narra c\u00f3mo un joven que llega a una ciudad desconocida conoce all\u00ed a una joven que le gusta.<\/p>\n<p>Aquel joven viajero reflexiona en que all\u00e1 donde vive \u00e9l \u201cno tiene placeres\u201d y se pregunta a s\u00ed mismo \u201c\u00bfpor qu\u00e9 no la invitas a tu ciudad natal?\u201d.<\/p>\n<p>La canci\u00f3n no lo relata, pero por lo que sigue a continuaci\u00f3n se sobreentiende que, en efecto, la invita y dice, entonces, que all\u00ed, en su ciudad natal, \u201cla conoce de nuevo\u201d.<\/p>\n<p>Es claro que su \u201cciudad natal\u201d est\u00e1 ubicada en las monta\u00f1as tirolesas, porque la canci\u00f3n cuenta que gracias a la presencia de ella all\u00e1 \u201cen las hermosas monta\u00f1as tirolesas era grande la alegr\u00eda\u201d.<\/p>\n<p>&nbsp;<\/p>\n<p><img loading=\"lazy\" decoding=\"async\" class=\"aligncenter size-full wp-image-42338\" src=\"https:\/\/oscarhumbertogomez.com\/wp-content\/uploads\/2022\/06\/IN-DEN-TIROLER-BERGEN-AUNER-ANDI-Andreas-Aschaber.jpeg\" alt=\"\" width=\"480\" height=\"360\" srcset=\"https:\/\/oscarhumbertogomez.com\/wp-content\/uploads\/2022\/06\/IN-DEN-TIROLER-BERGEN-AUNER-ANDI-Andreas-Aschaber.jpeg 480w, https:\/\/oscarhumbertogomez.com\/wp-content\/uploads\/2022\/06\/IN-DEN-TIROLER-BERGEN-AUNER-ANDI-Andreas-Aschaber-300x225.jpeg 300w\" sizes=\"auto, (max-width: 480px) 100vw, 480px\" \/><\/p>\n<p>&nbsp;<\/p>\n<p>Despu\u00e9s el protagonista confiesa que \u201cah\u00ed\u201d, en las monta\u00f1as tirolesas, \u201ces donde he congelado mi tesoro\u201d.<\/p>\n<p>Con esta frase el protagonista describe a aquella joven como lo m\u00e1s valioso que tiene en la vida (&#8220;mi tesoro&#8221;) y da a entender que, definitivamente, se la llev\u00f3 a vivir all\u00ed, a las monta\u00f1as tirolesas, pues se cas\u00f3 con ella.<\/p>\n<p>La canci\u00f3n describe el matrimonio, o al menos la propuesta matrimonial, en forma breve y bella diciendo que fue &#8220;en la iglesia peque\u00f1a&#8221; donde \u00e9l \u201cle pregunt\u00f3\u201d y ella dijo que \u201cs\u00ed\u201d. La canci\u00f3n no especifica qu\u00e9 le pregunt\u00f3 \u00e9l, pero eso se sobreentiende.<\/p>\n<p>El protagonista relata que en aquel tiempo (la canci\u00f3n sugiere que se est\u00e1 refiriendo a los a\u00f1os de juventud) \u00e9l estaba perdidamente enamorado. (La canci\u00f3n dice literalmente que estaba \u201cciego de amor\u201d).<\/p>\n<p>&nbsp;<\/p>\n<p><img loading=\"lazy\" decoding=\"async\" class=\"aligncenter size-full wp-image-42341\" src=\"https:\/\/oscarhumbertogomez.com\/wp-content\/uploads\/2022\/06\/IN-DEN-TIROLER-BERGEN-AUNER-ANDI.jpeg\" alt=\"\" width=\"500\" height=\"500\" srcset=\"https:\/\/oscarhumbertogomez.com\/wp-content\/uploads\/2022\/06\/IN-DEN-TIROLER-BERGEN-AUNER-ANDI.jpeg 500w, https:\/\/oscarhumbertogomez.com\/wp-content\/uploads\/2022\/06\/IN-DEN-TIROLER-BERGEN-AUNER-ANDI-300x300.jpeg 300w, https:\/\/oscarhumbertogomez.com\/wp-content\/uploads\/2022\/06\/IN-DEN-TIROLER-BERGEN-AUNER-ANDI-150x150.jpeg 150w\" sizes=\"auto, (max-width: 500px) 100vw, 500px\" \/><\/p>\n<p>&nbsp;<\/p>\n<p>El protagonista se sorprende al caer en la cuenta de c\u00f3mo ha pasado el tiempo desde entonces y se pregunta \u201c\u00bfd\u00f3nde est\u00e1n los a\u00f1os?\u201d.<\/p>\n<p>Finalmente, dice que el amor \u00e9l lo tom\u00f3 \u201cmuy en serio\u201d y que aquella lejana chica a la que conoci\u00f3 en una ciudad desconocida, a la que invit\u00f3 a su ciudad natal y con quien termin\u00f3 cas\u00e1ndose en la peque\u00f1a iglesia del lugar, es hoy en d\u00eda su esposa.<\/p>\n<p>&nbsp;<\/p>\n<p><img loading=\"lazy\" decoding=\"async\" class=\"aligncenter size-full wp-image-42342\" src=\"https:\/\/oscarhumbertogomez.com\/wp-content\/uploads\/2022\/06\/IN-DEN-TIROLER-BERGEN-AUNER-ANDI-2.jpeg\" alt=\"\" width=\"342\" height=\"342\" srcset=\"https:\/\/oscarhumbertogomez.com\/wp-content\/uploads\/2022\/06\/IN-DEN-TIROLER-BERGEN-AUNER-ANDI-2.jpeg 342w, https:\/\/oscarhumbertogomez.com\/wp-content\/uploads\/2022\/06\/IN-DEN-TIROLER-BERGEN-AUNER-ANDI-2-300x300.jpeg 300w, https:\/\/oscarhumbertogomez.com\/wp-content\/uploads\/2022\/06\/IN-DEN-TIROLER-BERGEN-AUNER-ANDI-2-150x150.jpeg 150w\" sizes=\"auto, (max-width: 342px) 100vw, 342px\" \/><\/p>\n<p>&nbsp;<\/p>\n<p>Pues bien:<\/p>\n<p>La sencilla y rom\u00e1ntica historia, por supuesto, se desarrolla en las monta\u00f1as del Tirol.<\/p>\n<p>El Tirol es uno de los nueve estados que conforman Austria. (En ese pa\u00eds no hay departamentos, como en Colombia, sino estados).<\/p>\n<p>Sin embargo hay que aclarar que el Tirol austr\u00edaco comprende el Tirol del Norte y el Tirol del Este (o Tirol del Oriente, en alem\u00e1n Osttirol).<\/p>\n<p>El Tirol del Sur pertenece a Italia.<\/p>\n<p>La canci\u00f3n, las im\u00e1genes y los artistas son del Tirol del Este (Osttirol).<\/p>\n<p>&nbsp;<\/p>\n<p><img loading=\"lazy\" decoding=\"async\" class=\"aligncenter size-large wp-image-42343\" src=\"https:\/\/oscarhumbertogomez.com\/wp-content\/uploads\/2022\/06\/MATREL-OSTTIROL--1024x576.jpeg\" alt=\"\" width=\"640\" height=\"360\" srcset=\"https:\/\/oscarhumbertogomez.com\/wp-content\/uploads\/2022\/06\/MATREL-OSTTIROL--1024x576.jpeg 1024w, https:\/\/oscarhumbertogomez.com\/wp-content\/uploads\/2022\/06\/MATREL-OSTTIROL--300x169.jpeg 300w, https:\/\/oscarhumbertogomez.com\/wp-content\/uploads\/2022\/06\/MATREL-OSTTIROL--768x432.jpeg 768w, https:\/\/oscarhumbertogomez.com\/wp-content\/uploads\/2022\/06\/MATREL-OSTTIROL-.jpeg 1280w\" sizes=\"auto, (max-width: 640px) 100vw, 640px\" \/><\/p>\n<p>&nbsp;<\/p>\n<p>Austria tiene una clara identificaci\u00f3n cultural con sus vecinos Alemania y la zona alemana de Suiza, pa\u00eds este que, dicho sea de paso, adem\u00e1s de una zona de predominio alem\u00e1n, tambi\u00e9n tiene una zona de predominio italiano y una zona de predominio franc\u00e9s.<\/p>\n<p>&nbsp;<\/p>\n<p><img loading=\"lazy\" decoding=\"async\" class=\"aligncenter size-large wp-image-42344\" src=\"https:\/\/oscarhumbertogomez.com\/wp-content\/uploads\/2022\/06\/MATREL-OSTTIROL-1024x373.jpeg\" alt=\"\" width=\"640\" height=\"233\" srcset=\"https:\/\/oscarhumbertogomez.com\/wp-content\/uploads\/2022\/06\/MATREL-OSTTIROL-1024x373.jpeg 1024w, https:\/\/oscarhumbertogomez.com\/wp-content\/uploads\/2022\/06\/MATREL-OSTTIROL-300x109.jpeg 300w, https:\/\/oscarhumbertogomez.com\/wp-content\/uploads\/2022\/06\/MATREL-OSTTIROL-768x280.jpeg 768w, https:\/\/oscarhumbertogomez.com\/wp-content\/uploads\/2022\/06\/MATREL-OSTTIROL-1536x560.jpeg 1536w, https:\/\/oscarhumbertogomez.com\/wp-content\/uploads\/2022\/06\/MATREL-OSTTIROL.jpeg 1920w\" sizes=\"auto, (max-width: 640px) 100vw, 640px\" \/><\/p>\n<p>&nbsp;<\/p>\n<p>En uno de los videos que les env\u00edo la canci\u00f3n es interpretada por el grupo Ensamble Osttirol. En el otro la interpreta su autor y compositor Andreas Aschaber, cuyo nombre art\u00edstico es Auner Andi.<\/p>\n<p>&nbsp;<\/p>\n<p><img loading=\"lazy\" decoding=\"async\" class=\"aligncenter size-full wp-image-42345\" src=\"https:\/\/oscarhumbertogomez.com\/wp-content\/uploads\/2022\/06\/ENSEMBLE-OSTTIROL-.jpeg\" alt=\"\" width=\"600\" height=\"600\" srcset=\"https:\/\/oscarhumbertogomez.com\/wp-content\/uploads\/2022\/06\/ENSEMBLE-OSTTIROL-.jpeg 600w, https:\/\/oscarhumbertogomez.com\/wp-content\/uploads\/2022\/06\/ENSEMBLE-OSTTIROL--300x300.jpeg 300w, https:\/\/oscarhumbertogomez.com\/wp-content\/uploads\/2022\/06\/ENSEMBLE-OSTTIROL--150x150.jpeg 150w\" sizes=\"auto, (max-width: 600px) 100vw, 600px\" \/><\/p>\n<p>&nbsp;<\/p>\n<p><img loading=\"lazy\" decoding=\"async\" class=\"aligncenter size-full wp-image-42346\" src=\"https:\/\/oscarhumbertogomez.com\/wp-content\/uploads\/2022\/06\/andreas-Aschaber-.jpeg\" alt=\"\" width=\"480\" height=\"358\" srcset=\"https:\/\/oscarhumbertogomez.com\/wp-content\/uploads\/2022\/06\/andreas-Aschaber-.jpeg 480w, https:\/\/oscarhumbertogomez.com\/wp-content\/uploads\/2022\/06\/andreas-Aschaber--300x224.jpeg 300w\" sizes=\"auto, (max-width: 480px) 100vw, 480px\" \/><\/p>\n<p>&nbsp;<\/p>\n<p>Esa forma particular de cantar que van a escuchar, haciendo falsete, se conoce con el nombre de \u201cyodel\u201d o \u201ccanto a la tirolesa\u201d.<\/p>\n<p>El \u201cyodel\u201d o \u201ccanto a la tirolesa\u201d se utiliza mucho en los Alpes, concretamente en pa\u00edses como Suiza, Alemania, Francia, Italia y, por supuesto, Austria.<\/p>\n<p>El \u201cyodel\u201d o \u201ccanto a la tirolesa\u201d surgi\u00f3 de la imitaci\u00f3n fon\u00e9tica que al cantar se comenz\u00f3 a hacer de los particulares sonidos que hac\u00edan los pastores en las monta\u00f1as alpinas para llamar al ganado o para comunicarse con sus vecinos.<\/p>\n<p>&nbsp;<\/p>\n<p><img loading=\"lazy\" decoding=\"async\" class=\"aligncenter size-full wp-image-42347\" src=\"https:\/\/oscarhumbertogomez.com\/wp-content\/uploads\/2022\/06\/IN-DEN-TIROLER-BERGEN-.jpeg\" alt=\"\" width=\"480\" height=\"360\" srcset=\"https:\/\/oscarhumbertogomez.com\/wp-content\/uploads\/2022\/06\/IN-DEN-TIROLER-BERGEN-.jpeg 480w, https:\/\/oscarhumbertogomez.com\/wp-content\/uploads\/2022\/06\/IN-DEN-TIROLER-BERGEN--300x225.jpeg 300w\" sizes=\"auto, (max-width: 480px) 100vw, 480px\" \/><\/p>\n<p>&nbsp;<\/p>\n<p>Quiero resaltar tres detalles adicionales en el segundo video:<\/p>\n<p>Uno: el abuelo que se bebe un sorbo de \u201calmdudler\u201d, el refresco t\u00edpico de Austria. El &#8220;almdudler&#8221; es una limonada edulcorada con hierbas. No tiene alcohol. Su sabor es parecido a la \u201cginger ale\u201d. Es la bebida m\u00e1s popular en Austria despu\u00e9s de la Coca-Cola.<\/p>\n<p>&nbsp;<\/p>\n<p><img loading=\"lazy\" decoding=\"async\" class=\"aligncenter size-full wp-image-42347\" src=\"https:\/\/oscarhumbertogomez.com\/wp-content\/uploads\/2022\/06\/IN-DEN-TIROLER-BERGEN-.jpeg\" alt=\"\" width=\"480\" height=\"360\" srcset=\"https:\/\/oscarhumbertogomez.com\/wp-content\/uploads\/2022\/06\/IN-DEN-TIROLER-BERGEN-.jpeg 480w, https:\/\/oscarhumbertogomez.com\/wp-content\/uploads\/2022\/06\/IN-DEN-TIROLER-BERGEN--300x225.jpeg 300w\" sizes=\"auto, (max-width: 480px) 100vw, 480px\" \/><\/p>\n<p>&nbsp;<\/p>\n<p>Dos: la vaquita que se le acerca al artista pareciera atra\u00edda por el \u201cyodel\u201d, aunque habr\u00e1 quienes digan que lo que la atrajo fue el sonido del instrumento musical y no faltar\u00e1n quienes crean que lo que le gust\u00f3 fue la melod\u00eda de la canci\u00f3n. \u00bfO no ser\u00e1 que, de pronto, le agrad\u00f3 la letra? De hecho, no ser\u00eda raro que en estos tiempos de aridez po\u00e9tica los animales se interesen m\u00e1s que los humanos por los versos y las letras rom\u00e1nticas en las canciones.<\/p>\n<p>&nbsp;<\/p>\n<p><img loading=\"lazy\" decoding=\"async\" class=\"aligncenter size-full wp-image-42347\" src=\"https:\/\/oscarhumbertogomez.com\/wp-content\/uploads\/2022\/06\/IN-DEN-TIROLER-BERGEN-.jpeg\" alt=\"\" width=\"480\" height=\"360\" srcset=\"https:\/\/oscarhumbertogomez.com\/wp-content\/uploads\/2022\/06\/IN-DEN-TIROLER-BERGEN-.jpeg 480w, https:\/\/oscarhumbertogomez.com\/wp-content\/uploads\/2022\/06\/IN-DEN-TIROLER-BERGEN--300x225.jpeg 300w\" sizes=\"auto, (max-width: 480px) 100vw, 480px\" \/><\/p>\n<p>&nbsp;<\/p>\n<p>Tres: los sonidos que se perciben en el video al final los producen los cencerros, que son unas campanitas met\u00e1licas que se les ponen a las vacas que pastorean con el fin de poder ubicarlas.<\/p>\n<p>&nbsp;<\/p>\n<p><img loading=\"lazy\" decoding=\"async\" class=\"aligncenter size-full wp-image-42347\" src=\"https:\/\/oscarhumbertogomez.com\/wp-content\/uploads\/2022\/06\/IN-DEN-TIROLER-BERGEN-.jpeg\" alt=\"\" width=\"480\" height=\"360\" srcset=\"https:\/\/oscarhumbertogomez.com\/wp-content\/uploads\/2022\/06\/IN-DEN-TIROLER-BERGEN-.jpeg 480w, https:\/\/oscarhumbertogomez.com\/wp-content\/uploads\/2022\/06\/IN-DEN-TIROLER-BERGEN--300x225.jpeg 300w\" sizes=\"auto, (max-width: 480px) 100vw, 480px\" \/><\/p>\n<p>&nbsp;<\/p>\n<p>Bueno, y sin m\u00e1s pre\u00e1mbulos, aqu\u00ed est\u00e1 \u201cIN DEN TIROLER BERGEN\u201d, canci\u00f3n t\u00edpica de Osttirol, Tirol del Este, Austria, Europa.<\/p>\n<p>\u00a1Bienvenidos!<\/p>\n<p>\u00a1Que la disfruten!<\/p>\n<p>&nbsp;<\/p>\n<p><iframe loading=\"lazy\" title=\"YouTube video player\" src=\"https:\/\/www.youtube-nocookie.com\/embed\/wA9WWld-VeI?controls=0\" width=\"560\" height=\"315\" frameborder=\"0\" allowfullscreen=\"allowfullscreen\"><\/iframe><\/p>\n<p>&nbsp;<\/p>\n<p><iframe loading=\"lazy\" title=\"YouTube video player\" src=\"https:\/\/www.youtube-nocookie.com\/embed\/NzmMSxKR5GY?controls=0\" width=\"560\" height=\"315\" frameborder=\"0\" allowfullscreen=\"allowfullscreen\"><\/iframe><\/p>\n<p>&nbsp;<\/p>\n<p>Letra de la canci\u00f3n<\/p>\n<p>ICH KANNTE SIE SCHON AUS DER FREMDEN STADT<br \/>\nYA LA CONOC\u00cdA DE LA CIUDAD DESCONOCIDA<br \/>\nUND DACHTE, WENN MAN SONST KEINE FREUDEN HAT<br \/>\nY PENS\u00c9 QUE SI NO TEN\u00cdAS PLACERES,<br \/>\nDANN LAD SIE DOCH IN DEINE HEIMATSTADT EIN<br \/>\n\u00bfPOR QU\u00c9 NO LA INVITAS A TU CIUDAD NATAL?<br \/>\nDORT TRAF ICH SIE WIEDER UND SCHON WAR SIE MEIN<br \/>\nALL\u00cd LA CONOC\u00cd DE NUEVO Y ELLA ERA M\u00cdA,<br \/>\nDORT TRAF ICH SIE WIEDER UND SCHON WAR SIE MEIN<br \/>\nALL\u00cd LA CONOC\u00cd DE NUEVO, Y ELLA ERA M\u00cdA,<br \/>\nIN DEN SCH\u00d6NEN TIROLER BERGEN<br \/>\nEN LAS HERMOSAS MONTA\u00d1AS TIROLESAS<br \/>\nDA WAR DIE FREUDE GROSS<br \/>\nLA ALEGR\u00cdA ERA GRANDE,<br \/>\nDA HAB&#8217; ICH MEINEN SCHATZ GEFREIT<br \/>\nAH\u00cd ES DONDE HE CONGELADO MI TESORO,<br \/>\nHURRA DA WAR WAS LOS<br \/>\n\u00a1HURRA!<br \/>\nES WAR IN DER KLEINEN KIRCHE<br \/>\nFUE EN LA IGLESIA PEQUE\u00d1A,<br \/>\nDA HAB&#8217; ICH SIE GEFRAGT<br \/>\nLE PREGUNT\u00c9,<br \/>\nIN DEN SCH\u00d6NEN TIROLER BERGEN<br \/>\nEN LAS HERMOSAS MONTA\u00d1AS TIROLESAS,<br \/>\nHAT SIE \u00abJA-A\u00bb GESAGT<br \/>\nDIJO &#8220;S\u00cd&#8221;<br \/>\nICH WEISS, ICH WAR DAMALS VOR LIEBE BLIND<br \/>\nS\u00c9 QUE EN ESE ENTONCES ESTABA CIEGO DE AMOR,<br \/>\nUND FRAG&#8217;, WO DIE JAHRE GEBLIEBEN SIND<br \/>\nY PREGUNTA D\u00d3NDE EST\u00c1N LOS A\u00d1OS,<br \/>\nJA JA, MIT DER LIEBE NAHM ICH\u2019S GANZ GENAU<br \/>\nS\u00cd, S\u00cd, CON EL AMOR LO TOM\u00c9 MUY EN SERIO,<br \/>\nDAS M\u00c4DCHEN VON DAMALS IST L\u00c4NGST MEINE FRAU<br \/>\nLA CHICA DE ENTONCES ES MI ESPOSA<br \/>\nDAS M\u00c4DCHEN VON DAMALS IST L\u00c4NGST MEINE FRAU<br \/>\nLA CHICA DE ENTONCES ES MI ESPOSA<br \/>\nIN DEN SCH\u00d6NEN TIROLER BERGEN<br \/>\nEN LAS HERMOSAS MONTA\u00d1AS TIROLESAS,<br \/>\nDA WAR DIE FREUDE GROSS<br \/>\nLA ALEGR\u00cdA ERA GRANDE<br \/>\nDA HAB&#8217; ICH MEINEN SCHATZ GEFREIT<br \/>\nAH\u00cd ES DONDE HE CONGELADO MI TESORO,<br \/>\nHURRA DA WAR WAS LOS<br \/>\n\u00a1HURRA!<br \/>\nES WAR IN DER KLEINEN KIRCHE<br \/>\nFUE EN LA IGLESIA PEQUE\u00d1A,<br \/>\nDA HAB&#8217; ICH SIE GEFRAGT<br \/>\nLE PREGUNT\u00c9,<br \/>\nIN DEN SCH\u00d6NEN TIROLER BERGEN<br \/>\nEN LAS HERMOSAS MONTA\u00d1AS TIROLESAS,<br \/>\nHAT SIE \u00abJA-A\u00bb GESAGT<br \/>\nDIJO &#8220;S\u00cd&#8221;<br \/>\nIN DEN SCH\u00d6NEN TIROLER BERGEN<br \/>\nEN LAS HERMOSAS MONTA\u00d1AS TIROLESAS,<br \/>\nDA WAR DIE FREUDE GROSS<br \/>\nLA ALEGR\u00cdA ERA GRANDE,<br \/>\nDA HAB&#8217; ICH MEINEN SCHATZ GEFREIT<br \/>\nAH\u00cd ES DONDE HE CONGELADO MI TESORO,<br \/>\nHURRA DA WAR WAS LOS<br \/>\n\u00a1HURRA!<br \/>\nES WAR IN DER KLEINEN KIRCHE<br \/>\nFUE EN LA IGLESIA PEQUE\u00d1A,<br \/>\nDA HAB&#8217; ICH SIE GEFRAGT<br \/>\nLE PREGUNT\u00c9,<br \/>\nIN DEN SCH\u00d6NEN TIROLER BERGEN<br \/>\nEN LAS HERMOSAS MONTA\u00d1AS TIROLESAS,<br \/>\nHAT SIE \u00abJA-A\u00bb GESAGT<br \/>\nDIJO &#8220;S\u00cd&#8221;<br \/>\nIN DEN SCH\u00d6NEN TIROLER BERGEN<br \/>\nEN LAS HERMOSAS MONTA\u00d1AS TIROLESAS,<br \/>\nHAT SIE \u00abJA-A\u00bb GESAGT<br \/>\nDIJO &#8220;S\u00cd&#8221;<br \/>\nIN DEN SCH\u00d6NEN TIROLER BERGEN<br \/>\nEN LAS HERMOSAS MONTA\u00d1AS TIROLESAS,<br \/>\nHAT SIE \u00abJA-A\u00bb GESAGT<br \/>\nDIJO &#8220;S\u00cd&#8221;<\/p>\n<p>Copiado de:<\/p>\n<p>https:\/\/spainlyrics.com\/hansi-hinterseer\/in-den-schnen-tiroler-bergen\/<\/p>\n<p>&nbsp;<\/p>\n","protected":false},"excerpt":{"rendered":"<p>&nbsp; \u00a1 Hola a todos ! Hoy les comparto una bella canci\u00f3n emblem\u00e1tica de Austria, pa\u00eds de Europa. Se llama \u201cIN DEN TIROLER BERGEN\u201d (\u201cEn las monta\u00f1as tirolesas\u201d). Tambi\u00e9n les remito al final la traducci\u00f3n de su letra del idioma &hellip; <a href=\"https:\/\/oscarhumbertogomez.com\/?p=42337\">Sigue leyendo <span class=\"meta-nav\">&rarr;<\/span><\/a><\/p>\n<div class='heateorSssClear'><\/div><div  class='heateor_sss_sharing_container heateor_sss_horizontal_sharing' heateor-sss-data-href='https:\/\/oscarhumbertogomez.com\/?p=42337'><div class='heateor_sss_sharing_title' style=\"font-weight:bold\" >\u00a1Gracias por compartirla!<\/div><ul class=\"heateor_sss_sharing_ul\"><li class=\"heateorSssSharingRound\"><i style=\"width:35px;height:35px;border-radius:999px;\" alt=\"Facebook\" Title=\"Facebook\" class=\"heateorSssSharing heateorSssFacebookBackground\" onclick='heateorSssPopup(\"https:\/\/www.facebook.com\/sharer\/sharer.php?u=https%3A%2F%2Foscarhumbertogomez.com%2Findex.php%3Frest_route%3D%252Fwp%252Fv2%252Fposts%252F42337\")'><ss style=\"display:block;border-radius:999px;\" class=\"heateorSssSharingSvg heateorSssFacebookSvg\"><\/ss><\/i><\/li><li class=\"heateorSssSharingRound\"><i style=\"width:35px;height:35px;border-radius:999px;\" alt=\"Twitter\" Title=\"Twitter\" class=\"heateorSssSharing heateorSssTwitterBackground\" onclick='heateorSssPopup(\"http:\/\/twitter.com\/intent\/tweet?text=%22IN%20DEN%20TIROLER%20BERGEN%22%20%28%22En%20las%20monta%C3%B1as%20tirolesas%22%2C%20canci%C3%B3n%20emblem%C3%A1tica%20de%20Austria.%20Por%20%C3%93scar%20Humberto%20G%C3%B3mez%20G%C3%B3mez&url=https%3A%2F%2Foscarhumbertogomez.com%2Findex.php%3Frest_route%3D%252Fwp%252Fv2%252Fposts%252F42337\")'><ss style=\"display:block;border-radius:999px;\" class=\"heateorSssSharingSvg heateorSssTwitterSvg\"><\/ss><\/i><\/li><li class=\"heateorSssSharingRound\"><i style=\"width:35px;height:35px;border-radius:999px;\" alt=\"Whatsapp\" Title=\"Whatsapp\" class=\"heateorSssSharing heateorSssWhatsappBackground\" onclick='heateorSssPopup(\"https:\/\/web.whatsapp.com\/send?text=%22IN%20DEN%20TIROLER%20BERGEN%22%20%28%22En%20las%20monta%C3%B1as%20tirolesas%22%2C%20canci%C3%B3n%20emblem%C3%A1tica%20de%20Austria.%20Por%20%C3%93scar%20Humberto%20G%C3%B3mez%20G%C3%B3mez https%3A%2F%2Foscarhumbertogomez.com%2Findex.php%3Frest_route%3D%252Fwp%252Fv2%252Fposts%252F42337\")'><ss style=\"display:block\" class=\"heateorSssSharingSvg heateorSssWhatsappSvg\"><\/ss><\/i><\/li><li class=\"heateorSssSharingRound\"><i style=\"width:35px;height:35px;border-radius:999px;\" alt=\"Pinterest\" Title=\"Pinterest\" class=\"heateorSssSharing heateorSssPinterestBackground\" onclick=\"javascript:void( (function() {var e=document.createElement('script' );e.setAttribute('type','text\/javascript' );e.setAttribute('charset','UTF-8' );e.setAttribute('src','\/\/assets.pinterest.com\/js\/pinmarklet.js?r='+Math.random()*99999999);document.body.appendChild(e)})());\"><ss style=\"display:block;border-radius:999px;\" class=\"heateorSssSharingSvg heateorSssPinterestSvg\"><\/ss><\/i><\/li><li class=\"heateorSssSharingRound\"><i style=\"width:35px;height:35px;border-radius:999px;\" alt=\"Google Gmail\" Title=\"Google Gmail\" class=\"heateorSssSharing heateorSssGoogleGmailBackground\" onclick='heateorSssPopup(\"https:\/\/mail.google.com\/mail\/?ui=2&view=cm&fs=1&tf=1&su=%22IN%20DEN%20TIROLER%20BERGEN%22%20%28%22En%20las%20monta%C3%B1as%20tirolesas%22%2C%20canci%C3%B3n%20emblem%C3%A1tica%20de%20Austria.%20Por%20%C3%93scar%20Humberto%20G%C3%B3mez%20G%C3%B3mez&body=Link:https%3A%2F%2Foscarhumbertogomez.com%2Findex.php%3Frest_route%3D%252Fwp%252Fv2%252Fposts%252F42337\")'><ss style=\"display:block;border-radius:999px;\" class=\"heateorSssSharingSvg heateorSssGoogleGmailSvg\"><\/ss><\/i><\/li><li class=\"heateorSssSharingRound\"><i style=\"width:35px;height:35px;border-radius:999px;\" title=\"More\" alt=\"More\" class=\"heateorSssSharing heateorSssMoreBackground\" onclick=\"heateorSssMoreSharingPopup(this, 'https:\/\/oscarhumbertogomez.com\/index.php?rest_route=%2Fwp%2Fv2%2Fposts%2F42337', '%22IN%20DEN%20TIROLER%20BERGEN%22%20%28%22En%20las%20monta%C3%B1as%20tirolesas%22%2C%20canci%C3%B3n%20emblem%C3%A1tica%20de%20Austria.%20Por%20%C3%93scar%20Humberto%20G%C3%B3mez%20G%C3%B3mez', '' )\" ><ss style=\"display:block\" class=\"heateorSssSharingSvg heateorSssMoreSvg\"><\/ss><\/i><\/li><\/ul><div class=\"heateorSssClear\"><\/div><\/div><div class='heateorSssClear'><\/div>","protected":false},"author":2,"featured_media":0,"comment_status":"closed","ping_status":"closed","sticky":false,"template":"","format":"standard","meta":{"spay_email":"","footnotes":""},"categories":[8],"tags":[],"class_list":["post-42337","post","type-post","status-publish","format-standard","hentry","category-musica"],"jetpack_featured_media_url":"","jetpack_shortlink":"https:\/\/wp.me\/p1FYrr-b0R","_links":{"self":[{"href":"https:\/\/oscarhumbertogomez.com\/index.php?rest_route=\/wp\/v2\/posts\/42337","targetHints":{"allow":["GET"]}}],"collection":[{"href":"https:\/\/oscarhumbertogomez.com\/index.php?rest_route=\/wp\/v2\/posts"}],"about":[{"href":"https:\/\/oscarhumbertogomez.com\/index.php?rest_route=\/wp\/v2\/types\/post"}],"author":[{"embeddable":true,"href":"https:\/\/oscarhumbertogomez.com\/index.php?rest_route=\/wp\/v2\/users\/2"}],"replies":[{"embeddable":true,"href":"https:\/\/oscarhumbertogomez.com\/index.php?rest_route=%2Fwp%2Fv2%2Fcomments&post=42337"}],"version-history":[{"count":5,"href":"https:\/\/oscarhumbertogomez.com\/index.php?rest_route=\/wp\/v2\/posts\/42337\/revisions"}],"predecessor-version":[{"id":42373,"href":"https:\/\/oscarhumbertogomez.com\/index.php?rest_route=\/wp\/v2\/posts\/42337\/revisions\/42373"}],"wp:attachment":[{"href":"https:\/\/oscarhumbertogomez.com\/index.php?rest_route=%2Fwp%2Fv2%2Fmedia&parent=42337"}],"wp:term":[{"taxonomy":"category","embeddable":true,"href":"https:\/\/oscarhumbertogomez.com\/index.php?rest_route=%2Fwp%2Fv2%2Fcategories&post=42337"},{"taxonomy":"post_tag","embeddable":true,"href":"https:\/\/oscarhumbertogomez.com\/index.php?rest_route=%2Fwp%2Fv2%2Ftags&post=42337"}],"curies":[{"name":"wp","href":"https:\/\/api.w.org\/{rel}","templated":true}]}}