{"id":42941,"date":"2022-10-23T10:41:44","date_gmt":"2022-10-23T15:41:44","guid":{"rendered":"https:\/\/oscarhumbertogomez.com\/?p=42941"},"modified":"2025-02-16T09:14:24","modified_gmt":"2025-02-16T14:14:24","slug":"bucaramanga-en-los-anos-60-la-bambamemorias-por-oscar-humberto-gomez-gomez","status":"publish","type":"post","link":"https:\/\/oscarhumbertogomez.com\/?p=42941","title":{"rendered":"Bucaramanga en los a\u00f1os 60 \/\/ &#8220;LA BAMBA&#8221;(Memorias). Por \u00d3scar Humberto G\u00f3mez G\u00f3mez"},"content":{"rendered":"<p><img loading=\"lazy\" decoding=\"async\" class=\"aligncenter size-large wp-image-42947\" src=\"https:\/\/oscarhumbertogomez.com\/wp-content\/uploads\/2022\/10\/Bamba-1024x576.jpeg\" alt=\"\" width=\"640\" height=\"360\" srcset=\"https:\/\/oscarhumbertogomez.com\/wp-content\/uploads\/2022\/10\/Bamba-1024x576.jpeg 1024w, https:\/\/oscarhumbertogomez.com\/wp-content\/uploads\/2022\/10\/Bamba-300x169.jpeg 300w, https:\/\/oscarhumbertogomez.com\/wp-content\/uploads\/2022\/10\/Bamba-768x432.jpeg 768w, https:\/\/oscarhumbertogomez.com\/wp-content\/uploads\/2022\/10\/Bamba.jpeg 1280w\" sizes=\"auto, (max-width: 640px) 100vw, 640px\" \/><\/p>\n<p>&nbsp;<\/p>\n<p>Aunque para m\u00ed nunca hubo ni habr\u00e1 una interpretaci\u00f3n de \u201cLA BAMBA\u201d mejor que la de mi compa\u00f1ero Casta\u00f1eda (el alumno de cuarto a\u00f1o de primaria lanzado al estrellato art\u00edstico durante el acto cultural con el cual se celebr\u00f3 el D\u00eda de la Madre en 1966 en la mejor escuela del mundo, la Concentraci\u00f3n Escolar de Varones Jos\u00e9 Camacho Carre\u00f1o), hubo, claro est\u00e1, otras versiones de la famosa canci\u00f3n de Ritchie Valens.<\/p>\n<p>Unas versiones no tan lucidas (eso hay que dejarlo muy claro) como la de mi compa\u00f1ero Casta\u00f1eda.<\/p>\n<p>&nbsp;<\/p>\n<p>Casta\u00f1eda era un muchacho alto, flaco y moreno al que le faltaban los incisivos y quiz\u00e1s debido a ello, o a que arrugaba la cara al hacerlo, o a la combinaci\u00f3n de ambas cosas, o a mi deficiente vista, cuando cantaba que \u201cYo no soy marinero, soy capit\u00e1n, soy capit\u00e1n\u201d poni\u00e9ndose la mano derecha como visera, yo no atinaba a definir si estaba sonriendo o llorando.<\/p>\n<p>&nbsp;<\/p>\n<p>Para aquella inolvidable velada, Casta\u00f1eda se visti\u00f3 con un traje de marino pobre y mientras avanzaba en la conocida letra de la reconocida canci\u00f3n, iba bailando lo mejor que pod\u00eda, poni\u00e9ndose al frente de su solitario acompa\u00f1ante instrumental y coral, por cierto otro alumno de la misma escuela, pero de otro curso, un ni\u00f1o (no precisamente gordo) que, sentado en un peque\u00f1o taburete viejo, golpeaba su vetusto tambor con los dedos y, en los momentos en que le correspond\u00eda hacerlo, entraba a reforzar la voz llorosa del cantante exclamando eso de \u201cBaaamba bamba\u2026, baaamba bamba\u2026, baaamba bamba\u2026, baaa\u2026 aaa\u2026aaa\u2026aaa\u2026 aaaaaa\u201d, hasta que, en el momento culminante de su actuaci\u00f3n como actor secundario, remat\u00f3 el coro con un grito estent\u00f3reo y prolongado, como si acabara de ver al Diablo haciendo su ingreso triunfal a la Camacho Carre\u00f1o.<\/p>\n<p>&nbsp;<\/p>\n<p><a href=\"https:\/\/lapiedrafilosofal.com\/wp-content\/uploads\/2019\/03\/LA-CAMACHO-CARREN\u0303O.jpg\"><img loading=\"lazy\" decoding=\"async\" class=\"alignnone size-full wp-image-28686\" src=\"https:\/\/lapiedrafilosofal.com\/wp-content\/uploads\/2019\/03\/LA-CAMACHO-CARREN\u0303O.jpg\" alt=\"\" width=\"716\" height=\"477\" srcset=\"https:\/\/oscarhumbertogomez.com\/wp-content\/uploads\/2019\/03\/LA-CAMACHO-CARREN\u0303O.jpg 716w, https:\/\/oscarhumbertogomez.com\/wp-content\/uploads\/2019\/03\/LA-CAMACHO-CARREN\u0303O-300x200.jpg 300w\" sizes=\"auto, (max-width: 716px) 100vw, 716px\" \/><\/a><\/p>\n<p>&nbsp;<\/p>\n<p>S\u00ed: no hubo, ni habr\u00e1 para m\u00ed una mejor interpretaci\u00f3n de \u201cLA BAMBA\u201d que la de mi compa\u00f1ero Casta\u00f1eda, pero las dem\u00e1s fueron, me toca reconocerlo, versiones tambi\u00e9n meritorias, claro que s\u00ed, no faltaba m\u00e1s.<\/p>\n<p>Con una ventaja adicional: la de que mientras la interpretaci\u00f3n de mi compa\u00f1ero Casta\u00f1eda solamente la pudo grabar \u00e9l en la memoria de sus compa\u00f1eros de clase (como yo, en aquel entonces un ni\u00f1o de diez a\u00f1os de edad que lo aplaudi\u00f3, al comienzo, en la mitad y al final de su presentaci\u00f3n, con un \u00edmpetu mayor que aquel con el cual aplaud\u00edan a \u201cLOS BEATLES\u201d sus seguidores en esos multitudinarios conciertos que las pantallas de los televisores mostraban en blanco y negro), los otros int\u00e9rpretes pudieron dejar su registro sonoro por siempre a trav\u00e9s de los surcos inmortales del acetato discogr\u00e1fico.<\/p>\n<p>Como lo hizo, pongamos por caso, la banda colombiana de rock de los a\u00f1os 60 \u201cLOS SPEAKERS\u201d.<\/p>\n<p>&nbsp;<\/p>\n<p><img loading=\"lazy\" decoding=\"async\" class=\"aligncenter size-full wp-image-42951\" src=\"https:\/\/oscarhumbertogomez.com\/wp-content\/uploads\/2022\/10\/Speakers.jpeg\" alt=\"\" width=\"640\" height=\"640\" srcset=\"https:\/\/oscarhumbertogomez.com\/wp-content\/uploads\/2022\/10\/Speakers.jpeg 640w, https:\/\/oscarhumbertogomez.com\/wp-content\/uploads\/2022\/10\/Speakers-300x300.jpeg 300w, https:\/\/oscarhumbertogomez.com\/wp-content\/uploads\/2022\/10\/Speakers-150x150.jpeg 150w\" sizes=\"auto, (max-width: 640px) 100vw, 640px\" \/><\/p>\n<p>&nbsp;<\/p>\n<p>Para el a\u00f1o 1965 esta banda la conformaban Rodrigo Garc\u00eda, Humberto Monroy, Oswaldo Hern\u00e1ndez, Luis Due\u00f1as y Fernando Latorre.<\/p>\n<p>Por cierto, de Luis Due\u00f1as, cuyo segundo apellido era Gallo, yo vendr\u00eda a saber mucho tiempo despu\u00e9s que era hijo del tambi\u00e9n m\u00fasico (pero no de m\u00fasica rock, sino de m\u00fasica andina colombiana) Luis Due\u00f1as Perilla, compositor de la memorable danza \u201cNEGRITA\u201d, que inmortalizaron \u201cGARZ\u00d3N Y COLLAZOS\u201d.<\/p>\n<p>&nbsp;<\/p>\n<p>Ese a\u00f1o, en plena mitad de la turbulenta d\u00e9cada de los a\u00f1os 60, \u201cLOS SPEAKERS\u201d lanzaron al mercado discogr\u00e1fico nacional, bajo el Sello Vergara, un acetato de larga duraci\u00f3n que conten\u00eda su versi\u00f3n de \u201cLA BAMBA\u201d.<\/p>\n<p>Dicho sea de paso, en su grabaci\u00f3n \u201cLOS SPEAKERS\u201d dicen \u201cNo soy marinero, por ti ser\u00e9, por ti ser\u00e9\u201d y no \u201cYo no soy marinero, soy capit\u00e1n, soy capit\u00e1n\u201d, como al a\u00f1o siguiente habr\u00eda de repetir mi compa\u00f1ero Casta\u00f1eda con su sonrisa triste.<\/p>\n<p>&nbsp;<\/p>\n<p><img loading=\"lazy\" decoding=\"async\" class=\"aligncenter size-large wp-image-42969\" src=\"https:\/\/oscarhumbertogomez.com\/wp-content\/uploads\/2022\/10\/Los-Lobos-1-1024x1024.jpeg\" alt=\"\" width=\"640\" height=\"640\" srcset=\"https:\/\/oscarhumbertogomez.com\/wp-content\/uploads\/2022\/10\/Los-Lobos-1-1024x1024.jpeg 1024w, https:\/\/oscarhumbertogomez.com\/wp-content\/uploads\/2022\/10\/Los-Lobos-1-300x300.jpeg 300w, https:\/\/oscarhumbertogomez.com\/wp-content\/uploads\/2022\/10\/Los-Lobos-1-150x150.jpeg 150w, https:\/\/oscarhumbertogomez.com\/wp-content\/uploads\/2022\/10\/Los-Lobos-1-768x768.jpeg 768w, https:\/\/oscarhumbertogomez.com\/wp-content\/uploads\/2022\/10\/Los-Lobos-1.jpeg 1200w\" sizes=\"auto, (max-width: 640px) 100vw, 640px\" \/><\/p>\n<p>&nbsp;<\/p>\n<p>Les insisto: ni esta versi\u00f3n de \u201cLOS SPEAKERS\u201d, ni la de, pongamos por caso, la banda \u201cLOS LOBOS\u201d, pero ni siquiera la del propio compositor de la c\u00e9lebre canci\u00f3n, el talentoso y malogrado artista norteamericano Ritchie Valens (muerto cuando apenas contaba con escasos diecisiete a\u00f1os de edad por querer llevarle la contraria a la naturaleza y deso\u00edr los sabios consejos de la prudencia), pudieron igualar, y ni acerc\u00e1rsele siquiera, mucho menos en mi coraz\u00f3n, a la de mi aclamado e incomparable compa\u00f1ero Casta\u00f1eda.<\/p>\n<p>&nbsp;<\/p>\n<p>En todo caso, aqu\u00ed est\u00e1n, amigas y amigos, \u201cLOS SPEAKERS\u201d.<\/p>\n<p>Esto es del a\u00f1o 1965 y se llama\u2026 \u00a1\u00a1\u00a1 \u201cLA BAMBA\u201d !!!<\/p>\n<p>&nbsp;<\/p>\n<p><iframe loading=\"lazy\" title=\"YouTube video player\" src=\"https:\/\/www.youtube-nocookie.com\/embed\/aphz6aUo0Qw?controls=0\" width=\"560\" height=\"315\" frameborder=\"0\" allowfullscreen=\"allowfullscreen\"><\/iframe><\/p>\n<p>&nbsp;<\/p>\n","protected":false},"excerpt":{"rendered":"<p>&nbsp; Aunque para m\u00ed nunca hubo ni habr\u00e1 una interpretaci\u00f3n de \u201cLA BAMBA\u201d mejor que la de mi compa\u00f1ero Casta\u00f1eda (el alumno de cuarto a\u00f1o de primaria lanzado al estrellato art\u00edstico durante el acto cultural con el cual se celebr\u00f3 &hellip; <a href=\"https:\/\/oscarhumbertogomez.com\/?p=42941\">Sigue leyendo <span class=\"meta-nav\">&rarr;<\/span><\/a><\/p>\n<div class='heateorSssClear'><\/div><div  class='heateor_sss_sharing_container heateor_sss_horizontal_sharing' heateor-sss-data-href='https:\/\/oscarhumbertogomez.com\/?p=42941'><div class='heateor_sss_sharing_title' style=\"font-weight:bold\" >\u00a1Gracias por compartirla!<\/div><ul class=\"heateor_sss_sharing_ul\"><li class=\"heateorSssSharingRound\"><i style=\"width:35px;height:35px;border-radius:999px;\" alt=\"Facebook\" Title=\"Facebook\" class=\"heateorSssSharing heateorSssFacebookBackground\" onclick='heateorSssPopup(\"https:\/\/www.facebook.com\/sharer\/sharer.php?u=https%3A%2F%2Foscarhumbertogomez.com%2Findex.php%3Frest_route%3D%252Fwp%252Fv2%252Fposts%252F42941\")'><ss style=\"display:block;border-radius:999px;\" class=\"heateorSssSharingSvg heateorSssFacebookSvg\"><\/ss><\/i><\/li><li class=\"heateorSssSharingRound\"><i style=\"width:35px;height:35px;border-radius:999px;\" alt=\"Twitter\" Title=\"Twitter\" class=\"heateorSssSharing heateorSssTwitterBackground\" onclick='heateorSssPopup(\"http:\/\/twitter.com\/intent\/tweet?text=Bucaramanga%20en%20los%20a%C3%B1os%2060%20%2F%2F%20%22LA%20BAMBA%22%28Memorias%29.%20Por%20%C3%93scar%20Humberto%20G%C3%B3mez%20G%C3%B3mez&url=https%3A%2F%2Foscarhumbertogomez.com%2Findex.php%3Frest_route%3D%252Fwp%252Fv2%252Fposts%252F42941\")'><ss style=\"display:block;border-radius:999px;\" class=\"heateorSssSharingSvg heateorSssTwitterSvg\"><\/ss><\/i><\/li><li class=\"heateorSssSharingRound\"><i style=\"width:35px;height:35px;border-radius:999px;\" alt=\"Whatsapp\" Title=\"Whatsapp\" class=\"heateorSssSharing heateorSssWhatsappBackground\" onclick='heateorSssPopup(\"https:\/\/web.whatsapp.com\/send?text=Bucaramanga%20en%20los%20a%C3%B1os%2060%20%2F%2F%20%22LA%20BAMBA%22%28Memorias%29.%20Por%20%C3%93scar%20Humberto%20G%C3%B3mez%20G%C3%B3mez https%3A%2F%2Foscarhumbertogomez.com%2Findex.php%3Frest_route%3D%252Fwp%252Fv2%252Fposts%252F42941\")'><ss style=\"display:block\" class=\"heateorSssSharingSvg heateorSssWhatsappSvg\"><\/ss><\/i><\/li><li class=\"heateorSssSharingRound\"><i style=\"width:35px;height:35px;border-radius:999px;\" alt=\"Pinterest\" Title=\"Pinterest\" class=\"heateorSssSharing heateorSssPinterestBackground\" onclick=\"javascript:void( (function() {var e=document.createElement('script' );e.setAttribute('type','text\/javascript' );e.setAttribute('charset','UTF-8' );e.setAttribute('src','\/\/assets.pinterest.com\/js\/pinmarklet.js?r='+Math.random()*99999999);document.body.appendChild(e)})());\"><ss style=\"display:block;border-radius:999px;\" class=\"heateorSssSharingSvg heateorSssPinterestSvg\"><\/ss><\/i><\/li><li class=\"heateorSssSharingRound\"><i style=\"width:35px;height:35px;border-radius:999px;\" alt=\"Google Gmail\" Title=\"Google Gmail\" class=\"heateorSssSharing heateorSssGoogleGmailBackground\" onclick='heateorSssPopup(\"https:\/\/mail.google.com\/mail\/?ui=2&view=cm&fs=1&tf=1&su=Bucaramanga%20en%20los%20a%C3%B1os%2060%20%2F%2F%20%22LA%20BAMBA%22%28Memorias%29.%20Por%20%C3%93scar%20Humberto%20G%C3%B3mez%20G%C3%B3mez&body=Link:https%3A%2F%2Foscarhumbertogomez.com%2Findex.php%3Frest_route%3D%252Fwp%252Fv2%252Fposts%252F42941\")'><ss style=\"display:block;border-radius:999px;\" class=\"heateorSssSharingSvg heateorSssGoogleGmailSvg\"><\/ss><\/i><\/li><li class=\"heateorSssSharingRound\"><i style=\"width:35px;height:35px;border-radius:999px;\" title=\"More\" alt=\"More\" class=\"heateorSssSharing heateorSssMoreBackground\" onclick=\"heateorSssMoreSharingPopup(this, 'https:\/\/oscarhumbertogomez.com\/index.php?rest_route=%2Fwp%2Fv2%2Fposts%2F42941', 'Bucaramanga%20en%20los%20a%C3%B1os%2060%20%2F%2F%20%22LA%20BAMBA%22%28Memorias%29.%20Por%20%C3%93scar%20Humberto%20G%C3%B3mez%20G%C3%B3mez', '' )\" ><ss style=\"display:block\" class=\"heateorSssSharingSvg heateorSssMoreSvg\"><\/ss><\/i><\/li><\/ul><div class=\"heateorSssClear\"><\/div><\/div><div class='heateorSssClear'><\/div>","protected":false},"author":2,"featured_media":0,"comment_status":"closed","ping_status":"closed","sticky":false,"template":"","format":"standard","meta":{"spay_email":"","footnotes":""},"categories":[1],"tags":[],"class_list":["post-42941","post","type-post","status-publish","format-standard","hentry","category-blog"],"jetpack_featured_media_url":"","jetpack_shortlink":"https:\/\/wp.me\/p1FYrr-baB","_links":{"self":[{"href":"https:\/\/oscarhumbertogomez.com\/index.php?rest_route=\/wp\/v2\/posts\/42941","targetHints":{"allow":["GET"]}}],"collection":[{"href":"https:\/\/oscarhumbertogomez.com\/index.php?rest_route=\/wp\/v2\/posts"}],"about":[{"href":"https:\/\/oscarhumbertogomez.com\/index.php?rest_route=\/wp\/v2\/types\/post"}],"author":[{"embeddable":true,"href":"https:\/\/oscarhumbertogomez.com\/index.php?rest_route=\/wp\/v2\/users\/2"}],"replies":[{"embeddable":true,"href":"https:\/\/oscarhumbertogomez.com\/index.php?rest_route=%2Fwp%2Fv2%2Fcomments&post=42941"}],"version-history":[{"count":5,"href":"https:\/\/oscarhumbertogomez.com\/index.php?rest_route=\/wp\/v2\/posts\/42941\/revisions"}],"predecessor-version":[{"id":50729,"href":"https:\/\/oscarhumbertogomez.com\/index.php?rest_route=\/wp\/v2\/posts\/42941\/revisions\/50729"}],"wp:attachment":[{"href":"https:\/\/oscarhumbertogomez.com\/index.php?rest_route=%2Fwp%2Fv2%2Fmedia&parent=42941"}],"wp:term":[{"taxonomy":"category","embeddable":true,"href":"https:\/\/oscarhumbertogomez.com\/index.php?rest_route=%2Fwp%2Fv2%2Fcategories&post=42941"},{"taxonomy":"post_tag","embeddable":true,"href":"https:\/\/oscarhumbertogomez.com\/index.php?rest_route=%2Fwp%2Fv2%2Ftags&post=42941"}],"curies":[{"name":"wp","href":"https:\/\/api.w.org\/{rel}","templated":true}]}}