{"id":42973,"date":"2022-11-06T12:19:09","date_gmt":"2022-11-06T17:19:09","guid":{"rendered":"https:\/\/oscarhumbertogomez.com\/?p=42973"},"modified":"2022-11-07T09:19:11","modified_gmt":"2022-11-07T14:19:11","slug":"bucaramanga-en-los-anos-70-raffaella-carra-y-hay-que-venir-al-sur-por-oscar-humberto-gomez-gomez","status":"publish","type":"post","link":"https:\/\/oscarhumbertogomez.com\/?p=42973","title":{"rendered":"Bucaramanga en los a\u00f1os 70 \/\/ RAFFAELLA CARR\u00c0 Y &#8220;HAY QUE VENIR AL SUR&#8221; (Memorias). Por \u00d3scar Humberto G\u00f3mez G\u00f3mez"},"content":{"rendered":"<p><img loading=\"lazy\" decoding=\"async\" class=\"aligncenter size-large wp-image-42975\" src=\"https:\/\/oscarhumbertogomez.com\/wp-content\/uploads\/2022\/11\/RAFFAELLA-CARRA-1024x576.jpeg\" alt=\"\" width=\"640\" height=\"360\" srcset=\"https:\/\/oscarhumbertogomez.com\/wp-content\/uploads\/2022\/11\/RAFFAELLA-CARRA-1024x576.jpeg 1024w, https:\/\/oscarhumbertogomez.com\/wp-content\/uploads\/2022\/11\/RAFFAELLA-CARRA-300x169.jpeg 300w, https:\/\/oscarhumbertogomez.com\/wp-content\/uploads\/2022\/11\/RAFFAELLA-CARRA-768x432.jpeg 768w, https:\/\/oscarhumbertogomez.com\/wp-content\/uploads\/2022\/11\/RAFFAELLA-CARRA-1536x864.jpeg 1536w, https:\/\/oscarhumbertogomez.com\/wp-content\/uploads\/2022\/11\/RAFFAELLA-CARRA.jpeg 1920w\" sizes=\"auto, (max-width: 640px) 100vw, 640px\" \/><\/p>\n<p>&nbsp;<\/p>\n<p>RAFFAELLA CARR\u00c0 fue una reconocida artista italiana que en la d\u00e9cada de los a\u00f1os 70 alcanz\u00f3 una gran acogida no s\u00f3lo en su pa\u00eds natal, sino tambi\u00e9n en Espa\u00f1a y Am\u00e9rica Latina, de manera muy especial con \u201cHAY QUE VENIR AL SUR\u201d, una canci\u00f3n compuesta por Gianni Boncompagni y que ella grab\u00f3 en 1978.<\/p>\n<p>&nbsp;<\/p>\n<p><img loading=\"lazy\" decoding=\"async\" class=\"aligncenter size-large wp-image-42975\" src=\"https:\/\/oscarhumbertogomez.com\/wp-content\/uploads\/2022\/11\/RAFFAELLA-CARRA-1024x576.jpeg\" alt=\"\" width=\"640\" height=\"360\" srcset=\"https:\/\/oscarhumbertogomez.com\/wp-content\/uploads\/2022\/11\/RAFFAELLA-CARRA-1024x576.jpeg 1024w, https:\/\/oscarhumbertogomez.com\/wp-content\/uploads\/2022\/11\/RAFFAELLA-CARRA-300x169.jpeg 300w, https:\/\/oscarhumbertogomez.com\/wp-content\/uploads\/2022\/11\/RAFFAELLA-CARRA-768x432.jpeg 768w, https:\/\/oscarhumbertogomez.com\/wp-content\/uploads\/2022\/11\/RAFFAELLA-CARRA-1536x864.jpeg 1536w, https:\/\/oscarhumbertogomez.com\/wp-content\/uploads\/2022\/11\/RAFFAELLA-CARRA.jpeg 1920w\" sizes=\"auto, (max-width: 640px) 100vw, 640px\" \/><\/p>\n<p>&nbsp;<\/p>\n<p>La canci\u00f3n fue censurada en pa\u00edses como Chile y Argentina, por lo cual hubo que cambiarle la letra y de este modo la versi\u00f3n que sonaba en los pa\u00edses del Cono Sur, por aquel entonces en manos de dictaduras militares, era distinta a la que sonaba en las radiodifusoras de Bucaramanga, que a\u00fan pasaban al aire m\u00fasica rom\u00e1ntica entremezclada con otros g\u00e9neros musicales, en lo que se llamaba una programaci\u00f3n &#8220;open&#8221;.<\/p>\n<p>&nbsp;<\/p>\n<p><img loading=\"lazy\" decoding=\"async\" class=\"aligncenter size-large wp-image-42975\" src=\"https:\/\/oscarhumbertogomez.com\/wp-content\/uploads\/2022\/11\/RAFFAELLA-CARRA-1024x576.jpeg\" alt=\"\" width=\"640\" height=\"360\" srcset=\"https:\/\/oscarhumbertogomez.com\/wp-content\/uploads\/2022\/11\/RAFFAELLA-CARRA-1024x576.jpeg 1024w, https:\/\/oscarhumbertogomez.com\/wp-content\/uploads\/2022\/11\/RAFFAELLA-CARRA-300x169.jpeg 300w, https:\/\/oscarhumbertogomez.com\/wp-content\/uploads\/2022\/11\/RAFFAELLA-CARRA-768x432.jpeg 768w, https:\/\/oscarhumbertogomez.com\/wp-content\/uploads\/2022\/11\/RAFFAELLA-CARRA-1536x864.jpeg 1536w, https:\/\/oscarhumbertogomez.com\/wp-content\/uploads\/2022\/11\/RAFFAELLA-CARRA.jpeg 1920w\" sizes=\"auto, (max-width: 640px) 100vw, 640px\" \/><\/p>\n<p>&nbsp;<\/p>\n<p>Las diferencias en la letra eran notorias: mientras que en la versi\u00f3n que sonaba en Bucaramanga la int\u00e9rprete dec\u00eda que &#8220;Tuve muchas experiencias y he llegado a la conclusi\u00f3n \/ que PERDIDA LA INOCENCIA en el sur se pasa mejor&#8221;, en la que sonaba en el sur del continente dec\u00eda que &#8220;Tuve muchas experiencias y he llegado a la conclusi\u00f3n \/ que VIVIENDO ENAMORADA en el sur se pasa mejor&#8221;; mientras que en la versi\u00f3n que sonaba en Bucaramanga dec\u00eda que &#8220;Para HACER BIEN EL AMOR hay que venir al sur&#8221;, en la que sonaba en el sur del continente dec\u00eda que &#8220;Para ENAMORARSE BIEN hay que venir al sur&#8221;; mientras que en la versi\u00f3n que sonaba en Bucaramanga dec\u00eda que &#8220;Sin AMANTES qui\u00e9n se puede consolar \/ Sin AMANTES esta vida es infernal&#8221;, en la que sonaba en el sur del continente dec\u00eda que &#8220;Sin AMORES qui\u00e9n se puede consolar \/ Sin AMORES esta vida es infernal&#8221;; mientras que en la versi\u00f3n que sonaba en Bucaramanga dec\u00eda que &#8220;Lo importante es que LO HAGAS CON QUIEN quieras t\u00fa&#8221;, en la que sonaba en el sur del continente dec\u00eda que &#8220;Lo importante es que T\u00da VAYAS CUANDO quieras t\u00fa&#8221;; mientras que en la versi\u00f3n que sonaba en Bucaramanga dec\u00eda que &#8220;Y si TE DEJA, no lo pienses m\u00e1s: B\u00daSCATE OTRO M\u00c1S BUENO, vu\u00e9lvete a enamorar&#8221;, en la que sonaba en el sur del continente dec\u00eda que &#8220;y si SUFRES, no lo pienses m\u00e1s: \/ ESPERA A QUE TE PASE Y vu\u00e9lvete a enamorar&#8221;; y, finalmente, mientras que en la versi\u00f3n que sonaba en Bucaramanga dec\u00eda que &#8220;Todos dicen que el amor es amigo DE LA LOCURA, \/ pero a m\u00ed que YA ESTOY LOCA es LO \u00daNICO QUE ME CURA&#8221;, en la que sonaba en el sur del continente dec\u00eda que &#8220;Todos dicen que el amor es amigo DE LA VERDAD, para m\u00ed que NUNCA MIENTO es LA \u00daNICA REALIDAD&#8221;.<\/p>\n<p>&nbsp;<\/p>\n<p><img loading=\"lazy\" decoding=\"async\" class=\"aligncenter size-large wp-image-42975\" src=\"https:\/\/oscarhumbertogomez.com\/wp-content\/uploads\/2022\/11\/RAFFAELLA-CARRA-1024x576.jpeg\" alt=\"\" width=\"640\" height=\"360\" srcset=\"https:\/\/oscarhumbertogomez.com\/wp-content\/uploads\/2022\/11\/RAFFAELLA-CARRA-1024x576.jpeg 1024w, https:\/\/oscarhumbertogomez.com\/wp-content\/uploads\/2022\/11\/RAFFAELLA-CARRA-300x169.jpeg 300w, https:\/\/oscarhumbertogomez.com\/wp-content\/uploads\/2022\/11\/RAFFAELLA-CARRA-768x432.jpeg 768w, https:\/\/oscarhumbertogomez.com\/wp-content\/uploads\/2022\/11\/RAFFAELLA-CARRA-1536x864.jpeg 1536w, https:\/\/oscarhumbertogomez.com\/wp-content\/uploads\/2022\/11\/RAFFAELLA-CARRA.jpeg 1920w\" sizes=\"auto, (max-width: 640px) 100vw, 640px\" \/><\/p>\n<p>&nbsp;<\/p>\n<p>Por cierto, la propia RAFFAELLA CARR\u00c0 revel\u00f3 en una entrevista para la revista \u201cVanity Fair\u201d que ella le hab\u00eda preguntado puntualmente al autor del controversial tema por qu\u00e9 raz\u00f3n hab\u00eda escrito que para hacer bien el amor hab\u00eda que venir al sur y Boncompagni le contest\u00f3: \u201cRaffaella, porque si escribo que para hacer bien el amor hay que venir al norte no me rima\u201d.<\/p>\n<p>&nbsp;<\/p>\n<p><img loading=\"lazy\" decoding=\"async\" class=\"aligncenter size-large wp-image-42975\" src=\"https:\/\/oscarhumbertogomez.com\/wp-content\/uploads\/2022\/11\/RAFFAELLA-CARRA-1024x576.jpeg\" alt=\"\" width=\"640\" height=\"360\" srcset=\"https:\/\/oscarhumbertogomez.com\/wp-content\/uploads\/2022\/11\/RAFFAELLA-CARRA-1024x576.jpeg 1024w, https:\/\/oscarhumbertogomez.com\/wp-content\/uploads\/2022\/11\/RAFFAELLA-CARRA-300x169.jpeg 300w, https:\/\/oscarhumbertogomez.com\/wp-content\/uploads\/2022\/11\/RAFFAELLA-CARRA-768x432.jpeg 768w, https:\/\/oscarhumbertogomez.com\/wp-content\/uploads\/2022\/11\/RAFFAELLA-CARRA-1536x864.jpeg 1536w, https:\/\/oscarhumbertogomez.com\/wp-content\/uploads\/2022\/11\/RAFFAELLA-CARRA.jpeg 1920w\" sizes=\"auto, (max-width: 640px) 100vw, 640px\" \/><\/p>\n<p>&nbsp;<\/p>\n<p>No s\u00e9 a ustedes cu\u00e1l de las dos versiones les haya gustado m\u00e1s (si las conocieron en su momento), o les guste m\u00e1s (si hasta ahora las escuchan). Yo, que soy un rom\u00e1ntico incorregible, parad\u00f3jicamente me decant\u00e9 por la segunda, pero, desde luego, no compart\u00ed la censura que se le hizo a la letra original, entre otras razones porque me parec\u00eda que en s\u00ed misma era picante, mas no vulgar.<\/p>\n<p>&nbsp;<\/p>\n<p><img loading=\"lazy\" decoding=\"async\" class=\"aligncenter size-large wp-image-42975\" src=\"https:\/\/oscarhumbertogomez.com\/wp-content\/uploads\/2022\/11\/RAFFAELLA-CARRA-1024x576.jpeg\" alt=\"\" width=\"640\" height=\"360\" srcset=\"https:\/\/oscarhumbertogomez.com\/wp-content\/uploads\/2022\/11\/RAFFAELLA-CARRA-1024x576.jpeg 1024w, https:\/\/oscarhumbertogomez.com\/wp-content\/uploads\/2022\/11\/RAFFAELLA-CARRA-300x169.jpeg 300w, https:\/\/oscarhumbertogomez.com\/wp-content\/uploads\/2022\/11\/RAFFAELLA-CARRA-768x432.jpeg 768w, https:\/\/oscarhumbertogomez.com\/wp-content\/uploads\/2022\/11\/RAFFAELLA-CARRA-1536x864.jpeg 1536w, https:\/\/oscarhumbertogomez.com\/wp-content\/uploads\/2022\/11\/RAFFAELLA-CARRA.jpeg 1920w\" sizes=\"auto, (max-width: 640px) 100vw, 640px\" \/><\/p>\n<p>&nbsp;<\/p>\n<p>Esta talentosa estrella de la canci\u00f3n de los a\u00f1os 70 fue, adem\u00e1s, actriz de cine, presentadora de televisi\u00f3n y bailarina.<\/p>\n<p>&nbsp;<\/p>\n<p><img loading=\"lazy\" decoding=\"async\" class=\"aligncenter size-large wp-image-42975\" src=\"https:\/\/oscarhumbertogomez.com\/wp-content\/uploads\/2022\/11\/RAFFAELLA-CARRA-1024x576.jpeg\" alt=\"\" width=\"640\" height=\"360\" srcset=\"https:\/\/oscarhumbertogomez.com\/wp-content\/uploads\/2022\/11\/RAFFAELLA-CARRA-1024x576.jpeg 1024w, https:\/\/oscarhumbertogomez.com\/wp-content\/uploads\/2022\/11\/RAFFAELLA-CARRA-300x169.jpeg 300w, https:\/\/oscarhumbertogomez.com\/wp-content\/uploads\/2022\/11\/RAFFAELLA-CARRA-768x432.jpeg 768w, https:\/\/oscarhumbertogomez.com\/wp-content\/uploads\/2022\/11\/RAFFAELLA-CARRA-1536x864.jpeg 1536w, https:\/\/oscarhumbertogomez.com\/wp-content\/uploads\/2022\/11\/RAFFAELLA-CARRA.jpeg 1920w\" sizes=\"auto, (max-width: 640px) 100vw, 640px\" \/><\/p>\n<p>&nbsp;<\/p>\n<p>Bueno, aqu\u00ed les traigo las dos versiones de \u201cHAY QUE VENIR AL SUR\u201d, aunque debo hacerles una advertencia previa: he cambiado su orden cronol\u00f3gico y la que hubo de grabar la destacada cantante europea con una nueva letra ir\u00e1 de primera y la original, de segunda.<\/p>\n<p>&nbsp;<\/p>\n<p><img loading=\"lazy\" decoding=\"async\" class=\"aligncenter size-large wp-image-42975\" src=\"https:\/\/oscarhumbertogomez.com\/wp-content\/uploads\/2022\/11\/RAFFAELLA-CARRA-1024x576.jpeg\" alt=\"\" width=\"640\" height=\"360\" srcset=\"https:\/\/oscarhumbertogomez.com\/wp-content\/uploads\/2022\/11\/RAFFAELLA-CARRA-1024x576.jpeg 1024w, https:\/\/oscarhumbertogomez.com\/wp-content\/uploads\/2022\/11\/RAFFAELLA-CARRA-300x169.jpeg 300w, https:\/\/oscarhumbertogomez.com\/wp-content\/uploads\/2022\/11\/RAFFAELLA-CARRA-768x432.jpeg 768w, https:\/\/oscarhumbertogomez.com\/wp-content\/uploads\/2022\/11\/RAFFAELLA-CARRA-1536x864.jpeg 1536w, https:\/\/oscarhumbertogomez.com\/wp-content\/uploads\/2022\/11\/RAFFAELLA-CARRA.jpeg 1920w\" sizes=\"auto, (max-width: 640px) 100vw, 640px\" \/><\/p>\n<p>&nbsp;<\/p>\n<p>Esta es, pues, amigas y amigos, RAFFAELLA CARR\u00c0 y la canci\u00f3n de Gianni Boncompagni \u201cHAY QUE VENIR AL SUR\u201d<\/p>\n<p>\u00a1\u00a1\u00a1 Su\u00e9ltamela, YouTube !!!<\/p>\n<p>\u00a1\u00a1\u00a1 Que se oiga esa m\u00fasica !!!<\/p>\n<p>&nbsp;<\/p>\n<p><iframe loading=\"lazy\" title=\"YouTube video player\" src=\"https:\/\/www.youtube.com\/embed\/yaNFZa0xb9s?controls=0\" width=\"560\" height=\"315\" frameborder=\"0\" allowfullscreen=\"allowfullscreen\"><\/iframe><\/p>\n<p>&nbsp;<\/p>\n<p><iframe loading=\"lazy\" title=\"YouTube video player\" src=\"https:\/\/www.youtube-nocookie.com\/embed\/gLCZMtu-e3Y?controls=0\" width=\"560\" height=\"315\" frameborder=\"0\" allowfullscreen=\"allowfullscreen\"><\/iframe><\/p>\n<p>&nbsp;<\/p>\n","protected":false},"excerpt":{"rendered":"<p>&nbsp; RAFFAELLA CARR\u00c0 fue una reconocida artista italiana que en la d\u00e9cada de los a\u00f1os 70 alcanz\u00f3 una gran acogida no s\u00f3lo en su pa\u00eds natal, sino tambi\u00e9n en Espa\u00f1a y Am\u00e9rica Latina, de manera muy especial con \u201cHAY QUE &hellip; <a href=\"https:\/\/oscarhumbertogomez.com\/?p=42973\">Sigue leyendo <span class=\"meta-nav\">&rarr;<\/span><\/a><\/p>\n<div class='heateorSssClear'><\/div><div  class='heateor_sss_sharing_container heateor_sss_horizontal_sharing' heateor-sss-data-href='https:\/\/oscarhumbertogomez.com\/?p=42973'><div class='heateor_sss_sharing_title' style=\"font-weight:bold\" >\u00a1Gracias por compartirla!<\/div><ul class=\"heateor_sss_sharing_ul\"><li class=\"heateorSssSharingRound\"><i style=\"width:35px;height:35px;border-radius:999px;\" alt=\"Facebook\" Title=\"Facebook\" class=\"heateorSssSharing heateorSssFacebookBackground\" onclick='heateorSssPopup(\"https:\/\/www.facebook.com\/sharer\/sharer.php?u=https%3A%2F%2Foscarhumbertogomez.com%2Findex.php%3Frest_route%3D%252Fwp%252Fv2%252Fposts%252F42973\")'><ss style=\"display:block;border-radius:999px;\" class=\"heateorSssSharingSvg heateorSssFacebookSvg\"><\/ss><\/i><\/li><li class=\"heateorSssSharingRound\"><i style=\"width:35px;height:35px;border-radius:999px;\" alt=\"Twitter\" Title=\"Twitter\" class=\"heateorSssSharing heateorSssTwitterBackground\" onclick='heateorSssPopup(\"http:\/\/twitter.com\/intent\/tweet?text=Bucaramanga%20en%20los%20a%C3%B1os%2070%20%2F%2F%20RAFFAELLA%20CARR%C3%80%20Y%20%22HAY%20QUE%20VENIR%20AL%20SUR%22%20%28Memorias%29.%20Por%20%C3%93scar%20Humberto%20G%C3%B3mez%20G%C3%B3mez&url=https%3A%2F%2Foscarhumbertogomez.com%2Findex.php%3Frest_route%3D%252Fwp%252Fv2%252Fposts%252F42973\")'><ss style=\"display:block;border-radius:999px;\" class=\"heateorSssSharingSvg heateorSssTwitterSvg\"><\/ss><\/i><\/li><li class=\"heateorSssSharingRound\"><i style=\"width:35px;height:35px;border-radius:999px;\" alt=\"Whatsapp\" Title=\"Whatsapp\" class=\"heateorSssSharing heateorSssWhatsappBackground\" onclick='heateorSssPopup(\"https:\/\/web.whatsapp.com\/send?text=Bucaramanga%20en%20los%20a%C3%B1os%2070%20%2F%2F%20RAFFAELLA%20CARR%C3%80%20Y%20%22HAY%20QUE%20VENIR%20AL%20SUR%22%20%28Memorias%29.%20Por%20%C3%93scar%20Humberto%20G%C3%B3mez%20G%C3%B3mez https%3A%2F%2Foscarhumbertogomez.com%2Findex.php%3Frest_route%3D%252Fwp%252Fv2%252Fposts%252F42973\")'><ss style=\"display:block\" class=\"heateorSssSharingSvg heateorSssWhatsappSvg\"><\/ss><\/i><\/li><li class=\"heateorSssSharingRound\"><i style=\"width:35px;height:35px;border-radius:999px;\" alt=\"Pinterest\" Title=\"Pinterest\" class=\"heateorSssSharing heateorSssPinterestBackground\" onclick=\"javascript:void( (function() {var e=document.createElement('script' );e.setAttribute('type','text\/javascript' );e.setAttribute('charset','UTF-8' );e.setAttribute('src','\/\/assets.pinterest.com\/js\/pinmarklet.js?r='+Math.random()*99999999);document.body.appendChild(e)})());\"><ss style=\"display:block;border-radius:999px;\" class=\"heateorSssSharingSvg heateorSssPinterestSvg\"><\/ss><\/i><\/li><li class=\"heateorSssSharingRound\"><i style=\"width:35px;height:35px;border-radius:999px;\" alt=\"Google Gmail\" Title=\"Google Gmail\" class=\"heateorSssSharing heateorSssGoogleGmailBackground\" onclick='heateorSssPopup(\"https:\/\/mail.google.com\/mail\/?ui=2&view=cm&fs=1&tf=1&su=Bucaramanga%20en%20los%20a%C3%B1os%2070%20%2F%2F%20RAFFAELLA%20CARR%C3%80%20Y%20%22HAY%20QUE%20VENIR%20AL%20SUR%22%20%28Memorias%29.%20Por%20%C3%93scar%20Humberto%20G%C3%B3mez%20G%C3%B3mez&body=Link:https%3A%2F%2Foscarhumbertogomez.com%2Findex.php%3Frest_route%3D%252Fwp%252Fv2%252Fposts%252F42973\")'><ss style=\"display:block;border-radius:999px;\" class=\"heateorSssSharingSvg heateorSssGoogleGmailSvg\"><\/ss><\/i><\/li><li class=\"heateorSssSharingRound\"><i style=\"width:35px;height:35px;border-radius:999px;\" title=\"More\" alt=\"More\" class=\"heateorSssSharing heateorSssMoreBackground\" onclick=\"heateorSssMoreSharingPopup(this, 'https:\/\/oscarhumbertogomez.com\/index.php?rest_route=%2Fwp%2Fv2%2Fposts%2F42973', 'Bucaramanga%20en%20los%20a%C3%B1os%2070%20%2F%2F%20RAFFAELLA%20CARR%C3%80%20Y%20%22HAY%20QUE%20VENIR%20AL%20SUR%22%20%28Memorias%29.%20Por%20%C3%93scar%20Humberto%20G%C3%B3mez%20G%C3%B3mez', '' )\" ><ss style=\"display:block\" class=\"heateorSssSharingSvg heateorSssMoreSvg\"><\/ss><\/i><\/li><\/ul><div class=\"heateorSssClear\"><\/div><\/div><div class='heateorSssClear'><\/div>","protected":false},"author":2,"featured_media":0,"comment_status":"closed","ping_status":"closed","sticky":false,"template":"","format":"standard","meta":{"spay_email":"","footnotes":""},"categories":[1],"tags":[],"class_list":["post-42973","post","type-post","status-publish","format-standard","hentry","category-blog"],"jetpack_featured_media_url":"","jetpack_shortlink":"https:\/\/wp.me\/p1FYrr-bb7","_links":{"self":[{"href":"https:\/\/oscarhumbertogomez.com\/index.php?rest_route=\/wp\/v2\/posts\/42973","targetHints":{"allow":["GET"]}}],"collection":[{"href":"https:\/\/oscarhumbertogomez.com\/index.php?rest_route=\/wp\/v2\/posts"}],"about":[{"href":"https:\/\/oscarhumbertogomez.com\/index.php?rest_route=\/wp\/v2\/types\/post"}],"author":[{"embeddable":true,"href":"https:\/\/oscarhumbertogomez.com\/index.php?rest_route=\/wp\/v2\/users\/2"}],"replies":[{"embeddable":true,"href":"https:\/\/oscarhumbertogomez.com\/index.php?rest_route=%2Fwp%2Fv2%2Fcomments&post=42973"}],"version-history":[{"count":5,"href":"https:\/\/oscarhumbertogomez.com\/index.php?rest_route=\/wp\/v2\/posts\/42973\/revisions"}],"predecessor-version":[{"id":42993,"href":"https:\/\/oscarhumbertogomez.com\/index.php?rest_route=\/wp\/v2\/posts\/42973\/revisions\/42993"}],"wp:attachment":[{"href":"https:\/\/oscarhumbertogomez.com\/index.php?rest_route=%2Fwp%2Fv2%2Fmedia&parent=42973"}],"wp:term":[{"taxonomy":"category","embeddable":true,"href":"https:\/\/oscarhumbertogomez.com\/index.php?rest_route=%2Fwp%2Fv2%2Fcategories&post=42973"},{"taxonomy":"post_tag","embeddable":true,"href":"https:\/\/oscarhumbertogomez.com\/index.php?rest_route=%2Fwp%2Fv2%2Ftags&post=42973"}],"curies":[{"name":"wp","href":"https:\/\/api.w.org\/{rel}","templated":true}]}}