{"id":42997,"date":"2022-11-10T07:00:00","date_gmt":"2022-11-10T12:00:00","guid":{"rendered":"https:\/\/oscarhumbertogomez.com\/?p=42997"},"modified":"2023-01-20T18:24:13","modified_gmt":"2023-01-20T23:24:13","slug":"murio-en-alemania-el-pintor-bumangues-omar-gomez-rey-por-oscar-humberto-gomez-gomez","status":"publish","type":"post","link":"https:\/\/oscarhumbertogomez.com\/?p=42997","title":{"rendered":"Muri\u00f3 en Alemania el pintor bumangu\u00e9s Omar G\u00f3mez Rey. Por \u00d3scar Humberto G\u00f3mez G\u00f3mez"},"content":{"rendered":"<p><img loading=\"lazy\" decoding=\"async\" class=\"aligncenter size-full wp-image-41576\" src=\"https:\/\/oscarhumbertogomez.com\/wp-content\/uploads\/2022\/03\/omar.jpeg\" alt=\"\" width=\"880\" height=\"678\" srcset=\"https:\/\/oscarhumbertogomez.com\/wp-content\/uploads\/2022\/03\/omar.jpeg 880w, https:\/\/oscarhumbertogomez.com\/wp-content\/uploads\/2022\/03\/omar-300x231.jpeg 300w, https:\/\/oscarhumbertogomez.com\/wp-content\/uploads\/2022\/03\/omar-768x592.jpeg 768w\" sizes=\"auto, (max-width: 880px) 100vw, 880px\" \/><\/p>\n<p>&nbsp;<\/p>\n<p>El pasado 30 de marzo, en pleno cumplea\u00f1os, el pintor bumangu\u00e9s OMAR G\u00d3MEZ REY tuvo que internarse en un hospital cercano a la ciudad alemana donde resid\u00eda, donde trabajaba en su taller art\u00edstico y donde \u00e9l se sent\u00eda ampliamente conocido y apreciado entre sus vecinos y las autoridades del lugar: la hist\u00f3rica ciudad de Nuremberg.<\/p>\n<p>Se preparaba aquel d\u00eda el artista santandereano para dar comienzo a una lucha dif\u00edcil, en la que jam\u00e1s pens\u00f3 que pudiese verse involucrado: la terrible y desigual lid contra una enfermedad de mal pron\u00f3stico.<\/p>\n<p>A prop\u00f3sito de su cumplea\u00f1os y de sus coincidentes quebrantos de salud, escrib\u00ed y publiqu\u00e9 en este blog una entrada en la que rememoraba su lejana juventud y su partida hacia Europa, en la plenitud de sus a\u00f1os juveniles, en busca de posibilitar la realizaci\u00f3n de aquellos sue\u00f1os que dentro de su ciudad natal no hab\u00eda podido cumplir hasta ese momento, ni vislumbraba, yo creo que sin raz\u00f3n, que lo pudiese hacer en los a\u00f1os venideros.<\/p>\n<p>A pesar de saber lo dif\u00edcil de su pron\u00f3stico, expresaba en esas l\u00edneas mi optimismo y la personal esperanza que abrigaba en el sentido de que su dif\u00edcil cumplea\u00f1os fuese la antesala de una recuperaci\u00f3n feliz.<\/p>\n<p>&nbsp;<\/p>\n<p><img loading=\"lazy\" decoding=\"async\" class=\"aligncenter size-full wp-image-41576\" src=\"https:\/\/oscarhumbertogomez.com\/wp-content\/uploads\/2022\/03\/omar.jpeg\" alt=\"\" width=\"880\" height=\"678\" srcset=\"https:\/\/oscarhumbertogomez.com\/wp-content\/uploads\/2022\/03\/omar.jpeg 880w, https:\/\/oscarhumbertogomez.com\/wp-content\/uploads\/2022\/03\/omar-300x231.jpeg 300w, https:\/\/oscarhumbertogomez.com\/wp-content\/uploads\/2022\/03\/omar-768x592.jpeg 768w\" sizes=\"auto, (max-width: 880px) 100vw, 880px\" \/><\/p>\n<p>&nbsp;<\/p>\n<p>Supe que se hab\u00eda tenido que hospitalizar fuera de Nuremberg porque las camas hospitalarias de aqu\u00ed hab\u00edan sido copadas por los pacientes v\u00edctimas de la pandemia. &#8220;Ninguno se quiso vacunar&#8221;, me explic\u00f3 aquella ma\u00f1ana en la que me atrev\u00ed a preguntarle por qu\u00e9 no lo estaban atendiendo en la ciudad sede de su domicilio.<\/p>\n<p>Un mediod\u00eda de pl\u00e1tica me cont\u00f3 que le hab\u00eda tocado compartir habitaci\u00f3n con un se\u00f1or malhumorado de procedencia \u00e1rabe a quien no le gustaba sentir que \u00e9l hablaba por tel\u00e9fono y que por eso le tocaba salirse al pasillo para poder seguir ri\u00e9ndose a carcajadas mientras depart\u00eda con sus interlocutores del otro lado del oc\u00e9ano. Con el tiempo, aquel otro paciente se fue acostumbrando al esp\u00edritu festivo de su compa\u00f1ero latinoamericano y termin\u00f3 recibiendo con amabilidad nuestros saludos a trav\u00e9s de su locuaz y afable vecino.<\/p>\n<p>Mientras transcurr\u00edan las semanas y los meses, yo permanec\u00ed a la expectativa de una noticia amable y c\u00e1lida que cualquier d\u00eda me hiciera saber el milagro de su triunfal retorno a la salud.<\/p>\n<p>Lamentablemente, comenzaron a llegarme augurios fr\u00edos y poco esperanzadores hasta que un d\u00eda reciente me hicieron saber acerca de su decisi\u00f3n personal de no volver a recibir visitas porque quer\u00eda que lo recordaran como era y, finalmente, me han comunicado que en la g\u00e9lida, brumosa, lluviosa y triste madrugada de hoy el maestro OMAR G\u00d3MEZ REY, como dicen bellamente los masones, ha partido hacia el Oriente Eterno.<\/p>\n<p>&nbsp;<\/p>\n<p><img loading=\"lazy\" decoding=\"async\" class=\"aligncenter size-full wp-image-41576\" src=\"https:\/\/oscarhumbertogomez.com\/wp-content\/uploads\/2022\/03\/omar.jpeg\" alt=\"\" width=\"880\" height=\"678\" srcset=\"https:\/\/oscarhumbertogomez.com\/wp-content\/uploads\/2022\/03\/omar.jpeg 880w, https:\/\/oscarhumbertogomez.com\/wp-content\/uploads\/2022\/03\/omar-300x231.jpeg 300w, https:\/\/oscarhumbertogomez.com\/wp-content\/uploads\/2022\/03\/omar-768x592.jpeg 768w\" sizes=\"auto, (max-width: 880px) 100vw, 880px\" \/><\/p>\n<p>&nbsp;<\/p>\n<p>Me uno con total sinceridad al duelo de su apreciada familia y de sus seres queridos en general.<\/p>\n<p>La verdad es que con su alegr\u00eda casi desconcertante, dada la abrumadora adversidad que lo aquejaba, usted nos ha dejado a todos una valiosa lecci\u00f3n de vida.<\/p>\n<p>Que el Supremo Hacedor lo haya recibido en su gloria y su alma inmortal se encuentre all\u00e1 en ese Cielo que desde ni\u00f1os nos ense\u00f1aron a tener como meta postrera de nuestra existencia.<\/p>\n<p>\u00a1\u00a1\u00a1 Hasta siempre, maestro !!!<\/p>\n<p>&nbsp;<\/p>\n<p><iframe loading=\"lazy\" title=\"YouTube video player\" src=\"https:\/\/www.youtube-nocookie.com\/embed\/dL3nNRvd2N0?controls=0\" width=\"560\" height=\"315\" frameborder=\"0\" allowfullscreen=\"allowfullscreen\"><\/iframe><\/p>\n<p>&nbsp;<\/p>\n<p><iframe loading=\"lazy\" title=\"YouTube video player\" src=\"https:\/\/www.youtube-nocookie.com\/embed\/gtU2famC0Zw?controls=0\" width=\"560\" height=\"315\" frameborder=\"0\" allowfullscreen=\"allowfullscreen\"><\/iframe><\/p>\n<p>&nbsp;<\/p>\n","protected":false},"excerpt":{"rendered":"<p>&nbsp; El pasado 30 de marzo, en pleno cumplea\u00f1os, el pintor bumangu\u00e9s OMAR G\u00d3MEZ REY tuvo que internarse en un hospital cercano a la ciudad alemana donde resid\u00eda, donde trabajaba en su taller art\u00edstico y donde \u00e9l se sent\u00eda ampliamente &hellip; <a href=\"https:\/\/oscarhumbertogomez.com\/?p=42997\">Sigue leyendo <span class=\"meta-nav\">&rarr;<\/span><\/a><\/p>\n<div class='heateorSssClear'><\/div><div  class='heateor_sss_sharing_container heateor_sss_horizontal_sharing' heateor-sss-data-href='https:\/\/oscarhumbertogomez.com\/?p=42997'><div class='heateor_sss_sharing_title' style=\"font-weight:bold\" >\u00a1Gracias por compartirla!<\/div><ul class=\"heateor_sss_sharing_ul\"><li class=\"heateorSssSharingRound\"><i style=\"width:35px;height:35px;border-radius:999px;\" alt=\"Facebook\" Title=\"Facebook\" class=\"heateorSssSharing heateorSssFacebookBackground\" onclick='heateorSssPopup(\"https:\/\/www.facebook.com\/sharer\/sharer.php?u=https%3A%2F%2Foscarhumbertogomez.com%2Findex.php%3Frest_route%3D%252Fwp%252Fv2%252Fposts%252F42997\")'><ss style=\"display:block;border-radius:999px;\" class=\"heateorSssSharingSvg heateorSssFacebookSvg\"><\/ss><\/i><\/li><li class=\"heateorSssSharingRound\"><i style=\"width:35px;height:35px;border-radius:999px;\" alt=\"Twitter\" Title=\"Twitter\" class=\"heateorSssSharing heateorSssTwitterBackground\" onclick='heateorSssPopup(\"http:\/\/twitter.com\/intent\/tweet?text=Muri%C3%B3%20en%20Alemania%20el%20pintor%20bumangu%C3%A9s%20Omar%20G%C3%B3mez%20Rey.%20Por%20%C3%93scar%20Humberto%20G%C3%B3mez%20G%C3%B3mez&url=https%3A%2F%2Foscarhumbertogomez.com%2Findex.php%3Frest_route%3D%252Fwp%252Fv2%252Fposts%252F42997\")'><ss style=\"display:block;border-radius:999px;\" class=\"heateorSssSharingSvg heateorSssTwitterSvg\"><\/ss><\/i><\/li><li class=\"heateorSssSharingRound\"><i style=\"width:35px;height:35px;border-radius:999px;\" alt=\"Whatsapp\" Title=\"Whatsapp\" class=\"heateorSssSharing heateorSssWhatsappBackground\" onclick='heateorSssPopup(\"https:\/\/web.whatsapp.com\/send?text=Muri%C3%B3%20en%20Alemania%20el%20pintor%20bumangu%C3%A9s%20Omar%20G%C3%B3mez%20Rey.%20Por%20%C3%93scar%20Humberto%20G%C3%B3mez%20G%C3%B3mez https%3A%2F%2Foscarhumbertogomez.com%2Findex.php%3Frest_route%3D%252Fwp%252Fv2%252Fposts%252F42997\")'><ss style=\"display:block\" class=\"heateorSssSharingSvg heateorSssWhatsappSvg\"><\/ss><\/i><\/li><li class=\"heateorSssSharingRound\"><i style=\"width:35px;height:35px;border-radius:999px;\" alt=\"Pinterest\" Title=\"Pinterest\" class=\"heateorSssSharing heateorSssPinterestBackground\" onclick=\"javascript:void( (function() {var e=document.createElement('script' );e.setAttribute('type','text\/javascript' );e.setAttribute('charset','UTF-8' );e.setAttribute('src','\/\/assets.pinterest.com\/js\/pinmarklet.js?r='+Math.random()*99999999);document.body.appendChild(e)})());\"><ss style=\"display:block;border-radius:999px;\" class=\"heateorSssSharingSvg heateorSssPinterestSvg\"><\/ss><\/i><\/li><li class=\"heateorSssSharingRound\"><i style=\"width:35px;height:35px;border-radius:999px;\" alt=\"Google Gmail\" Title=\"Google Gmail\" class=\"heateorSssSharing heateorSssGoogleGmailBackground\" onclick='heateorSssPopup(\"https:\/\/mail.google.com\/mail\/?ui=2&view=cm&fs=1&tf=1&su=Muri%C3%B3%20en%20Alemania%20el%20pintor%20bumangu%C3%A9s%20Omar%20G%C3%B3mez%20Rey.%20Por%20%C3%93scar%20Humberto%20G%C3%B3mez%20G%C3%B3mez&body=Link:https%3A%2F%2Foscarhumbertogomez.com%2Findex.php%3Frest_route%3D%252Fwp%252Fv2%252Fposts%252F42997\")'><ss style=\"display:block;border-radius:999px;\" class=\"heateorSssSharingSvg heateorSssGoogleGmailSvg\"><\/ss><\/i><\/li><li class=\"heateorSssSharingRound\"><i style=\"width:35px;height:35px;border-radius:999px;\" title=\"More\" alt=\"More\" class=\"heateorSssSharing heateorSssMoreBackground\" onclick=\"heateorSssMoreSharingPopup(this, 'https:\/\/oscarhumbertogomez.com\/index.php?rest_route=%2Fwp%2Fv2%2Fposts%2F42997', 'Muri%C3%B3%20en%20Alemania%20el%20pintor%20bumangu%C3%A9s%20Omar%20G%C3%B3mez%20Rey.%20Por%20%C3%93scar%20Humberto%20G%C3%B3mez%20G%C3%B3mez', '' )\" ><ss style=\"display:block\" class=\"heateorSssSharingSvg heateorSssMoreSvg\"><\/ss><\/i><\/li><\/ul><div class=\"heateorSssClear\"><\/div><\/div><div class='heateorSssClear'><\/div>","protected":false},"author":2,"featured_media":0,"comment_status":"closed","ping_status":"closed","sticky":false,"template":"","format":"standard","meta":{"spay_email":"","footnotes":""},"categories":[71],"tags":[],"class_list":["post-42997","post","type-post","status-publish","format-standard","hentry","category-pintura-y-escultura"],"jetpack_featured_media_url":"","jetpack_shortlink":"https:\/\/wp.me\/p1FYrr-bbv","_links":{"self":[{"href":"https:\/\/oscarhumbertogomez.com\/index.php?rest_route=\/wp\/v2\/posts\/42997","targetHints":{"allow":["GET"]}}],"collection":[{"href":"https:\/\/oscarhumbertogomez.com\/index.php?rest_route=\/wp\/v2\/posts"}],"about":[{"href":"https:\/\/oscarhumbertogomez.com\/index.php?rest_route=\/wp\/v2\/types\/post"}],"author":[{"embeddable":true,"href":"https:\/\/oscarhumbertogomez.com\/index.php?rest_route=\/wp\/v2\/users\/2"}],"replies":[{"embeddable":true,"href":"https:\/\/oscarhumbertogomez.com\/index.php?rest_route=%2Fwp%2Fv2%2Fcomments&post=42997"}],"version-history":[{"count":5,"href":"https:\/\/oscarhumbertogomez.com\/index.php?rest_route=\/wp\/v2\/posts\/42997\/revisions"}],"predecessor-version":[{"id":43090,"href":"https:\/\/oscarhumbertogomez.com\/index.php?rest_route=\/wp\/v2\/posts\/42997\/revisions\/43090"}],"wp:attachment":[{"href":"https:\/\/oscarhumbertogomez.com\/index.php?rest_route=%2Fwp%2Fv2%2Fmedia&parent=42997"}],"wp:term":[{"taxonomy":"category","embeddable":true,"href":"https:\/\/oscarhumbertogomez.com\/index.php?rest_route=%2Fwp%2Fv2%2Fcategories&post=42997"},{"taxonomy":"post_tag","embeddable":true,"href":"https:\/\/oscarhumbertogomez.com\/index.php?rest_route=%2Fwp%2Fv2%2Ftags&post=42997"}],"curies":[{"name":"wp","href":"https:\/\/api.w.org\/{rel}","templated":true}]}}