{"id":43014,"date":"2022-11-11T11:41:00","date_gmt":"2022-11-11T16:41:00","guid":{"rendered":"https:\/\/oscarhumbertogomez.com\/?p=43014"},"modified":"2024-12-04T11:28:02","modified_gmt":"2024-12-04T16:28:02","slug":"hoy-hace-75-anos-nacio-la-compositora-colombiana-esperanza-acevedo-ossa-por-oscar-humberto-gomez-gomez","status":"publish","type":"post","link":"https:\/\/oscarhumbertogomez.com\/?p=43014","title":{"rendered":"Hoy hace 75 a\u00f1os naci\u00f3 la compositora colombiana Esperanza Acevedo Ossa. Por \u00d3scar Humberto G\u00f3mez G\u00f3mez"},"content":{"rendered":"<p><a href=\"https:\/\/lapiedrafilosofal.com\/wp-content\/uploads\/2017\/03\/Vicky-01.png\"><img loading=\"lazy\" decoding=\"async\" class=\"aligncenter size-large wp-image-21305\" src=\"https:\/\/lapiedrafilosofal.com\/wp-content\/uploads\/2017\/03\/Vicky-01-1024x933.png\" alt=\"\" width=\"640\" height=\"583\" srcset=\"https:\/\/oscarhumbertogomez.com\/wp-content\/uploads\/2017\/03\/Vicky-01-1024x933.png 1024w, https:\/\/oscarhumbertogomez.com\/wp-content\/uploads\/2017\/03\/Vicky-01-300x273.png 300w, https:\/\/oscarhumbertogomez.com\/wp-content\/uploads\/2017\/03\/Vicky-01-768x700.png 768w, https:\/\/oscarhumbertogomez.com\/wp-content\/uploads\/2017\/03\/Vicky-01.png 1582w\" sizes=\"auto, (max-width: 640px) 100vw, 640px\" \/><\/a><\/p>\n<p>&nbsp;<\/p>\n<p>Hoy hace 75 a\u00f1os, el 11 de noviembre de 1947, en la poblaci\u00f3n vallecaucana de Ansermanuevo, en el hogar formado por el se\u00f1or SAULO ACEVEDO y la se\u00f1ora GRACIELA OSSA DE ACEVEDO, naci\u00f3 una ni\u00f1a a quien sus padres bautizar\u00edan con el nombre de ESPERANZA y a quien a\u00f1os m\u00e1s tarde un reconocido hombre de la radio y descubridor de talentos, GUILLERMO HINESTROZA ISAZA, rebautizar\u00eda con el nombre de VICKY.<\/p>\n<p>Sin duda alguna la principal estrella femenina de lo que se llam\u00f3 el CLUB DEL CLAN y una de las figuras estelares de la m\u00fasica juvenil en la d\u00e9cada de los a\u00f1os 60, ESPERANZA ACEVEDO OSSA se destac\u00f3 como una sensible compositora de canciones rom\u00e1nticas, por lo general marcadas con un tinte de tristeza, y VICKY, como una int\u00e9rprete poseedora de una voz y un estilo muy particular, que termin\u00f3 imprimi\u00e9ndole un sello de identificaci\u00f3n muy propio a los a\u00f1os 60 dentro de Colombia.<\/p>\n<p>&nbsp;<\/p>\n<p><img loading=\"lazy\" decoding=\"async\" class=\"aligncenter size-large wp-image-21300\" src=\"https:\/\/lapiedrafilosofal.com\/wp-content\/uploads\/2017\/03\/Vicky-03-01-1024x933.png\" alt=\"\" width=\"640\" height=\"583\" srcset=\"https:\/\/oscarhumbertogomez.com\/wp-content\/uploads\/2017\/03\/Vicky-03-01-1024x933.png 1024w, https:\/\/oscarhumbertogomez.com\/wp-content\/uploads\/2017\/03\/Vicky-03-01-300x273.png 300w, https:\/\/oscarhumbertogomez.com\/wp-content\/uploads\/2017\/03\/Vicky-03-01-768x700.png 768w, https:\/\/oscarhumbertogomez.com\/wp-content\/uploads\/2017\/03\/Vicky-03-01.png 1582w\" sizes=\"auto, (max-width: 640px) 100vw, 640px\" \/><\/p>\n<p>&nbsp;<\/p>\n<p>Mucho se ha hablado sobre las razones por las cuales su talento no se proyect\u00f3  internacionalmente. Indagando acerca del tema, pude llegar a saber cu\u00e1l fue el meollo de lo sucedido: ESPERANZA se refugi\u00f3 en la consideraci\u00f3n p\u00fablica de que sus canciones solamente las compon\u00eda pensando en interpretarlas ella misma y dentro de Colombia, pero realmente hubo una causa muy especial para que no se proyectara fuera de las fronteras patrias y esa causa fue su fobia a viajar en avi\u00f3n.<\/p>\n<p>Siempre he cre\u00eddo, adem\u00e1s, que de haber llegado a ser presidente de la Rep\u00fablica LUIS CARLOS GAL\u00c1N SARMIENTO, meta que sin duda habr\u00eda logrado de no haber sido traicionado por los representantes del Estado colombiano a cargo de su seguridad personal y de no haber sido el destinatario del odio malsano de personajes a quienes hoy en d\u00eda, dicho sea de paso, se les homenajea a diario, ESPERANZA habr\u00eda sido una figura destacada dentro de la presencia estatal en la cultura colombiana y del mundo.  Su vida, lamentablemente, termin\u00f3 en la soledad de un hospital, el HOSPITAL SAN IGNACIO, de Bogot\u00e1, donde agoniz\u00f3 y muri\u00f3, acompa\u00f1ada tan solo de una servidora de muchos a\u00f1os que, igualmente, habr\u00eda de morir poco despu\u00e9s en la casa de la artista.<\/p>\n<p>&nbsp;<\/p>\n<p><img loading=\"lazy\" decoding=\"async\" class=\"aligncenter size-large wp-image-32486\" src=\"https:\/\/lapiedrafilosofal.com\/wp-content\/uploads\/2020\/03\/Vicky-04-01-1024x933.png\" alt=\"\" width=\"640\" height=\"583\" srcset=\"https:\/\/oscarhumbertogomez.com\/wp-content\/uploads\/2020\/03\/Vicky-04-01-1024x933.png 1024w, https:\/\/oscarhumbertogomez.com\/wp-content\/uploads\/2020\/03\/Vicky-04-01-300x273.png 300w, https:\/\/oscarhumbertogomez.com\/wp-content\/uploads\/2020\/03\/Vicky-04-01-768x700.png 768w, https:\/\/oscarhumbertogomez.com\/wp-content\/uploads\/2020\/03\/Vicky-04-01.png 1582w\" sizes=\"auto, (max-width: 640px) 100vw, 640px\" \/><\/p>\n<p>&nbsp;<\/p>\n<p>Muy poco, por no decir nada, ha vuelto a saberse de ella, pues mientras por aqu\u00ed se les rinde a diario tributo de admiraci\u00f3n a personajillos de poca monta, se ha olvidado a esta talentosa compositora colombiana que tanto le aport\u00f3 al sentir juvenil durante aquella d\u00e9cada en que comenz\u00f3 su fulgurante carrera art\u00edstica.<\/p>\n<p>Y durante las dos d\u00e9cadas siguientes, hay que agregar, pues la verdad es que tambi\u00e9n en los a\u00f1os 70 y 80 VICKY tuvo, igualmente, una presencia luminosa en el firmamento art\u00edstico nacional.<\/p>\n<p>&nbsp;<\/p>\n<p><a href=\"https:\/\/lapiedrafilosofal.com\/wp-content\/uploads\/2017\/03\/VICKY.jpeg\"><img loading=\"lazy\" decoding=\"async\" class=\"aligncenter size-full wp-image-21269\" src=\"https:\/\/lapiedrafilosofal.com\/wp-content\/uploads\/2017\/03\/VICKY.jpeg\" alt=\"\" width=\"565\" height=\"440\" srcset=\"https:\/\/oscarhumbertogomez.com\/wp-content\/uploads\/2017\/03\/VICKY.jpeg 565w, https:\/\/oscarhumbertogomez.com\/wp-content\/uploads\/2017\/03\/VICKY-300x234.jpeg 300w\" sizes=\"auto, (max-width: 565px) 100vw, 565px\" \/><\/a><\/p>\n<p>&nbsp;<\/p>\n<p>Hoy, al recordar su nacimiento, les traigo, amigas y amigos, una de las canciones que grab\u00f3 en su primer trabajo discogr\u00e1fico, en 1965, cuando era todav\u00eda menor de edad, una jovencita de tan solo 17 a\u00f1os.<\/p>\n<p>Se trata de la canci\u00f3n titulada \u201cREGRESA A M\u00cd\u201c.<\/p>\n<p>Este tema tiene uno de los ritmos que marcaron aquella \u00e9poca, una interpretaci\u00f3n vocal igualmente t\u00edpica de aquellos a\u00f1os y en ella VICKY es acompa\u00f1ada por las guitarras el\u00e9ctricas, el bajo el\u00e9ctrico y la bater\u00eda, instrumentos as\u00ed mismo tocados con el sabor inconfundible de la m\u00fasica juvenil de los a\u00f1os 60.<\/p>\n<p>Aqu\u00ed est\u00e1 VICKY, esto es de 1965 y se llama \u201cREGRESA A M\u00cd\u201d.<\/p>\n<p>&nbsp;<\/p>\n<p><iframe loading=\"lazy\" width=\"560\" height=\"315\" src=\"https:\/\/www.youtube-nocookie.com\/embed\/KCP1DnbJ5lY?si=JfbS07YFqrZc8s3e&amp;controls=0\" title=\"YouTube video player\" frameborder=\"0\" allow=\"accelerometer; autoplay; clipboard-write; encrypted-media; gyroscope; picture-in-picture; web-share\" referrerpolicy=\"strict-origin-when-cross-origin\" allowfullscreen=\"\"><\/iframe><\/p>\n<p>&nbsp;<\/p>\n","protected":false},"excerpt":{"rendered":"<p>&nbsp; Hoy hace 75 a\u00f1os, el 11 de noviembre de 1947, en la poblaci\u00f3n vallecaucana de Ansermanuevo, en el hogar formado por el se\u00f1or SAULO ACEVEDO y la se\u00f1ora GRACIELA OSSA DE ACEVEDO, naci\u00f3 una ni\u00f1a a quien sus padres &hellip; <a href=\"https:\/\/oscarhumbertogomez.com\/?p=43014\">Sigue leyendo <span class=\"meta-nav\">&rarr;<\/span><\/a><\/p>\n<div class='heateorSssClear'><\/div><div  class='heateor_sss_sharing_container heateor_sss_horizontal_sharing' heateor-sss-data-href='https:\/\/oscarhumbertogomez.com\/?p=43014'><div class='heateor_sss_sharing_title' style=\"font-weight:bold\" >\u00a1Gracias por compartirla!<\/div><ul class=\"heateor_sss_sharing_ul\"><li class=\"heateorSssSharingRound\"><i style=\"width:35px;height:35px;border-radius:999px;\" alt=\"Facebook\" Title=\"Facebook\" class=\"heateorSssSharing heateorSssFacebookBackground\" onclick='heateorSssPopup(\"https:\/\/www.facebook.com\/sharer\/sharer.php?u=https%3A%2F%2Foscarhumbertogomez.com%2Findex.php%3Frest_route%3D%252Fwp%252Fv2%252Fposts%252F43014\")'><ss style=\"display:block;border-radius:999px;\" class=\"heateorSssSharingSvg heateorSssFacebookSvg\"><\/ss><\/i><\/li><li class=\"heateorSssSharingRound\"><i style=\"width:35px;height:35px;border-radius:999px;\" alt=\"Twitter\" Title=\"Twitter\" class=\"heateorSssSharing heateorSssTwitterBackground\" onclick='heateorSssPopup(\"http:\/\/twitter.com\/intent\/tweet?text=Hoy%20hace%2075%20a%C3%B1os%20naci%C3%B3%20la%20compositora%20colombiana%20Esperanza%20Acevedo%20Ossa.%20Por%20%C3%93scar%20Humberto%20G%C3%B3mez%20G%C3%B3mez&url=https%3A%2F%2Foscarhumbertogomez.com%2Findex.php%3Frest_route%3D%252Fwp%252Fv2%252Fposts%252F43014\")'><ss style=\"display:block;border-radius:999px;\" class=\"heateorSssSharingSvg heateorSssTwitterSvg\"><\/ss><\/i><\/li><li class=\"heateorSssSharingRound\"><i style=\"width:35px;height:35px;border-radius:999px;\" alt=\"Whatsapp\" Title=\"Whatsapp\" class=\"heateorSssSharing heateorSssWhatsappBackground\" onclick='heateorSssPopup(\"https:\/\/web.whatsapp.com\/send?text=Hoy%20hace%2075%20a%C3%B1os%20naci%C3%B3%20la%20compositora%20colombiana%20Esperanza%20Acevedo%20Ossa.%20Por%20%C3%93scar%20Humberto%20G%C3%B3mez%20G%C3%B3mez https%3A%2F%2Foscarhumbertogomez.com%2Findex.php%3Frest_route%3D%252Fwp%252Fv2%252Fposts%252F43014\")'><ss style=\"display:block\" class=\"heateorSssSharingSvg heateorSssWhatsappSvg\"><\/ss><\/i><\/li><li class=\"heateorSssSharingRound\"><i style=\"width:35px;height:35px;border-radius:999px;\" alt=\"Pinterest\" Title=\"Pinterest\" class=\"heateorSssSharing heateorSssPinterestBackground\" onclick=\"javascript:void( (function() {var e=document.createElement('script' );e.setAttribute('type','text\/javascript' );e.setAttribute('charset','UTF-8' );e.setAttribute('src','\/\/assets.pinterest.com\/js\/pinmarklet.js?r='+Math.random()*99999999);document.body.appendChild(e)})());\"><ss style=\"display:block;border-radius:999px;\" class=\"heateorSssSharingSvg heateorSssPinterestSvg\"><\/ss><\/i><\/li><li class=\"heateorSssSharingRound\"><i style=\"width:35px;height:35px;border-radius:999px;\" alt=\"Google Gmail\" Title=\"Google Gmail\" class=\"heateorSssSharing heateorSssGoogleGmailBackground\" onclick='heateorSssPopup(\"https:\/\/mail.google.com\/mail\/?ui=2&view=cm&fs=1&tf=1&su=Hoy%20hace%2075%20a%C3%B1os%20naci%C3%B3%20la%20compositora%20colombiana%20Esperanza%20Acevedo%20Ossa.%20Por%20%C3%93scar%20Humberto%20G%C3%B3mez%20G%C3%B3mez&body=Link:https%3A%2F%2Foscarhumbertogomez.com%2Findex.php%3Frest_route%3D%252Fwp%252Fv2%252Fposts%252F43014\")'><ss style=\"display:block;border-radius:999px;\" class=\"heateorSssSharingSvg heateorSssGoogleGmailSvg\"><\/ss><\/i><\/li><li class=\"heateorSssSharingRound\"><i style=\"width:35px;height:35px;border-radius:999px;\" title=\"More\" alt=\"More\" class=\"heateorSssSharing heateorSssMoreBackground\" onclick=\"heateorSssMoreSharingPopup(this, 'https:\/\/oscarhumbertogomez.com\/index.php?rest_route=%2Fwp%2Fv2%2Fposts%2F43014', 'Hoy%20hace%2075%20a%C3%B1os%20naci%C3%B3%20la%20compositora%20colombiana%20Esperanza%20Acevedo%20Ossa.%20Por%20%C3%93scar%20Humberto%20G%C3%B3mez%20G%C3%B3mez', '' )\" ><ss style=\"display:block\" class=\"heateorSssSharingSvg heateorSssMoreSvg\"><\/ss><\/i><\/li><\/ul><div class=\"heateorSssClear\"><\/div><\/div><div class='heateorSssClear'><\/div>","protected":false},"author":2,"featured_media":0,"comment_status":"closed","ping_status":"closed","sticky":false,"template":"","format":"standard","meta":{"spay_email":"","footnotes":""},"categories":[8],"tags":[],"class_list":["post-43014","post","type-post","status-publish","format-standard","hentry","category-musica"],"jetpack_featured_media_url":"","jetpack_shortlink":"https:\/\/wp.me\/p1FYrr-bbM","_links":{"self":[{"href":"https:\/\/oscarhumbertogomez.com\/index.php?rest_route=\/wp\/v2\/posts\/43014","targetHints":{"allow":["GET"]}}],"collection":[{"href":"https:\/\/oscarhumbertogomez.com\/index.php?rest_route=\/wp\/v2\/posts"}],"about":[{"href":"https:\/\/oscarhumbertogomez.com\/index.php?rest_route=\/wp\/v2\/types\/post"}],"author":[{"embeddable":true,"href":"https:\/\/oscarhumbertogomez.com\/index.php?rest_route=\/wp\/v2\/users\/2"}],"replies":[{"embeddable":true,"href":"https:\/\/oscarhumbertogomez.com\/index.php?rest_route=%2Fwp%2Fv2%2Fcomments&post=43014"}],"version-history":[{"count":5,"href":"https:\/\/oscarhumbertogomez.com\/index.php?rest_route=\/wp\/v2\/posts\/43014\/revisions"}],"predecessor-version":[{"id":49434,"href":"https:\/\/oscarhumbertogomez.com\/index.php?rest_route=\/wp\/v2\/posts\/43014\/revisions\/49434"}],"wp:attachment":[{"href":"https:\/\/oscarhumbertogomez.com\/index.php?rest_route=%2Fwp%2Fv2%2Fmedia&parent=43014"}],"wp:term":[{"taxonomy":"category","embeddable":true,"href":"https:\/\/oscarhumbertogomez.com\/index.php?rest_route=%2Fwp%2Fv2%2Fcategories&post=43014"},{"taxonomy":"post_tag","embeddable":true,"href":"https:\/\/oscarhumbertogomez.com\/index.php?rest_route=%2Fwp%2Fv2%2Ftags&post=43014"}],"curies":[{"name":"wp","href":"https:\/\/api.w.org\/{rel}","templated":true}]}}