{"id":43211,"date":"2022-12-21T11:22:38","date_gmt":"2022-12-21T16:22:38","guid":{"rendered":"https:\/\/oscarhumbertogomez.com\/?p=43211"},"modified":"2025-06-08T15:46:39","modified_gmt":"2025-06-08T20:46:39","slug":"manana-a-las-10-de-la-manana-sucedera-en-bucaramanga-un-verdadero-hecho-historico-volvera-a-sonar-la-sirena-del-garnica-por-oscar-humberto-gomez-gomez-miembro-de-numero-de-la-academia-de-historia-d","status":"publish","type":"post","link":"https:\/\/oscarhumbertogomez.com\/?p=43211","title":{"rendered":"Ma\u00f1ana a las 10 de la ma\u00f1ana suceder\u00e1 en Bucaramanga un verdadero hecho hist\u00f3rico: volver\u00e1 a sonar la sirena del Garnica. Por \u00d3scar Humberto G\u00f3mez G\u00f3mez, Miembro de N\u00famero de la Academia de Historia de Santander"},"content":{"rendered":"\n<figure class=\"wp-block-image size-large\"><a href=\"https:\/\/oscarhumbertogomez.com\/wp-content\/uploads\/2022\/12\/Edificio-El-Buen-Tono-Cll-4-con-cra-12-cll-34-con-cra-17-1964.jpeg\"><img loading=\"lazy\" decoding=\"async\" width=\"594\" height=\"383\" src=\"https:\/\/oscarhumbertogomez.com\/wp-content\/uploads\/2022\/12\/Edificio-El-Buen-Tono-Cll-4-con-cra-12-cll-34-con-cra-17-1964.jpeg\" alt=\"\" class=\"wp-image-43212\" srcset=\"https:\/\/oscarhumbertogomez.com\/wp-content\/uploads\/2022\/12\/Edificio-El-Buen-Tono-Cll-4-con-cra-12-cll-34-con-cra-17-1964.jpeg 594w, https:\/\/oscarhumbertogomez.com\/wp-content\/uploads\/2022\/12\/Edificio-El-Buen-Tono-Cll-4-con-cra-12-cll-34-con-cra-17-1964-300x193.jpeg 300w\" sizes=\"auto, (max-width: 594px) 100vw, 594px\" \/><\/a><\/figure>\n\n\n<p>&nbsp;<\/p>\n<p>Ma\u00f1ana 22 de diciembre a las 10 de la ma\u00f1ana y con motivo de la celebraci\u00f3n de los 400 a\u00f1os de la misa con que se oficializ\u00f3 el nacimiento del pueblo de indios de Bucaramanga se producir\u00e1 en el centro de la ciudad, concretamente en la terraza del edificio EDMUNDO MORA LAGUADO, calle 34 No. 17 &#8211; 20, ni m\u00e1s ni menos que un verdadero hecho hist\u00f3rico.<\/p>\n<p>&nbsp;<\/p>\n\n\n<figure class=\"wp-block-image size-large\"><a href=\"https:\/\/oscarhumbertogomez.com\/wp-content\/uploads\/2022\/12\/Edificio-El-Buen-Tono-Cll-4-con-cra-12-cll-34-con-cra-17-1964.jpeg\"><img loading=\"lazy\" decoding=\"async\" width=\"594\" height=\"383\" src=\"https:\/\/oscarhumbertogomez.com\/wp-content\/uploads\/2022\/12\/Edificio-El-Buen-Tono-Cll-4-con-cra-12-cll-34-con-cra-17-1964.jpeg\" alt=\"\" class=\"wp-image-43212\" srcset=\"https:\/\/oscarhumbertogomez.com\/wp-content\/uploads\/2022\/12\/Edificio-El-Buen-Tono-Cll-4-con-cra-12-cll-34-con-cra-17-1964.jpeg 594w, https:\/\/oscarhumbertogomez.com\/wp-content\/uploads\/2022\/12\/Edificio-El-Buen-Tono-Cll-4-con-cra-12-cll-34-con-cra-17-1964-300x193.jpeg 300w\" sizes=\"auto, (max-width: 594px) 100vw, 594px\" \/><\/a><\/figure>\n\n\n<p>&nbsp;<\/p>\n<p>En efecto, la familia MORA PADILLA ofrecer\u00e1 a los bumangueses un acto especial cargado de simbolismo, magia y poes\u00eda, un fugaz retorno al pasado, a los albores del siglo XX y a su primera mitad, cuando desde LA TORRE DEL RELOJ del emblem\u00e1tico EDIFICIO GARNICA sonaba LA SIRENA DEL GARNICA indic\u00e1ndoles a los operarios de la F\u00c1BRICA DE CIGARROS EL BUEN TONO, que funcionaba en esa edificaci\u00f3n, que hab\u00eda llegado la hora del almuerzo o la finalizaci\u00f3n de la jornada laboral, o, en ocasiones, alertando a los bumangueses de que estaba sucediendo en la entonces peque\u00f1a y apacible municipalidad alg\u00fan suceso de especial importancia.<\/p>\n<p>&nbsp;<\/p>\n\n\n<figure class=\"wp-block-image size-large\"><a href=\"https:\/\/oscarhumbertogomez.com\/wp-content\/uploads\/2022\/12\/Edificio-El-Buen-Tono-Cll-4-con-cra-12-cll-34-con-cra-17-1964.jpeg\"><img loading=\"lazy\" decoding=\"async\" width=\"594\" height=\"383\" src=\"https:\/\/oscarhumbertogomez.com\/wp-content\/uploads\/2022\/12\/Edificio-El-Buen-Tono-Cll-4-con-cra-12-cll-34-con-cra-17-1964.jpeg\" alt=\"\" class=\"wp-image-43212\" srcset=\"https:\/\/oscarhumbertogomez.com\/wp-content\/uploads\/2022\/12\/Edificio-El-Buen-Tono-Cll-4-con-cra-12-cll-34-con-cra-17-1964.jpeg 594w, https:\/\/oscarhumbertogomez.com\/wp-content\/uploads\/2022\/12\/Edificio-El-Buen-Tono-Cll-4-con-cra-12-cll-34-con-cra-17-1964-300x193.jpeg 300w\" sizes=\"auto, (max-width: 594px) 100vw, 594px\" \/><\/a><\/figure>\n\n\n<p>&nbsp;<\/p>\n<p>Fue a mi madre, MATILDE G\u00d3MEZ S\u00c1NCHEZ, a la primera persona a quien le escuch\u00e9 hablar, desde que era un ni\u00f1o, acerca de esta c\u00e9lebre sirena. <\/p>\n<p>&nbsp;<\/p>\n\n\n<figure class=\"wp-block-image size-large\"><a href=\"https:\/\/oscarhumbertogomez.com\/wp-content\/uploads\/2022\/12\/Edificio-El-Buen-Tono-Cll-4-con-cra-12-cll-34-con-cra-17-1964.jpeg\"><img loading=\"lazy\" decoding=\"async\" width=\"594\" height=\"383\" src=\"https:\/\/oscarhumbertogomez.com\/wp-content\/uploads\/2022\/12\/Edificio-El-Buen-Tono-Cll-4-con-cra-12-cll-34-con-cra-17-1964.jpeg\" alt=\"\" class=\"wp-image-43212\" srcset=\"https:\/\/oscarhumbertogomez.com\/wp-content\/uploads\/2022\/12\/Edificio-El-Buen-Tono-Cll-4-con-cra-12-cll-34-con-cra-17-1964.jpeg 594w, https:\/\/oscarhumbertogomez.com\/wp-content\/uploads\/2022\/12\/Edificio-El-Buen-Tono-Cll-4-con-cra-12-cll-34-con-cra-17-1964-300x193.jpeg 300w\" sizes=\"auto, (max-width: 594px) 100vw, 594px\" \/><\/a><\/figure>\n\n\n<p>&nbsp;<\/p>\n<p>El edificio en cuya torre se hallaba el emblem\u00e1tico reloj y desde el cual part\u00eda la famosa sirena pertenec\u00eda a don LUIS EMILIO GARNICA, un destacado deportista y empresario que termin\u00f3 convirti\u00e9ndose en uno de los personajes estelares del devenir hist\u00f3rico de nuestro terru\u00f1o natal en la primera mitad del siglo XX.<\/p>\n<p>&nbsp;<\/p>\n\n\n<figure class=\"wp-block-image size-large\"><a href=\"https:\/\/oscarhumbertogomez.com\/wp-content\/uploads\/2022\/12\/Edificio-El-Buen-Tono-Cll-4-con-cra-12-cll-34-con-cra-17-1964.jpeg\"><img loading=\"lazy\" decoding=\"async\" width=\"594\" height=\"383\" src=\"https:\/\/oscarhumbertogomez.com\/wp-content\/uploads\/2022\/12\/Edificio-El-Buen-Tono-Cll-4-con-cra-12-cll-34-con-cra-17-1964.jpeg\" alt=\"\" class=\"wp-image-43212\" srcset=\"https:\/\/oscarhumbertogomez.com\/wp-content\/uploads\/2022\/12\/Edificio-El-Buen-Tono-Cll-4-con-cra-12-cll-34-con-cra-17-1964.jpeg 594w, https:\/\/oscarhumbertogomez.com\/wp-content\/uploads\/2022\/12\/Edificio-El-Buen-Tono-Cll-4-con-cra-12-cll-34-con-cra-17-1964-300x193.jpeg 300w\" sizes=\"auto, (max-width: 594px) 100vw, 594px\" \/><\/a><\/figure>\n\n\n<p>&nbsp;<\/p>\n<p>La F\u00c1BRICA DE CIGARROS EL BUEN TONO de Bucaramanga naci\u00f3 el mi\u00e9rcoles 10 de enero de 1900. <\/p>\n<p>Su nombre se lo trajo de M\u00e9xico don LUIS EMILIO, pues en ese pa\u00eds ya funcionaba desde 1884 la c\u00e9lebre COMPA\u00d1\u00cdA CIGARRERA EL BUEN TONO, que habr\u00eda de cerrar sus puertas en 1920.<\/p>\n<p>&nbsp;<\/p>\n\n\n<figure class=\"wp-block-image size-large\"><a href=\"https:\/\/oscarhumbertogomez.com\/wp-content\/uploads\/2022\/12\/Edificio-El-Buen-Tono-Cll-4-con-cra-12-cll-34-con-cra-17-1964.jpeg\"><img loading=\"lazy\" decoding=\"async\" width=\"594\" height=\"383\" src=\"https:\/\/oscarhumbertogomez.com\/wp-content\/uploads\/2022\/12\/Edificio-El-Buen-Tono-Cll-4-con-cra-12-cll-34-con-cra-17-1964.jpeg\" alt=\"\" class=\"wp-image-43212\" srcset=\"https:\/\/oscarhumbertogomez.com\/wp-content\/uploads\/2022\/12\/Edificio-El-Buen-Tono-Cll-4-con-cra-12-cll-34-con-cra-17-1964.jpeg 594w, https:\/\/oscarhumbertogomez.com\/wp-content\/uploads\/2022\/12\/Edificio-El-Buen-Tono-Cll-4-con-cra-12-cll-34-con-cra-17-1964-300x193.jpeg 300w\" sizes=\"auto, (max-width: 594px) 100vw, 594px\" \/><\/a><\/figure>\n\n\n<p>&nbsp;<\/p>\n<p>Don LUIS EMILIO GARNICA, que de deportista pasar\u00eda a ser dirigente deportivo, habr\u00eda de estar al frente no s\u00f3lo de su memorable F\u00c1BRICA DE CIGARROS EL BUEN TONO, sino tambi\u00e9n del TEATRO COLISEO PERALTA, que hoy en d\u00eda todav\u00eda sigue en pie, el cual hab\u00eda sido construido por don ANSELMO PERALTA, y, por supuesto, de su famoso TEATRO GARNICA, una edificaci\u00f3n de singular belleza arquitect\u00f3nica que habr\u00eda de pasar a manos del CIRCUITO UNI\u00d3N, propiedad de don SA\u00daL D\u00cdAZ, para acabar derribada sin pena ni gloria, y sin pena ni gloria convertida en un parqueadero, mismo que luego, a su vez, ser\u00eda transformado en un bullicioso centro comercial popular. <\/p>\n<p>&nbsp;<\/p>\n\n\n<figure class=\"wp-block-image size-large\"><a href=\"https:\/\/oscarhumbertogomez.com\/wp-content\/uploads\/2022\/12\/Edificio-El-Buen-Tono-Cll-4-con-cra-12-cll-34-con-cra-17-1964.jpeg\"><img loading=\"lazy\" decoding=\"async\" width=\"594\" height=\"383\" src=\"https:\/\/oscarhumbertogomez.com\/wp-content\/uploads\/2022\/12\/Edificio-El-Buen-Tono-Cll-4-con-cra-12-cll-34-con-cra-17-1964.jpeg\" alt=\"\" class=\"wp-image-43212\" srcset=\"https:\/\/oscarhumbertogomez.com\/wp-content\/uploads\/2022\/12\/Edificio-El-Buen-Tono-Cll-4-con-cra-12-cll-34-con-cra-17-1964.jpeg 594w, https:\/\/oscarhumbertogomez.com\/wp-content\/uploads\/2022\/12\/Edificio-El-Buen-Tono-Cll-4-con-cra-12-cll-34-con-cra-17-1964-300x193.jpeg 300w\" sizes=\"auto, (max-width: 594px) 100vw, 594px\" \/><\/a><\/figure>\n\n\n<p>&nbsp;<\/p>\n<p>El fundador y propietario del EDIFICIO GARNICA y de la F\u00c1BRICA DE CIGARROS EL BUEN TONO de Bucaramanga, don LUIS EMILIO GARNICA, habr\u00e1 de suicidarse de un balazo el mi\u00e9rcoles 3 de diciembre de 1952 y sus restos reposan en el CEMENTERIO PARTICULAR contiguo al CEMENTERIO CENTRAL. Su mausoleo tiene la forma de una hoja de tabaco. <\/p>\n<p>El derribamiento del TEATRO GARNICA se llev\u00f3 a cabo poco despu\u00e9s de que fuera declarado MONUMENTO NACIONAL. <\/p>\n<p>&nbsp;<\/p>\n\n\n<figure class=\"wp-block-image size-large\"><a href=\"https:\/\/oscarhumbertogomez.com\/wp-content\/uploads\/2022\/12\/Edificio-El-Buen-Tono-Cll-4-con-cra-12-cll-34-con-cra-17-1964.jpeg\"><img loading=\"lazy\" decoding=\"async\" width=\"594\" height=\"383\" src=\"https:\/\/oscarhumbertogomez.com\/wp-content\/uploads\/2022\/12\/Edificio-El-Buen-Tono-Cll-4-con-cra-12-cll-34-con-cra-17-1964.jpeg\" alt=\"\" class=\"wp-image-43212\" srcset=\"https:\/\/oscarhumbertogomez.com\/wp-content\/uploads\/2022\/12\/Edificio-El-Buen-Tono-Cll-4-con-cra-12-cll-34-con-cra-17-1964.jpeg 594w, https:\/\/oscarhumbertogomez.com\/wp-content\/uploads\/2022\/12\/Edificio-El-Buen-Tono-Cll-4-con-cra-12-cll-34-con-cra-17-1964-300x193.jpeg 300w\" sizes=\"auto, (max-width: 594px) 100vw, 594px\" \/><\/a><\/figure>\n\n\n<p>&nbsp;<\/p>\n<p>Tanto el reloj como la sirena se encuentran ahora en la terraza del edificio que perpet\u00faa la memoria de quien fue un reputado farmac\u00e9utico santandereano, don EDMUNDO MORA, el amable propietario de la prestigiosa DROGUER\u00cdA MUNDO, que, a su vez, editaba y repart\u00eda por esta \u00e9poca navide\u00f1a el ALMANAQUE MUNDO, librillo que hoy recordamos con especial afecto, igual que tambi\u00e9n con especial afecto evocamos la imagen de aquel caballero a carta cabal que atend\u00eda a sus clientes como si fueran viejos amigos.  <\/p>\n<p>&nbsp;<\/p>\n\n\n<figure class=\"wp-block-image size-large\"><a href=\"https:\/\/oscarhumbertogomez.com\/wp-content\/uploads\/2022\/12\/Edificio-El-Buen-Tono-Cll-4-con-cra-12-cll-34-con-cra-17-1964.jpeg\"><img loading=\"lazy\" decoding=\"async\" width=\"594\" height=\"383\" src=\"https:\/\/oscarhumbertogomez.com\/wp-content\/uploads\/2022\/12\/Edificio-El-Buen-Tono-Cll-4-con-cra-12-cll-34-con-cra-17-1964.jpeg\" alt=\"\" class=\"wp-image-43212\" srcset=\"https:\/\/oscarhumbertogomez.com\/wp-content\/uploads\/2022\/12\/Edificio-El-Buen-Tono-Cll-4-con-cra-12-cll-34-con-cra-17-1964.jpeg 594w, https:\/\/oscarhumbertogomez.com\/wp-content\/uploads\/2022\/12\/Edificio-El-Buen-Tono-Cll-4-con-cra-12-cll-34-con-cra-17-1964-300x193.jpeg 300w\" sizes=\"auto, (max-width: 594px) 100vw, 594px\" \/><\/a><\/figure>\n\n\n<p>&nbsp;<\/p>\n<p>As\u00ed que cuando ma\u00f1ana 22 de diciembre a las 10 de la ma\u00f1ana vuelva a sonar LA SIRENA DEL GARNICA, la familia MORA PADILLA podr\u00e1 sentirse ampliamente satisfecha de haber hecho este valioso aporte a la conmemoraci\u00f3n de los 400 a\u00f1os de Bucaramanga, pues habr\u00e1 posibilitado, gracias a la imaginaci\u00f3n po\u00e9tica de quienes verdaderamente queremos a esta ciudad, la consumaci\u00f3n imposible del retorno a sus tiempos idos.<\/p>\n<p>&nbsp;<\/p>\n\n\n<figure class=\"wp-block-image size-large\"><a href=\"https:\/\/oscarhumbertogomez.com\/wp-content\/uploads\/2022\/12\/Edificio-El-Buen-Tono-Cll-4-con-cra-12-cll-34-con-cra-17-1964.jpeg\"><img loading=\"lazy\" decoding=\"async\" width=\"594\" height=\"383\" src=\"https:\/\/oscarhumbertogomez.com\/wp-content\/uploads\/2022\/12\/Edificio-El-Buen-Tono-Cll-4-con-cra-12-cll-34-con-cra-17-1964.jpeg\" alt=\"\" class=\"wp-image-43212\" srcset=\"https:\/\/oscarhumbertogomez.com\/wp-content\/uploads\/2022\/12\/Edificio-El-Buen-Tono-Cll-4-con-cra-12-cll-34-con-cra-17-1964.jpeg 594w, https:\/\/oscarhumbertogomez.com\/wp-content\/uploads\/2022\/12\/Edificio-El-Buen-Tono-Cll-4-con-cra-12-cll-34-con-cra-17-1964-300x193.jpeg 300w\" sizes=\"auto, (max-width: 594px) 100vw, 594px\" \/><\/a><\/figure>\n\n\n<p>&nbsp;<\/p>\n<p>Felicitaciones al doctor CHRISTIAN MORA PADILLA y a su distinguida familia por esta idea, verdaderamente plausible, y de verdad  muchas gracias por su honrosa invitaci\u00f3n a tan significativo acto, que apreciamos en todo lo que vale y expresa.<\/p>\n<p>&nbsp;<\/p>\n\n\n<figure class=\"wp-block-image size-large\"><a href=\"https:\/\/oscarhumbertogomez.com\/wp-content\/uploads\/2022\/12\/Edificio-El-Buen-Tono-Cll-4-con-cra-12-cll-34-con-cra-17-1964.jpeg\"><img loading=\"lazy\" decoding=\"async\" width=\"594\" height=\"383\" src=\"https:\/\/oscarhumbertogomez.com\/wp-content\/uploads\/2022\/12\/Edificio-El-Buen-Tono-Cll-4-con-cra-12-cll-34-con-cra-17-1964.jpeg\" alt=\"\" class=\"wp-image-43212\" srcset=\"https:\/\/oscarhumbertogomez.com\/wp-content\/uploads\/2022\/12\/Edificio-El-Buen-Tono-Cll-4-con-cra-12-cll-34-con-cra-17-1964.jpeg 594w, https:\/\/oscarhumbertogomez.com\/wp-content\/uploads\/2022\/12\/Edificio-El-Buen-Tono-Cll-4-con-cra-12-cll-34-con-cra-17-1964-300x193.jpeg 300w\" sizes=\"auto, (max-width: 594px) 100vw, 594px\" \/><\/a><\/figure>\n\n\n<p>&nbsp;<\/p>","protected":false},"excerpt":{"rendered":"<p>&nbsp; Ma\u00f1ana 22 de diciembre a las 10 de la ma\u00f1ana y con motivo de la celebraci\u00f3n de los 400 a\u00f1os de la misa con que se oficializ\u00f3 el nacimiento del pueblo de indios de Bucaramanga se producir\u00e1 en el &hellip; <a href=\"https:\/\/oscarhumbertogomez.com\/?p=43211\">Sigue leyendo <span class=\"meta-nav\">&rarr;<\/span><\/a><\/p>\n<div class='heateorSssClear'><\/div><div  class='heateor_sss_sharing_container heateor_sss_horizontal_sharing' heateor-sss-data-href='https:\/\/oscarhumbertogomez.com\/?p=43211'><div class='heateor_sss_sharing_title' style=\"font-weight:bold\" >\u00a1Gracias por compartirla!<\/div><ul class=\"heateor_sss_sharing_ul\"><li class=\"heateorSssSharingRound\"><i style=\"width:35px;height:35px;border-radius:999px;\" alt=\"Facebook\" Title=\"Facebook\" class=\"heateorSssSharing heateorSssFacebookBackground\" onclick='heateorSssPopup(\"https:\/\/www.facebook.com\/sharer\/sharer.php?u=https%3A%2F%2Foscarhumbertogomez.com%2Findex.php%3Frest_route%3D%252Fwp%252Fv2%252Fposts%252F43211\")'><ss style=\"display:block;border-radius:999px;\" class=\"heateorSssSharingSvg heateorSssFacebookSvg\"><\/ss><\/i><\/li><li class=\"heateorSssSharingRound\"><i style=\"width:35px;height:35px;border-radius:999px;\" alt=\"Twitter\" Title=\"Twitter\" class=\"heateorSssSharing heateorSssTwitterBackground\" onclick='heateorSssPopup(\"http:\/\/twitter.com\/intent\/tweet?text=Ma%C3%B1ana%20a%20las%2010%20de%20la%20ma%C3%B1ana%20suceder%C3%A1%20en%20Bucaramanga%20un%20verdadero%20hecho%20hist%C3%B3rico%3A%20volver%C3%A1%20a%20sonar%20la%20sirena%20del%20Garnica.%20Por%20%C3%93scar%20Humberto%20G%C3%B3mez%20G%C3%B3mez%2C%20Miembro%20de%20N%C3%BAmero%20de%20la%20Academia%20de%20Historia%20de%20Santander&url=https%3A%2F%2Foscarhumbertogomez.com%2Findex.php%3Frest_route%3D%252Fwp%252Fv2%252Fposts%252F43211\")'><ss style=\"display:block;border-radius:999px;\" class=\"heateorSssSharingSvg heateorSssTwitterSvg\"><\/ss><\/i><\/li><li class=\"heateorSssSharingRound\"><i style=\"width:35px;height:35px;border-radius:999px;\" alt=\"Whatsapp\" Title=\"Whatsapp\" class=\"heateorSssSharing heateorSssWhatsappBackground\" onclick='heateorSssPopup(\"https:\/\/web.whatsapp.com\/send?text=Ma%C3%B1ana%20a%20las%2010%20de%20la%20ma%C3%B1ana%20suceder%C3%A1%20en%20Bucaramanga%20un%20verdadero%20hecho%20hist%C3%B3rico%3A%20volver%C3%A1%20a%20sonar%20la%20sirena%20del%20Garnica.%20Por%20%C3%93scar%20Humberto%20G%C3%B3mez%20G%C3%B3mez%2C%20Miembro%20de%20N%C3%BAmero%20de%20la%20Academia%20de%20Historia%20de%20Santander https%3A%2F%2Foscarhumbertogomez.com%2Findex.php%3Frest_route%3D%252Fwp%252Fv2%252Fposts%252F43211\")'><ss style=\"display:block\" class=\"heateorSssSharingSvg heateorSssWhatsappSvg\"><\/ss><\/i><\/li><li class=\"heateorSssSharingRound\"><i style=\"width:35px;height:35px;border-radius:999px;\" alt=\"Pinterest\" Title=\"Pinterest\" class=\"heateorSssSharing heateorSssPinterestBackground\" onclick=\"javascript:void( (function() {var e=document.createElement('script' );e.setAttribute('type','text\/javascript' );e.setAttribute('charset','UTF-8' );e.setAttribute('src','\/\/assets.pinterest.com\/js\/pinmarklet.js?r='+Math.random()*99999999);document.body.appendChild(e)})());\"><ss style=\"display:block;border-radius:999px;\" class=\"heateorSssSharingSvg heateorSssPinterestSvg\"><\/ss><\/i><\/li><li class=\"heateorSssSharingRound\"><i style=\"width:35px;height:35px;border-radius:999px;\" alt=\"Google Gmail\" Title=\"Google Gmail\" class=\"heateorSssSharing heateorSssGoogleGmailBackground\" onclick='heateorSssPopup(\"https:\/\/mail.google.com\/mail\/?ui=2&view=cm&fs=1&tf=1&su=Ma%C3%B1ana%20a%20las%2010%20de%20la%20ma%C3%B1ana%20suceder%C3%A1%20en%20Bucaramanga%20un%20verdadero%20hecho%20hist%C3%B3rico%3A%20volver%C3%A1%20a%20sonar%20la%20sirena%20del%20Garnica.%20Por%20%C3%93scar%20Humberto%20G%C3%B3mez%20G%C3%B3mez%2C%20Miembro%20de%20N%C3%BAmero%20de%20la%20Academia%20de%20Historia%20de%20Santander&body=Link:https%3A%2F%2Foscarhumbertogomez.com%2Findex.php%3Frest_route%3D%252Fwp%252Fv2%252Fposts%252F43211\")'><ss style=\"display:block;border-radius:999px;\" class=\"heateorSssSharingSvg heateorSssGoogleGmailSvg\"><\/ss><\/i><\/li><li class=\"heateorSssSharingRound\"><i style=\"width:35px;height:35px;border-radius:999px;\" title=\"More\" alt=\"More\" class=\"heateorSssSharing heateorSssMoreBackground\" onclick=\"heateorSssMoreSharingPopup(this, 'https:\/\/oscarhumbertogomez.com\/index.php?rest_route=%2Fwp%2Fv2%2Fposts%2F43211', 'Ma%C3%B1ana%20a%20las%2010%20de%20la%20ma%C3%B1ana%20suceder%C3%A1%20en%20Bucaramanga%20un%20verdadero%20hecho%20hist%C3%B3rico%3A%20volver%C3%A1%20a%20sonar%20la%20sirena%20del%20Garnica.%20Por%20%C3%93scar%20Humberto%20G%C3%B3mez%20G%C3%B3mez%2C%20Miembro%20de%20N%C3%BAmero%20de%20la%20Academia%20de%20Historia%20de%20Santander', '' )\" ><ss style=\"display:block\" class=\"heateorSssSharingSvg heateorSssMoreSvg\"><\/ss><\/i><\/li><\/ul><div class=\"heateorSssClear\"><\/div><\/div><div class='heateorSssClear'><\/div>","protected":false},"author":2,"featured_media":0,"comment_status":"closed","ping_status":"closed","sticky":false,"template":"","format":"standard","meta":{"spay_email":"","footnotes":""},"categories":[1],"tags":[],"class_list":["post-43211","post","type-post","status-publish","format-standard","hentry","category-blog"],"jetpack_featured_media_url":"","jetpack_shortlink":"https:\/\/wp.me\/p1FYrr-beX","_links":{"self":[{"href":"https:\/\/oscarhumbertogomez.com\/index.php?rest_route=\/wp\/v2\/posts\/43211","targetHints":{"allow":["GET"]}}],"collection":[{"href":"https:\/\/oscarhumbertogomez.com\/index.php?rest_route=\/wp\/v2\/posts"}],"about":[{"href":"https:\/\/oscarhumbertogomez.com\/index.php?rest_route=\/wp\/v2\/types\/post"}],"author":[{"embeddable":true,"href":"https:\/\/oscarhumbertogomez.com\/index.php?rest_route=\/wp\/v2\/users\/2"}],"replies":[{"embeddable":true,"href":"https:\/\/oscarhumbertogomez.com\/index.php?rest_route=%2Fwp%2Fv2%2Fcomments&post=43211"}],"version-history":[{"count":5,"href":"https:\/\/oscarhumbertogomez.com\/index.php?rest_route=\/wp\/v2\/posts\/43211\/revisions"}],"predecessor-version":[{"id":54104,"href":"https:\/\/oscarhumbertogomez.com\/index.php?rest_route=\/wp\/v2\/posts\/43211\/revisions\/54104"}],"wp:attachment":[{"href":"https:\/\/oscarhumbertogomez.com\/index.php?rest_route=%2Fwp%2Fv2%2Fmedia&parent=43211"}],"wp:term":[{"taxonomy":"category","embeddable":true,"href":"https:\/\/oscarhumbertogomez.com\/index.php?rest_route=%2Fwp%2Fv2%2Fcategories&post=43211"},{"taxonomy":"post_tag","embeddable":true,"href":"https:\/\/oscarhumbertogomez.com\/index.php?rest_route=%2Fwp%2Fv2%2Ftags&post=43211"}],"curies":[{"name":"wp","href":"https:\/\/api.w.org\/{rel}","templated":true}]}}