{"id":4323,"date":"2012-05-28T20:36:28","date_gmt":"2012-05-29T01:36:28","guid":{"rendered":"http:\/\/www.oscarhumbertogomez.com\/?p=4323"},"modified":"2025-04-01T21:04:37","modified_gmt":"2025-04-02T02:04:37","slug":"el-canal-caracol-y-la-exaltacion-de-pombo-en-su-aniversario","status":"publish","type":"post","link":"https:\/\/oscarhumbertogomez.com\/?p=4323","title":{"rendered":"El canal Caracol y la exaltaci\u00f3n de Pombo en su aniversario. Por \u00d3scar Humberto G\u00f3mez G\u00f3mez"},"content":{"rendered":"<div id=\"attachment_49906\" style=\"width: 650px\" class=\"wp-caption aligncenter\"><img loading=\"lazy\" decoding=\"async\" aria-describedby=\"caption-attachment-49906\" class=\"size-large wp-image-49906\" src=\"https:\/\/oscarhumbertogomez.com\/wp-content\/uploads\/2011\/06\/WhatsApp-Image-2025-01-19-at-16.33.19-1024x690.jpeg\" alt=\"\" width=\"640\" height=\"431\" srcset=\"https:\/\/oscarhumbertogomez.com\/wp-content\/uploads\/2011\/06\/WhatsApp-Image-2025-01-19-at-16.33.19-1024x690.jpeg 1024w, https:\/\/oscarhumbertogomez.com\/wp-content\/uploads\/2011\/06\/WhatsApp-Image-2025-01-19-at-16.33.19-300x202.jpeg 300w, https:\/\/oscarhumbertogomez.com\/wp-content\/uploads\/2011\/06\/WhatsApp-Image-2025-01-19-at-16.33.19-768x517.jpeg 768w, https:\/\/oscarhumbertogomez.com\/wp-content\/uploads\/2011\/06\/WhatsApp-Image-2025-01-19-at-16.33.19.jpeg 1280w\" sizes=\"auto, (max-width: 640px) 100vw, 640px\" \/><p id=\"caption-attachment-49906\" class=\"wp-caption-text\">\u00d3SCAR HUMBERTO G\u00d3MEZ G\u00d3MEZ. Fotograf\u00eda de Nylse Blackburn. 2009<\/p><\/div>\n<p>&nbsp;<\/p>\n<p>Cuando el talento escasea, se echa mano de cuanto sofisma se tiene al alcance para justificar la mediocridad.<\/p>\n<p>Sofismas como, pongamos por caso, el de que hay que &#8220;mostrar la realidad nacional&#8221;.<\/p>\n<p>S\u00ed, &#8220;la realidad nacional&#8221;. Una realidad que, claro est\u00e1, a quienes la muestran, por supuesto en sus peores facetas, no les importa, ni jam\u00e1s les ha importado, ni jam\u00e1s les importar\u00e1, pues lo \u00fanico que los ha movido, los mueve y los mover\u00e1 es su insaciable af\u00e1n de lucro.<\/p>\n<p>Justamente por estas calendas, cuando se conmemora el fallecimiento de ese estupendo poeta bogotano que fue el maestro Rafael Pombo, un canal de televisi\u00f3n, el canal Caracol, lamentablemente decide, m\u00e1s bien, exaltar la memoria de un personaje de quien todos cre\u00edamos hab\u00eda llenado ya suficientemente las pantallas de los televisores instalados a lo largo y ancho de este martirizado pa\u00eds no s\u00f3lo con su imagen, que ser\u00eda lo de menos, sino con las balas, la sangre, la violencia y la pataner\u00eda generalizada que desat\u00f3 en esta pobre Patria, cubierta, ya no de gloria inmarcesible, sino de viudez, orfandad, terror y desventura.<\/p>\n<p>Lo que se pregunta at\u00f3nita la opini\u00f3n p\u00fablica&#8230; al menos esa que no se ha dejado arrastrar por el turbi\u00f3n irreflexivo de las ruidosas campa\u00f1as con las que, como hac\u00edan los viejos circos que llegaban a los pueblos, los canales de televisi\u00f3n anuncian sus repetidos y desafiantes homenajes al crimen&#8230;; lo que se pregunta at\u00f3nita esa confundida opini\u00f3n p\u00fablica, a la que no le piden la opini\u00f3n en ninguna parte, y que si llama o escribe para darla tampoco se la tienen en cuenta&#8230;; lo que se pregunta at\u00f3nita esa opini\u00f3n p\u00fablica conformada por padres de familia, educadores, estudiantes, escritores, poetas, compositores, m\u00fasicos, artistas, m\u00e9dicos, odont\u00f3logos, psic\u00f3logos, ingenieros, arquitectos, juristas, historiadores, oficiales en uso de buen retiro, deportistas, y un largo etc\u00e9tera&#8230;; lo que se pregunta at\u00f3nita esa opini\u00f3n p\u00fablica que se siente impotente ante el avasallador poder de los medios poderosos como los poderosos canales de la televisi\u00f3n nacional, que hacen cuanto se les viene en gana sin que el otro Poder, el Poder P\u00fablico, el Estado, al parecer atrapado sin salida en la trampa de una libertad mal entendida (a menos que tambi\u00e9n tenga intereses turbios involucrados en esa sinraz\u00f3n), haga nada -o, al menos, intente hacer algo- para salir en defensa de aquello que la otra vez llamaban la moral y las buenas costumbres&#8230;; lo que se pregunta at\u00f3nita esa opini\u00f3n p\u00fablica, digo, es lo \u00fanico que, desde su modesta posici\u00f3n de observador impotente, puede preguntarse: \u00bfHasta cu\u00e1ndo?<\/p>\n<p>&nbsp;<\/p>\n<p><img loading=\"lazy\" decoding=\"async\" class=\"aligncenter size-full wp-image-4325\" title=\"Pombo\" src=\"https:\/\/lapiedrafilosofal.com\/wp-content\/uploads\/2012\/05\/Pombo.gif\" alt=\"\" width=\"424\" height=\"540\" srcset=\"https:\/\/oscarhumbertogomez.com\/wp-content\/uploads\/2012\/05\/Pombo.gif 424w, https:\/\/oscarhumbertogomez.com\/wp-content\/uploads\/2012\/05\/Pombo-235x300.gif 235w\" sizes=\"auto, (max-width: 424px) 100vw, 424px\" \/><\/p>\n<p>&nbsp;<\/p>\n<p>S\u00ed: hasta cu\u00e1ndo, se\u00f1or presidente de la Rep\u00fablica&#8230;hasta cu\u00e1ndo, se\u00f1or ministro de Comunicaciones&#8230;hasta cu\u00e1ndo, se\u00f1or ministro de Educaci\u00f3n&#8230;hasta cu\u00e1ndo, se\u00f1or ministro de Cultura&#8230;hasta cu\u00e1ndo, se\u00f1ores que detentan el poder en Colombia, que detentan ese poder que, directa o indirectamente, les ha otorgado el pueblo colombiano para que lo representen&#8230; hasta cu\u00e1ndo tendremos los sufridos colombianos, los que vivimos a diario la noticia sangrienta del \u00faltimo carro-bomba, de los \u00faltimos mutilados inocentes, de los ametrallados, de los silenciados por el miedo, de toda esa podredumbre moral en la que sumieron a esta Patria desventurada quienes nunca entendieron que la vida es un don de Dios y un derecho conquistado por la civilizaci\u00f3n, y que nuestro pr\u00f3jimo debe ser, por lo general, destinatario de nuestro amor y no de nuestros odios&#8230;, hasta cu\u00e1ndo las viudas, y los hu\u00e9rfanos, y los lisiados que dej\u00f3 y sigue dejando la violencia, hasta cu\u00e1ndo, digo, tendremos qu\u00e9 soportar esta oleada de ordinariez, desorden y bajeza&#8230; esta oleada infame y nauseabunda que nadie pareciera capaz de detener en nombre de la decencia, de la honradez, de la rectitud, de la bondad, del estudio, del trabajo honesto, de los valores que enaltecieron a la Colombia decente, estudiosa y trabajadora legada por nuestros libertadores&#8230;<\/p>\n<p>O si es que Colombia, la Patria atormentada de Nari\u00f1o, y de C\u00f3rdova, y de Santander, y de todos nuestros pr\u00f3ceres; la Patria olvidada de Pombo, y de Isaacs, y de Rivera; la tierra de cuya faz fue borrado el bambuco, y fue borrada la urbanidad, y fue borrado el civismo, y fue borrado Dios&#8230; si es que esta Colombia ultrajada, digo, ya debe resignarse a quedar para siempre en las manos de libretistas enfermos para quienes la \u00fanica opci\u00f3n literaria que existe es la que se escribe, no con tinta, sino con sangre&#8230;<\/p>\n<p>Y resignarse a que a partir de la triste hora de ahora, y por los siglos de los siglos, la buena literatura, el buen arte, la buena m\u00fasica y la buena televisi\u00f3n quedaron sepultados para siempre en los rincones m\u00e1s oscuros e inexpugnables del olvido.<\/p>\n<p>En todo caso este portal exalta la memoria del poeta Rafael Pombo en su centenario y lo pone, ante la juventud y la ni\u00f1ez de nuestra tierra, como paradigma del buen colombiano.<\/p>\n<p>&nbsp;<\/p>\n","protected":false},"excerpt":{"rendered":"<p>&nbsp; Cuando el talento escasea, se echa mano de cuanto sofisma se tiene al alcance para justificar la mediocridad. Sofismas como, pongamos por caso, el de que hay que &#8220;mostrar la realidad nacional&#8221;. S\u00ed, &#8220;la realidad nacional&#8221;. Una realidad que, &hellip; <a href=\"https:\/\/oscarhumbertogomez.com\/?p=4323\">Sigue leyendo <span class=\"meta-nav\">&rarr;<\/span><\/a><\/p>\n<div class='heateorSssClear'><\/div><div  class='heateor_sss_sharing_container heateor_sss_horizontal_sharing' heateor-sss-data-href='https:\/\/oscarhumbertogomez.com\/?p=4323'><div class='heateor_sss_sharing_title' style=\"font-weight:bold\" >\u00a1Gracias por compartirla!<\/div><ul class=\"heateor_sss_sharing_ul\"><li class=\"heateorSssSharingRound\"><i style=\"width:35px;height:35px;border-radius:999px;\" alt=\"Facebook\" Title=\"Facebook\" class=\"heateorSssSharing heateorSssFacebookBackground\" onclick='heateorSssPopup(\"https:\/\/www.facebook.com\/sharer\/sharer.php?u=https%3A%2F%2Foscarhumbertogomez.com%2Findex.php%3Frest_route%3D%252Fwp%252Fv2%252Fposts%252F4323\")'><ss style=\"display:block;border-radius:999px;\" class=\"heateorSssSharingSvg heateorSssFacebookSvg\"><\/ss><\/i><\/li><li class=\"heateorSssSharingRound\"><i style=\"width:35px;height:35px;border-radius:999px;\" alt=\"Twitter\" Title=\"Twitter\" class=\"heateorSssSharing heateorSssTwitterBackground\" onclick='heateorSssPopup(\"http:\/\/twitter.com\/intent\/tweet?text=El%20canal%20Caracol%20y%20la%20exaltaci%C3%B3n%20de%20Pombo%20en%20su%20aniversario.%20Por%20%C3%93scar%20Humberto%20G%C3%B3mez%20G%C3%B3mez&url=https%3A%2F%2Foscarhumbertogomez.com%2Findex.php%3Frest_route%3D%252Fwp%252Fv2%252Fposts%252F4323\")'><ss style=\"display:block;border-radius:999px;\" class=\"heateorSssSharingSvg heateorSssTwitterSvg\"><\/ss><\/i><\/li><li class=\"heateorSssSharingRound\"><i style=\"width:35px;height:35px;border-radius:999px;\" alt=\"Whatsapp\" Title=\"Whatsapp\" class=\"heateorSssSharing heateorSssWhatsappBackground\" onclick='heateorSssPopup(\"https:\/\/web.whatsapp.com\/send?text=El%20canal%20Caracol%20y%20la%20exaltaci%C3%B3n%20de%20Pombo%20en%20su%20aniversario.%20Por%20%C3%93scar%20Humberto%20G%C3%B3mez%20G%C3%B3mez https%3A%2F%2Foscarhumbertogomez.com%2Findex.php%3Frest_route%3D%252Fwp%252Fv2%252Fposts%252F4323\")'><ss style=\"display:block\" class=\"heateorSssSharingSvg heateorSssWhatsappSvg\"><\/ss><\/i><\/li><li class=\"heateorSssSharingRound\"><i style=\"width:35px;height:35px;border-radius:999px;\" alt=\"Pinterest\" Title=\"Pinterest\" class=\"heateorSssSharing heateorSssPinterestBackground\" onclick=\"javascript:void( (function() {var e=document.createElement('script' );e.setAttribute('type','text\/javascript' );e.setAttribute('charset','UTF-8' );e.setAttribute('src','\/\/assets.pinterest.com\/js\/pinmarklet.js?r='+Math.random()*99999999);document.body.appendChild(e)})());\"><ss style=\"display:block;border-radius:999px;\" class=\"heateorSssSharingSvg heateorSssPinterestSvg\"><\/ss><\/i><\/li><li class=\"heateorSssSharingRound\"><i style=\"width:35px;height:35px;border-radius:999px;\" alt=\"Google Gmail\" Title=\"Google Gmail\" class=\"heateorSssSharing heateorSssGoogleGmailBackground\" onclick='heateorSssPopup(\"https:\/\/mail.google.com\/mail\/?ui=2&view=cm&fs=1&tf=1&su=El%20canal%20Caracol%20y%20la%20exaltaci%C3%B3n%20de%20Pombo%20en%20su%20aniversario.%20Por%20%C3%93scar%20Humberto%20G%C3%B3mez%20G%C3%B3mez&body=Link:https%3A%2F%2Foscarhumbertogomez.com%2Findex.php%3Frest_route%3D%252Fwp%252Fv2%252Fposts%252F4323\")'><ss style=\"display:block;border-radius:999px;\" class=\"heateorSssSharingSvg heateorSssGoogleGmailSvg\"><\/ss><\/i><\/li><li class=\"heateorSssSharingRound\"><i style=\"width:35px;height:35px;border-radius:999px;\" title=\"More\" alt=\"More\" class=\"heateorSssSharing heateorSssMoreBackground\" onclick=\"heateorSssMoreSharingPopup(this, 'https:\/\/oscarhumbertogomez.com\/index.php?rest_route=%2Fwp%2Fv2%2Fposts%2F4323', 'El%20canal%20Caracol%20y%20la%20exaltaci%C3%B3n%20de%20Pombo%20en%20su%20aniversario.%20Por%20%C3%93scar%20Humberto%20G%C3%B3mez%20G%C3%B3mez', '' )\" ><ss style=\"display:block\" class=\"heateorSssSharingSvg heateorSssMoreSvg\"><\/ss><\/i><\/li><\/ul><div class=\"heateorSssClear\"><\/div><\/div><div class='heateorSssClear'><\/div>","protected":false},"author":2,"featured_media":0,"comment_status":"closed","ping_status":"closed","sticky":false,"template":"","format":"standard","meta":{"spay_email":"","footnotes":""},"categories":[1],"tags":[],"class_list":["post-4323","post","type-post","status-publish","format-standard","hentry","category-blog"],"jetpack_featured_media_url":"","jetpack_shortlink":"https:\/\/wp.me\/p1FYrr-17J","_links":{"self":[{"href":"https:\/\/oscarhumbertogomez.com\/index.php?rest_route=\/wp\/v2\/posts\/4323","targetHints":{"allow":["GET"]}}],"collection":[{"href":"https:\/\/oscarhumbertogomez.com\/index.php?rest_route=\/wp\/v2\/posts"}],"about":[{"href":"https:\/\/oscarhumbertogomez.com\/index.php?rest_route=\/wp\/v2\/types\/post"}],"author":[{"embeddable":true,"href":"https:\/\/oscarhumbertogomez.com\/index.php?rest_route=\/wp\/v2\/users\/2"}],"replies":[{"embeddable":true,"href":"https:\/\/oscarhumbertogomez.com\/index.php?rest_route=%2Fwp%2Fv2%2Fcomments&post=4323"}],"version-history":[{"count":5,"href":"https:\/\/oscarhumbertogomez.com\/index.php?rest_route=\/wp\/v2\/posts\/4323\/revisions"}],"predecessor-version":[{"id":53428,"href":"https:\/\/oscarhumbertogomez.com\/index.php?rest_route=\/wp\/v2\/posts\/4323\/revisions\/53428"}],"wp:attachment":[{"href":"https:\/\/oscarhumbertogomez.com\/index.php?rest_route=%2Fwp%2Fv2%2Fmedia&parent=4323"}],"wp:term":[{"taxonomy":"category","embeddable":true,"href":"https:\/\/oscarhumbertogomez.com\/index.php?rest_route=%2Fwp%2Fv2%2Fcategories&post=4323"},{"taxonomy":"post_tag","embeddable":true,"href":"https:\/\/oscarhumbertogomez.com\/index.php?rest_route=%2Fwp%2Fv2%2Ftags&post=4323"}],"curies":[{"name":"wp","href":"https:\/\/api.w.org\/{rel}","templated":true}]}}