{"id":43292,"date":"2022-12-30T12:30:00","date_gmt":"2022-12-30T17:30:00","guid":{"rendered":"https:\/\/oscarhumbertogomez.com\/?p=43292"},"modified":"2022-12-30T20:55:38","modified_gmt":"2022-12-31T01:55:38","slug":"hace-60-anos-llego-a-neiva-el-embajador-de-la-india-por-oscar-humberto-gomez-gomez","status":"publish","type":"post","link":"https:\/\/oscarhumbertogomez.com\/?p=43292","title":{"rendered":"En diciembre de 1962 lleg\u00f3 a Neiva &#8220;el embajador de la India&#8221;. Cr\u00f3nica de un chasco hist\u00f3rico. Por \u00d3scar Humberto G\u00f3mez G\u00f3mez"},"content":{"rendered":"<p><img loading=\"lazy\" decoding=\"async\" class=\"aligncenter size-large wp-image-43295\" src=\"https:\/\/oscarhumbertogomez.com\/wp-content\/uploads\/2022\/12\/Embajador--1024x576.jpeg\" alt=\"\" width=\"640\" height=\"360\" srcset=\"https:\/\/oscarhumbertogomez.com\/wp-content\/uploads\/2022\/12\/Embajador--1024x576.jpeg 1024w, https:\/\/oscarhumbertogomez.com\/wp-content\/uploads\/2022\/12\/Embajador--300x169.jpeg 300w, https:\/\/oscarhumbertogomez.com\/wp-content\/uploads\/2022\/12\/Embajador--768x432.jpeg 768w, https:\/\/oscarhumbertogomez.com\/wp-content\/uploads\/2022\/12\/Embajador--1536x864.jpeg 1536w, https:\/\/oscarhumbertogomez.com\/wp-content\/uploads\/2022\/12\/Embajador-.jpeg 1920w\" sizes=\"auto, (max-width: 640px) 100vw, 640px\" \/><\/p>\n<p>&nbsp;<\/p>\n<p>En diciembre de 1962, hace 60 a\u00f1os, lleg\u00f3 a la ciudad de NEIVA, capital del departamento del HUILA, el personaje que ir\u00eda a protagonizar uno de los episodios m\u00e1s simp\u00e1ticos de nuestra historia: \u201cEL EMBAJADOR DE LA INDIA\u201d.<\/p>\n<p>Se trataba realmente de un ex seminarista que hab\u00eda cursado sus estudios en GARZ\u00d3N, poblaci\u00f3n tambi\u00e9n ubicada en el departamento del HUILA.<\/p>\n<p>Precisamente esta vecindad entre NEIVA y GARZ\u00d3N fue una de las circunstancias que hicieron incre\u00edble el que se haya podido producir el enga\u00f1o general.<\/p>\n<p>&nbsp;<\/p>\n<p><img loading=\"lazy\" decoding=\"async\" class=\"aligncenter size-full wp-image-43297\" src=\"https:\/\/oscarhumbertogomez.com\/wp-content\/uploads\/2022\/12\/EMBAJADOR-2.jpeg\" alt=\"\" width=\"640\" height=\"360\" srcset=\"https:\/\/oscarhumbertogomez.com\/wp-content\/uploads\/2022\/12\/EMBAJADOR-2.jpeg 640w, https:\/\/oscarhumbertogomez.com\/wp-content\/uploads\/2022\/12\/EMBAJADOR-2-300x169.jpeg 300w\" sizes=\"auto, (max-width: 640px) 100vw, 640px\" \/><\/p>\n<p>&nbsp;<\/p>\n<p>Otra de las circunstancias que contribuyeron a hacer inaudito el caso fue el hecho de que para el a\u00f1o 1962 no exist\u00eda en Colombia embajada de la India.<\/p>\n<p>&nbsp;<\/p>\n<p><img loading=\"lazy\" decoding=\"async\" class=\"aligncenter size-full wp-image-43298\" src=\"https:\/\/oscarhumbertogomez.com\/wp-content\/uploads\/2022\/12\/EMBAJADOR-3.jpeg\" alt=\"\" width=\"238\" height=\"377\" srcset=\"https:\/\/oscarhumbertogomez.com\/wp-content\/uploads\/2022\/12\/EMBAJADOR-3.jpeg 238w, https:\/\/oscarhumbertogomez.com\/wp-content\/uploads\/2022\/12\/EMBAJADOR-3-189x300.jpeg 189w\" sizes=\"auto, (max-width: 238px) 100vw, 238px\" \/><\/p>\n<p>&nbsp;<\/p>\n<p>Cuando se descubri\u00f3 el fraude, el personaje fue arrestado por la polic\u00eda y puesto a disposici\u00f3n del juez competente, pero \u00e9ste dispuso su libertad bajo una consideraci\u00f3n en la que no se hab\u00eda pensado: y es que \u00e9l en ning\u00fan momento hab\u00eda dicho que fuese el embajador de la India.<\/p>\n<p>En efecto, lo \u00fanico que dijo fue que hab\u00eda llegado de la India y solo la actitud aduladora de un sector de la \u00e9lite social de Neiva y de las autoridades locales de aquel entonces hizo que terminara elevado a esa categor\u00eda diplom\u00e1tica.<\/p>\n<p>&nbsp;<\/p>\n<p><img loading=\"lazy\" decoding=\"async\" class=\"aligncenter size-large wp-image-43299\" src=\"https:\/\/oscarhumbertogomez.com\/wp-content\/uploads\/2022\/12\/EMBAJADOR-4-1024x538.jpeg\" alt=\"\" width=\"640\" height=\"336\" srcset=\"https:\/\/oscarhumbertogomez.com\/wp-content\/uploads\/2022\/12\/EMBAJADOR-4-1024x538.jpeg 1024w, https:\/\/oscarhumbertogomez.com\/wp-content\/uploads\/2022\/12\/EMBAJADOR-4-300x158.jpeg 300w, https:\/\/oscarhumbertogomez.com\/wp-content\/uploads\/2022\/12\/EMBAJADOR-4-768x403.jpeg 768w, https:\/\/oscarhumbertogomez.com\/wp-content\/uploads\/2022\/12\/EMBAJADOR-4.jpeg 1200w\" sizes=\"auto, (max-width: 640px) 100vw, 640px\" \/><\/p>\n<p>&nbsp;<\/p>\n<p>El personaje se llamaba en realidad JAIME TORRES HOLGU\u00cdN y era un consumado mentiroso. Se vinieron a saber despu\u00e9s sus altas calidades para los idiomas extranjeros y su vasta cultura, que constituyeron finalmente los soportes que le permitieron representar el papel del personaje con tan alto nivel de credibilidad.<\/p>\n<p>El abogado de oficio de TORRES HOLGU\u00cdN fue el doctor GUILLERMO PLAZAS ALCID, quien m\u00e1s tarde habr\u00eda de ser un connotado pol\u00edtico colombiano, ministro de justicia, senador y constituyente.<\/p>\n<p>&nbsp;<\/p>\n<p><img loading=\"lazy\" decoding=\"async\" class=\"aligncenter size-large wp-image-43296\" src=\"https:\/\/oscarhumbertogomez.com\/wp-content\/uploads\/2022\/12\/EL-EMBAJADOR-DE-LA-INDIA-768x1024.jpeg\" alt=\"\" width=\"640\" height=\"853\" srcset=\"https:\/\/oscarhumbertogomez.com\/wp-content\/uploads\/2022\/12\/EL-EMBAJADOR-DE-LA-INDIA-768x1024.jpeg 768w, https:\/\/oscarhumbertogomez.com\/wp-content\/uploads\/2022\/12\/EL-EMBAJADOR-DE-LA-INDIA-225x300.jpeg 225w, https:\/\/oscarhumbertogomez.com\/wp-content\/uploads\/2022\/12\/EL-EMBAJADOR-DE-LA-INDIA-1152x1536.jpeg 1152w, https:\/\/oscarhumbertogomez.com\/wp-content\/uploads\/2022\/12\/EL-EMBAJADOR-DE-LA-INDIA-1536x2048.jpeg 1536w, https:\/\/oscarhumbertogomez.com\/wp-content\/uploads\/2022\/12\/EL-EMBAJADOR-DE-LA-INDIA-scaled.jpeg 1920w\" sizes=\"auto, (max-width: 640px) 100vw, 640px\" \/><\/p>\n<p>&nbsp;<\/p>\n<p>Otro de los hechos que contribuyeron a hacer m\u00e1s simp\u00e1tico, pero tambi\u00e9n m\u00e1s tr\u00e1gico el episodio, fue el error garrafal que cometieron el sector de la \u00e9lite social empe\u00f1ado en adularlo y las autoridades de NEIVA al excluir al pueblo raso de las celebraciones organizadas en homenaje al supuesto diplom\u00e1tico. Esta discriminaci\u00f3n hizo que cuando se descubri\u00f3 el enga\u00f1o, el pueblo raso diera inicio, a manera de desquite, a las burlas en plena calle contra quienes hab\u00edan tomado parte en los homenajes al impostor. Por eso, comenzaron a producirse en plena v\u00eda p\u00fablica escenas en las cuales se les gritaba a personas distinguidas y a las propias autoridades, principalmente al gobernador del departamento, la frase \u201c\u00a1Ah\u00ed vuelve el embajador!\u201d, burla a la cual se contestaba con la expresi\u00f3n \u201c\u00a1Su madre!\u201d.<\/p>\n<p>Y es que lo sucedido con el supuesto diplom\u00e1tico llegado a NEIVA aquel 12 de diciembre de 1962 reflej\u00f3 la actitud aduladora de un sector de las \u00e9lites sociales, comenzando por el gobernador del HUILA, el alcalde de NEIVA, el comandante del BATALL\u00d3N TENERIFE, el comandante de la POLIC\u00cdA, el propietario del hotel m\u00e1s importante de la ciudad -el HOTEL PLAZA, que sigue existiendo hoy en d\u00eda -, el m\u00e1s acaudalado de los ganaderos de la regi\u00f3n y uno de los m\u00e1s reconocidos del pa\u00eds, el m\u00e1s reputado de los comerciantes, etc.<\/p>\n<p>&nbsp;<\/p>\n<p><img loading=\"lazy\" decoding=\"async\" class=\"aligncenter size-full wp-image-43379\" src=\"https:\/\/oscarhumbertogomez.com\/wp-content\/uploads\/2022\/12\/NEIVA-HUILA.jpeg\" alt=\"\" width=\"400\" height=\"266\" srcset=\"https:\/\/oscarhumbertogomez.com\/wp-content\/uploads\/2022\/12\/NEIVA-HUILA.jpeg 400w, https:\/\/oscarhumbertogomez.com\/wp-content\/uploads\/2022\/12\/NEIVA-HUILA-300x200.jpeg 300w\" sizes=\"auto, (max-width: 400px) 100vw, 400px\" \/><\/p>\n<p>&nbsp;<\/p>\n<p>Al reci\u00e9n llegado \u201cfor\u00e1neo\u201d, en efecto, desde el mismo d\u00eda de su arribo a NEIVA lo colmaron de homenajes y de  un trato especial, mientras que, en cambio, al pueblo raso, nacido en NEIVA, criado en NEIVA y residente en NEIVA toda la vida, lo marginaron de los actos programados, por considerarlo indigno de rozarse con \u201cSu Excelencia, el se\u00f1or Embajador\u201d.<\/p>\n<p>Por eso, al final de todo, cuando se descubre el fraude (gracias a una malintencionada indagaci\u00f3n llevada a cabo por un ex compa\u00f1ero de estudios suyo que al verlo vestido de \u201cembajador\u201d record\u00f3 sus facciones) mientras los aduladores se averg\u00fcenzan de haber sido enga\u00f1ados y del rid\u00edculo que han hecho, el pueblo raso celebra con gran alborozo y JAIME TORRES es despedido con simpat\u00eda, m\u00fasica, baile, bebidas, p\u00f3lvora y, en fin, un ruidoso y colorido jolgorio popular.<\/p>\n<p>&nbsp;<\/p>\n<p><img loading=\"lazy\" decoding=\"async\" class=\"aligncenter size-full wp-image-43312\" src=\"https:\/\/oscarhumbertogomez.com\/wp-content\/uploads\/2022\/12\/NEIVA-.jpeg\" alt=\"\" width=\"1024\" height=\"665\" srcset=\"https:\/\/oscarhumbertogomez.com\/wp-content\/uploads\/2022\/12\/NEIVA-.jpeg 1024w, https:\/\/oscarhumbertogomez.com\/wp-content\/uploads\/2022\/12\/NEIVA--300x195.jpeg 300w, https:\/\/oscarhumbertogomez.com\/wp-content\/uploads\/2022\/12\/NEIVA--768x499.jpeg 768w\" sizes=\"auto, (max-width: 1024px) 100vw, 1024px\" \/><\/p>\n<p>&nbsp;<\/p>\n<p>El acontecimiento del supuesto \u201cembajador de la India\u201d tuvo consecuencias: las familias de la \u00e9lite social de NEIVA que se vieron involucradas en los homenajes al \u201cdiplom\u00e1tico\u201d, debido a la verg\u00fcenza y a las burlas de las que eran objeto a diario en las calles de la ciudad, optaron por emigrar de la capital del HUILA y del departamento mismo.  La mayor\u00eda se residenci\u00f3 en la capital de la Rep\u00fablica.<\/p>\n<p>&nbsp;<\/p>\n<p>Como era natural que ocurriera, un folclorista nato como el m\u00e9dico JORGE VILLAMIL, oriundo de NEIVA y residente all\u00ed, no pod\u00eda dejar pasar desapercibidos unos hechos de tanta significaci\u00f3n y fue as\u00ed como compuso una jocosa canci\u00f3n a la que titul\u00f3 \u201cEL EMBAJADOR\u201d, que fue grabada por el dueto LOS TOLIMENSES, el cual en ese momento gozaba de una gran popularidad nacional. El dueto estaba integrado por JORGE RAM\u00cdREZ y LIZARDO D\u00cdAZ, quienes representaban a dos personajes llamados EMETERIO Y FELIPE.<\/p>\n<p>&nbsp;<\/p>\n<p><img loading=\"lazy\" decoding=\"async\" class=\"aligncenter size-full wp-image-43304\" src=\"https:\/\/oscarhumbertogomez.com\/wp-content\/uploads\/2022\/12\/JORGE-VILLAMIL.jpeg\" alt=\"\" width=\"768\" height=\"1000\" srcset=\"https:\/\/oscarhumbertogomez.com\/wp-content\/uploads\/2022\/12\/JORGE-VILLAMIL.jpeg 768w, https:\/\/oscarhumbertogomez.com\/wp-content\/uploads\/2022\/12\/JORGE-VILLAMIL-230x300.jpeg 230w\" sizes=\"auto, (max-width: 768px) 100vw, 768px\" \/><\/p>\n<p>&nbsp;<\/p>\n<p><img loading=\"lazy\" decoding=\"async\" class=\"aligncenter size-full wp-image-43305\" src=\"https:\/\/oscarhumbertogomez.com\/wp-content\/uploads\/2022\/12\/LOS-TOLIMENSES.jpeg\" alt=\"\" width=\"938\" height=\"540\" srcset=\"https:\/\/oscarhumbertogomez.com\/wp-content\/uploads\/2022\/12\/LOS-TOLIMENSES.jpeg 938w, https:\/\/oscarhumbertogomez.com\/wp-content\/uploads\/2022\/12\/LOS-TOLIMENSES-300x173.jpeg 300w, https:\/\/oscarhumbertogomez.com\/wp-content\/uploads\/2022\/12\/LOS-TOLIMENSES-768x442.jpeg 768w\" sizes=\"auto, (max-width: 938px) 100vw, 938px\" \/><\/p>\n<p>&nbsp;<\/p>\n<p>Posteriormente, el cine nacional se vio enriquecido con la producci\u00f3n de una graciosa pel\u00edcula en la que se recrearon estos hechos. La cinta se titul\u00f3 EL EMBAJADOR DE LA INDIA y su protagonista central fue el excelente actor colombiano HUGO G\u00d3MEZ.<\/p>\n<p>La pel\u00edcula, del a\u00f1o 1986, fue dirigida por MARIO RIBERO, talentoso director de cine santandereano nacido en CONFINES.<\/p>\n<p>La preciosa m\u00fasica de tiple que se escucha a lo largo del filme fue interpretada por el maestro PEDRO NEL MART\u00cdNEZ, destacado artista de origen santandereano tambi\u00e9n, oriundo de CHARAL\u00c1.<\/p>\n<p>&nbsp;<\/p>\n<p><img loading=\"lazy\" decoding=\"async\" class=\"aligncenter size-full wp-image-43303\" src=\"https:\/\/oscarhumbertogomez.com\/wp-content\/uploads\/2022\/12\/HUGO-GOMEZ.jpeg\" alt=\"\" width=\"1024\" height=\"512\" srcset=\"https:\/\/oscarhumbertogomez.com\/wp-content\/uploads\/2022\/12\/HUGO-GOMEZ.jpeg 1024w, https:\/\/oscarhumbertogomez.com\/wp-content\/uploads\/2022\/12\/HUGO-GOMEZ-300x150.jpeg 300w, https:\/\/oscarhumbertogomez.com\/wp-content\/uploads\/2022\/12\/HUGO-GOMEZ-768x384.jpeg 768w\" sizes=\"auto, (max-width: 1024px) 100vw, 1024px\" \/><\/p>\n<p>&nbsp;<\/p>\n<p>Como dato especialmente significativo, porque se trata de la reivindicaci\u00f3n de unos artistas a quienes no se les mencion\u00f3 en los cr\u00e9ditos de la pel\u00edcula, vale la pena anotar que la canci\u00f3n del maestro VILLAMIL, que se escucha en las bellas, simp\u00e1ticas y elocuentes escenas finales del filme, es interpretada por el maestro ULISES CHARRY DUSS\u00c1N y su agrupaci\u00f3n musical AIRES DE PE\u00d1ABLANCA.<\/p>\n<p>Sea la oportunidad de expresarles mis sinceros agradecimientos a los hijos del maestro, quienes me honraron envi\u00e1ndome su disco original desde NEIVA, trabajo discogr\u00e1fico que, conforme lo dije en mi acuse de recibo, conservar\u00e9 como un tesoro invaluable. De manera muy especial, muchas gracias a don V\u00cdCTOR CHARRY OLARTE, gerente del prestigioso RESTAURANTE LA CASA DEL FOLCLOR, de Neiva, lugar donde se perpet\u00faa la memoria de su fundador, precisamente el maestro ULISES CHARRY DUSS\u00c1N, ofreciendo no s\u00f3lo la gastronom\u00eda t\u00edpica del Huila y de otras regiones de Colombia, sino tambi\u00e9n coloridas presentaciones art\u00edsticas de m\u00fasica aut\u00f3ctona.<\/p>\n<p>&nbsp;<\/p>\n<p><img loading=\"lazy\" decoding=\"async\" class=\"aligncenter size-full wp-image-43301\" src=\"https:\/\/oscarhumbertogomez.com\/wp-content\/uploads\/2022\/12\/ULISES-CHARRY.jpeg\" alt=\"\" width=\"700\" height=\"467\" srcset=\"https:\/\/oscarhumbertogomez.com\/wp-content\/uploads\/2022\/12\/ULISES-CHARRY.jpeg 700w, https:\/\/oscarhumbertogomez.com\/wp-content\/uploads\/2022\/12\/ULISES-CHARRY-300x200.jpeg 300w\" sizes=\"auto, (max-width: 700px) 100vw, 700px\" \/><\/p>\n<p>&nbsp;<\/p>\n<p><img loading=\"lazy\" decoding=\"async\" class=\"aligncenter size-full wp-image-43302\" src=\"https:\/\/oscarhumbertogomez.com\/wp-content\/uploads\/2022\/12\/AIRES-DE-PEN\u0303ABLANCA.jpeg\" alt=\"\" width=\"640\" height=\"480\" srcset=\"https:\/\/oscarhumbertogomez.com\/wp-content\/uploads\/2022\/12\/AIRES-DE-PEN\u0303ABLANCA.jpeg 640w, https:\/\/oscarhumbertogomez.com\/wp-content\/uploads\/2022\/12\/AIRES-DE-PEN\u0303ABLANCA-300x225.jpeg 300w\" sizes=\"auto, (max-width: 640px) 100vw, 640px\" \/><\/p>\n<p>&nbsp;<\/p>\n<p>Los hechos sucedidos alrededor de \u201cEL EMBAJADOR DE LA INDIA\u201d, por supuesto, obligan a un abordaje extenso que incluya el explicar qui\u00e9nes eran los personajes mencionados por el doctor VILLAMIL en su canci\u00f3n, esto es, qui\u00e9nes fueron los protagonistas reales de los hechos.<\/p>\n<p>Bueno, pero, \u00bfqui\u00e9nes fueron, entonces, los protagonistas centrales de este chasco hist\u00f3rico?<\/p>\n<p>Ve\u00e1moslo.<\/p>\n<p>El alcalde de NEIVA era el doctor JULIO C\u00c9SAR GARC\u00cdA.<\/p>\n<p>El doctor GUSTAVO SALAZAR TAPIERO era el gobernador del HUILA.<\/p>\n<p>El coronel del Ej\u00e9rcito JOS\u00c9 MAR\u00cdA RIVAS, a quien llamaban PEPE RIVAS, era el comandante del BATALL\u00d3N TENERIFE.<\/p>\n<p>H\u00c9CTOR JIM\u00c9NEZ, a quien apodaban \u201cEL LORO JIM\u00c9NEZ\u201d, era un conocido piloto de avionetas y de peque\u00f1as aeronaves, a quien el supuesto embajador le prometi\u00f3 que le iba a conseguir un contrato con la prestigiosa aerol\u00ednea hind\u00fa INDIAN AIRLINES y eso lo convertir\u00eda muy pronto en piloto interoce\u00e1nico entre Asia y Am\u00e9rica.<\/p>\n<p>&nbsp;<\/p>\n<p><img loading=\"lazy\" decoding=\"async\" class=\"aligncenter size-full wp-image-43314\" src=\"https:\/\/oscarhumbertogomez.com\/wp-content\/uploads\/2022\/12\/NEIVA-3.jpeg\" alt=\"\" width=\"1024\" height=\"629\" srcset=\"https:\/\/oscarhumbertogomez.com\/wp-content\/uploads\/2022\/12\/NEIVA-3.jpeg 1024w, https:\/\/oscarhumbertogomez.com\/wp-content\/uploads\/2022\/12\/NEIVA-3-300x184.jpeg 300w, https:\/\/oscarhumbertogomez.com\/wp-content\/uploads\/2022\/12\/NEIVA-3-768x472.jpeg 768w\" sizes=\"auto, (max-width: 1024px) 100vw, 1024px\" \/><\/p>\n<p>&nbsp;<\/p>\n<p>Don OLIVERIO LARA era un reconocido ganadero de la regi\u00f3n. (Dicho sea de paso, su hija GLORIA LARA DE ECHEVERRI habr\u00e1 de ser la autora del libro \u201cColombia Ind\u00edgena\u201d y una personalidad v\u00edctima de la violencia pol\u00edtica colombiana sobre quien valdr\u00eda la pena escribir otro, y PATRICIA LARA llegar\u00e1 a ser una importante periodista y directora de la revista CAMBIO).<\/p>\n<p>\u201cTRAPICHITO\u201d, lugar mencionado en la canci\u00f3n, era la principal de las haciendas de don OLIVERIO LARA, y EL BUEY APIS, tambi\u00e9n mencionado en ella, es una divinidad\u2026 \u00a1 egipcia !<\/p>\n<p>El doctor VILLAMIL relata en su canci\u00f3n que el falso diplom\u00e1tico alcanz\u00f3 a venderle a don OLIVERIO LARA \u201cel BUEY APIS\u201d para que se lo llevara a \u201cTRAPICHITO\u201d como \u201cgran reproductor\u201d. Aqu\u00ed la sorna del maestro VILLAMIL es doble, pues los bueyes, tal y como se lee en el Diccionario de la Real Academia Espa\u00f1ola, son toros\u2026 \u00a1 castrados !<\/p>\n<p>&nbsp;<\/p>\n<p><img loading=\"lazy\" decoding=\"async\" class=\"aligncenter size-full wp-image-43313\" src=\"https:\/\/oscarhumbertogomez.com\/wp-content\/uploads\/2022\/12\/NEIVA-2.jpeg\" alt=\"\" width=\"1024\" height=\"680\" srcset=\"https:\/\/oscarhumbertogomez.com\/wp-content\/uploads\/2022\/12\/NEIVA-2.jpeg 1024w, https:\/\/oscarhumbertogomez.com\/wp-content\/uploads\/2022\/12\/NEIVA-2-300x199.jpeg 300w, https:\/\/oscarhumbertogomez.com\/wp-content\/uploads\/2022\/12\/NEIVA-2-768x510.jpeg 768w\" sizes=\"auto, (max-width: 1024px) 100vw, 1024px\" \/><\/p>\n<p>&nbsp;<\/p>\n<p>Los quesillos, resaltados tanto en la canci\u00f3n como en la pel\u00edcula, son un delicioso comestible t\u00edpico de la regi\u00f3n huilense y su m\u00e1s reconocido fabricante era AD\u00c1N GUTI\u00c9RREZ, quien los produc\u00eda en un lugar llamado \u201cPUERTO SECO\u201d.<\/p>\n<p>Convencido de que le estaba hablando a un diplom\u00e1tico extranjero, AD\u00c1N GUTI\u00c9RREZ se propuso ense\u00f1arle al \u201cextranjero\u201d c\u00f3mo se hac\u00edan los quesillos mientras que, como era obvio, el \u201cembajador\u201d (que por ser realmente nativo de la regi\u00f3n y residente en ella desde siempre los conoc\u00eda de sobra) disfrutaba a sus anchas ese exquisito comestible local, pues los iba devorando con gran deleite y, lo mejor de todo, sin tener que pagar nada por ellos, pues se los daban gratis.<\/p>\n<p>&nbsp;<\/p>\n<p><img loading=\"lazy\" decoding=\"async\" class=\"aligncenter size-full wp-image-43316\" src=\"https:\/\/oscarhumbertogomez.com\/wp-content\/uploads\/2022\/12\/NEIVA-5.jpeg\" alt=\"\" width=\"480\" height=\"360\" srcset=\"https:\/\/oscarhumbertogomez.com\/wp-content\/uploads\/2022\/12\/NEIVA-5.jpeg 480w, https:\/\/oscarhumbertogomez.com\/wp-content\/uploads\/2022\/12\/NEIVA-5-300x225.jpeg 300w\" sizes=\"auto, (max-width: 480px) 100vw, 480px\" \/><\/p>\n<p>&nbsp;<\/p>\n<p>Como lo he anotado atr\u00e1s, uno de los rasgos caracter\u00edsticos de nuestra sociedad que m\u00e1s se critic\u00f3 en su momento y que se resalta en la pel\u00edcula fue el de la adulaci\u00f3n hacia los extranjeros.<\/p>\n<p>El maestro VILLAMIL recrea esa faceta de nuestra gente diciendo que \u201cpor todas partes practican el yoga y genuflexi\u00f3n\u201d y menciona a una de las principales familias de NEIVA, que eran \u201clos SOLANO\u201d y, por supuesto, al \u201cse\u00f1or gobernador\u201d.<\/p>\n<p>&nbsp;<\/p>\n<p><img loading=\"lazy\" decoding=\"async\" class=\"aligncenter size-full wp-image-43317\" src=\"https:\/\/oscarhumbertogomez.com\/wp-content\/uploads\/2022\/12\/catedral_de_neiva.jpeg\" alt=\"\" width=\"753\" height=\"511\" srcset=\"https:\/\/oscarhumbertogomez.com\/wp-content\/uploads\/2022\/12\/catedral_de_neiva.jpeg 753w, https:\/\/oscarhumbertogomez.com\/wp-content\/uploads\/2022\/12\/catedral_de_neiva-300x204.jpeg 300w\" sizes=\"auto, (max-width: 753px) 100vw, 753px\" \/><\/p>\n<p>&nbsp;<\/p>\n<p>\u00c1LVARO D\u00cdAZ CH\u00c1VARRO, apodado \u201cANCH\u00cdZAR\u201d, era el due\u00f1o del principal almac\u00e9n de la ciudad y un h\u00e1bil comerciante. Era muy amigo del maestro VILLAMIL, pero este no lo dej\u00f3 a salvo de su tomadura de pelo, pues en su canci\u00f3n desnuda que \u201cANCH\u00cdZAR, mi gran amigo, elefantes comprar\u00eda\u201d.<\/p>\n<p>&nbsp;<\/p>\n<p><img loading=\"lazy\" decoding=\"async\" class=\"aligncenter size-full wp-image-43318\" src=\"https:\/\/oscarhumbertogomez.com\/wp-content\/uploads\/2022\/12\/NEIVA-6.jpeg\" alt=\"\" width=\"552\" height=\"379\" srcset=\"https:\/\/oscarhumbertogomez.com\/wp-content\/uploads\/2022\/12\/NEIVA-6.jpeg 552w, https:\/\/oscarhumbertogomez.com\/wp-content\/uploads\/2022\/12\/NEIVA-6-300x206.jpeg 300w\" sizes=\"auto, (max-width: 552px) 100vw, 552px\" \/><\/p>\n<p>&nbsp;<\/p>\n<p>MIGUEL \u00c1NGEL \u201dEL SAPO\u201d VILLORIA era un conocido periodista local que se ufanaba de pertenecer a la \u00e9lite social de NEIVA. Se convirti\u00f3 en figura destacada de este pintoresco episodio por haberle regalado al supuesto embajador de la India una joya que hab\u00eda conservado toda la vida: un valioso anillo de oro que ten\u00eda grabado en relieve el escudo de su ilustre familia.<\/p>\n<p>&nbsp;<\/p>\n<p><img loading=\"lazy\" decoding=\"async\" class=\"aligncenter size-full wp-image-43319\" src=\"https:\/\/oscarhumbertogomez.com\/wp-content\/uploads\/2022\/12\/NEIVA-7-.jpeg\" alt=\"\" width=\"552\" height=\"385\" srcset=\"https:\/\/oscarhumbertogomez.com\/wp-content\/uploads\/2022\/12\/NEIVA-7-.jpeg 552w, https:\/\/oscarhumbertogomez.com\/wp-content\/uploads\/2022\/12\/NEIVA-7--300x209.jpeg 300w\" sizes=\"auto, (max-width: 552px) 100vw, 552px\" \/><\/p>\n<p>&nbsp;<\/p>\n<p>Otro de los protagonistas fue el m\u00e9dico ABELARDO GARC\u00cdA SALAS, apodado \u201cCAVICAS\u201d. Su suegro le hab\u00eda tra\u00eddo de GRECIA una fina camisa de seda. \u00c9l no se la hab\u00eda estrenado, pues la conservaba como una valiosa prenda que deb\u00eda mantener guardada, pero consider\u00f3 que \u201cSu Excelencia\u201d, el embajador de la India, deb\u00eda ser quien la usara y se la obsequi\u00f3 al supuesto diplom\u00e1tico.<\/p>\n<p>El maestro VILLAMIL no dej\u00f3 pasar inadvertido este hecho y, por supuesto, meti\u00f3 en su canci\u00f3n a \u201cCAVICAS GARC\u00cdA\u201d.<\/p>\n<p>&nbsp;<\/p>\n<p><img loading=\"lazy\" decoding=\"async\" class=\"aligncenter size-full wp-image-43320\" src=\"https:\/\/oscarhumbertogomez.com\/wp-content\/uploads\/2022\/12\/NEIVA-8.jpeg\" alt=\"\" width=\"552\" height=\"377\" srcset=\"https:\/\/oscarhumbertogomez.com\/wp-content\/uploads\/2022\/12\/NEIVA-8.jpeg 552w, https:\/\/oscarhumbertogomez.com\/wp-content\/uploads\/2022\/12\/NEIVA-8-300x205.jpeg 300w\" sizes=\"auto, (max-width: 552px) 100vw, 552px\" \/><\/p>\n<p>&nbsp;<\/p>\n<p>ALBERTO VARGAS MESA, por su parte, era el due\u00f1o de la lavander\u00eda, pero el supuesto diplom\u00e1tico hind\u00fa le prometi\u00f3 que lo llevar\u00eda a su pa\u00eds para que ampliara sus limitados conocimientos con el aprendizaje de novedosas t\u00e9cnicas de tintorer\u00eda.<\/p>\n<p>La canci\u00f3n dice que el falso diplom\u00e1tico indio \u201cA Vargas Mesa mandaba a estudiar lavander\u00eda\u201d.<\/p>\n<p>&nbsp;<\/p>\n<p><img loading=\"lazy\" decoding=\"async\" class=\"aligncenter size-large wp-image-43347\" src=\"https:\/\/oscarhumbertogomez.com\/wp-content\/uploads\/2022\/12\/LAVANDERIA-1024x768.jpeg\" alt=\"\" width=\"640\" height=\"480\" srcset=\"https:\/\/oscarhumbertogomez.com\/wp-content\/uploads\/2022\/12\/LAVANDERIA-1024x768.jpeg 1024w, https:\/\/oscarhumbertogomez.com\/wp-content\/uploads\/2022\/12\/LAVANDERIA-300x225.jpeg 300w, https:\/\/oscarhumbertogomez.com\/wp-content\/uploads\/2022\/12\/LAVANDERIA-768x576.jpeg 768w, https:\/\/oscarhumbertogomez.com\/wp-content\/uploads\/2022\/12\/LAVANDERIA-1536x1152.jpeg 1536w, https:\/\/oscarhumbertogomez.com\/wp-content\/uploads\/2022\/12\/LAVANDERIA.jpeg 1920w\" sizes=\"auto, (max-width: 640px) 100vw, 640px\" \/><\/p>\n<p>&nbsp;<\/p>\n<p>El coronel PEPE RIVAS, comandante del BATALL\u00d3N TENERIFE, fue quien llev\u00f3 al supuesto diplom\u00e1tico \u201cal casino de oficiales\u201d del Ej\u00e9rcito pero, eso s\u00ed, \u201centre honores militares\u201d.<\/p>\n<p>&nbsp;<\/p>\n<p><img loading=\"lazy\" decoding=\"async\" class=\"aligncenter size-full wp-image-43321\" src=\"https:\/\/oscarhumbertogomez.com\/wp-content\/uploads\/2022\/12\/BATALLON-TENERIFE.jpeg\" alt=\"\" width=\"890\" height=\"467\" srcset=\"https:\/\/oscarhumbertogomez.com\/wp-content\/uploads\/2022\/12\/BATALLON-TENERIFE.jpeg 890w, https:\/\/oscarhumbertogomez.com\/wp-content\/uploads\/2022\/12\/BATALLON-TENERIFE-300x157.jpeg 300w, https:\/\/oscarhumbertogomez.com\/wp-content\/uploads\/2022\/12\/BATALLON-TENERIFE-768x403.jpeg 768w\" sizes=\"auto, (max-width: 890px) 100vw, 890px\" \/><\/p>\n<p>&nbsp;<\/p>\n<p>Al empresario IGNACIO SOLANO le prometi\u00f3 \u201cel embajador\u201d que desde la India le enviar\u00eda \u201csemillas de pasto del desierto\u201d. De esa manera, SOLANO podr\u00eda convertir en f\u00e9rtiles las \u00e1ridas tierras del DESIERTO DE LA TATACOA, ubicado en el norte del HUILA, a 38 km de NEIVA y a 10 km de NATAGAIMA.<\/p>\n<p>&nbsp;<\/p>\n<p><img loading=\"lazy\" decoding=\"async\" class=\"aligncenter size-large wp-image-43322\" src=\"https:\/\/oscarhumbertogomez.com\/wp-content\/uploads\/2022\/12\/Desierto_de_La_Tatacoa-1024x683.jpeg\" alt=\"\" width=\"640\" height=\"427\" srcset=\"https:\/\/oscarhumbertogomez.com\/wp-content\/uploads\/2022\/12\/Desierto_de_La_Tatacoa-1024x683.jpeg 1024w, https:\/\/oscarhumbertogomez.com\/wp-content\/uploads\/2022\/12\/Desierto_de_La_Tatacoa-300x200.jpeg 300w, https:\/\/oscarhumbertogomez.com\/wp-content\/uploads\/2022\/12\/Desierto_de_La_Tatacoa-768x512.jpeg 768w, https:\/\/oscarhumbertogomez.com\/wp-content\/uploads\/2022\/12\/Desierto_de_La_Tatacoa-1536x1024.jpeg 1536w, https:\/\/oscarhumbertogomez.com\/wp-content\/uploads\/2022\/12\/Desierto_de_La_Tatacoa-2048x1366.jpeg 2048w\" sizes=\"auto, (max-width: 640px) 100vw, 640px\" \/><\/p>\n<p>&nbsp;<\/p>\n<p>Un detalle que no pas\u00f3 inadvertido ni en la canci\u00f3n del doctor VILLAMIL, ni en la pel\u00edcula, fue el de la promesa que el supuesto diplom\u00e1tico hind\u00fa les hizo a las principales damas de NEIVA en el sentido de que les iba a enviar desde la INDIA \u201cel traje de la Naci\u00f3n\u201c, es decir, el traje t\u00edpico o emblem\u00e1tico que lucen las damas en ese pa\u00eds y que se llama \u201cEL SARI\u201d, para lo cual program\u00f3 la respectiva toma de medidas a todas ellas, actuaci\u00f3n que se llev\u00f3 a cabo en el HOTEL PLAZA por parte del ya para ese momento aclamado personaje \u201cextranjero\u201d, con el apoyo log\u00edstico de cartab\u00f3n, cuaderno y l\u00e1piz.<\/p>\n<p>&nbsp;<\/p>\n<p><img loading=\"lazy\" decoding=\"async\" class=\"aligncenter size-full wp-image-43323\" src=\"https:\/\/oscarhumbertogomez.com\/wp-content\/uploads\/2022\/12\/SARI.jpeg\" alt=\"\" width=\"449\" height=\"769\" srcset=\"https:\/\/oscarhumbertogomez.com\/wp-content\/uploads\/2022\/12\/SARI.jpeg 449w, https:\/\/oscarhumbertogomez.com\/wp-content\/uploads\/2022\/12\/SARI-175x300.jpeg 175w\" sizes=\"auto, (max-width: 449px) 100vw, 449px\" \/><\/p>\n<p>&nbsp;<\/p>\n<p><img loading=\"lazy\" decoding=\"async\" class=\"aligncenter size-large wp-image-43308\" src=\"https:\/\/oscarhumbertogomez.com\/wp-content\/uploads\/2022\/12\/EDI-Embajador-D-India-1024x439.jpeg\" alt=\"\" width=\"640\" height=\"274\" srcset=\"https:\/\/oscarhumbertogomez.com\/wp-content\/uploads\/2022\/12\/EDI-Embajador-D-India-1024x439.jpeg 1024w, https:\/\/oscarhumbertogomez.com\/wp-content\/uploads\/2022\/12\/EDI-Embajador-D-India-300x129.jpeg 300w, https:\/\/oscarhumbertogomez.com\/wp-content\/uploads\/2022\/12\/EDI-Embajador-D-India-768x329.jpeg 768w, https:\/\/oscarhumbertogomez.com\/wp-content\/uploads\/2022\/12\/EDI-Embajador-D-India-1536x658.jpeg 1536w, https:\/\/oscarhumbertogomez.com\/wp-content\/uploads\/2022\/12\/EDI-Embajador-D-India.jpeg 1920w\" sizes=\"auto, (max-width: 640px) 100vw, 640px\" \/><\/p>\n<p>&nbsp;<\/p>\n<p>En fin, familia, amigas y amigos, ahora s\u00ed vayan poni\u00e9ndose los aud\u00edfonos, que aqu\u00ed llega de nuevo el maestro ULISES CHARRY con su agrupaci\u00f3n AIRES DE PE\u00d1ABLANCA y la canci\u00f3n \u201cEL EMBAJADOR\u201d, de JORGE VILLAMIL.<\/p>\n<p>&nbsp;<\/p>\n<p><iframe loading=\"lazy\" title=\"YouTube video player\" src=\"https:\/\/www.youtube-nocookie.com\/embed\/C367qGX_vkg?controls=0\" width=\"560\" height=\"315\" frameborder=\"0\" allowfullscreen=\"allowfullscreen\"><\/iframe><\/p>\n<p>&nbsp;<\/p>\n<p><strong> FOTOGRAF\u00cdAS: AMMO CONTENT, RTVCPLAY.CO, PROIMAGENESCOLOMBIA.COM, JORGE VILLAMIL.CO, DIARIO DEL HUILA, LA NACI\u00d3N, LA CASA DEL FOLCLOR, JENNIFER ORTIZ MORALES (PINTEREST), SARA PONS (WIKIPEDIA), EVERESTGRUPO.COM, CARLOS LOSADA, FERNANDO POLO, LUIS HERN\u00c1NDEZ Y ALEJANDRO SAAVEDRA<\/strong><br \/>\n<strong>&nbsp;<\/strong><\/p>\n<p><strong> \u00d3SCAR HUMBERTO G\u00d3MEZ G\u00d3MEZ.<\/strong> Miembro de N\u00famero de la Academia de Historia de Santander. Miembro del Colegio Nacional de Periodistas (CNP). Miembro de la Sociedad de Autores y Compositores de Colombia (SAYCO). Miembro del ilustre y desaparecido Colegio de Abogados de Santander.<\/p>\n<p>&nbsp;<\/p>\n","protected":false},"excerpt":{"rendered":"<p>&nbsp; En diciembre de 1962, hace 60 a\u00f1os, lleg\u00f3 a la ciudad de NEIVA, capital del departamento del HUILA, el personaje que ir\u00eda a protagonizar uno de los episodios m\u00e1s simp\u00e1ticos de nuestra historia: \u201cEL EMBAJADOR DE LA INDIA\u201d. Se &hellip; <a href=\"https:\/\/oscarhumbertogomez.com\/?p=43292\">Sigue leyendo <span class=\"meta-nav\">&rarr;<\/span><\/a><\/p>\n<div class='heateorSssClear'><\/div><div  class='heateor_sss_sharing_container heateor_sss_horizontal_sharing' heateor-sss-data-href='https:\/\/oscarhumbertogomez.com\/?p=43292'><div class='heateor_sss_sharing_title' style=\"font-weight:bold\" >\u00a1Gracias por compartirla!<\/div><ul class=\"heateor_sss_sharing_ul\"><li class=\"heateorSssSharingRound\"><i style=\"width:35px;height:35px;border-radius:999px;\" alt=\"Facebook\" Title=\"Facebook\" class=\"heateorSssSharing heateorSssFacebookBackground\" onclick='heateorSssPopup(\"https:\/\/www.facebook.com\/sharer\/sharer.php?u=https%3A%2F%2Foscarhumbertogomez.com%2Findex.php%3Frest_route%3D%252Fwp%252Fv2%252Fposts%252F43292\")'><ss style=\"display:block;border-radius:999px;\" class=\"heateorSssSharingSvg heateorSssFacebookSvg\"><\/ss><\/i><\/li><li class=\"heateorSssSharingRound\"><i style=\"width:35px;height:35px;border-radius:999px;\" alt=\"Twitter\" Title=\"Twitter\" class=\"heateorSssSharing heateorSssTwitterBackground\" onclick='heateorSssPopup(\"http:\/\/twitter.com\/intent\/tweet?text=En%20diciembre%20de%201962%20lleg%C3%B3%20a%20Neiva%20%22el%20embajador%20de%20la%20India%22.%20Cr%C3%B3nica%20de%20un%20chasco%20hist%C3%B3rico.%20Por%20%C3%93scar%20Humberto%20G%C3%B3mez%20G%C3%B3mez&url=https%3A%2F%2Foscarhumbertogomez.com%2Findex.php%3Frest_route%3D%252Fwp%252Fv2%252Fposts%252F43292\")'><ss style=\"display:block;border-radius:999px;\" class=\"heateorSssSharingSvg heateorSssTwitterSvg\"><\/ss><\/i><\/li><li class=\"heateorSssSharingRound\"><i style=\"width:35px;height:35px;border-radius:999px;\" alt=\"Whatsapp\" Title=\"Whatsapp\" class=\"heateorSssSharing heateorSssWhatsappBackground\" onclick='heateorSssPopup(\"https:\/\/web.whatsapp.com\/send?text=En%20diciembre%20de%201962%20lleg%C3%B3%20a%20Neiva%20%22el%20embajador%20de%20la%20India%22.%20Cr%C3%B3nica%20de%20un%20chasco%20hist%C3%B3rico.%20Por%20%C3%93scar%20Humberto%20G%C3%B3mez%20G%C3%B3mez https%3A%2F%2Foscarhumbertogomez.com%2Findex.php%3Frest_route%3D%252Fwp%252Fv2%252Fposts%252F43292\")'><ss style=\"display:block\" class=\"heateorSssSharingSvg heateorSssWhatsappSvg\"><\/ss><\/i><\/li><li class=\"heateorSssSharingRound\"><i style=\"width:35px;height:35px;border-radius:999px;\" alt=\"Pinterest\" Title=\"Pinterest\" class=\"heateorSssSharing heateorSssPinterestBackground\" onclick=\"javascript:void( (function() {var e=document.createElement('script' );e.setAttribute('type','text\/javascript' );e.setAttribute('charset','UTF-8' );e.setAttribute('src','\/\/assets.pinterest.com\/js\/pinmarklet.js?r='+Math.random()*99999999);document.body.appendChild(e)})());\"><ss style=\"display:block;border-radius:999px;\" class=\"heateorSssSharingSvg heateorSssPinterestSvg\"><\/ss><\/i><\/li><li class=\"heateorSssSharingRound\"><i style=\"width:35px;height:35px;border-radius:999px;\" alt=\"Google Gmail\" Title=\"Google Gmail\" class=\"heateorSssSharing heateorSssGoogleGmailBackground\" onclick='heateorSssPopup(\"https:\/\/mail.google.com\/mail\/?ui=2&view=cm&fs=1&tf=1&su=En%20diciembre%20de%201962%20lleg%C3%B3%20a%20Neiva%20%22el%20embajador%20de%20la%20India%22.%20Cr%C3%B3nica%20de%20un%20chasco%20hist%C3%B3rico.%20Por%20%C3%93scar%20Humberto%20G%C3%B3mez%20G%C3%B3mez&body=Link:https%3A%2F%2Foscarhumbertogomez.com%2Findex.php%3Frest_route%3D%252Fwp%252Fv2%252Fposts%252F43292\")'><ss style=\"display:block;border-radius:999px;\" class=\"heateorSssSharingSvg heateorSssGoogleGmailSvg\"><\/ss><\/i><\/li><li class=\"heateorSssSharingRound\"><i style=\"width:35px;height:35px;border-radius:999px;\" title=\"More\" alt=\"More\" class=\"heateorSssSharing heateorSssMoreBackground\" onclick=\"heateorSssMoreSharingPopup(this, 'https:\/\/oscarhumbertogomez.com\/index.php?rest_route=%2Fwp%2Fv2%2Fposts%2F43292', 'En%20diciembre%20de%201962%20lleg%C3%B3%20a%20Neiva%20%22el%20embajador%20de%20la%20India%22.%20Cr%C3%B3nica%20de%20un%20chasco%20hist%C3%B3rico.%20Por%20%C3%93scar%20Humberto%20G%C3%B3mez%20G%C3%B3mez', '' )\" ><ss style=\"display:block\" class=\"heateorSssSharingSvg heateorSssMoreSvg\"><\/ss><\/i><\/li><\/ul><div class=\"heateorSssClear\"><\/div><\/div><div class='heateorSssClear'><\/div>","protected":false},"author":2,"featured_media":0,"comment_status":"closed","ping_status":"closed","sticky":false,"template":"","format":"standard","meta":{"spay_email":"","footnotes":""},"categories":[55,12,8],"tags":[],"class_list":["post-43292","post","type-post","status-publish","format-standard","hentry","category-cine-y-television","category-historia","category-musica"],"jetpack_featured_media_url":"","jetpack_shortlink":"https:\/\/wp.me\/p1FYrr-bgg","_links":{"self":[{"href":"https:\/\/oscarhumbertogomez.com\/index.php?rest_route=\/wp\/v2\/posts\/43292","targetHints":{"allow":["GET"]}}],"collection":[{"href":"https:\/\/oscarhumbertogomez.com\/index.php?rest_route=\/wp\/v2\/posts"}],"about":[{"href":"https:\/\/oscarhumbertogomez.com\/index.php?rest_route=\/wp\/v2\/types\/post"}],"author":[{"embeddable":true,"href":"https:\/\/oscarhumbertogomez.com\/index.php?rest_route=\/wp\/v2\/users\/2"}],"replies":[{"embeddable":true,"href":"https:\/\/oscarhumbertogomez.com\/index.php?rest_route=%2Fwp%2Fv2%2Fcomments&post=43292"}],"version-history":[{"count":5,"href":"https:\/\/oscarhumbertogomez.com\/index.php?rest_route=\/wp\/v2\/posts\/43292\/revisions"}],"predecessor-version":[{"id":43411,"href":"https:\/\/oscarhumbertogomez.com\/index.php?rest_route=\/wp\/v2\/posts\/43292\/revisions\/43411"}],"wp:attachment":[{"href":"https:\/\/oscarhumbertogomez.com\/index.php?rest_route=%2Fwp%2Fv2%2Fmedia&parent=43292"}],"wp:term":[{"taxonomy":"category","embeddable":true,"href":"https:\/\/oscarhumbertogomez.com\/index.php?rest_route=%2Fwp%2Fv2%2Fcategories&post=43292"},{"taxonomy":"post_tag","embeddable":true,"href":"https:\/\/oscarhumbertogomez.com\/index.php?rest_route=%2Fwp%2Fv2%2Ftags&post=43292"}],"curies":[{"name":"wp","href":"https:\/\/api.w.org\/{rel}","templated":true}]}}