{"id":4337,"date":"2012-05-29T16:16:19","date_gmt":"2012-05-29T21:16:19","guid":{"rendered":"http:\/\/www.oscarhumbertogomez.com\/?p=4337"},"modified":"2025-03-26T09:40:15","modified_gmt":"2025-03-26T14:40:15","slug":"homo-sapiens-unica-especie-que-secuestra-por-manuel-enrique-rey","status":"publish","type":"post","link":"https:\/\/oscarhumbertogomez.com\/?p=4337","title":{"rendered":"Homo sapiens, \u00fanica especie que secuestra. Por Manuel Enrique Rey Sanmiguel"},"content":{"rendered":"<p><img decoding=\"async\" class=\"aligncenter size-full wp-image-16785\" title=\"Manuel Enrique\" src=\"https:\/\/lapiedrafilosofal.com\/wp-content\/uploads\/2015\/05\/Manuel-Enrique.jpg\" alt=\"\" width=\"500\" srcset=\"https:\/\/oscarhumbertogomez.com\/wp-content\/uploads\/2015\/05\/Manuel-Enrique.jpg 224w, https:\/\/oscarhumbertogomez.com\/wp-content\/uploads\/2015\/05\/Manuel-Enrique-209x300.jpg 209w\" sizes=\"(max-width: 224px) 100vw, 224px\" \/> <strong><\/strong><\/p>\n<p>&nbsp;<\/p>\n<p>Sin importar si la retenci\u00f3n del periodista franc\u00e9s Romeo Langlois pueda o no considerarse un atentado a la libertad de prensa, como tampoco qu\u00e9 es lo que se busca cuando se captura a un ser humano por uno cualquiera de los grupos en conflicto, o si dicho acto se realiza para lograr un pelda\u00f1o m\u00e1s de posicionamiento en aras de la obtenci\u00f3n del poder, lo importante que debiera tenerse en cuenta con la persona secuestrada es que es un ser humano, top en la escala de la sapiencia, y que como tal, tiene que evitarse cualquier retaliaci\u00f3n conducente a la muerte, dado por ejemplo el caso com\u00fan y corriente, de que el retenido pertenezca a un grupo ideol\u00f3gico o militar contrario al de sus secuestradores. La vida humana es un don preciado y \u00fanico, que si se pierde, con ning\u00fan artilugio podr\u00eda lograrse de nuevo.<br \/>\nLamentablemente, somos la \u00fanica especie capaz de evolucionar racional y culturalmente en relaci\u00f3n con las t\u00e1cticas depredadoras puestas a favor del exterminio de quien piensa o act\u00faa distinto a nosotros. Ninguna especie ha pensado tanto en la importancia de la libertad como la nuestra; sin embargo, esa misma liberalidad que a veces termina confundida etimol\u00f3gicamente con el ideario o el idealismo liberal, raras veces le permite a cada individualidad conformar bloques que puedan blindarnos permanentemente de la intolerancia, ni que pueda comprenderse de una vez por todas que \u201cSer liberal consiste en entenderse con quien pierde o es considerado distinto, siendo tolerante&#8221;.<br \/>\nTal vez los colombianos, en su gran mayor\u00eda, fallamos cuando tratamos de encontrar la proped\u00e9utica adecuada que pueda formar parte de un inter\u00e9s p\u00fablico colectivo en cuanto a permitirnos acoger humildemente la que, sin embargo, podr\u00eda entenderse como una mala compasi\u00f3n, si se quiere, pero necesaria, que incluso se pensase como un yerro, pero que de todos modos nos abriera el coraz\u00f3n a la bondad, apoyados en la m\u00e1xima de que una noble causa de la libertad jam\u00e1s podr\u00eda descansar sobre el terror.<br \/>\nLa historia del hombre es la de la sinraz\u00f3n. Nadie entiende por qu\u00e9, perteneciendo el hombre a una especie que es doblemente sapiente -seg\u00fan Linneo- sea la \u00fanica que pudo haber inventado el secuestro. Jam\u00e1s hemos pensado que esa pr\u00e1ctica mostrenca pueda llegar a tener fin; tampoco, el por qu\u00e9 con tanta frecuencia la muerte se convierte en su principal invitada. A la locura le falta raz\u00f3n. Sin embargo, qui\u00e9n no ha hecho culto y reverencia en alg\u00fan momento de su vida a la estulticia. La fantas\u00eda, cuando es abandonada de la raz\u00f3n, produce monstruosidades consideradas imposibles. Unida a ella \u2013seg\u00fan lo estableciera el pintor espa\u00f1ol Francisco de Goya- es madre de las artes y origen de las maravillas.<br \/>\nHabr\u00eda que razonar para entender por qu\u00e9, al menos en el caso del secuestro, la mente abandonada de la raz\u00f3n se encarga de incitarnos al exabrupto. Es lo que nos pasa a los colombianos, a quienes, al no o\u00edr el grito de la raz\u00f3n, todo se nos vuelve visiones.<\/p>\n<p>&nbsp;<\/p>\n","protected":false},"excerpt":{"rendered":"<p>&nbsp; Sin importar si la retenci\u00f3n del periodista franc\u00e9s Romeo Langlois pueda o no considerarse un atentado a la libertad de prensa, como tampoco qu\u00e9 es lo que se busca cuando se captura a un ser humano por uno cualquiera &hellip; <a href=\"https:\/\/oscarhumbertogomez.com\/?p=4337\">Sigue leyendo <span class=\"meta-nav\">&rarr;<\/span><\/a><\/p>\n<div class='heateorSssClear'><\/div><div  class='heateor_sss_sharing_container heateor_sss_horizontal_sharing' heateor-sss-data-href='https:\/\/oscarhumbertogomez.com\/?p=4337'><div class='heateor_sss_sharing_title' style=\"font-weight:bold\" >\u00a1Gracias por compartirla!<\/div><ul class=\"heateor_sss_sharing_ul\"><li class=\"heateorSssSharingRound\"><i style=\"width:35px;height:35px;border-radius:999px;\" alt=\"Facebook\" Title=\"Facebook\" class=\"heateorSssSharing heateorSssFacebookBackground\" onclick='heateorSssPopup(\"https:\/\/www.facebook.com\/sharer\/sharer.php?u=https%3A%2F%2Foscarhumbertogomez.com%2Findex.php%3Frest_route%3D%252Fwp%252Fv2%252Fposts%252F4337\")'><ss style=\"display:block;border-radius:999px;\" class=\"heateorSssSharingSvg heateorSssFacebookSvg\"><\/ss><\/i><\/li><li class=\"heateorSssSharingRound\"><i style=\"width:35px;height:35px;border-radius:999px;\" alt=\"Twitter\" Title=\"Twitter\" class=\"heateorSssSharing heateorSssTwitterBackground\" onclick='heateorSssPopup(\"http:\/\/twitter.com\/intent\/tweet?text=Homo%20sapiens%2C%20%C3%BAnica%20especie%20que%20secuestra.%20Por%20Manuel%20Enrique%20Rey%20Sanmiguel&url=https%3A%2F%2Foscarhumbertogomez.com%2Findex.php%3Frest_route%3D%252Fwp%252Fv2%252Fposts%252F4337\")'><ss style=\"display:block;border-radius:999px;\" class=\"heateorSssSharingSvg heateorSssTwitterSvg\"><\/ss><\/i><\/li><li class=\"heateorSssSharingRound\"><i style=\"width:35px;height:35px;border-radius:999px;\" alt=\"Whatsapp\" Title=\"Whatsapp\" class=\"heateorSssSharing heateorSssWhatsappBackground\" onclick='heateorSssPopup(\"https:\/\/web.whatsapp.com\/send?text=Homo%20sapiens%2C%20%C3%BAnica%20especie%20que%20secuestra.%20Por%20Manuel%20Enrique%20Rey%20Sanmiguel https%3A%2F%2Foscarhumbertogomez.com%2Findex.php%3Frest_route%3D%252Fwp%252Fv2%252Fposts%252F4337\")'><ss style=\"display:block\" class=\"heateorSssSharingSvg heateorSssWhatsappSvg\"><\/ss><\/i><\/li><li class=\"heateorSssSharingRound\"><i style=\"width:35px;height:35px;border-radius:999px;\" alt=\"Pinterest\" Title=\"Pinterest\" class=\"heateorSssSharing heateorSssPinterestBackground\" onclick=\"javascript:void( (function() {var e=document.createElement('script' );e.setAttribute('type','text\/javascript' );e.setAttribute('charset','UTF-8' );e.setAttribute('src','\/\/assets.pinterest.com\/js\/pinmarklet.js?r='+Math.random()*99999999);document.body.appendChild(e)})());\"><ss style=\"display:block;border-radius:999px;\" class=\"heateorSssSharingSvg heateorSssPinterestSvg\"><\/ss><\/i><\/li><li class=\"heateorSssSharingRound\"><i style=\"width:35px;height:35px;border-radius:999px;\" alt=\"Google Gmail\" Title=\"Google Gmail\" class=\"heateorSssSharing heateorSssGoogleGmailBackground\" onclick='heateorSssPopup(\"https:\/\/mail.google.com\/mail\/?ui=2&view=cm&fs=1&tf=1&su=Homo%20sapiens%2C%20%C3%BAnica%20especie%20que%20secuestra.%20Por%20Manuel%20Enrique%20Rey%20Sanmiguel&body=Link:https%3A%2F%2Foscarhumbertogomez.com%2Findex.php%3Frest_route%3D%252Fwp%252Fv2%252Fposts%252F4337\")'><ss style=\"display:block;border-radius:999px;\" class=\"heateorSssSharingSvg heateorSssGoogleGmailSvg\"><\/ss><\/i><\/li><li class=\"heateorSssSharingRound\"><i style=\"width:35px;height:35px;border-radius:999px;\" title=\"More\" alt=\"More\" class=\"heateorSssSharing heateorSssMoreBackground\" onclick=\"heateorSssMoreSharingPopup(this, 'https:\/\/oscarhumbertogomez.com\/index.php?rest_route=%2Fwp%2Fv2%2Fposts%2F4337', 'Homo%20sapiens%2C%20%C3%BAnica%20especie%20que%20secuestra.%20Por%20Manuel%20Enrique%20Rey%20Sanmiguel', '' )\" ><ss style=\"display:block\" class=\"heateorSssSharingSvg heateorSssMoreSvg\"><\/ss><\/i><\/li><\/ul><div class=\"heateorSssClear\"><\/div><\/div><div class='heateorSssClear'><\/div>","protected":false},"author":2,"featured_media":0,"comment_status":"closed","ping_status":"closed","sticky":false,"template":"","format":"standard","meta":{"spay_email":"","footnotes":""},"categories":[6],"tags":[],"class_list":["post-4337","post","type-post","status-publish","format-standard","hentry","category-la-pluma-ajena"],"jetpack_featured_media_url":"","jetpack_shortlink":"https:\/\/wp.me\/p1FYrr-17X","_links":{"self":[{"href":"https:\/\/oscarhumbertogomez.com\/index.php?rest_route=\/wp\/v2\/posts\/4337","targetHints":{"allow":["GET"]}}],"collection":[{"href":"https:\/\/oscarhumbertogomez.com\/index.php?rest_route=\/wp\/v2\/posts"}],"about":[{"href":"https:\/\/oscarhumbertogomez.com\/index.php?rest_route=\/wp\/v2\/types\/post"}],"author":[{"embeddable":true,"href":"https:\/\/oscarhumbertogomez.com\/index.php?rest_route=\/wp\/v2\/users\/2"}],"replies":[{"embeddable":true,"href":"https:\/\/oscarhumbertogomez.com\/index.php?rest_route=%2Fwp%2Fv2%2Fcomments&post=4337"}],"version-history":[{"count":5,"href":"https:\/\/oscarhumbertogomez.com\/index.php?rest_route=\/wp\/v2\/posts\/4337\/revisions"}],"predecessor-version":[{"id":52964,"href":"https:\/\/oscarhumbertogomez.com\/index.php?rest_route=\/wp\/v2\/posts\/4337\/revisions\/52964"}],"wp:attachment":[{"href":"https:\/\/oscarhumbertogomez.com\/index.php?rest_route=%2Fwp%2Fv2%2Fmedia&parent=4337"}],"wp:term":[{"taxonomy":"category","embeddable":true,"href":"https:\/\/oscarhumbertogomez.com\/index.php?rest_route=%2Fwp%2Fv2%2Fcategories&post=4337"},{"taxonomy":"post_tag","embeddable":true,"href":"https:\/\/oscarhumbertogomez.com\/index.php?rest_route=%2Fwp%2Fv2%2Ftags&post=4337"}],"curies":[{"name":"wp","href":"https:\/\/api.w.org\/{rel}","templated":true}]}}