{"id":43429,"date":"2023-01-10T22:01:00","date_gmt":"2023-01-11T03:01:00","guid":{"rendered":"https:\/\/oscarhumbertogomez.com\/?p=43429"},"modified":"2023-05-06T19:24:48","modified_gmt":"2023-05-07T00:24:48","slug":"el-tardio-descubrimiento-de-walter-ardila-como-talentoso-cantante-y-actor-santandereano-por-oscar-humberto-gomez-gomez","status":"publish","type":"post","link":"https:\/\/oscarhumbertogomez.com\/?p=43429","title":{"rendered":"El descubrimiento de Walter Ardila. Por \u00d3scar Humberto G\u00f3mez G\u00f3mez"},"content":{"rendered":"<div id=\"attachment_43438\" style=\"width: 970px\" class=\"wp-caption aligncenter\"><img loading=\"lazy\" decoding=\"async\" aria-describedby=\"caption-attachment-43438\" class=\"size-full wp-image-43438\" src=\"https:\/\/oscarhumbertogomez.com\/wp-content\/uploads\/2023\/01\/Walter-Ardila-en-Pienta-la-hormiga-y-el-coronel.jpeg\" alt=\"\" width=\"960\" height=\"540\" srcset=\"https:\/\/oscarhumbertogomez.com\/wp-content\/uploads\/2023\/01\/Walter-Ardila-en-Pienta-la-hormiga-y-el-coronel.jpeg 960w, https:\/\/oscarhumbertogomez.com\/wp-content\/uploads\/2023\/01\/Walter-Ardila-en-Pienta-la-hormiga-y-el-coronel-300x169.jpeg 300w, https:\/\/oscarhumbertogomez.com\/wp-content\/uploads\/2023\/01\/Walter-Ardila-en-Pienta-la-hormiga-y-el-coronel-768x432.jpeg 768w\" sizes=\"auto, (max-width: 960px) 100vw, 960px\" \/><p id=\"caption-attachment-43438\" class=\"wp-caption-text\">WALTER ARDILA EN EL CORTOMETRAJE &#8220;PIENTA&#8221;<\/p><\/div>\n<p>&nbsp;<\/p>\n<p>De lo primero que habr\u00eda de darme cuenta la festiva noche de fin de semana en que conoc\u00ed a WALTER ARDILA, un hombre alto, m\u00e1s o menos de mi edad, delgado y de barba, que se encontraba sentado y con las piernas cruzadas al frente de un karaoke instalado en el antejard\u00edn de mi casa, fue de su desconcertante talento para cantar baladas.<\/p>\n<p>Lo escuch\u00e9 cantar, micr\u00f3fono en mano, aquella c\u00e1lida noche de fiesta mientras se acompa\u00f1aba de pistas puestas a sonar en su propio equipo de amplificaci\u00f3n.<\/p>\n<p>&nbsp;<\/p>\n<p><img loading=\"lazy\" decoding=\"async\" class=\"aligncenter size-full wp-image-13227\" title=\"pienta\" src=\"https:\/\/lapiedrafilosofal.com\/wp-content\/uploads\/2014\/08\/pienta.jpg\" alt=\"\" width=\"640\" height=\"960\" srcset=\"https:\/\/oscarhumbertogomez.com\/wp-content\/uploads\/2014\/08\/pienta.jpg 640w, https:\/\/oscarhumbertogomez.com\/wp-content\/uploads\/2014\/08\/pienta-200x300.jpg 200w\" sizes=\"auto, (max-width: 640px) 100vw, 640px\" \/><\/p>\n<p>&nbsp;<\/p>\n<p>Lo hab\u00eda contratado mi esposa y por eso se encontraba all\u00ed, controlando, sin que yo supiera c\u00f3mo, una pantalla enorme sobre la que iban apareciendo, en caracteres grandes y brillantes, las letras de reconocidas canciones rom\u00e1nticas sobre unos m\u00e1gicos fondos de paisajes coloridos y luminosos.<\/p>\n<p>&nbsp;<\/p>\n<div id=\"attachment_43440\" style=\"width: 650px\" class=\"wp-caption aligncenter\"><img loading=\"lazy\" decoding=\"async\" aria-describedby=\"caption-attachment-43440\" class=\"size-large wp-image-43440\" src=\"https:\/\/oscarhumbertogomez.com\/wp-content\/uploads\/2023\/01\/WALTER-MARIO-1024x768.jpeg\" alt=\"\" width=\"640\" height=\"480\" srcset=\"https:\/\/oscarhumbertogomez.com\/wp-content\/uploads\/2023\/01\/WALTER-MARIO-1024x768.jpeg 1024w, https:\/\/oscarhumbertogomez.com\/wp-content\/uploads\/2023\/01\/WALTER-MARIO-300x225.jpeg 300w, https:\/\/oscarhumbertogomez.com\/wp-content\/uploads\/2023\/01\/WALTER-MARIO-768x576.jpeg 768w, https:\/\/oscarhumbertogomez.com\/wp-content\/uploads\/2023\/01\/WALTER-MARIO-1536x1152.jpeg 1536w, https:\/\/oscarhumbertogomez.com\/wp-content\/uploads\/2023\/01\/WALTER-MARIO.jpeg 1600w\" sizes=\"auto, (max-width: 640px) 100vw, 640px\" \/><p id=\"caption-attachment-43440\" class=\"wp-caption-text\">WALTER ARDILA Y MARIO MANTILLA, DIRECTOR DE &#8220;PIENTA, LA HORMIGA Y EL CORONEL&#8221;<\/p><\/div>\n<p>&nbsp;<\/p>\n<p>S\u00ed: lo escuch\u00e9 esa noche interpretar canciones que en su momento hab\u00edan sido dadas a conocer al mundo de habla hispana por artistas tan destacados como el magn\u00edfico cantautor espa\u00f1ol Nino Bravo, el estupendo cantautor brasile\u00f1o Roberto Carlos o el excelente cantautor argentino Leonardo Favio, entre muchos otros. (S\u00ed, entre muchos otros: porque tambi\u00e9n podr\u00eda citar a Leo Dan, o a Sandro, o a Nelson Ned, o a Piero, o a Charles Aznavour, o a Herv\u00e9 Vilard, o a Nicola di Bari, o a Dom\u00e9nico Modugno, o a Julio Iglesias, que tambi\u00e9n habr\u00edan de ser rememorados esa noche).<\/p>\n<p>Fue as\u00ed que, por ejemplo, &#8220;Un beso y una flor&#8221;, &#8220;Un gato en la oscuridad&#8221;, &#8220;Ding dong ding dong, estas cosas del amor&#8221;, &#8220;Por un caminito&#8221;, y un largo y vibrante etc\u00e9tera, sonaron, y muy bien, en la voz de WALTER ARDILA. Una voz que, de verdad, nos sorprendi\u00f3 gratamente a todos desde que empezamos a o\u00edrla.<\/p>\n<p>&nbsp;<\/p>\n<p><img loading=\"lazy\" decoding=\"async\" class=\"aligncenter size-large wp-image-43594\" src=\"https:\/\/oscarhumbertogomez.com\/wp-content\/uploads\/2023\/01\/KARAOKE--1024x576.jpeg\" alt=\"\" width=\"640\" height=\"360\" srcset=\"https:\/\/oscarhumbertogomez.com\/wp-content\/uploads\/2023\/01\/KARAOKE--1024x576.jpeg 1024w, https:\/\/oscarhumbertogomez.com\/wp-content\/uploads\/2023\/01\/KARAOKE--300x169.jpeg 300w, https:\/\/oscarhumbertogomez.com\/wp-content\/uploads\/2023\/01\/KARAOKE--768x432.jpeg 768w, https:\/\/oscarhumbertogomez.com\/wp-content\/uploads\/2023\/01\/KARAOKE-.jpeg 1280w\" sizes=\"auto, (max-width: 640px) 100vw, 640px\" \/><\/p>\n<p>&nbsp;<\/p>\n<p>Pero quiz\u00e1s lo que m\u00e1s nos sorprendi\u00f3 en aquella velada, m\u00e1s all\u00e1 del timbre, la fuerza y al mismo tiempo la dulzura de la voz de quien ignor\u00e1bamos que pudiese ser cantante, fue la inalterable tranquilidad con que interpretaba algunas canciones que los consagrados artistas que las hab\u00edan hecho famosas cantaban de pie y haciendo notar en sus gestos faciales el gran esfuerzo f\u00edsico que hac\u00edan, mientras que WALTER, el hasta ese momento an\u00f3nimo se\u00f1or del karaoke, lo hac\u00eda c\u00f3modamente sentado, cruzando una pierna sobre la otra y sosteniendo el micr\u00f3fono con total serenidad en una de sus manos, apoyando el codo de ese brazo encima de su pierna y leyendo con imperturbabilidad evidente, algo as\u00ed como si estuviese platicando con alguien, las frases que iban apareciendo en la pantalla instalada frente a \u00e9l.<\/p>\n<p>&nbsp;<\/p>\n<div id=\"attachment_43437\" style=\"width: 650px\" class=\"wp-caption aligncenter\"><img loading=\"lazy\" decoding=\"async\" aria-describedby=\"caption-attachment-43437\" class=\"size-large wp-image-43437\" src=\"https:\/\/oscarhumbertogomez.com\/wp-content\/uploads\/2023\/01\/walter-ardila--1024x682.jpeg\" alt=\"\" width=\"640\" height=\"426\" srcset=\"https:\/\/oscarhumbertogomez.com\/wp-content\/uploads\/2023\/01\/walter-ardila--1024x682.jpeg 1024w, https:\/\/oscarhumbertogomez.com\/wp-content\/uploads\/2023\/01\/walter-ardila--300x200.jpeg 300w, https:\/\/oscarhumbertogomez.com\/wp-content\/uploads\/2023\/01\/walter-ardila--768x512.jpeg 768w, https:\/\/oscarhumbertogomez.com\/wp-content\/uploads\/2023\/01\/walter-ardila--1536x1023.jpeg 1536w, https:\/\/oscarhumbertogomez.com\/wp-content\/uploads\/2023\/01\/walter-ardila-.jpeg 1920w\" sizes=\"auto, (max-width: 640px) 100vw, 640px\" \/><p id=\"caption-attachment-43437\" class=\"wp-caption-text\">WALTER ARDILA EN EL CORTOMETRAJE &#8220;EL EMBUDO&#8221; (2015)<\/p><\/div>\n<p>&nbsp;<\/p>\n<p>En alg\u00fan momento me invit\u00f3 a cantar y yo lo hice con sincera cortes\u00eda, pero con la natural prevenci\u00f3n que le genera a uno el ser consciente de estar ingresando a un mundo desconocido.<\/p>\n<p>Y era que yo jam\u00e1s hab\u00eda cantado con esa novedad tecnol\u00f3gica llamada karaoke, de la que ven\u00eda escuchando hablar por todas partes y debido a eso ya para entonces sab\u00eda que era un invento japon\u00e9s que, dicho sea de paso, entre otras discutibles maravillas les permit\u00eda matar fiebre a personajes que en cualquier reuni\u00f3n social no ten\u00edan \u00f3bice alguno en lanzarse a aullar rancheras crey\u00e9ndose la reencarnaci\u00f3n de Jorge Negrete y con tal osad\u00eda no solo pon\u00edan en serio riesgo los desdichados t\u00edmpanos ajenos, sino que adem\u00e1s hac\u00edan que se echara a llorar a mares el ultrajado pentagrama.<\/p>\n<p>&nbsp;<\/p>\n<div id=\"attachment_43471\" style=\"width: 650px\" class=\"wp-caption aligncenter\"><img loading=\"lazy\" decoding=\"async\" aria-describedby=\"caption-attachment-43471\" class=\"size-large wp-image-43471\" src=\"https:\/\/oscarhumbertogomez.com\/wp-content\/uploads\/2023\/01\/WALTER-ARDILA-GOMEZ-2-645x1024.jpeg\" alt=\"\" width=\"640\" height=\"1016\" srcset=\"https:\/\/oscarhumbertogomez.com\/wp-content\/uploads\/2023\/01\/WALTER-ARDILA-GOMEZ-2-645x1024.jpeg 645w, https:\/\/oscarhumbertogomez.com\/wp-content\/uploads\/2023\/01\/WALTER-ARDILA-GOMEZ-2-189x300.jpeg 189w, https:\/\/oscarhumbertogomez.com\/wp-content\/uploads\/2023\/01\/WALTER-ARDILA-GOMEZ-2-768x1219.jpeg 768w, https:\/\/oscarhumbertogomez.com\/wp-content\/uploads\/2023\/01\/WALTER-ARDILA-GOMEZ-2-968x1536.jpeg 968w, https:\/\/oscarhumbertogomez.com\/wp-content\/uploads\/2023\/01\/WALTER-ARDILA-GOMEZ-2.jpeg 1008w\" sizes=\"auto, (max-width: 640px) 100vw, 640px\" \/><p id=\"caption-attachment-43471\" class=\"wp-caption-text\">WALTER ARDILA COMO SCROOGE EN &#8220;HISTORIA DE NAVIDAD&#8221;<\/p><\/div>\n<p>&nbsp;<\/p>\n<p>Poco despu\u00e9s, aquella misma noche, WALTER me pidi\u00f3 que cantara con \u00e9l a d\u00fao y fue entonces cuando tuve el atrevimiento de med\u00edrmele a seguirlo (aunque fue \u00e9l quien termin\u00f3 sigui\u00e9ndome a m\u00ed con una impecable segunda voz) en la interpretaci\u00f3n de algunas de las hermosas canciones que hicieron tan c\u00e9lebres el malogrado Nino Bravo y la pl\u00e9yade de artistas que mencion\u00e9 atr\u00e1s, y, por supuesto, otras que fueron apareciendo en la pantalla de su karaoke a medida que \u00e9l iba consultando un extenso repertorio que, cual mago en plena funci\u00f3n, sacaba como por entre las mangas de su camisa.<\/p>\n<p>&nbsp;<\/p>\n<p><img loading=\"lazy\" decoding=\"async\" class=\"aligncenter size-full wp-image-43595\" src=\"https:\/\/oscarhumbertogomez.com\/wp-content\/uploads\/2023\/01\/KARAOKE-1.jpeg\" alt=\"\" width=\"1024\" height=\"576\" srcset=\"https:\/\/oscarhumbertogomez.com\/wp-content\/uploads\/2023\/01\/KARAOKE-1.jpeg 1024w, https:\/\/oscarhumbertogomez.com\/wp-content\/uploads\/2023\/01\/KARAOKE-1-300x169.jpeg 300w, https:\/\/oscarhumbertogomez.com\/wp-content\/uploads\/2023\/01\/KARAOKE-1-768x432.jpeg 768w\" sizes=\"auto, (max-width: 1024px) 100vw, 1024px\" \/><\/p>\n<p>&nbsp;<\/p>\n<p>Ya para ese momento me hab\u00eda dado perfecta cuenta de que, definitivamente, WALTER ARDILA ten\u00eda un talento especial para interpretar todos esos temas inmortales, a pesar de la exigencia que por momentos supon\u00eda hacerlo teniendo en cuenta los altos tonos en que hab\u00edan sido grabadas algunas de aquellas piezas musicales por sus connotados int\u00e9rpretes. Unas piezas, dicho sea de paso, profundamente arraigadas en el coraz\u00f3n de toda una generaci\u00f3n de espa\u00f1oles y latinoamericanos, raz\u00f3n por la que a m\u00ed no dejaba de producirme pena el destrozarlas con mi voz, quiz\u00e1s m\u00e1s id\u00f3nea para anunciar que acababa de llegar al barrio el cami\u00f3n repartidor con los cilindros de gas de veinte libras.<\/p>\n<p>________<\/p>\n<p>&nbsp;<\/p>\n<p><img loading=\"lazy\" decoding=\"async\" class=\"aligncenter size-large wp-image-43596\" src=\"https:\/\/oscarhumbertogomez.com\/wp-content\/uploads\/2023\/01\/KARAOKE-3-1024x681.jpeg\" alt=\"\" width=\"640\" height=\"426\" srcset=\"https:\/\/oscarhumbertogomez.com\/wp-content\/uploads\/2023\/01\/KARAOKE-3-1024x681.jpeg 1024w, https:\/\/oscarhumbertogomez.com\/wp-content\/uploads\/2023\/01\/KARAOKE-3-300x199.jpeg 300w, https:\/\/oscarhumbertogomez.com\/wp-content\/uploads\/2023\/01\/KARAOKE-3-768x511.jpeg 768w, https:\/\/oscarhumbertogomez.com\/wp-content\/uploads\/2023\/01\/KARAOKE-3.jpeg 1280w\" sizes=\"auto, (max-width: 640px) 100vw, 640px\" \/><\/p>\n<p>&nbsp;<\/p>\n<p>Despu\u00e9s de esa noche se le volvi\u00f3 a contratar varias veces para que regresara a nuestra casa con su ya emblem\u00e1tico karaoke y, ah\u00ed mismo, en el mismo antejard\u00edn, se volvieron a repetir las escenas que hab\u00edan hecho de la primera, como el t\u00edtulo de la memorable pel\u00edcula de Peter Sellers, una fiesta inolvidable.<\/p>\n<p>________<\/p>\n<p>&nbsp;<\/p>\n<div id=\"attachment_43442\" style=\"width: 726px\" class=\"wp-caption aligncenter\"><img loading=\"lazy\" decoding=\"async\" aria-describedby=\"caption-attachment-43442\" class=\"size-full wp-image-43442\" src=\"https:\/\/oscarhumbertogomez.com\/wp-content\/uploads\/2023\/01\/WALTER-ARDILA-EN-22HISTORIA-DE-NAVIDAD22.jpeg\" alt=\"\" width=\"716\" height=\"477\" srcset=\"https:\/\/oscarhumbertogomez.com\/wp-content\/uploads\/2023\/01\/WALTER-ARDILA-EN-22HISTORIA-DE-NAVIDAD22.jpeg 716w, https:\/\/oscarhumbertogomez.com\/wp-content\/uploads\/2023\/01\/WALTER-ARDILA-EN-22HISTORIA-DE-NAVIDAD22-300x200.jpeg 300w\" sizes=\"auto, (max-width: 716px) 100vw, 716px\" \/><p id=\"caption-attachment-43442\" class=\"wp-caption-text\">WALTER ARDILA COMO SCROOGE EN &#8220;HISTORIA DE NAVIDAD&#8221;<\/p><\/div>\n<p>&nbsp;<\/p>\n<p>Transcurrieron los meses y otra noche sabatina cualquiera nos topamos con \u00e9l en el Club Uni\u00f3n. All\u00ed estaba, con su karaoke, claro, pero era evidente que a su servicio de animaci\u00f3n musical le hab\u00eda introducido un moderno, brillante y colorido acompa\u00f1amiento de luces e im\u00e1genes de apoyo.<\/p>\n<p>Pues bien: desde aquellos tiempos, y siempre que ten\u00eda la oportunidad de hacerlo, yo comentaba ante los m\u00e1s diversos interlocutores con los que platicaba (en esas conversaciones extensas, animadas, amables y hasta jocosas que alimentan la amistad, la buena vecindad y hasta el amor porque est\u00e1n al margen de los tres \u00e1speros temas que tanto distancian a las personas, es decir, porque est\u00e1n al margen de la pol\u00edtica, la religi\u00f3n y el f\u00fatbol) que WALTER ARDILA, un se\u00f1or que se ganaba la vida animando reuniones sociales con un karaoke, hubiese podido ser una estrella de la canci\u00f3n rom\u00e1ntica.<\/p>\n<p>____<\/p>\n<p>&nbsp;<\/p>\n<p><img loading=\"lazy\" decoding=\"async\" class=\"aligncenter size-full wp-image-43592\" src=\"https:\/\/oscarhumbertogomez.com\/wp-content\/uploads\/2023\/01\/karaoke.jpeg\" alt=\"\" width=\"1000\" height=\"1000\" srcset=\"https:\/\/oscarhumbertogomez.com\/wp-content\/uploads\/2023\/01\/karaoke.jpeg 1000w, https:\/\/oscarhumbertogomez.com\/wp-content\/uploads\/2023\/01\/karaoke-300x300.jpeg 300w, https:\/\/oscarhumbertogomez.com\/wp-content\/uploads\/2023\/01\/karaoke-150x150.jpeg 150w, https:\/\/oscarhumbertogomez.com\/wp-content\/uploads\/2023\/01\/karaoke-768x768.jpeg 768w\" sizes=\"auto, (max-width: 1000px) 100vw, 1000px\" \/><\/p>\n<p>&nbsp;<\/p>\n<p>Lo que yo no me imaginaba en aquellos d\u00edas lejanos de nuestras fiestas familiares con el karaoke de WALTER ARDILA y de las preciosas baladas cantadas por \u00e9l desde su silla, era que tiempo despu\u00e9s ir\u00eda a saber de otra valiosa faceta art\u00edstica suya en la que tambi\u00e9n pudo haber descollado desde su juventud hasta convertirse en una estrella cuya luz refulgente hubiera podido brillar incluso m\u00e1s all\u00e1 de las fronteras patrias.<\/p>\n<p>_________<\/p>\n<p>&nbsp;<\/p>\n<p><img loading=\"lazy\" decoding=\"async\" class=\"aligncenter size-full wp-image-43473\" src=\"https:\/\/oscarhumbertogomez.com\/wp-content\/uploads\/2023\/01\/TEATRO-MASCARAS-.jpeg\" alt=\"\" width=\"980\" height=\"551\" srcset=\"https:\/\/oscarhumbertogomez.com\/wp-content\/uploads\/2023\/01\/TEATRO-MASCARAS-.jpeg 980w, https:\/\/oscarhumbertogomez.com\/wp-content\/uploads\/2023\/01\/TEATRO-MASCARAS--300x169.jpeg 300w, https:\/\/oscarhumbertogomez.com\/wp-content\/uploads\/2023\/01\/TEATRO-MASCARAS--768x432.jpeg 768w\" sizes=\"auto, (max-width: 980px) 100vw, 980px\" \/><\/p>\n<p>&nbsp;<\/p>\n<p>A\u00f1os atr\u00e1s yo hab\u00eda conocido en las instalaciones de la Cadena Caracol en Bucaramanga a un periodista de nombre MARIO MANTILLA, quien trabajaba junto a otros hombres de radio que me distingu\u00edan con su amistad y con su colaboraci\u00f3n para dar a conocer mis inquietudes profesionales en el campo del Derecho, tales como ALFONSO PINEDA CHAPARRO y JUAN DE DIOS P\u00c9REZ NOVA.<\/p>\n<p>Con \u00e9l directamente no hab\u00eda tenido una relaci\u00f3n cercana porque su \u00e1rea de acci\u00f3n no eran los asuntos judiciales, sino los deportes, pero a pesar de ello me hab\u00eda sido evidente su caballerosidad para conmigo siempre que hab\u00eda tenido la oportunidad de visitar las instalaciones de esa cadena radial, ubicadas en el edificio JOS\u00c9 ACEVEDO Y G\u00d3MEZ, en pleno centro de Bucaramanga.<\/p>\n<p>Fui sorprendido tiempo despu\u00e9s con una invitaci\u00f3n al CANAL TRO para una entrevista. Me la har\u00eda un periodista que, seg\u00fan me explicaron, fung\u00eda como defensor del televidente. Esa noche result\u00e9 interrogado ante las c\u00e1maras por quien result\u00f3 ser su hijo. Mi joven entrevistador ten\u00eda el mismo nombre de su padre.<\/p>\n<p>Desde el a\u00f1o 2002 en las emisoras de radio del pa\u00eds estaban sonando unas canciones que yo hab\u00eda compuesto y grabado bajo mi propio sello discogr\u00e1fico, y sobre ellas, precisamente, era el tema de mi entrevista.<\/p>\n<p>________<\/p>\n<p>&nbsp;<\/p>\n<p><img loading=\"lazy\" decoding=\"async\" class=\"aligncenter size-full wp-image-43441\" src=\"https:\/\/oscarhumbertogomez.com\/wp-content\/uploads\/2023\/01\/LAMENTOS.jpeg\" alt=\"\" width=\"559\" height=\"786\" srcset=\"https:\/\/oscarhumbertogomez.com\/wp-content\/uploads\/2023\/01\/LAMENTOS.jpeg 559w, https:\/\/oscarhumbertogomez.com\/wp-content\/uploads\/2023\/01\/LAMENTOS-213x300.jpeg 213w\" sizes=\"auto, (max-width: 559px) 100vw, 559px\" \/><\/p>\n<p>&nbsp;<\/p>\n<p>Cualquier d\u00eda, mucho m\u00e1s tarde, aquel joven periodista que hab\u00eda dialogado conmigo en el Canal TRO me sorprendi\u00f3 cuando vine a saber que era, adem\u00e1s, un talentoso director de cine.<\/p>\n<p>Descubr\u00ed, en efecto, por pura casualidad, una pel\u00edcula suya titulada \u201cPIENTA, LA HORMIGA Y EL CORONEL\u201c y lo primero que me sorprendi\u00f3 fue que se estuviese haciendo tan buen cine en Santander y adem\u00e1s un cine hist\u00f3rico.<\/p>\n<p>Pero m\u00e1s me sorprendi\u00f3 cuando vi que el protagonista principal de aquella cinta era, nada m\u00e1s ni nada menos, que WALTER ARDILA.<\/p>\n<p>&nbsp;<\/p>\n<div id=\"attachment_43606\" style=\"width: 650px\" class=\"wp-caption aligncenter\"><img loading=\"lazy\" decoding=\"async\" aria-describedby=\"caption-attachment-43606\" class=\"size-large wp-image-43606\" src=\"https:\/\/oscarhumbertogomez.com\/wp-content\/uploads\/2023\/01\/WALTER-ARDILA-COMO-EL-CORONEL-LUCAS-GONZALEZ-1024x576.jpeg\" alt=\"\" width=\"640\" height=\"360\" srcset=\"https:\/\/oscarhumbertogomez.com\/wp-content\/uploads\/2023\/01\/WALTER-ARDILA-COMO-EL-CORONEL-LUCAS-GONZALEZ-1024x576.jpeg 1024w, https:\/\/oscarhumbertogomez.com\/wp-content\/uploads\/2023\/01\/WALTER-ARDILA-COMO-EL-CORONEL-LUCAS-GONZALEZ-300x169.jpeg 300w, https:\/\/oscarhumbertogomez.com\/wp-content\/uploads\/2023\/01\/WALTER-ARDILA-COMO-EL-CORONEL-LUCAS-GONZALEZ-768x432.jpeg 768w, https:\/\/oscarhumbertogomez.com\/wp-content\/uploads\/2023\/01\/WALTER-ARDILA-COMO-EL-CORONEL-LUCAS-GONZALEZ.jpeg 1280w\" sizes=\"auto, (max-width: 640px) 100vw, 640px\" \/><p id=\"caption-attachment-43606\" class=\"wp-caption-text\">WALTER ARDILA COMO EL CORONEL ESPA\u00d1OL LUCAS GONZ\u00c1LEZ EN &#8220;PIENTA, LA HORMIGA Y EL CORONEL&#8221;<\/p><\/div>\n<p>&nbsp;<\/p>\n<p>En efecto, aquel amable se\u00f1or del karaoke, el mismo que en cualquier momento de la noche comenzaba a cantar con su micr\u00f3fono baladas sensacionales mientras permanec\u00eda impasible sentado en su silla, result\u00f3 que no s\u00f3lo ten\u00eda habilidades para el canto, sino que adem\u00e1s era un excelente actor.<\/p>\n<p>En \u201cPIENTA, LA HORMIGA Y EL CORONEL\u201c, WALTER ARDILA hac\u00eda el papel del coronel Lucas Gonz\u00e1lez, el realista que hab\u00eda capturado y llevado a la muerte a la patriota Antonia Santos.<\/p>\n<p>&nbsp;<\/p>\n<div id=\"attachment_43607\" style=\"width: 650px\" class=\"wp-caption aligncenter\"><img loading=\"lazy\" decoding=\"async\" aria-describedby=\"caption-attachment-43607\" class=\"size-large wp-image-43607\" src=\"https:\/\/oscarhumbertogomez.com\/wp-content\/uploads\/2023\/01\/WALTER-ARDILA-EN-22PIENTA-LA-HORMIGA-Y-EL-CORONEL22-1024x576.jpeg\" alt=\"\" width=\"640\" height=\"360\" srcset=\"https:\/\/oscarhumbertogomez.com\/wp-content\/uploads\/2023\/01\/WALTER-ARDILA-EN-22PIENTA-LA-HORMIGA-Y-EL-CORONEL22-1024x576.jpeg 1024w, https:\/\/oscarhumbertogomez.com\/wp-content\/uploads\/2023\/01\/WALTER-ARDILA-EN-22PIENTA-LA-HORMIGA-Y-EL-CORONEL22-300x169.jpeg 300w, https:\/\/oscarhumbertogomez.com\/wp-content\/uploads\/2023\/01\/WALTER-ARDILA-EN-22PIENTA-LA-HORMIGA-Y-EL-CORONEL22-768x432.jpeg 768w, https:\/\/oscarhumbertogomez.com\/wp-content\/uploads\/2023\/01\/WALTER-ARDILA-EN-22PIENTA-LA-HORMIGA-Y-EL-CORONEL22.jpeg 1280w\" sizes=\"auto, (max-width: 640px) 100vw, 640px\" \/><p id=\"caption-attachment-43607\" class=\"wp-caption-text\">WALTER ARDILA COMO EL CORONEL LUCAS GONZALEZ EN &#8220;PIENTA, LA HORMIGA Y EL CORONEL&#8221;<\/p><\/div>\n<p>&nbsp;<\/p>\n<p>Coment\u00e9 en el seno de mi familia lo que acababa de conocer y, en la inevitable pl\u00e1tica conyugal sobre el tema, coincid\u00ed con mi esposa en que WALTER ARDILA habr\u00eda podido ser no solo una estrella del canto, con figuraci\u00f3n en el mundo nacional e internacional de la m\u00fasica rom\u00e1ntica, sino adem\u00e1s un gran actor, con presencia estelar en el teatro y en el cine tanto de Colombia como del exterior.<\/p>\n<p>_________<\/p>\n<p>&nbsp;<\/p>\n<p><img loading=\"lazy\" decoding=\"async\" class=\"aligncenter size-large wp-image-43439\" src=\"https:\/\/oscarhumbertogomez.com\/wp-content\/uploads\/2023\/01\/LA-MATRIARCA--704x1024.jpeg\" alt=\"\" width=\"640\" height=\"931\" srcset=\"https:\/\/oscarhumbertogomez.com\/wp-content\/uploads\/2023\/01\/LA-MATRIARCA--704x1024.jpeg 704w, https:\/\/oscarhumbertogomez.com\/wp-content\/uploads\/2023\/01\/LA-MATRIARCA--206x300.jpeg 206w, https:\/\/oscarhumbertogomez.com\/wp-content\/uploads\/2023\/01\/LA-MATRIARCA--768x1117.jpeg 768w, https:\/\/oscarhumbertogomez.com\/wp-content\/uploads\/2023\/01\/LA-MATRIARCA--1056x1536.jpeg 1056w, https:\/\/oscarhumbertogomez.com\/wp-content\/uploads\/2023\/01\/LA-MATRIARCA-.jpeg 1366w\" sizes=\"auto, (max-width: 640px) 100vw, 640px\" \/><\/p>\n<p>&nbsp;<\/p>\n<p>La vinculaci\u00f3n de WALTER al arte dram\u00e1tico ya cuenta hoy en d\u00eda con no pocos ejemplos que ilustrar\u00edan el prol\u00edfico decurso de su vida art\u00edstica si en torno a ella quisiera escribirse.<\/p>\n<p>&nbsp;<\/p>\n<div id=\"attachment_43447\" style=\"width: 411px\" class=\"wp-caption alignnone\"><img loading=\"lazy\" decoding=\"async\" aria-describedby=\"caption-attachment-43447\" class=\"size-full wp-image-43447\" src=\"https:\/\/oscarhumbertogomez.com\/wp-content\/uploads\/2023\/01\/Walter-Ardila-Juez-.jpeg\" alt=\"\" width=\"401\" height=\"225\" srcset=\"https:\/\/oscarhumbertogomez.com\/wp-content\/uploads\/2023\/01\/Walter-Ardila-Juez-.jpeg 401w, https:\/\/oscarhumbertogomez.com\/wp-content\/uploads\/2023\/01\/Walter-Ardila-Juez--300x168.jpeg 300w\" sizes=\"auto, (max-width: 401px) 100vw, 401px\" \/><p id=\"caption-attachment-43447\" class=\"wp-caption-text\">WALTER ARDILA EN EL PAPEL DEL JUEZ EN &#8220;EL JUICIO DEL CONDE&#8221; (2020)<\/p><\/div>\n<p>&nbsp;<\/p>\n<p>Y es que, adem\u00e1s de &#8220;PIENTA, LA HORMIGA Y EL CORONEL&#8221; (2010), la participaci\u00f3n teatral y cinematogr\u00e1fica de WALTER ARDILA se ha evidenciado en producciones como &#8220;LA CULEBRA PICO DE ORO&#8221; (2000), dirigida por \u00d3mar \u00c1lvarez y escenificada en el Festival Internacional de Teatro de Antofagasta, Chile; &#8220;JES\u00daS DE NAZARET&#8221; (2002), gran producci\u00f3n teatral norteamericana anual de casi cuatro horas que en su versi\u00f3n hispana fue puesta en escena en Las Vegas, Estados Unidos; &#8220;PIENTA&#8221;, dirigida por Mario Mantilla y subtitulada &#8220;UN AMOR, UN PUENTE, UNA GUERRA&#8221; o &#8220;LA RESISTENCIA QUE SALV\u00d3 A BOL\u00cdVAR&#8221; (2015); &#8220;EL EMBUDO&#8221; (2015), cortometraje dirigido por John Chaparro y participante en el Festival Internacional de Cine de Cartagena y en el Festival de Cine de Cracovia, Polonia; &#8220;LAMENTOS &#8211; SI LA ESCUCHAS, MUERES&#8221; (2015), dirigida por Juli\u00e1n Casanova y proyectada en cert\u00e1menes de Hong Kong, Singapur y Nueva York; &#8220;ARMERO&#8221; (2017), de Timeline Productions y dirigida por Christian Mantilla-Vargas; &#8220;GILBERTO CAVA&#8221; (2020), cortometraje dirigido por Jhon Agudelo, seleccionado en el Festival Internacional de Cannes y nominado en el Multicultural Film Festival de Toronto, Canad\u00e1; &#8220;EL JUICIO DEL CONDE (2020), miniserie televisiva de Se\u00f1al Colombia dirigida por Mario Mantilla y ganadora de la Convocatoria Nacional ANTV 2019; &#8220;CORTE FRANELA&#8221; (2020), cortometraje dirigido por Camilo Andr\u00e9s Arenas Villabona y referido a la \u00e9poca de La Violencia; &#8220;GAMONAL&#8221; (2022), cortometraje; &#8220;DESARRAIGO&#8221;, cortometraje; &#8220;HISTORIA DE NAVIDAD&#8221; (2022), majestuosa obra de teatro y revista musical de Rhapsodia Producciones y Studio 5 escenificada en el Teatro Santander, de Bucaramanga; y &#8220;LA MATRIARCA&#8221; (2023), pel\u00edcula de Inteligrupo SAS y Jaguar Films, dirigida por Juli\u00e1n Casanova y Luminixa G\u00f3mez Navia.<\/p>\n<p>_________<\/p>\n<div id=\"attachment_44325\" style=\"width: 483px\" class=\"wp-caption aligncenter\"><img loading=\"lazy\" decoding=\"async\" aria-describedby=\"caption-attachment-44325\" class=\"size-large wp-image-44325\" src=\"https:\/\/oscarhumbertogomez.com\/wp-content\/uploads\/2023\/04\/fullsizeoutput_203c-473x1024.jpeg\" alt=\"\" width=\"473\" height=\"1024\"><p id=\"caption-attachment-44325\" class=\"wp-caption-text\">WALTER ARDILA COMO PONCIO PILATOS EN EL DRAMA &#8220;JES\u00daS DE NAZARET&#8221; \/\/ GRUPO DE TEATRO EXPERIMENTAL DE NEW JERSEY \/\/ PRESENTACI\u00d3N EN LAS VEGAS (USA). SEMANA SANTA DE 2002<\/p><\/div>\n<p>&nbsp;<\/p>\n<p>Hace trece a\u00f1os, cuando despuntaba el 2010, WALTER ARDILA tomaba parte en ANT\u00cdGONA, una temporada de teatro que se llevaba a cabo por esos d\u00edas en la Casa del Libro Total, en Bucaramanga. &nbsp; Uno de los diarios locales le dio cabida a una fotograf\u00eda con la que inform\u00f3 a sus lectores acerca de ese certamen.<\/p>\n<p>&nbsp;<\/p>\n<div id=\"attachment_43455\" style=\"width: 400px\" class=\"wp-caption aligncenter\"><img loading=\"lazy\" decoding=\"async\" aria-describedby=\"caption-attachment-43455\" class=\"size-full wp-image-43455\" src=\"https:\/\/oscarhumbertogomez.com\/wp-content\/uploads\/2023\/01\/WALTER-ARDILA-ANTIGONA-2010-1.jpeg\" alt=\"\" width=\"390\" height=\"290\" srcset=\"https:\/\/oscarhumbertogomez.com\/wp-content\/uploads\/2023\/01\/WALTER-ARDILA-ANTIGONA-2010-1.jpeg 390w, https:\/\/oscarhumbertogomez.com\/wp-content\/uploads\/2023\/01\/WALTER-ARDILA-ANTIGONA-2010-1-300x223.jpeg 300w\" sizes=\"auto, (max-width: 390px) 100vw, 390px\" \/><p id=\"caption-attachment-43455\" class=\"wp-caption-text\">WALTER ARDILA EN ENERO DE 2010 JUNTO A AM\u00c9RICO RUGELES, KAREN LIZARAZO, SERGIO G\u00d3MEZ, DANIEL NAVAS Y VIVIANA ARAQUE DURANTE LA TEMPORADA DE TEATRO &#8220;ANT\u00cdGONA&#8221;<\/p><\/div>\n<p>&nbsp;<\/p>\n<p>Queda pendiente de averiguaci\u00f3n el por qu\u00e9 el innegable talento art\u00edstico de WALTER ARDILA no fue aprovechado desde a\u00f1os atr\u00e1s en el mundo del teatro, el cine y la m\u00fasica, de manera muy particular en el del canto.<\/p>\n<p>Se dice por ah\u00ed que a ello contribuy\u00f3 el hecho de que no hubiera estado nunca dispuesto a abandonar su tierra.<\/p>\n<p>En todo caso, la sabidur\u00eda popular ense\u00f1a que m\u00e1s vale tarde que nunca.<\/p>\n<p>Por eso, nos alegra inmensamente saber de su exitoso ingreso a la actuaci\u00f3n teatral y cinematogr\u00e1fica y, en los albores de este nuevo a\u00f1o, de este 2023 que llega cargado de sue\u00f1os y de esperanzas, le deseamos al brillante actor santandereano buen viento y buena mar en los proyectos donde vaya a tomar parte como artista.<\/p>\n<p>\u00a1\u00a1\u00a1 Muchas felicitaciones, maestro !!!<\/p>\n<p>&nbsp;<\/p>\n<p><strong>Ruitoque, Mesa de las Tempestades, \u00e1rea metropolitana de Bucaramanga, martes 10 de enero de 2023 <\/strong><\/p>\n<p>&nbsp;<\/p>\n<p><strong>\u00d3SCAR HUMBERTO G\u00d3MEZ G\u00d3MEZ<\/strong>: Miembro de N\u00famero de la Academia de Historia de Santander. Miembro del Colegio Nacional de Periodistas. Miembro de la Sociedad de Autores y Compositores de Colombia. Miembro del ilustre y desaparecido Colegio de Abogados de Santander.<\/p>\n<p>&nbsp;<\/p>\n<p><iframe loading=\"lazy\" title=\"YouTube video player\" src=\"https:\/\/www.youtube-nocookie.com\/embed\/clMAuR_Lntw?controls=0\" width=\"560\" height=\"315\" frameborder=\"0\" allowfullscreen=\"allowfullscreen\"><\/iframe><\/p>\n<p>&nbsp;<\/p>\n<p><iframe loading=\"lazy\" title=\"YouTube video player\" src=\"https:\/\/www.youtube-nocookie.com\/embed\/LFr_TH1Cnso?controls=0\" width=\"560\" height=\"315\" frameborder=\"0\" allowfullscreen=\"allowfullscreen\"><\/iframe><\/p>\n<p>&nbsp;<\/p>\n<p><iframe loading=\"lazy\" title=\"YouTube video player\" src=\"https:\/\/www.youtube-nocookie.com\/embed\/WmonOT0U4ho?controls=0\" width=\"560\" height=\"315\" frameborder=\"0\" allowfullscreen=\"allowfullscreen\"><\/iframe><\/p>\n<p>&nbsp;<\/p>\n<p><iframe loading=\"lazy\" title=\"YouTube video player\" src=\"https:\/\/www.youtube-nocookie.com\/embed\/LMcoyg9YjJ4?controls=0\" width=\"560\" height=\"315\" frameborder=\"0\" allowfullscreen=\"allowfullscreen\"><\/iframe><\/p>\n<p>&nbsp;<\/p>\n<p><iframe loading=\"lazy\" title=\"YouTube video player\" src=\"https:\/\/www.youtube-nocookie.com\/embed\/VV_NlwMKxMg?controls=0\" width=\"560\" height=\"315\" frameborder=\"0\" allowfullscreen=\"allowfullscreen\"><\/iframe><\/p>\n<p>&nbsp;<\/p>\n","protected":false},"excerpt":{"rendered":"<p>&nbsp; De lo primero que habr\u00eda de darme cuenta la festiva noche de fin de semana en que conoc\u00ed a WALTER ARDILA, un hombre alto, m\u00e1s o menos de mi edad, delgado y de barba, que se encontraba sentado y &hellip; <a href=\"https:\/\/oscarhumbertogomez.com\/?p=43429\">Sigue leyendo <span class=\"meta-nav\">&rarr;<\/span><\/a><\/p>\n<div class='heateorSssClear'><\/div><div  class='heateor_sss_sharing_container heateor_sss_horizontal_sharing' heateor-sss-data-href='https:\/\/oscarhumbertogomez.com\/?p=43429'><div class='heateor_sss_sharing_title' style=\"font-weight:bold\" >\u00a1Gracias por compartirla!<\/div><ul class=\"heateor_sss_sharing_ul\"><li class=\"heateorSssSharingRound\"><i style=\"width:35px;height:35px;border-radius:999px;\" alt=\"Facebook\" Title=\"Facebook\" class=\"heateorSssSharing heateorSssFacebookBackground\" onclick='heateorSssPopup(\"https:\/\/www.facebook.com\/sharer\/sharer.php?u=https%3A%2F%2Foscarhumbertogomez.com%2Findex.php%3Frest_route%3D%252Fwp%252Fv2%252Fposts%252F43429\")'><ss style=\"display:block;border-radius:999px;\" class=\"heateorSssSharingSvg heateorSssFacebookSvg\"><\/ss><\/i><\/li><li class=\"heateorSssSharingRound\"><i style=\"width:35px;height:35px;border-radius:999px;\" alt=\"Twitter\" Title=\"Twitter\" class=\"heateorSssSharing heateorSssTwitterBackground\" onclick='heateorSssPopup(\"http:\/\/twitter.com\/intent\/tweet?text=El%20descubrimiento%20de%20Walter%20Ardila.%20Por%20%C3%93scar%20Humberto%20G%C3%B3mez%20G%C3%B3mez&url=https%3A%2F%2Foscarhumbertogomez.com%2Findex.php%3Frest_route%3D%252Fwp%252Fv2%252Fposts%252F43429\")'><ss style=\"display:block;border-radius:999px;\" class=\"heateorSssSharingSvg heateorSssTwitterSvg\"><\/ss><\/i><\/li><li class=\"heateorSssSharingRound\"><i style=\"width:35px;height:35px;border-radius:999px;\" alt=\"Whatsapp\" Title=\"Whatsapp\" class=\"heateorSssSharing heateorSssWhatsappBackground\" onclick='heateorSssPopup(\"https:\/\/web.whatsapp.com\/send?text=El%20descubrimiento%20de%20Walter%20Ardila.%20Por%20%C3%93scar%20Humberto%20G%C3%B3mez%20G%C3%B3mez https%3A%2F%2Foscarhumbertogomez.com%2Findex.php%3Frest_route%3D%252Fwp%252Fv2%252Fposts%252F43429\")'><ss style=\"display:block\" class=\"heateorSssSharingSvg heateorSssWhatsappSvg\"><\/ss><\/i><\/li><li class=\"heateorSssSharingRound\"><i style=\"width:35px;height:35px;border-radius:999px;\" alt=\"Pinterest\" Title=\"Pinterest\" class=\"heateorSssSharing heateorSssPinterestBackground\" onclick=\"javascript:void( (function() {var e=document.createElement('script' );e.setAttribute('type','text\/javascript' );e.setAttribute('charset','UTF-8' );e.setAttribute('src','\/\/assets.pinterest.com\/js\/pinmarklet.js?r='+Math.random()*99999999);document.body.appendChild(e)})());\"><ss style=\"display:block;border-radius:999px;\" class=\"heateorSssSharingSvg heateorSssPinterestSvg\"><\/ss><\/i><\/li><li class=\"heateorSssSharingRound\"><i style=\"width:35px;height:35px;border-radius:999px;\" alt=\"Google Gmail\" Title=\"Google Gmail\" class=\"heateorSssSharing heateorSssGoogleGmailBackground\" onclick='heateorSssPopup(\"https:\/\/mail.google.com\/mail\/?ui=2&view=cm&fs=1&tf=1&su=El%20descubrimiento%20de%20Walter%20Ardila.%20Por%20%C3%93scar%20Humberto%20G%C3%B3mez%20G%C3%B3mez&body=Link:https%3A%2F%2Foscarhumbertogomez.com%2Findex.php%3Frest_route%3D%252Fwp%252Fv2%252Fposts%252F43429\")'><ss style=\"display:block;border-radius:999px;\" class=\"heateorSssSharingSvg heateorSssGoogleGmailSvg\"><\/ss><\/i><\/li><li class=\"heateorSssSharingRound\"><i style=\"width:35px;height:35px;border-radius:999px;\" title=\"More\" alt=\"More\" class=\"heateorSssSharing heateorSssMoreBackground\" onclick=\"heateorSssMoreSharingPopup(this, 'https:\/\/oscarhumbertogomez.com\/index.php?rest_route=%2Fwp%2Fv2%2Fposts%2F43429', 'El%20descubrimiento%20de%20Walter%20Ardila.%20Por%20%C3%93scar%20Humberto%20G%C3%B3mez%20G%C3%B3mez', '' )\" ><ss style=\"display:block\" class=\"heateorSssSharingSvg heateorSssMoreSvg\"><\/ss><\/i><\/li><\/ul><div class=\"heateorSssClear\"><\/div><\/div><div class='heateorSssClear'><\/div>","protected":false},"author":2,"featured_media":0,"comment_status":"closed","ping_status":"closed","sticky":false,"template":"","format":"standard","meta":{"spay_email":"","footnotes":""},"categories":[55,8],"tags":[],"class_list":["post-43429","post","type-post","status-publish","format-standard","hentry","category-cine-y-television","category-musica"],"jetpack_featured_media_url":"","jetpack_shortlink":"https:\/\/wp.me\/p1FYrr-bit","_links":{"self":[{"href":"https:\/\/oscarhumbertogomez.com\/index.php?rest_route=\/wp\/v2\/posts\/43429","targetHints":{"allow":["GET"]}}],"collection":[{"href":"https:\/\/oscarhumbertogomez.com\/index.php?rest_route=\/wp\/v2\/posts"}],"about":[{"href":"https:\/\/oscarhumbertogomez.com\/index.php?rest_route=\/wp\/v2\/types\/post"}],"author":[{"embeddable":true,"href":"https:\/\/oscarhumbertogomez.com\/index.php?rest_route=\/wp\/v2\/users\/2"}],"replies":[{"embeddable":true,"href":"https:\/\/oscarhumbertogomez.com\/index.php?rest_route=%2Fwp%2Fv2%2Fcomments&post=43429"}],"version-history":[{"count":5,"href":"https:\/\/oscarhumbertogomez.com\/index.php?rest_route=\/wp\/v2\/posts\/43429\/revisions"}],"predecessor-version":[{"id":45197,"href":"https:\/\/oscarhumbertogomez.com\/index.php?rest_route=\/wp\/v2\/posts\/43429\/revisions\/45197"}],"wp:attachment":[{"href":"https:\/\/oscarhumbertogomez.com\/index.php?rest_route=%2Fwp%2Fv2%2Fmedia&parent=43429"}],"wp:term":[{"taxonomy":"category","embeddable":true,"href":"https:\/\/oscarhumbertogomez.com\/index.php?rest_route=%2Fwp%2Fv2%2Fcategories&post=43429"},{"taxonomy":"post_tag","embeddable":true,"href":"https:\/\/oscarhumbertogomez.com\/index.php?rest_route=%2Fwp%2Fv2%2Ftags&post=43429"}],"curies":[{"name":"wp","href":"https:\/\/api.w.org\/{rel}","templated":true}]}}