{"id":43792,"date":"2023-03-07T00:20:19","date_gmt":"2023-03-07T05:20:19","guid":{"rendered":"https:\/\/oscarhumbertogomez.com\/?p=43792"},"modified":"2023-04-28T06:18:19","modified_gmt":"2023-04-28T11:18:19","slug":"realmente-no-existio-manuela-beltran-segunda-parte-por-oscar-humberto-gomez-gomez","status":"publish","type":"post","link":"https:\/\/oscarhumbertogomez.com\/?p=43792","title":{"rendered":"\u00bfRealmente es cierto que no existi\u00f3 Manuela Beltr\u00e1n? (Segunda parte) Por \u00d3scar Humberto G\u00f3mez G\u00f3mez"},"content":{"rendered":"<p><img loading=\"lazy\" decoding=\"async\" class=\"size-full wp-image-29409\" src=\"https:\/\/oscarhumbertogomez.com\/wp-content\/uploads\/2019\/07\/Socorro_Edit.png\" alt=\"\" width=\"600\" height=\"450\" srcset=\"https:\/\/oscarhumbertogomez.com\/wp-content\/uploads\/2019\/07\/Socorro_Edit.png 600w, https:\/\/oscarhumbertogomez.com\/wp-content\/uploads\/2019\/07\/Socorro_Edit-300x225.png 300w\" sizes=\"auto, (max-width: 600px) 100vw, 600px\" \/><\/p>\n<p>&nbsp;<\/p>\n<p>Tal y como se observ\u00f3, el art\u00edculo del historiador Armando Mart\u00ednez Garnica, titulado &#8220;Adi\u00f3s a Manuela Beltr\u00e1n&#8221;, dice:<\/p>\n<p>&#8220;Hasta entonces, <strong>nadie hab\u00eda mencionado a esa mujer en el movimiento socorrano de 1781, y nadie hab\u00eda dicho su nombre, ni siquiera en el largo expediente judicial que se sigui\u00f3 a los comuneros<\/strong>. Pero alguien, sin prueba alguna, <strong>invent\u00f3<\/strong> que se llamaba <strong>Manuela Beltr\u00e1n (&#8230;)&#8221;.<\/strong> (Negrilla fuera de texto).<\/p>\n<p>&nbsp;<\/p>\n<p>Esto no es cierto. Y no lo es, porque nada m\u00e1s ni nada menos que el mism\u00edsimo alcalde de la villa del Socorro en la fecha de la insurrecci\u00f3n, Don Josef Ignacio Angulo y Olarte, atestigu\u00f3 que entre los amotinados solo hab\u00eda reconocido, precisamente, a Manuela Beltr\u00e1n; que no hab\u00eda podido hacer lo mismo con ning\u00fan otro porque todos se cubr\u00edan el rostro con sus sombreros gachos.<\/p>\n<p>&nbsp;<\/p>\n<p><img loading=\"lazy\" decoding=\"async\" class=\"size-full wp-image-29409\" src=\"https:\/\/oscarhumbertogomez.com\/wp-content\/uploads\/2019\/07\/Socorro_Edit.png\" alt=\"\" width=\"600\" height=\"450\" srcset=\"https:\/\/oscarhumbertogomez.com\/wp-content\/uploads\/2019\/07\/Socorro_Edit.png 600w, https:\/\/oscarhumbertogomez.com\/wp-content\/uploads\/2019\/07\/Socorro_Edit-300x225.png 300w\" sizes=\"auto, (max-width: 600px) 100vw, 600px\" \/><\/p>\n<p>&nbsp;<\/p>\n<p>En efecto, en la p\u00e1gina 59 del libro &#8220;LOS COMUNEROS&#8221;, de Manuel Brice\u00f1o, publicado hace CIENTO CUARENTA Y TRES (143) A\u00d1OS, es decir, en el a\u00f1o 1880 (Imprenta de Silvestre y Compa\u00f1\u00eda. Bogot\u00e1), fue dada a conocer, por primera vez, una declaraci\u00f3n rendida sobre lo ocurrido el 16 de marzo de 1781 por quien en esa fecha era el alcalde de la villa del Socorro, testimonio en el cual el testigo mencion\u00f3 de manera expresa el nombre de la mujer que hab\u00eda despedazado el edicto. En esta declaraci\u00f3n el alcalde, Jos\u00e9 Ignacio de Angulo y Olarte, respond\u00eda un cuestionario que hab\u00eda allegado otro testigo de los hechos, don Salvador Plata, para que \u00e9l lo contestara, conforme hace constar el funcionario que le toma el testimonio, Jos\u00e9 Araos, Escribano Teniente del Gobierno.<\/p>\n<p>Es de advertir que en aquella \u00e9poca todav\u00eda no reg\u00eda la norma procesal actual que ordena que cuanto vaya diciendo el testigo que rinde declaraci\u00f3n se copie tal y como \u00e9l lo dice, esto es, en primera persona, sino que el funcionario que tomaba el testimonio iba dejando constancia en el expediente de lo que el declarante le fuera diciendo.<\/p>\n<p>El alcalde relata que no distingui\u00f3 &#8220;sujetos&#8221;, &#8220;porque todos los que se aparecieron se precav\u00edan con sus sombreros gachos&#8221; (es decir, que todos los &#8220;sujetos&#8221; llevaban sombreros de ala ancha y ca\u00edda sobre la cara, que imped\u00edan el que se les reconociera).<\/p>\n<p>Posteriormente el alcalde se refiere a &#8220;las expresiones que en aquel d\u00eda dijo&#8221; &#8220;don Salvador Plata&#8221; (de cuyo nombre deja constancia entre par\u00e9ntesis el funcionario que est\u00e1 tomando la declaraci\u00f3n).<\/p>\n<p>Esas &#8220;expresiones&#8221; fueron las de que deb\u00edan &#8220;observarse las \u00f3rdenes del Regente y superiores&#8221;.<\/p>\n<p>El alcalde confirma que esas palabras de don Salvador Plata lo que hicieron fue enardecer a los amotinados (&#8220;de lo que enardecieron)&#8221;.<\/p>\n<p>Narra el alcalde que desde el tumulto le expresaron a \u00e9l &#8220;que bajase abajo&#8221; (con lo cual denota que estaba arriba, asomado en el balc\u00f3n).<\/p>\n<p>Y al final el testigo deja en claro que &#8220;s\u00f3lo conoci\u00f3 a Manuela Beltr\u00e1n&#8221;, agregando de esta que fue la que &#8220;rompi\u00f3 el edicto&#8221;.<\/p>\n<p>&nbsp;<\/p>\n<p><img loading=\"lazy\" decoding=\"async\" class=\"size-full wp-image-29409\" src=\"https:\/\/oscarhumbertogomez.com\/wp-content\/uploads\/2019\/07\/Socorro_Edit.png\" alt=\"\" width=\"600\" height=\"450\" srcset=\"https:\/\/oscarhumbertogomez.com\/wp-content\/uploads\/2019\/07\/Socorro_Edit.png 600w, https:\/\/oscarhumbertogomez.com\/wp-content\/uploads\/2019\/07\/Socorro_Edit-300x225.png 300w\" sizes=\"auto, (max-width: 600px) 100vw, 600px\" \/><\/p>\n<p>&nbsp;<\/p>\n<p>El texto del aparte pertinente de la declaraci\u00f3n del alcalde es el siguiente:<\/p>\n<p>&nbsp;<\/p>\n<p>&#8220;DECLARACION DEL DOCTOR JOSE DE ANGULO Y OLARTE<\/p>\n<p>En la ciudad de Santa Fe, y diciembre 12 de 1782 a\u00f1os. En cumplimiento de lo mandado por el decreto antecedente, yo, el infrascrito Escribano, Teniente de este Superior Gobierno, recib\u00ed juramento al doctor don Jos\u00e9 Ignacio de Angulo, vecino de la Villa del Socorro y Alcalde, que lo hizo a Dios Nuestro Se\u00f1or y por una se\u00f1al de cruz, conforme a derecho, bajo el cual ofreci\u00f3 decir verdad de lo que sugiere y fue preguntado, como tambi\u00e9n de guardar secreto; y siendo por m\u00ed preguntado al tenor del interrogatorio inserto en el escrito que antecede, presentado por don Salvador Plata, dijo y declar\u00f3 lo siguiente:<br \/>\nA la primera pregunta dijo: que en el mismo d\u00eda de la sedici\u00f3n no distingui\u00f3 sujetos, porque todos los que se aparecieron se precav\u00edan con sus sombreros gachos; que pasados algunos d\u00edas, supo que Jos\u00e9 Delgadillo hab\u00eda hecho tocar el tambor y a este lo segu\u00edan Roque Cristancho, Ignacio Ardila, el sarco, Pablo de Ardila, el cojo, Miguel de Uribe y otros muchos de sus aliados, y que son ciertas las expresiones que en aquel d\u00eda dijo (don Salvador Plata) de observarse las \u00f3rdenes del Regente y superiores, de lo que enardecieron, expres\u00e1ndole que bajase abajo, cuya voz sal\u00eda del tumulto, y s\u00f3lo conoci\u00f3 a MANUELA BELTRAN, que rompi\u00f3 el Edicto.<br \/>\n&#8230;&#8230;&#8230;..<br \/>\nDOCTOR JOSE IGNACIO DE ANGULO Y OLARTE &#8211; JOS\u00c9 ARAOS Escribano Teniente del Gobierno&#8221; (BRICE\u00d1O, Manuel. Los Comuneros. Imprenta de Silvestre y Compa\u00f1\u00eda. Bogot\u00e1. 1880, p. 59. May\u00fasculas en el texto).<\/p>\n<p>&nbsp;<\/p>\n<p>L\u00e9ase en Internet:<\/p>\n<p>&nbsp;<\/p>\n<p>https:\/\/docplayer.es\/52863148-Manuel-briceno-los-comuneros.html (p\u00e1gina 59)<\/p>\n<p>&nbsp;<\/p>\n<p>El siguiente es el aparte pertinente del libro original (p\u00e1gina 59):<\/p>\n<p>&nbsp;<\/p>\n<p><img loading=\"lazy\" decoding=\"async\" class=\"aligncenter size-full wp-image-43894\" src=\"https:\/\/oscarhumbertogomez.com\/wp-content\/uploads\/2023\/03\/WhatsApp-Image-2023-03-11-at-2.15.27-PM.jpeg\" alt=\"\" width=\"1024\" height=\"768\" srcset=\"https:\/\/oscarhumbertogomez.com\/wp-content\/uploads\/2023\/03\/WhatsApp-Image-2023-03-11-at-2.15.27-PM.jpeg 1024w, https:\/\/oscarhumbertogomez.com\/wp-content\/uploads\/2023\/03\/WhatsApp-Image-2023-03-11-at-2.15.27-PM-300x225.jpeg 300w, https:\/\/oscarhumbertogomez.com\/wp-content\/uploads\/2023\/03\/WhatsApp-Image-2023-03-11-at-2.15.27-PM-768x576.jpeg 768w\" sizes=\"auto, (max-width: 1024px) 100vw, 1024px\" \/><\/p>\n<p>&nbsp;<\/p>\n<p>A continuaci\u00f3n, la portada del libro de Brice\u00f1o y la p\u00e1gina con la que cierra la Introducci\u00f3n. En ambas se observa el a\u00f1o de publicaci\u00f3n de la obra, esto es, 1880.<\/p>\n<p>&nbsp;<\/p>\n<p><img loading=\"lazy\" decoding=\"async\" class=\"aligncenter size-full wp-image-43945\" src=\"https:\/\/oscarhumbertogomez.com\/wp-content\/uploads\/2023\/03\/WhatsApp-Image-2023-03-12-at-11.50.58-AM.jpeg\" alt=\"\" width=\"768\" height=\"1024\" srcset=\"https:\/\/oscarhumbertogomez.com\/wp-content\/uploads\/2023\/03\/WhatsApp-Image-2023-03-12-at-11.50.58-AM.jpeg 768w, https:\/\/oscarhumbertogomez.com\/wp-content\/uploads\/2023\/03\/WhatsApp-Image-2023-03-12-at-11.50.58-AM-225x300.jpeg 225w\" sizes=\"auto, (max-width: 768px) 100vw, 768px\" \/><\/p>\n<p>&nbsp;<\/p>\n<p><img loading=\"lazy\" decoding=\"async\" class=\"aligncenter size-full wp-image-43946\" src=\"https:\/\/oscarhumbertogomez.com\/wp-content\/uploads\/2023\/03\/WhatsApp-Image-2023-03-12-at-11.53.59-AM.jpeg\" alt=\"\" width=\"768\" height=\"1024\" srcset=\"https:\/\/oscarhumbertogomez.com\/wp-content\/uploads\/2023\/03\/WhatsApp-Image-2023-03-12-at-11.53.59-AM.jpeg 768w, https:\/\/oscarhumbertogomez.com\/wp-content\/uploads\/2023\/03\/WhatsApp-Image-2023-03-12-at-11.53.59-AM-225x300.jpeg 225w\" sizes=\"auto, (max-width: 768px) 100vw, 768px\" \/><\/p>\n<p>&nbsp;<\/p>\n<p>Ahora bien: el mismo art\u00edculo del Dr. Mart\u00ednez Garnica dice:<\/p>\n<p>&#8220;Gracias a los motores de b\u00fasqueda de Family Seach, sabemos que <strong><strong>ninguna mujer con ese nombre fue bautizada en esa \u00e9poca<\/strong>&#8220;.<\/strong><\/p>\n<p>&nbsp;<\/p>\n<p>Esto tampoco es cierto. En el folio 76 del <strong>Libro de Bautismos No. 2 de la Parroquia de Nuestra Se\u00f1ora del Socorro<\/strong> obra la partida de bautismo de &#8220;<strong>Mar\u00eda Manuela<\/strong>&#8220;, &#8220;hija leg\u00edtima de Juan Beltr\u00e1n y Angela de Archila&#8221;, ni\u00f1a que fue <strong>bautizada el d\u00eda dos de julio de 1724<\/strong>&#8220;.<\/p>\n<p>El texto completo de dicha partida es el siguiente:<\/p>\n<p>&#8220;MAR\u00cdA MANUELA<\/p>\n<p>En la parroquia del Socorro, el dos de julio de mil setecientos veinte y cuatro a\u00f1os, yo. El Mtro. Don Joseph de Lara Mirabal, Theniente de cura en ella condicional, bautic\u00e9 puse \u00f3leo y chrisma a una ni\u00f1a llamada Mar\u00eda Manuela, de un mes y veinte d\u00edas, hija leg\u00edtima de Juan Beltr\u00e1n y \u00c1ngela de Archila Sarmiento, fue su padrino Nicol\u00e1s de C\u00e1rdenas Barrag\u00e1n. Doy fe, Joseph de Lara Mirabal. Pbro&#8221;.<\/p>\n<p>&nbsp;<\/p>\n<p>Ello significa no s\u00f3lo que Manuela Beltr\u00e1n s\u00ed fue bautizada en el Socorro, sino que en 1781, a\u00f1o de la insurrecci\u00f3n, ten\u00eda 57 a\u00f1os de edad.<\/p>\n<p>Inserto a continuaci\u00f3n tanto el folio del libro parroquial donde obra la partida de bautizo de Manuela Beltr\u00e1n como dicha partida:<\/p>\n<p>&nbsp;<\/p>\n<div id=\"attachment_43846\" style=\"width: 650px\" class=\"wp-caption aligncenter\"><img loading=\"lazy\" decoding=\"async\" aria-describedby=\"caption-attachment-43846\" class=\"size-large wp-image-43846\" src=\"https:\/\/oscarhumbertogomez.com\/wp-content\/uploads\/2023\/03\/Partida-de-bautizo-de-Manuela-Beltran-1024x655.jpeg\" alt=\"\" width=\"640\" height=\"409\" srcset=\"https:\/\/oscarhumbertogomez.com\/wp-content\/uploads\/2023\/03\/Partida-de-bautizo-de-Manuela-Beltran-1024x655.jpeg 1024w, https:\/\/oscarhumbertogomez.com\/wp-content\/uploads\/2023\/03\/Partida-de-bautizo-de-Manuela-Beltran-300x192.jpeg 300w, https:\/\/oscarhumbertogomez.com\/wp-content\/uploads\/2023\/03\/Partida-de-bautizo-de-Manuela-Beltran-768x491.jpeg 768w, https:\/\/oscarhumbertogomez.com\/wp-content\/uploads\/2023\/03\/Partida-de-bautizo-de-Manuela-Beltran-1536x982.jpeg 1536w, https:\/\/oscarhumbertogomez.com\/wp-content\/uploads\/2023\/03\/Partida-de-bautizo-de-Manuela-Beltran-2048x1309.jpeg 2048w\" sizes=\"auto, (max-width: 640px) 100vw, 640px\" \/><p id=\"caption-attachment-43846\" class=\"wp-caption-text\">FOLIO DE LA PARTIDA DE BAUTIZO DE MANUELA BELTR\u00c1N<\/p><\/div>\n<p>&nbsp;<\/p>\n<div id=\"attachment_43848\" style=\"width: 726px\" class=\"wp-caption aligncenter\"><img loading=\"lazy\" decoding=\"async\" aria-describedby=\"caption-attachment-43848\" class=\"size-full wp-image-43848\" src=\"https:\/\/oscarhumbertogomez.com\/wp-content\/uploads\/2023\/03\/PARTIDA-DE-BAUTIZO-DE-MANUELA-BELTRAN-.jpeg\" alt=\"\" width=\"716\" height=\"477\" srcset=\"https:\/\/oscarhumbertogomez.com\/wp-content\/uploads\/2023\/03\/PARTIDA-DE-BAUTIZO-DE-MANUELA-BELTRAN-.jpeg 716w, https:\/\/oscarhumbertogomez.com\/wp-content\/uploads\/2023\/03\/PARTIDA-DE-BAUTIZO-DE-MANUELA-BELTRAN--300x200.jpeg 300w\" sizes=\"auto, (max-width: 716px) 100vw, 716px\" \/><p id=\"caption-attachment-43848\" class=\"wp-caption-text\">PARTIDA DE BAUTIZO DE MANUELA BELTR\u00c1N<\/p><\/div>\n<p>&nbsp;<\/p>\n<p><strong><img loading=\"lazy\" decoding=\"async\" class=\"size-full wp-image-29409\" src=\"https:\/\/oscarhumbertogomez.com\/wp-content\/uploads\/2019\/07\/Socorro_Edit.png\" alt=\"\" width=\"600\" height=\"450\" srcset=\"https:\/\/oscarhumbertogomez.com\/wp-content\/uploads\/2019\/07\/Socorro_Edit.png 600w, https:\/\/oscarhumbertogomez.com\/wp-content\/uploads\/2019\/07\/Socorro_Edit-300x225.png 300w\" sizes=\"auto, (max-width: 600px) 100vw, 600px\" \/><\/strong><\/p>\n<p>&nbsp;<br \/>\nDice el mismo art\u00edculo del Dr. Mart\u00ednez Garnica que Jos\u00e9 Mar\u00eda Quijano Otero, director de la Biblioteca Nacional, dej\u00f3 una constancia en 1878 en la que textualmente escribi\u00f3 lo siguiente:<\/p>\n<p>&#8220;Ning\u00fan historiador de Colombia consigna el nombre de la mujer que rompi\u00f3 el escudo real y despedaz\u00f3 el \u201cedicto de los impuestos\u201d en la plaza del Socorro el 15 de mayo (sic) de 1781, fecha que constituye, en mi humilde opini\u00f3n, el punto de partida del movimiento insurreccionalista que emancip\u00f3 a Colombia. <strong>Hoy he sabido por una rara casualidad, i puedo comprobar<\/strong>, que aquella humilde hija del pueblo que vino a ser hero\u00edna en la historia se llamaba Mar\u00eda Antonia Vargas. Dejo de ello constancia en la Biblioteca Nacional, como tributo a aquella valerosa mujer (&#8230;)&#8221;. (Negrilla fuera de texto).<\/p>\n<p>&nbsp;<\/p>\n<p>Lo que no dice el art\u00edculo es cu\u00e1l fue esa &#8220;rara casualidad&#8221; y con qu\u00e9 pruebas &#8220;comprob\u00f3&#8221; el autor de tal constancia que &#8220;aquella humilde mujer&#8221; que &#8220;rompi\u00f3 el escudo real y despedaz\u00f3 el &#8220;edicto de los impuestos&#8221; en la plaza del Socorro&#8221; &#8220;se llamaba Mar\u00eda Antonia Vargas&#8221;.<\/p>\n<p>Como qued\u00f3 visto atr\u00e1s, &#8220;el nombre de la mujer que (&#8230;) despedaz\u00f3 el &#8220;edicto de los impuestos&#8221; en la plaza del Socorro&#8221;, entre otras cosas no &#8220;el 15 de mayo de 1781&#8221;, sino el 16 de marzo de 1781, lo &#8220;consigna&#8221; el propio alcalde de la villa del Socorro.<\/p>\n<p>Personaje este cuyo nombre, dicho sea de paso, aparece en varios de los documentos insertados por el historiador MANUEL BRICE\u00d1O al final de su libro de 1880, observ\u00e1ndose que unas veces lo escrib\u00edan &#8220;JOSE&#8221; y otras veces &#8220;JOSEF&#8221;, con una &#8220;F&#8221; al final.<\/p>\n<p>&nbsp;<\/p>\n<p><img loading=\"lazy\" decoding=\"async\" class=\"size-full wp-image-29409\" src=\"https:\/\/oscarhumbertogomez.com\/wp-content\/uploads\/2019\/07\/Socorro_Edit.png\" alt=\"\" width=\"600\" height=\"450\" srcset=\"https:\/\/oscarhumbertogomez.com\/wp-content\/uploads\/2019\/07\/Socorro_Edit.png 600w, https:\/\/oscarhumbertogomez.com\/wp-content\/uploads\/2019\/07\/Socorro_Edit-300x225.png 300w\" sizes=\"auto, (max-width: 600px) 100vw, 600px\" \/><\/p>\n<p>&nbsp;<\/p>\n<p>(CONTINUAR\u00c1)<\/p>\n<p>&nbsp;<\/p>\n","protected":false},"excerpt":{"rendered":"<p>&nbsp; Tal y como se observ\u00f3, el art\u00edculo del historiador Armando Mart\u00ednez Garnica, titulado &#8220;Adi\u00f3s a Manuela Beltr\u00e1n&#8221;, dice: &#8220;Hasta entonces, nadie hab\u00eda mencionado a esa mujer en el movimiento socorrano de 1781, y nadie hab\u00eda dicho su nombre, ni &hellip; <a href=\"https:\/\/oscarhumbertogomez.com\/?p=43792\">Sigue leyendo <span class=\"meta-nav\">&rarr;<\/span><\/a><\/p>\n<div class='heateorSssClear'><\/div><div  class='heateor_sss_sharing_container heateor_sss_horizontal_sharing' heateor-sss-data-href='https:\/\/oscarhumbertogomez.com\/?p=43792'><div class='heateor_sss_sharing_title' style=\"font-weight:bold\" >\u00a1Gracias por compartirla!<\/div><ul class=\"heateor_sss_sharing_ul\"><li class=\"heateorSssSharingRound\"><i style=\"width:35px;height:35px;border-radius:999px;\" alt=\"Facebook\" Title=\"Facebook\" class=\"heateorSssSharing heateorSssFacebookBackground\" onclick='heateorSssPopup(\"https:\/\/www.facebook.com\/sharer\/sharer.php?u=https%3A%2F%2Foscarhumbertogomez.com%2Findex.php%3Frest_route%3D%252Fwp%252Fv2%252Fposts%252F43792\")'><ss style=\"display:block;border-radius:999px;\" class=\"heateorSssSharingSvg heateorSssFacebookSvg\"><\/ss><\/i><\/li><li class=\"heateorSssSharingRound\"><i style=\"width:35px;height:35px;border-radius:999px;\" alt=\"Twitter\" Title=\"Twitter\" class=\"heateorSssSharing heateorSssTwitterBackground\" onclick='heateorSssPopup(\"http:\/\/twitter.com\/intent\/tweet?text=%C2%BFRealmente%20es%20cierto%20que%20no%20existi%C3%B3%20Manuela%20Beltr%C3%A1n%3F%20%28Segunda%20parte%29%20Por%20%C3%93scar%20Humberto%20G%C3%B3mez%20G%C3%B3mez&url=https%3A%2F%2Foscarhumbertogomez.com%2Findex.php%3Frest_route%3D%252Fwp%252Fv2%252Fposts%252F43792\")'><ss style=\"display:block;border-radius:999px;\" class=\"heateorSssSharingSvg heateorSssTwitterSvg\"><\/ss><\/i><\/li><li class=\"heateorSssSharingRound\"><i style=\"width:35px;height:35px;border-radius:999px;\" alt=\"Whatsapp\" Title=\"Whatsapp\" class=\"heateorSssSharing heateorSssWhatsappBackground\" onclick='heateorSssPopup(\"https:\/\/web.whatsapp.com\/send?text=%C2%BFRealmente%20es%20cierto%20que%20no%20existi%C3%B3%20Manuela%20Beltr%C3%A1n%3F%20%28Segunda%20parte%29%20Por%20%C3%93scar%20Humberto%20G%C3%B3mez%20G%C3%B3mez https%3A%2F%2Foscarhumbertogomez.com%2Findex.php%3Frest_route%3D%252Fwp%252Fv2%252Fposts%252F43792\")'><ss style=\"display:block\" class=\"heateorSssSharingSvg heateorSssWhatsappSvg\"><\/ss><\/i><\/li><li class=\"heateorSssSharingRound\"><i style=\"width:35px;height:35px;border-radius:999px;\" alt=\"Pinterest\" Title=\"Pinterest\" class=\"heateorSssSharing heateorSssPinterestBackground\" onclick=\"javascript:void( (function() {var e=document.createElement('script' );e.setAttribute('type','text\/javascript' );e.setAttribute('charset','UTF-8' );e.setAttribute('src','\/\/assets.pinterest.com\/js\/pinmarklet.js?r='+Math.random()*99999999);document.body.appendChild(e)})());\"><ss style=\"display:block;border-radius:999px;\" class=\"heateorSssSharingSvg heateorSssPinterestSvg\"><\/ss><\/i><\/li><li class=\"heateorSssSharingRound\"><i style=\"width:35px;height:35px;border-radius:999px;\" alt=\"Google Gmail\" Title=\"Google Gmail\" class=\"heateorSssSharing heateorSssGoogleGmailBackground\" onclick='heateorSssPopup(\"https:\/\/mail.google.com\/mail\/?ui=2&view=cm&fs=1&tf=1&su=%C2%BFRealmente%20es%20cierto%20que%20no%20existi%C3%B3%20Manuela%20Beltr%C3%A1n%3F%20%28Segunda%20parte%29%20Por%20%C3%93scar%20Humberto%20G%C3%B3mez%20G%C3%B3mez&body=Link:https%3A%2F%2Foscarhumbertogomez.com%2Findex.php%3Frest_route%3D%252Fwp%252Fv2%252Fposts%252F43792\")'><ss style=\"display:block;border-radius:999px;\" class=\"heateorSssSharingSvg heateorSssGoogleGmailSvg\"><\/ss><\/i><\/li><li class=\"heateorSssSharingRound\"><i style=\"width:35px;height:35px;border-radius:999px;\" title=\"More\" alt=\"More\" class=\"heateorSssSharing heateorSssMoreBackground\" onclick=\"heateorSssMoreSharingPopup(this, 'https:\/\/oscarhumbertogomez.com\/index.php?rest_route=%2Fwp%2Fv2%2Fposts%2F43792', '%C2%BFRealmente%20es%20cierto%20que%20no%20existi%C3%B3%20Manuela%20Beltr%C3%A1n%3F%20%28Segunda%20parte%29%20Por%20%C3%93scar%20Humberto%20G%C3%B3mez%20G%C3%B3mez', '' )\" ><ss style=\"display:block\" class=\"heateorSssSharingSvg heateorSssMoreSvg\"><\/ss><\/i><\/li><\/ul><div class=\"heateorSssClear\"><\/div><\/div><div class='heateorSssClear'><\/div>","protected":false},"author":2,"featured_media":0,"comment_status":"closed","ping_status":"closed","sticky":false,"template":"","format":"standard","meta":{"spay_email":"","footnotes":""},"categories":[12],"tags":[],"class_list":["post-43792","post","type-post","status-publish","format-standard","hentry","category-historia"],"jetpack_featured_media_url":"","jetpack_shortlink":"https:\/\/wp.me\/p1FYrr-bok","_links":{"self":[{"href":"https:\/\/oscarhumbertogomez.com\/index.php?rest_route=\/wp\/v2\/posts\/43792","targetHints":{"allow":["GET"]}}],"collection":[{"href":"https:\/\/oscarhumbertogomez.com\/index.php?rest_route=\/wp\/v2\/posts"}],"about":[{"href":"https:\/\/oscarhumbertogomez.com\/index.php?rest_route=\/wp\/v2\/types\/post"}],"author":[{"embeddable":true,"href":"https:\/\/oscarhumbertogomez.com\/index.php?rest_route=\/wp\/v2\/users\/2"}],"replies":[{"embeddable":true,"href":"https:\/\/oscarhumbertogomez.com\/index.php?rest_route=%2Fwp%2Fv2%2Fcomments&post=43792"}],"version-history":[{"count":5,"href":"https:\/\/oscarhumbertogomez.com\/index.php?rest_route=\/wp\/v2\/posts\/43792\/revisions"}],"predecessor-version":[{"id":44801,"href":"https:\/\/oscarhumbertogomez.com\/index.php?rest_route=\/wp\/v2\/posts\/43792\/revisions\/44801"}],"wp:attachment":[{"href":"https:\/\/oscarhumbertogomez.com\/index.php?rest_route=%2Fwp%2Fv2%2Fmedia&parent=43792"}],"wp:term":[{"taxonomy":"category","embeddable":true,"href":"https:\/\/oscarhumbertogomez.com\/index.php?rest_route=%2Fwp%2Fv2%2Fcategories&post=43792"},{"taxonomy":"post_tag","embeddable":true,"href":"https:\/\/oscarhumbertogomez.com\/index.php?rest_route=%2Fwp%2Fv2%2Ftags&post=43792"}],"curies":[{"name":"wp","href":"https:\/\/api.w.org\/{rel}","templated":true}]}}