{"id":43844,"date":"2023-03-08T13:52:37","date_gmt":"2023-03-08T18:52:37","guid":{"rendered":"https:\/\/oscarhumbertogomez.com\/?p=43844"},"modified":"2023-04-28T06:18:49","modified_gmt":"2023-04-28T11:18:49","slug":"realmente-no-existio-manuela-beltran-tercera-parte-por-oscar-humberto-gomez-gomez","status":"publish","type":"post","link":"https:\/\/oscarhumbertogomez.com\/?p=43844","title":{"rendered":"\u00bfRealmente es cierto que no existi\u00f3 Manuela Beltr\u00e1n? (Tercera parte) Por \u00d3scar Humberto G\u00f3mez G\u00f3mez"},"content":{"rendered":"<p><img loading=\"lazy\" decoding=\"async\" class=\"size-full wp-image-29409\" src=\"https:\/\/oscarhumbertogomez.com\/wp-content\/uploads\/2019\/07\/Socorro_Edit.png\" alt=\"\" width=\"600\" height=\"450\" srcset=\"https:\/\/oscarhumbertogomez.com\/wp-content\/uploads\/2019\/07\/Socorro_Edit.png 600w, https:\/\/oscarhumbertogomez.com\/wp-content\/uploads\/2019\/07\/Socorro_Edit-300x225.png 300w\" sizes=\"auto, (max-width: 600px) 100vw, 600px\" \/><\/p>\n<p>&nbsp;<\/p>\n<p>La Radio Nacional &#8211; radiodifusora del Estado colombiano &#8211; public\u00f3 en Internet el siguiente informe radial:<\/p>\n<p>&#8220;En conversaci\u00f3n con Se\u00f1al de la Ma\u00f1ana, el historiador de Se\u00f1al Memoria, Felipe Arias, se refiri\u00f3 a la discusi\u00f3n acerca de la existencia de Manuela Beltr\u00e1n<\/p>\n<p>\u00bfExisti\u00f3 o no? Ese es el debate que ha generado en los \u00faltimos d\u00edas las declaraciones que dio el presidente de la Academia Colombiana de Historia, Armando Mart\u00ednez, por expresar que no existen indicios que comprueben la existencia de Manuela Beltr\u00e1n, la primera hero\u00edna de la independencia de Colombia.<\/p>\n<p>El profesor Mart\u00ednez sustenta que no hay indicios acerca de Manuela Beltr\u00e1n, ya que fue un personaje construido desde las clases populares y que la literatura liberal del Romanticismo volvi\u00f3 un personaje de ficci\u00f3n. Sin embargo, la historiadora Judith Gonz\u00e1les, argumenta que Manuela Beltr\u00e1n ha existido en la conciencia nacional como un personaje popular, el cual la historiograf\u00eda se ha encargado de construir.<\/p>\n<p>La genealogista Roc\u00edo S\u00e1nchez encontr\u00f3 una partida de bautismo que pertenece a una mujer que lleva el nombre de Manuela Beltr\u00e1n, que tiene fecha del 2 de julio de 1724. El asunto volvi\u00f3 a reavivar el debate, ya que la prueba fue presentada ante la Academia Colombiana de Historia, pero dej\u00f3 una interrogante: Si realmente existi\u00f3, \u00bfser\u00e1 esa misma persona de la partida de bautismo, quien lider\u00f3 la Revoluci\u00f3n Comunera?<\/p>\n<p>En conversaci\u00f3n con Se\u00f1al de la Ma\u00f1ana, el historiador Felipe Arias afirm\u00f3 que la partida de bautismo puede ser un indicio para comprobar la existencia de Manuela Beltr\u00e1n, por ser documentaci\u00f3n que est\u00e1 muy bien conservada y digitalizada.<\/p>\n<p>Pero plante\u00f3 que: \u201cEl problema aqu\u00ed ser\u00eda determinar si esa mujer, que tenemos una existencia documentada, que se llama Manuela Beltr\u00e1n y vivi\u00f3 en el Socorro si fue aquella mujer que dicen otros testimonios que moviliz\u00f3 en la Plaza P\u00fablica al pueblo en 1781 y rompi\u00f3 el edicto que impon\u00eda una serie de cargas tributarias a la poblaci\u00f3n\u201d.<\/p>\n<p>Arias subray\u00f3 que \u201cese inter\u00e9s de encontrar la existencia objetiva y documentada de personajes es una obsesi\u00f3n que tienen los hombres de la modernidad\u201d, partiendo de la idea que el debate por la existencia de Manuela Beltr\u00e1n no es el primero que se ha dado en Colombia y el mundo, debido a la dificultad por hallar archivos que validen la implicaci\u00f3n pol\u00edtica de estos personajes en la historia.<\/p>\n<p>Finaliza mencionando que esta es una oportunidad para reflexionar sobre los cambios que pueden ocurrir en la historia y los relatos del pasado, debido al di\u00e1logo constante entre la investigaci\u00f3n acad\u00e9mica y la memoria hist\u00f3rica, que resulta en una narraci\u00f3n diversa sobre el acontecer de nuestro pa\u00eds&#8221;.<\/p>\n<p>&nbsp;<\/p>\n<p><img loading=\"lazy\" decoding=\"async\" class=\"size-full wp-image-29409\" src=\"https:\/\/oscarhumbertogomez.com\/wp-content\/uploads\/2019\/07\/Socorro_Edit.png\" alt=\"\" width=\"600\" height=\"450\" srcset=\"https:\/\/oscarhumbertogomez.com\/wp-content\/uploads\/2019\/07\/Socorro_Edit.png 600w, https:\/\/oscarhumbertogomez.com\/wp-content\/uploads\/2019\/07\/Socorro_Edit-300x225.png 300w\" sizes=\"auto, (max-width: 600px) 100vw, 600px\" \/><\/p>\n<p>&nbsp;<\/p>\n<p>Como se observa, dentro de la Radio Nacional y por parte de los entrevistados era total la ignorancia   sobre la declaraci\u00f3n del alcalde del Socorro Josef Ignacio de Angulo y Olarte, sobre el libro del historiador Manuel Brice\u00f1o de 1880 donde dicho testimonio aparece insertado como anexo, y sobre el libro del historiador Jos\u00e9 Fulgencio Guti\u00e9rrez de 1939 donde hace expresa menci\u00f3n a que acerca del nombre de la mujer que rompi\u00f3 el edicto exist\u00eda ya para entonces un debate y que inclusive se dec\u00eda que se llamaba &#8220;Antonia Vargas&#8221;, pero que dichas elucubraciones hab\u00edan quedado zanjadas con el testimonio del testigo presencial de los hechos Josef Ignacio de Angulo y Olarte, alcalde del Socorro en 1781.<\/p>\n<p>Como igualmente se observa, la historiadora Judith Gonz\u00e1lez dijo que Manuela Beltr\u00e1n &#8220;ha existido en la conciencia nacional como un personaje popular, el cual la historiograf\u00eda se ha encargado de construir&#8221;, dando a entender su no existencia real. Por cierto, esta historiadora acus\u00f3 al Dr. Armando Mart\u00ednez de haberla &#8220;plagiado&#8221;, porque ella antes que \u00e9l hab\u00eda sido quien plante\u00f3 la hip\u00f3tesis de la inexistencia de Manuela Beltr\u00e1n.<\/p>\n<p>Como tambi\u00e9n se observa, el asesor Arias insisti\u00f3 en dudar sobre si aquella partida de bautismo hallada en el Socorro y de la cual reconoci\u00f3 que estaba muy bien conservada, correspond\u00eda a la misma Manuela Beltr\u00e1n que rompi\u00f3 el edicto. Es decir, el historiador que neg\u00f3 su existencia, el Dr. Armando Mart\u00ednez Garnica, se bas\u00f3 en que nadie con ese nombre hab\u00eda sido bautizado en el Socorro en aquella \u00e9poca, pero ante la evidencia de lo contrario, en la Radio Nacional se pas\u00f3 de &#8220;ninguna&#8221; Manuela Beltr\u00e1n a &#8220;varias&#8221; Manuelas Beltranes.<\/p>\n<p>Pero, adem\u00e1s, tampoco era cierto que hubiese sido una &#8220;genealogista&#8221; la que hab\u00eda hallado la partida de bautismo de Manuela.<\/p>\n<p>En efecto, en el a\u00f1o 2015, es decir, ocho a\u00f1os antes del a\u00f1o 2023, el diario Vanguardia Liberal, de Bucaramanga, public\u00f3 la siguiente nota period\u00edstica:<\/p>\n<p>&#8220;Debido a comentarios inexactos sobre la sustracci\u00f3n de la partida de bautismo de la hero\u00edna socorrana Mar\u00eda Manuela Beltr\u00e1n Archila Sarmiento, el reconocido historiador \u00c1lvaro Sarmiento Santander, hizo llegar a Vanguardia Liberal una copia del documento original y la partida de registro expedida en dicha Di\u00f3cesis de Socorro y San Gil.<br \/>\nAgreg\u00f3 que sobre dicha partida ya ten\u00eda conocimiento muchos a\u00f1os atr\u00e1s.<\/p>\n<p>Por medio de una charla, el abogado Luis Carlos Rangel Franco coment\u00f3 que siendo su padre don Horacio Rangel, notario de este circuito hace varios a\u00f1os, all\u00ed se present\u00f3 el historiador Ramiro G\u00f3mez a autenticar dicha partida, \u201cpor esta fuente logramos hallar este documento para que en la memoria colectiva y para siempre, el nombre de esta hero\u00edna y su gesta sean orgullo del pueblo socorrano y un elemento m\u00e1s de la santanderianidad\u201d.<\/p>\n<p>Dicha partida est\u00e1 transcrita en el libro la \u201cRevoluci\u00f3n de los Comuneros\u201d, del ilustre historiador Ramiro G\u00f3mez Rodr\u00edguez, honra de las letras santandereanas.<\/p>\n<p>Custodiado<\/p>\n<p>Por fortuna, este documento permanece debidamente custodiado en el archivo parroquial de la Concatedral Nuestra Se\u00f1ora del Socorro, que facilit\u00f3 la investigaci\u00f3n.<\/p>\n<p>Algo de historia<\/p>\n<p>Las revoluciones en sus diferentes etapas van escogiendo a sus protagonistas. Manuela Beltr\u00e1n, hero\u00edna socorrana y actora principal del 16 de marzo de 1781, de 57 a\u00f1os de edad, viuda y con dos hijos, destruy\u00f3 el edicto que conten\u00eda los impuestos, pero su destino estaba marcado por el deseo de la monarqu\u00eda espa\u00f1ola de extirpar de una vez y para siempre la rebeld\u00eda altiva de los hombres y mujeres de esta sagrada tierra de la libertad. Pocos a\u00f1os despu\u00e9s de reprimida la Revoluci\u00f3n Comunera por orden del arzobispo virrey, Caballero y G\u00f3ngora, familias enteras de Tunja, el Socorro y Gir\u00f3n fueron desplazadas a poblar las selvas del Dari\u00e9n.<\/p>\n<p>Transcripci\u00f3n de la partida de bautismo<\/p>\n<p>En el libro de bautismos n\u00famero 02 folio 78 vuelto aparece la siguiente partida: MAR\u00cdA MANUELA<\/p>\n<p>En la parroquia del Socorro, el dos de julio de setecientos veinte y cuatro a\u00f1os, yo. El Mtro. Don Joseph de Lara Mirabal, Theniente de cura en ella condicional, bautic\u00e9 puse \u00f3leo y chrisma a una ni\u00f1a llamada Mar\u00eda Manuela, de un mes y veinte d\u00edas, hija leg\u00edtima de Juan Beltr\u00e1n y \u00c1ngela de Archila Sarmiento, fue su padrino Nicol\u00e1s de C\u00e1rdenas Barrag\u00e1n. Doy fe, Joseph de Lara Mirabal. Pbro.<\/p>\n<p>La copia fue suministrada por el historiador \u00c1lvaro Sarmiento Santander&#8221;.<\/p>\n<p>&nbsp;<\/p>\n<p>El informe a\u00fan puede leerse en Internet en el siguiente enlace:<\/p>\n<p>&nbsp;<\/p>\n<p>https:\/\/www.vanguardia.com\/santander\/comunera\/hallan-partida-de-bautismo-de-heroina-maria-manuela-beltran-archila-sarmiento-BYVL312726<\/p>\n<p>&nbsp;<\/p>\n<p><strong><img loading=\"lazy\" decoding=\"async\" class=\"size-full wp-image-29409\" src=\"https:\/\/oscarhumbertogomez.com\/wp-content\/uploads\/2019\/07\/Socorro_Edit.png\" alt=\"\" width=\"600\" height=\"450\" srcset=\"https:\/\/oscarhumbertogomez.com\/wp-content\/uploads\/2019\/07\/Socorro_Edit.png 600w, https:\/\/oscarhumbertogomez.com\/wp-content\/uploads\/2019\/07\/Socorro_Edit-300x225.png 300w\" sizes=\"auto, (max-width: 600px) 100vw, 600px\" \/><\/strong><\/p>\n<p>&nbsp;<\/p>\n<p>(CONTINUAR\u00c1)<\/p>\n<p>&nbsp;<\/p>\n","protected":false},"excerpt":{"rendered":"<p>&nbsp; La Radio Nacional &#8211; radiodifusora del Estado colombiano &#8211; public\u00f3 en Internet el siguiente informe radial: &#8220;En conversaci\u00f3n con Se\u00f1al de la Ma\u00f1ana, el historiador de Se\u00f1al Memoria, Felipe Arias, se refiri\u00f3 a la discusi\u00f3n acerca de la existencia &hellip; <a href=\"https:\/\/oscarhumbertogomez.com\/?p=43844\">Sigue leyendo <span class=\"meta-nav\">&rarr;<\/span><\/a><\/p>\n<div class='heateorSssClear'><\/div><div  class='heateor_sss_sharing_container heateor_sss_horizontal_sharing' heateor-sss-data-href='https:\/\/oscarhumbertogomez.com\/?p=43844'><div class='heateor_sss_sharing_title' style=\"font-weight:bold\" >\u00a1Gracias por compartirla!<\/div><ul class=\"heateor_sss_sharing_ul\"><li class=\"heateorSssSharingRound\"><i style=\"width:35px;height:35px;border-radius:999px;\" alt=\"Facebook\" Title=\"Facebook\" class=\"heateorSssSharing heateorSssFacebookBackground\" onclick='heateorSssPopup(\"https:\/\/www.facebook.com\/sharer\/sharer.php?u=https%3A%2F%2Foscarhumbertogomez.com%2Findex.php%3Frest_route%3D%252Fwp%252Fv2%252Fposts%252F43844\")'><ss style=\"display:block;border-radius:999px;\" class=\"heateorSssSharingSvg heateorSssFacebookSvg\"><\/ss><\/i><\/li><li class=\"heateorSssSharingRound\"><i style=\"width:35px;height:35px;border-radius:999px;\" alt=\"Twitter\" Title=\"Twitter\" class=\"heateorSssSharing heateorSssTwitterBackground\" onclick='heateorSssPopup(\"http:\/\/twitter.com\/intent\/tweet?text=%C2%BFRealmente%20es%20cierto%20que%20no%20existi%C3%B3%20Manuela%20Beltr%C3%A1n%3F%20%28Tercera%20parte%29%20Por%20%C3%93scar%20Humberto%20G%C3%B3mez%20G%C3%B3mez&url=https%3A%2F%2Foscarhumbertogomez.com%2Findex.php%3Frest_route%3D%252Fwp%252Fv2%252Fposts%252F43844\")'><ss style=\"display:block;border-radius:999px;\" class=\"heateorSssSharingSvg heateorSssTwitterSvg\"><\/ss><\/i><\/li><li class=\"heateorSssSharingRound\"><i style=\"width:35px;height:35px;border-radius:999px;\" alt=\"Whatsapp\" Title=\"Whatsapp\" class=\"heateorSssSharing heateorSssWhatsappBackground\" onclick='heateorSssPopup(\"https:\/\/web.whatsapp.com\/send?text=%C2%BFRealmente%20es%20cierto%20que%20no%20existi%C3%B3%20Manuela%20Beltr%C3%A1n%3F%20%28Tercera%20parte%29%20Por%20%C3%93scar%20Humberto%20G%C3%B3mez%20G%C3%B3mez https%3A%2F%2Foscarhumbertogomez.com%2Findex.php%3Frest_route%3D%252Fwp%252Fv2%252Fposts%252F43844\")'><ss style=\"display:block\" class=\"heateorSssSharingSvg heateorSssWhatsappSvg\"><\/ss><\/i><\/li><li class=\"heateorSssSharingRound\"><i style=\"width:35px;height:35px;border-radius:999px;\" alt=\"Pinterest\" Title=\"Pinterest\" class=\"heateorSssSharing heateorSssPinterestBackground\" onclick=\"javascript:void( (function() {var e=document.createElement('script' );e.setAttribute('type','text\/javascript' );e.setAttribute('charset','UTF-8' );e.setAttribute('src','\/\/assets.pinterest.com\/js\/pinmarklet.js?r='+Math.random()*99999999);document.body.appendChild(e)})());\"><ss style=\"display:block;border-radius:999px;\" class=\"heateorSssSharingSvg heateorSssPinterestSvg\"><\/ss><\/i><\/li><li class=\"heateorSssSharingRound\"><i style=\"width:35px;height:35px;border-radius:999px;\" alt=\"Google Gmail\" Title=\"Google Gmail\" class=\"heateorSssSharing heateorSssGoogleGmailBackground\" onclick='heateorSssPopup(\"https:\/\/mail.google.com\/mail\/?ui=2&view=cm&fs=1&tf=1&su=%C2%BFRealmente%20es%20cierto%20que%20no%20existi%C3%B3%20Manuela%20Beltr%C3%A1n%3F%20%28Tercera%20parte%29%20Por%20%C3%93scar%20Humberto%20G%C3%B3mez%20G%C3%B3mez&body=Link:https%3A%2F%2Foscarhumbertogomez.com%2Findex.php%3Frest_route%3D%252Fwp%252Fv2%252Fposts%252F43844\")'><ss style=\"display:block;border-radius:999px;\" class=\"heateorSssSharingSvg heateorSssGoogleGmailSvg\"><\/ss><\/i><\/li><li class=\"heateorSssSharingRound\"><i style=\"width:35px;height:35px;border-radius:999px;\" title=\"More\" alt=\"More\" class=\"heateorSssSharing heateorSssMoreBackground\" onclick=\"heateorSssMoreSharingPopup(this, 'https:\/\/oscarhumbertogomez.com\/index.php?rest_route=%2Fwp%2Fv2%2Fposts%2F43844', '%C2%BFRealmente%20es%20cierto%20que%20no%20existi%C3%B3%20Manuela%20Beltr%C3%A1n%3F%20%28Tercera%20parte%29%20Por%20%C3%93scar%20Humberto%20G%C3%B3mez%20G%C3%B3mez', '' )\" ><ss style=\"display:block\" class=\"heateorSssSharingSvg heateorSssMoreSvg\"><\/ss><\/i><\/li><\/ul><div class=\"heateorSssClear\"><\/div><\/div><div class='heateorSssClear'><\/div>","protected":false},"author":2,"featured_media":0,"comment_status":"closed","ping_status":"closed","sticky":false,"template":"","format":"standard","meta":{"spay_email":"","footnotes":""},"categories":[12],"tags":[],"class_list":["post-43844","post","type-post","status-publish","format-standard","hentry","category-historia"],"jetpack_featured_media_url":"","jetpack_shortlink":"https:\/\/wp.me\/p1FYrr-bpa","_links":{"self":[{"href":"https:\/\/oscarhumbertogomez.com\/index.php?rest_route=\/wp\/v2\/posts\/43844","targetHints":{"allow":["GET"]}}],"collection":[{"href":"https:\/\/oscarhumbertogomez.com\/index.php?rest_route=\/wp\/v2\/posts"}],"about":[{"href":"https:\/\/oscarhumbertogomez.com\/index.php?rest_route=\/wp\/v2\/types\/post"}],"author":[{"embeddable":true,"href":"https:\/\/oscarhumbertogomez.com\/index.php?rest_route=\/wp\/v2\/users\/2"}],"replies":[{"embeddable":true,"href":"https:\/\/oscarhumbertogomez.com\/index.php?rest_route=%2Fwp%2Fv2%2Fcomments&post=43844"}],"version-history":[{"count":5,"href":"https:\/\/oscarhumbertogomez.com\/index.php?rest_route=\/wp\/v2\/posts\/43844\/revisions"}],"predecessor-version":[{"id":44802,"href":"https:\/\/oscarhumbertogomez.com\/index.php?rest_route=\/wp\/v2\/posts\/43844\/revisions\/44802"}],"wp:attachment":[{"href":"https:\/\/oscarhumbertogomez.com\/index.php?rest_route=%2Fwp%2Fv2%2Fmedia&parent=43844"}],"wp:term":[{"taxonomy":"category","embeddable":true,"href":"https:\/\/oscarhumbertogomez.com\/index.php?rest_route=%2Fwp%2Fv2%2Fcategories&post=43844"},{"taxonomy":"post_tag","embeddable":true,"href":"https:\/\/oscarhumbertogomez.com\/index.php?rest_route=%2Fwp%2Fv2%2Ftags&post=43844"}],"curies":[{"name":"wp","href":"https:\/\/api.w.org\/{rel}","templated":true}]}}