{"id":43974,"date":"2023-03-13T17:27:57","date_gmt":"2023-03-13T22:27:57","guid":{"rendered":"https:\/\/oscarhumbertogomez.com\/?p=43974"},"modified":"2023-04-28T06:20:11","modified_gmt":"2023-04-28T11:20:11","slug":"realmente-no-existio-manuela-beltran-sexta-parte-por-oscar-humberto-gomez-gomez","status":"publish","type":"post","link":"https:\/\/oscarhumbertogomez.com\/?p=43974","title":{"rendered":"\u00bfRealmente es cierto que no existi\u00f3 Manuela Beltr\u00e1n? (Sexta parte) Por \u00d3scar Humberto G\u00f3mez G\u00f3mez"},"content":{"rendered":"<p><img loading=\"lazy\" decoding=\"async\" class=\"size-full wp-image-29409\" src=\"https:\/\/oscarhumbertogomez.com\/wp-content\/uploads\/2019\/07\/Socorro_Edit.png\" alt=\"\" width=\"600\" height=\"450\" srcset=\"https:\/\/oscarhumbertogomez.com\/wp-content\/uploads\/2019\/07\/Socorro_Edit.png 600w, https:\/\/oscarhumbertogomez.com\/wp-content\/uploads\/2019\/07\/Socorro_Edit-300x225.png 300w\" sizes=\"auto, (max-width: 600px) 100vw, 600px\" \/><\/p>\n<p>&nbsp;<\/p>\n<p>Despu\u00e9s de que el historiador Armando Mart\u00ednez Garnica publicara su columna \u201cAdi\u00f3s a Manuela Beltr\u00e1n\u201d en el portal La Linterna Azul; de que El Espectador publicara la extensa cr\u00f3nica de Pastor Virviescas \u201cManuela Beltr\u00e1n: la hero\u00edna que nunca existi\u00f3\u201d; y de que Pacho Centeno publicara en El Unicornio su columna \u201cLa falsa Manuela Beltr\u00e1n\u201c, el diario Vanguardia, de Bucaramanga, la Emisora Cultural Luis Carlos Gal\u00e1n Sarmiento y otros medios y personas de por aqu\u00ed soltaron otra &#8220;bomba noticiosa&#8221;: \u00a1\u00a1\u00a1 hab\u00eda sido &#8220;hallada&#8221; la partida de bautizo de Manuela Beltr\u00e1n !!!<\/p>\n<p>&nbsp;<\/p>\n<p><img loading=\"lazy\" decoding=\"async\" class=\"size-full wp-image-29409\" src=\"https:\/\/oscarhumbertogomez.com\/wp-content\/uploads\/2019\/07\/Socorro_Edit.png\" alt=\"\" width=\"600\" height=\"450\" srcset=\"https:\/\/oscarhumbertogomez.com\/wp-content\/uploads\/2019\/07\/Socorro_Edit.png 600w, https:\/\/oscarhumbertogomez.com\/wp-content\/uploads\/2019\/07\/Socorro_Edit-300x225.png 300w\" sizes=\"auto, (max-width: 600px) 100vw, 600px\" \/><\/p>\n<p>&nbsp;<\/p>\n<p>El &#8220;hallazgo de \u00faltima hora&#8221; de la partida bautismal de Manuela Beltr\u00e1n fue publicado en otros medios nacionales como si se tratara del gran descubrimiento hist\u00f3rico de las \u00faltimas horas.<\/p>\n<p>Se empez\u00f3 a decir, entonces, que gracias a que acababa de ser &#8220;encontrada&#8221; la partida de bautismo de Manuela Beltr\u00e1n hab\u00eda venido a &#8220;conocerse&#8221; que no s\u00f3lo se llamaba Manuela, sino Mar\u00eda Manuela, y que su segundo apellido era Archila, y no &#8220;Quesada&#8221;, como el historiador Mart\u00ednez Garnica hab\u00eda escrito que le hab\u00edan inventado.<\/p>\n<p>Tal y como fue reproducido en la primera de esta serie de entradas, el doctor Mart\u00ednez Garnica hab\u00eda escrito, ciertamente, lo siguiente:<\/p>\n<p>&#8220;En sus episodios novelescos sobre la insurrecci\u00f3n de los Comuneros, do\u00f1a Soledad Acosta de Samper public\u00f3 durante el a\u00f1o 1870, en entregas sucesivas del peri\u00f3dico El Bien P\u00fablico, la siguiente oraci\u00f3n: \u201cuna mujer del pueblo, pero decentemente vestida, se abri\u00f3 paso al trav\u00e9s de la gente, y, acerc\u00e1ndose a la esquina, se empin\u00f3, y con acci\u00f3n repentina arranc\u00f3 y despedaz\u00f3 el cartel, tirando los pedazos al aire. \u00a1Viva el rey! \u2014exclam\u00f3\u2014, \u00a1pero muera el visitador Pi\u00f1eres!\u201d. Hasta entonces, nadie hab\u00eda mencionado a esa mujer en el movimiento socorrano de 1781, y nadie hab\u00eda dicho su nombre, ni siquiera en el largo expediente judicial que se sigui\u00f3 a los comuneros. Pero alguien, sin prueba alguna, invent\u00f3 que se llamaba Manuela Beltr\u00e1n Quesada, y la puso a nacer en Confines, en el Socorro o en Charal\u00e1. Incluso le invent\u00f3 padres, Juan Beltr\u00e1n y \u00c1ngela de Archila Sarmiento, y hasta fecha exacta de nacimiento: 13 de marzo de 1724. Habr\u00eda sido entonces una vieja de 57 a\u00f1os cuando arranc\u00f3 el edicto que ordenaba pagar el gravamen de la Armada de Barlovento&#8221;.<\/p>\n<p>&nbsp;<\/p>\n<p><img loading=\"lazy\" decoding=\"async\" class=\"aligncenter size-full wp-image-43997\" src=\"https:\/\/oscarhumbertogomez.com\/wp-content\/uploads\/2023\/03\/WhatsApp-Image-2023-03-13-at-6.20.15-PM.jpeg\" alt=\"\" width=\"768\" height=\"1024\" srcset=\"https:\/\/oscarhumbertogomez.com\/wp-content\/uploads\/2023\/03\/WhatsApp-Image-2023-03-13-at-6.20.15-PM.jpeg 768w, https:\/\/oscarhumbertogomez.com\/wp-content\/uploads\/2023\/03\/WhatsApp-Image-2023-03-13-at-6.20.15-PM-225x300.jpeg 225w\" sizes=\"auto, (max-width: 768px) 100vw, 768px\" \/><\/p>\n<p>&nbsp;<\/p>\n<p>M\u00e1s all\u00e1 de lo incoherente que resultaba el hecho de que se dijera que el segundo apellido de Manuela era &#8220;Quesada&#8221; (con lo cual Manuela se apellidar\u00eda Beltr\u00e1n Quesada, curiosamente igual que los hermanos Orlando y Claudio, de unos a\u00f1os ac\u00e1 reconocidos en Bucaramanga como defensores de los animales y la naturaleza), pero al mismo tiempo se afirmara que su mam\u00e1 era de apellido &#8220;Archila Sarmiento&#8221; (con lo cual no se podr\u00eda apellidar Beltr\u00e1n Quesada, sino Beltr\u00e1n Archila), se comentaba que el hallazgo documental de \u00faltima hora acababa de confirmar que su pap\u00e1 s\u00ed se llamaba Juan Beltr\u00e1n, que su mam\u00e1 s\u00ed se llamaba \u00c1ngela Archila y que hab\u00eda nacido el 14 de mayo de 1724 en el Socorro, y no el 13 de marzo de ese a\u00f1o en Confines o en Charal\u00e1, como se le\u00eda (y se sigue leyendo) en Wikipedia y curiosamente se le\u00eda tambi\u00e9n en el art\u00edculo del Dr. Mart\u00ednez Garnica, como si los datos los hubiera sacado el distinguido historiador de la famosa biblioteca virtual, a la que, como es p\u00fablicamente sabido, al menos en principio le puede meter la mano todo el que quiera.<\/p>\n<p>Finalmente corri\u00f3 la voz de que, gracias al &#8220;descubrimiento&#8221; de ese documento, se acababa de verificar que al momento de los hechos contaba con 57 a\u00f1os de edad.<\/p>\n<p>&nbsp;<\/p>\n<p><img loading=\"lazy\" decoding=\"async\" class=\"size-full wp-image-29409\" src=\"https:\/\/oscarhumbertogomez.com\/wp-content\/uploads\/2019\/07\/Socorro_Edit.png\" alt=\"\" width=\"600\" height=\"450\" srcset=\"https:\/\/oscarhumbertogomez.com\/wp-content\/uploads\/2019\/07\/Socorro_Edit.png 600w, https:\/\/oscarhumbertogomez.com\/wp-content\/uploads\/2019\/07\/Socorro_Edit-300x225.png 300w\" sizes=\"auto, (max-width: 600px) 100vw, 600px\" \/><\/p>\n<p>&nbsp;<\/p>\n<p>Pero no: en realidad se arm\u00f3 un bochinche en balde porque nadie acababa de descubrir nada.<\/p>\n<p>En efecto, de la partida de bautismo de Manuela Beltr\u00e1n se ten\u00eda conocimiento desde a\u00f1os atr\u00e1s, tal y como qued\u00f3 visto en la Tercera Parte de esta serie. Y obviamente desde a\u00f1os atr\u00e1s se sab\u00edan sus dos nombres y sus dos apellidos, el nombre de sus padres y el lugar y la fecha de su nacimiento. Y l\u00f3gicamente tambi\u00e9n desde a\u00f1os atr\u00e1s ya hab\u00edan hecho referencia a sus dos nombres y a sus dos apellidos los historiadores.<\/p>\n<p>Y las historiadoras, por supuesto.<\/p>\n<p>As\u00ed, por ejemplo, las historiadoras Jacqueline Blanco Blanco y Margarita C\u00e1rdenas Poveda, de la Universidad Militar Nueva Granada, de Bogot\u00e1, en ensayo publicado en el a\u00f1o 2009 ya hab\u00edan anotado lo siguiente:<\/p>\n<p>&nbsp;<\/p>\n<p>\u201c<strong>ALGUNOS NOMBRES HIST\u00d3RICAMENTE C\u00c9LEBRES<\/strong><\/p>\n<p><strong>4.1. En la colonia<\/strong><\/p>\n<p>En este periodo se reconoce el papel pol\u00edtico desempe\u00f1ado por dos mujeres: una protagonista y otra v\u00edctima de la justicia real. La primera, Mar\u00eda Manuela Beltr\u00e1n Archila, la c\u00e9lebre mujer que rompi\u00f3 el edicto, el 16 de marzo de 1781 en el Socorro (&#8230;) Los \u00fanicos datos reales que se tienen de su vida corresponden al origen y a su familia: naci\u00f3 del matrimonio formado por Juan Beltr\u00e1n y \u00c1ngela Archila, el 14 de mayo de 1724, en la parroquia de Nuestra Se\u00f1ora del Socorro; <strong>por los datos que arroja la partida de bautismo<\/strong>, Manuela Beltr\u00e1n ten\u00eda al momento de la insurrecci\u00f3n comunera, 57 a\u00f1os de edad&#8221;. (BLANCO BLANCO, Jacqueline. C\u00c1RDENAS POVEDA, Margarita. \u201cLas mujeres en la historia de Colombia, sus derechos, sus deberes\u201c. En: PROLEG\u00d3MENOS. Volumen 12. N\u00famero 23. Enero &#8211; junio de 2009. Universidad Militar Nueva Granada. Bogot\u00e1. 2009, p. 151. Negrilla fuera de texto).<\/p>\n<p>&nbsp;<\/p>\n<p><img loading=\"lazy\" decoding=\"async\" class=\"aligncenter size-full wp-image-43976\" src=\"https:\/\/oscarhumbertogomez.com\/wp-content\/uploads\/2023\/03\/WhatsApp-Image-2023-03-13-at-5.14.39-PM-1.jpeg\" alt=\"\" width=\"1024\" height=\"768\" srcset=\"https:\/\/oscarhumbertogomez.com\/wp-content\/uploads\/2023\/03\/WhatsApp-Image-2023-03-13-at-5.14.39-PM-1.jpeg 1024w, https:\/\/oscarhumbertogomez.com\/wp-content\/uploads\/2023\/03\/WhatsApp-Image-2023-03-13-at-5.14.39-PM-1-300x225.jpeg 300w, https:\/\/oscarhumbertogomez.com\/wp-content\/uploads\/2023\/03\/WhatsApp-Image-2023-03-13-at-5.14.39-PM-1-768x576.jpeg 768w\" sizes=\"auto, (max-width: 1024px) 100vw, 1024px\" \/><\/p>\n<p>&nbsp;<\/p>\n<p><img loading=\"lazy\" decoding=\"async\" class=\"aligncenter size-full wp-image-43977\" src=\"https:\/\/oscarhumbertogomez.com\/wp-content\/uploads\/2023\/03\/WhatsApp-Image-2023-03-13-at-5.21.55-PM.jpeg\" alt=\"\" width=\"768\" height=\"1024\" srcset=\"https:\/\/oscarhumbertogomez.com\/wp-content\/uploads\/2023\/03\/WhatsApp-Image-2023-03-13-at-5.21.55-PM.jpeg 768w, https:\/\/oscarhumbertogomez.com\/wp-content\/uploads\/2023\/03\/WhatsApp-Image-2023-03-13-at-5.21.55-PM-225x300.jpeg 225w\" sizes=\"auto, (max-width: 768px) 100vw, 768px\" \/><\/p>\n<p>&nbsp;<\/p>\n<p><img loading=\"lazy\" decoding=\"async\" class=\"aligncenter size-full wp-image-43978\" src=\"https:\/\/oscarhumbertogomez.com\/wp-content\/uploads\/2023\/03\/WhatsApp-Image-2023-03-13-at-5.21.55-PM-copia.jpeg\" alt=\"\" width=\"768\" height=\"1024\" srcset=\"https:\/\/oscarhumbertogomez.com\/wp-content\/uploads\/2023\/03\/WhatsApp-Image-2023-03-13-at-5.21.55-PM-copia.jpeg 768w, https:\/\/oscarhumbertogomez.com\/wp-content\/uploads\/2023\/03\/WhatsApp-Image-2023-03-13-at-5.21.55-PM-copia-225x300.jpeg 225w\" sizes=\"auto, (max-width: 768px) 100vw, 768px\" \/><\/p>\n<p>&nbsp;<\/p>\n<p>El ensayo de las historiadoras Blanco y C\u00e1rdenas puede ser le\u00eddo completo en la siguiente direcci\u00f3n de Internet:<\/p>\n<p>&nbsp;<\/p>\n<p>https:\/\/revistas.unimilitar.edu.co\/index.php\/dere\/article\/view\/2501<\/p>\n<p>&nbsp;<\/p>\n<p>Pues bien:<\/p>\n<p>Desde el 2009 al 2023 han transcurrido catorce a\u00f1os.<\/p>\n<p>&nbsp;<\/p>\n","protected":false},"excerpt":{"rendered":"<p>&nbsp; Despu\u00e9s de que el historiador Armando Mart\u00ednez Garnica publicara su columna \u201cAdi\u00f3s a Manuela Beltr\u00e1n\u201d en el portal La Linterna Azul; de que El Espectador publicara la extensa cr\u00f3nica de Pastor Virviescas \u201cManuela Beltr\u00e1n: la hero\u00edna que nunca existi\u00f3\u201d; &hellip; <a href=\"https:\/\/oscarhumbertogomez.com\/?p=43974\">Sigue leyendo <span class=\"meta-nav\">&rarr;<\/span><\/a><\/p>\n<div class='heateorSssClear'><\/div><div  class='heateor_sss_sharing_container heateor_sss_horizontal_sharing' heateor-sss-data-href='https:\/\/oscarhumbertogomez.com\/?p=43974'><div class='heateor_sss_sharing_title' style=\"font-weight:bold\" >\u00a1Gracias por compartirla!<\/div><ul class=\"heateor_sss_sharing_ul\"><li class=\"heateorSssSharingRound\"><i style=\"width:35px;height:35px;border-radius:999px;\" alt=\"Facebook\" Title=\"Facebook\" class=\"heateorSssSharing heateorSssFacebookBackground\" onclick='heateorSssPopup(\"https:\/\/www.facebook.com\/sharer\/sharer.php?u=https%3A%2F%2Foscarhumbertogomez.com%2Findex.php%3Frest_route%3D%252Fwp%252Fv2%252Fposts%252F43974\")'><ss style=\"display:block;border-radius:999px;\" class=\"heateorSssSharingSvg heateorSssFacebookSvg\"><\/ss><\/i><\/li><li class=\"heateorSssSharingRound\"><i style=\"width:35px;height:35px;border-radius:999px;\" alt=\"Twitter\" Title=\"Twitter\" class=\"heateorSssSharing heateorSssTwitterBackground\" onclick='heateorSssPopup(\"http:\/\/twitter.com\/intent\/tweet?text=%C2%BFRealmente%20es%20cierto%20que%20no%20existi%C3%B3%20Manuela%20Beltr%C3%A1n%3F%20%28Sexta%20parte%29%20Por%20%C3%93scar%20Humberto%20G%C3%B3mez%20G%C3%B3mez&url=https%3A%2F%2Foscarhumbertogomez.com%2Findex.php%3Frest_route%3D%252Fwp%252Fv2%252Fposts%252F43974\")'><ss style=\"display:block;border-radius:999px;\" class=\"heateorSssSharingSvg heateorSssTwitterSvg\"><\/ss><\/i><\/li><li class=\"heateorSssSharingRound\"><i style=\"width:35px;height:35px;border-radius:999px;\" alt=\"Whatsapp\" Title=\"Whatsapp\" class=\"heateorSssSharing heateorSssWhatsappBackground\" onclick='heateorSssPopup(\"https:\/\/web.whatsapp.com\/send?text=%C2%BFRealmente%20es%20cierto%20que%20no%20existi%C3%B3%20Manuela%20Beltr%C3%A1n%3F%20%28Sexta%20parte%29%20Por%20%C3%93scar%20Humberto%20G%C3%B3mez%20G%C3%B3mez https%3A%2F%2Foscarhumbertogomez.com%2Findex.php%3Frest_route%3D%252Fwp%252Fv2%252Fposts%252F43974\")'><ss style=\"display:block\" class=\"heateorSssSharingSvg heateorSssWhatsappSvg\"><\/ss><\/i><\/li><li class=\"heateorSssSharingRound\"><i style=\"width:35px;height:35px;border-radius:999px;\" alt=\"Pinterest\" Title=\"Pinterest\" class=\"heateorSssSharing heateorSssPinterestBackground\" onclick=\"javascript:void( (function() {var e=document.createElement('script' );e.setAttribute('type','text\/javascript' );e.setAttribute('charset','UTF-8' );e.setAttribute('src','\/\/assets.pinterest.com\/js\/pinmarklet.js?r='+Math.random()*99999999);document.body.appendChild(e)})());\"><ss style=\"display:block;border-radius:999px;\" class=\"heateorSssSharingSvg heateorSssPinterestSvg\"><\/ss><\/i><\/li><li class=\"heateorSssSharingRound\"><i style=\"width:35px;height:35px;border-radius:999px;\" alt=\"Google Gmail\" Title=\"Google Gmail\" class=\"heateorSssSharing heateorSssGoogleGmailBackground\" onclick='heateorSssPopup(\"https:\/\/mail.google.com\/mail\/?ui=2&view=cm&fs=1&tf=1&su=%C2%BFRealmente%20es%20cierto%20que%20no%20existi%C3%B3%20Manuela%20Beltr%C3%A1n%3F%20%28Sexta%20parte%29%20Por%20%C3%93scar%20Humberto%20G%C3%B3mez%20G%C3%B3mez&body=Link:https%3A%2F%2Foscarhumbertogomez.com%2Findex.php%3Frest_route%3D%252Fwp%252Fv2%252Fposts%252F43974\")'><ss style=\"display:block;border-radius:999px;\" class=\"heateorSssSharingSvg heateorSssGoogleGmailSvg\"><\/ss><\/i><\/li><li class=\"heateorSssSharingRound\"><i style=\"width:35px;height:35px;border-radius:999px;\" title=\"More\" alt=\"More\" class=\"heateorSssSharing heateorSssMoreBackground\" onclick=\"heateorSssMoreSharingPopup(this, 'https:\/\/oscarhumbertogomez.com\/index.php?rest_route=%2Fwp%2Fv2%2Fposts%2F43974', '%C2%BFRealmente%20es%20cierto%20que%20no%20existi%C3%B3%20Manuela%20Beltr%C3%A1n%3F%20%28Sexta%20parte%29%20Por%20%C3%93scar%20Humberto%20G%C3%B3mez%20G%C3%B3mez', '' )\" ><ss style=\"display:block\" class=\"heateorSssSharingSvg heateorSssMoreSvg\"><\/ss><\/i><\/li><\/ul><div class=\"heateorSssClear\"><\/div><\/div><div class='heateorSssClear'><\/div>","protected":false},"author":2,"featured_media":0,"comment_status":"closed","ping_status":"closed","sticky":false,"template":"","format":"standard","meta":{"spay_email":"","footnotes":""},"categories":[12],"tags":[],"class_list":["post-43974","post","type-post","status-publish","format-standard","hentry","category-historia"],"jetpack_featured_media_url":"","jetpack_shortlink":"https:\/\/wp.me\/p1FYrr-brg","_links":{"self":[{"href":"https:\/\/oscarhumbertogomez.com\/index.php?rest_route=\/wp\/v2\/posts\/43974","targetHints":{"allow":["GET"]}}],"collection":[{"href":"https:\/\/oscarhumbertogomez.com\/index.php?rest_route=\/wp\/v2\/posts"}],"about":[{"href":"https:\/\/oscarhumbertogomez.com\/index.php?rest_route=\/wp\/v2\/types\/post"}],"author":[{"embeddable":true,"href":"https:\/\/oscarhumbertogomez.com\/index.php?rest_route=\/wp\/v2\/users\/2"}],"replies":[{"embeddable":true,"href":"https:\/\/oscarhumbertogomez.com\/index.php?rest_route=%2Fwp%2Fv2%2Fcomments&post=43974"}],"version-history":[{"count":5,"href":"https:\/\/oscarhumbertogomez.com\/index.php?rest_route=\/wp\/v2\/posts\/43974\/revisions"}],"predecessor-version":[{"id":44805,"href":"https:\/\/oscarhumbertogomez.com\/index.php?rest_route=\/wp\/v2\/posts\/43974\/revisions\/44805"}],"wp:attachment":[{"href":"https:\/\/oscarhumbertogomez.com\/index.php?rest_route=%2Fwp%2Fv2%2Fmedia&parent=43974"}],"wp:term":[{"taxonomy":"category","embeddable":true,"href":"https:\/\/oscarhumbertogomez.com\/index.php?rest_route=%2Fwp%2Fv2%2Fcategories&post=43974"},{"taxonomy":"post_tag","embeddable":true,"href":"https:\/\/oscarhumbertogomez.com\/index.php?rest_route=%2Fwp%2Fv2%2Ftags&post=43974"}],"curies":[{"name":"wp","href":"https:\/\/api.w.org\/{rel}","templated":true}]}}