{"id":4400,"date":"2012-06-04T15:55:30","date_gmt":"2012-06-04T20:55:30","guid":{"rendered":"http:\/\/www.oscarhumbertogomez.com\/?p=4400"},"modified":"2025-03-25T08:39:11","modified_gmt":"2025-03-25T13:39:11","slug":"la-conciliacion-en-equidad-por-hector-hernandez-mateus-2","status":"publish","type":"post","link":"https:\/\/oscarhumbertogomez.com\/?p=4400","title":{"rendered":"La conciliaci\u00f3n en Equidad. Por H\u00e9ctor Hern\u00e1ndez Mateus"},"content":{"rendered":"<div id=\"attachment_4401\" style=\"width: 594px\" class=\"wp-caption aligncenter\"><img loading=\"lazy\" decoding=\"async\" aria-describedby=\"caption-attachment-4401\" class=\"size-full wp-image-4401\" title=\"Hector-Hernandez-Mateus-3\" src=\"https:\/\/lapiedrafilosofal.com\/wp-content\/uploads\/2012\/06\/Hector-Hernandez-Mateus-3.jpg\" alt=\"\" width=\"584\" height=\"438\" srcset=\"https:\/\/oscarhumbertogomez.com\/wp-content\/uploads\/2012\/06\/Hector-Hernandez-Mateus-3.jpg 584w, https:\/\/oscarhumbertogomez.com\/wp-content\/uploads\/2012\/06\/Hector-Hernandez-Mateus-3-300x225.jpg 300w\" sizes=\"auto, (max-width: 584px) 100vw, 584px\" \/><p id=\"caption-attachment-4401\" class=\"wp-caption-text\">DON H\u00c9CTOR HERN\u00c1NDEZ MATEUS, CONCILIADOR EN EQUIDAD, RESPETADO DIRIGENTE C\u00cdVICO Y DEPORTIVO, Y DESTACADO REPORTERO GR\u00c1FICO SANTANDEREANO, EL D\u00cdA DE SU CONDECORACI\u00d3N POR PARTE DE LA ALCALD\u00cdA DE BUCARAMANGA<\/p><\/div>\n<p>&nbsp;<\/p>\n<p><span style=\"color: #0000ff;\"><strong>LA CONCILIACI\u00d3N EN EQUIDAD (III)<\/strong><\/span><\/p>\n<p>Por <strong>H\u00e9ctor Hern\u00e1ndez Mateus<\/strong><\/p>\n<p>&nbsp;<\/p>\n<p>En las anteriores entregas he tratado sobre los fundamentos legales de la Conciliaci\u00f3n en Equidad y la forma de preparar y desarrollar una Audiencia Conciliatoria en Equidad. Nos ocuparemos hoy de las caracter\u00edsticas que debe tener un Conciliador en Equidad. El an\u00e1lisis lo hago como aporte para contribuir al desarrollo de la figura, siendo autocritico; no con ello es mi pretensi\u00f3n causar malestar a quienes de manera abnegada, cumplen con \u00e9ste servicio de manera desinteresada, a la comunidad. Por ser de humanos su accionar es posible la imperfecci\u00f3n en la prestaci\u00f3n del servicio, se han hecho sugerencias para reforzar los m\u00e9todos de selecci\u00f3n de candidatos a ser Conciliadores en Equidad que antes que criticarles o sancionarles se debe de perfeccionar su accionar; nunca son merecedores de una llamada o felicitaci\u00f3n, menos de un reconocimiento oficial. La labor del Conciliador en Equidad ha sido estigmatizada frente a todos los componentes de la justicia formal. No se ha categorizado en el nivel que deber\u00eda tener, dada su participaci\u00f3n en la soluci\u00f3n de conflictos al interior de la comunidad, que siendo menores podr\u00edan convertirse en mayores, dada la beligerancia que invade el estado de \u00e1nimo de gran mayor\u00eda de la poblaci\u00f3n. A un conciliador en Equidad lo propone la comunidad, como postulado a recibir la capacitaci\u00f3n por parte del ministerio p\u00fablico quien delega en ONGs tal misi\u00f3n, es donde se inicia el desbarajuste de la figura. Tales organizaciones se preocupan por cumplir el cupo de capacitados, sin interesar si el perfil es el requerido. De \u00e9ste tema me ocupar\u00e9 en pr\u00f3xima entrega. Luego de la postulaci\u00f3n, que debe tener en cuenta que el ciudadano sea ejemplar; cuyo comportamiento en sociedad adem\u00e1s de recto y \u00e9tico en su vida personal, debe de ser ecu\u00e1nime y mesurado, en las acciones de su vida cotidiana. No puede ser expectativa del mismo lucrarse en el ejercicio de Conciliador en Equidad, toda vez que es absolutamente gratis el servicio y la prestaci\u00f3n del mismo. No puede ser adem\u00e1s trampol\u00edn pol\u00edtico ya que se requiere actuar de acuerdo a la tradici\u00f3n de los pueblos, en su desarrollo cultural y menos a\u00fan como ejercicio de autoridad, ya que siendo transitoria, es orientador en los casos que le compete ayudar a solucionar, haciendo de veedor o notario en los acuerdos, pero no fijando posici\u00f3n personal. Ojala el ministerio p\u00fablico, en el referente al de justicia, se preocupe por acompa\u00f1ar el proceso de desarrollo y as\u00ed optimizar la acci\u00f3n de los altruistas Conciliadores en Equidad, entregando los m\u00ednimos elementos para ejercer como tal, ya que incluso las fotocopias de boletas, certificaciones y actas de audiencia de Conciliaci\u00f3n, se deben de costear de manera particular por el mismo Conciliador en Equidad o los usuarios de la figura. El d\u00eda del Conciliador en Equidad y de la Conciliaci\u00f3n es el \u00faltimo s\u00e1bado del mes de noviembre y nunca ha habido una atenci\u00f3n, menci\u00f3n o deferencia por parte del estado, en los 18 a\u00f1os de implementaci\u00f3n en Bucaramanga y su \u00e1rea metropolitana.<\/p>\n<p>&nbsp;<\/p>\n","protected":false},"excerpt":{"rendered":"<p>&nbsp; LA CONCILIACI\u00d3N EN EQUIDAD (III) Por H\u00e9ctor Hern\u00e1ndez Mateus &nbsp; En las anteriores entregas he tratado sobre los fundamentos legales de la Conciliaci\u00f3n en Equidad y la forma de preparar y desarrollar una Audiencia Conciliatoria en Equidad. Nos ocuparemos &hellip; <a href=\"https:\/\/oscarhumbertogomez.com\/?p=4400\">Sigue leyendo <span class=\"meta-nav\">&rarr;<\/span><\/a><\/p>\n<div class='heateorSssClear'><\/div><div  class='heateor_sss_sharing_container heateor_sss_horizontal_sharing' heateor-sss-data-href='https:\/\/oscarhumbertogomez.com\/?p=4400'><div class='heateor_sss_sharing_title' style=\"font-weight:bold\" >\u00a1Gracias por compartirla!<\/div><ul class=\"heateor_sss_sharing_ul\"><li class=\"heateorSssSharingRound\"><i style=\"width:35px;height:35px;border-radius:999px;\" alt=\"Facebook\" Title=\"Facebook\" class=\"heateorSssSharing heateorSssFacebookBackground\" onclick='heateorSssPopup(\"https:\/\/www.facebook.com\/sharer\/sharer.php?u=https%3A%2F%2Foscarhumbertogomez.com%2Findex.php%3Frest_route%3D%252Fwp%252Fv2%252Fposts%252F4400\")'><ss style=\"display:block;border-radius:999px;\" class=\"heateorSssSharingSvg heateorSssFacebookSvg\"><\/ss><\/i><\/li><li class=\"heateorSssSharingRound\"><i style=\"width:35px;height:35px;border-radius:999px;\" alt=\"Twitter\" Title=\"Twitter\" class=\"heateorSssSharing heateorSssTwitterBackground\" onclick='heateorSssPopup(\"http:\/\/twitter.com\/intent\/tweet?text=La%20conciliaci%C3%B3n%20en%20Equidad.%20Por%20H%C3%A9ctor%20Hern%C3%A1ndez%20Mateus&url=https%3A%2F%2Foscarhumbertogomez.com%2Findex.php%3Frest_route%3D%252Fwp%252Fv2%252Fposts%252F4400\")'><ss style=\"display:block;border-radius:999px;\" class=\"heateorSssSharingSvg heateorSssTwitterSvg\"><\/ss><\/i><\/li><li class=\"heateorSssSharingRound\"><i style=\"width:35px;height:35px;border-radius:999px;\" alt=\"Whatsapp\" Title=\"Whatsapp\" class=\"heateorSssSharing heateorSssWhatsappBackground\" onclick='heateorSssPopup(\"https:\/\/web.whatsapp.com\/send?text=La%20conciliaci%C3%B3n%20en%20Equidad.%20Por%20H%C3%A9ctor%20Hern%C3%A1ndez%20Mateus https%3A%2F%2Foscarhumbertogomez.com%2Findex.php%3Frest_route%3D%252Fwp%252Fv2%252Fposts%252F4400\")'><ss style=\"display:block\" class=\"heateorSssSharingSvg heateorSssWhatsappSvg\"><\/ss><\/i><\/li><li class=\"heateorSssSharingRound\"><i style=\"width:35px;height:35px;border-radius:999px;\" alt=\"Pinterest\" Title=\"Pinterest\" class=\"heateorSssSharing heateorSssPinterestBackground\" onclick=\"javascript:void( (function() {var e=document.createElement('script' );e.setAttribute('type','text\/javascript' );e.setAttribute('charset','UTF-8' );e.setAttribute('src','\/\/assets.pinterest.com\/js\/pinmarklet.js?r='+Math.random()*99999999);document.body.appendChild(e)})());\"><ss style=\"display:block;border-radius:999px;\" class=\"heateorSssSharingSvg heateorSssPinterestSvg\"><\/ss><\/i><\/li><li class=\"heateorSssSharingRound\"><i style=\"width:35px;height:35px;border-radius:999px;\" alt=\"Google Gmail\" Title=\"Google Gmail\" class=\"heateorSssSharing heateorSssGoogleGmailBackground\" onclick='heateorSssPopup(\"https:\/\/mail.google.com\/mail\/?ui=2&view=cm&fs=1&tf=1&su=La%20conciliaci%C3%B3n%20en%20Equidad.%20Por%20H%C3%A9ctor%20Hern%C3%A1ndez%20Mateus&body=Link:https%3A%2F%2Foscarhumbertogomez.com%2Findex.php%3Frest_route%3D%252Fwp%252Fv2%252Fposts%252F4400\")'><ss style=\"display:block;border-radius:999px;\" class=\"heateorSssSharingSvg heateorSssGoogleGmailSvg\"><\/ss><\/i><\/li><li class=\"heateorSssSharingRound\"><i style=\"width:35px;height:35px;border-radius:999px;\" title=\"More\" alt=\"More\" class=\"heateorSssSharing heateorSssMoreBackground\" onclick=\"heateorSssMoreSharingPopup(this, 'https:\/\/oscarhumbertogomez.com\/index.php?rest_route=%2Fwp%2Fv2%2Fposts%2F4400', 'La%20conciliaci%C3%B3n%20en%20Equidad.%20Por%20H%C3%A9ctor%20Hern%C3%A1ndez%20Mateus', '' )\" ><ss style=\"display:block\" class=\"heateorSssSharingSvg heateorSssMoreSvg\"><\/ss><\/i><\/li><\/ul><div class=\"heateorSssClear\"><\/div><\/div><div class='heateorSssClear'><\/div>","protected":false},"author":2,"featured_media":0,"comment_status":"open","ping_status":"open","sticky":false,"template":"","format":"standard","meta":{"spay_email":"","footnotes":""},"categories":[6],"tags":[],"class_list":["post-4400","post","type-post","status-publish","format-standard","hentry","category-la-pluma-ajena"],"jetpack_featured_media_url":"","jetpack_shortlink":"https:\/\/wp.me\/p1FYrr-18Y","_links":{"self":[{"href":"https:\/\/oscarhumbertogomez.com\/index.php?rest_route=\/wp\/v2\/posts\/4400","targetHints":{"allow":["GET"]}}],"collection":[{"href":"https:\/\/oscarhumbertogomez.com\/index.php?rest_route=\/wp\/v2\/posts"}],"about":[{"href":"https:\/\/oscarhumbertogomez.com\/index.php?rest_route=\/wp\/v2\/types\/post"}],"author":[{"embeddable":true,"href":"https:\/\/oscarhumbertogomez.com\/index.php?rest_route=\/wp\/v2\/users\/2"}],"replies":[{"embeddable":true,"href":"https:\/\/oscarhumbertogomez.com\/index.php?rest_route=%2Fwp%2Fv2%2Fcomments&post=4400"}],"version-history":[{"count":5,"href":"https:\/\/oscarhumbertogomez.com\/index.php?rest_route=\/wp\/v2\/posts\/4400\/revisions"}],"predecessor-version":[{"id":52848,"href":"https:\/\/oscarhumbertogomez.com\/index.php?rest_route=\/wp\/v2\/posts\/4400\/revisions\/52848"}],"wp:attachment":[{"href":"https:\/\/oscarhumbertogomez.com\/index.php?rest_route=%2Fwp%2Fv2%2Fmedia&parent=4400"}],"wp:term":[{"taxonomy":"category","embeddable":true,"href":"https:\/\/oscarhumbertogomez.com\/index.php?rest_route=%2Fwp%2Fv2%2Fcategories&post=4400"},{"taxonomy":"post_tag","embeddable":true,"href":"https:\/\/oscarhumbertogomez.com\/index.php?rest_route=%2Fwp%2Fv2%2Ftags&post=4400"}],"curies":[{"name":"wp","href":"https:\/\/api.w.org\/{rel}","templated":true}]}}