{"id":44026,"date":"2023-03-16T13:43:50","date_gmt":"2023-03-16T18:43:50","guid":{"rendered":"https:\/\/oscarhumbertogomez.com\/?p=44026"},"modified":"2023-04-28T06:03:49","modified_gmt":"2023-04-28T11:03:49","slug":"hoy-hace-doscientos-cuarenta-anos-manuela-beltran-rompio-el-edicto-por-oscar-humberto-gomez-gomez","status":"publish","type":"post","link":"https:\/\/oscarhumbertogomez.com\/?p=44026","title":{"rendered":"Hoy hace doscientos cuarenta y dos a\u00f1os Manuela Beltr\u00e1n rompi\u00f3 el edicto. Por \u00d3scar Humberto G\u00f3mez G\u00f3mez"},"content":{"rendered":"<p><img loading=\"lazy\" decoding=\"async\" class=\"size-full wp-image-29409\" src=\"https:\/\/oscarhumbertogomez.com\/wp-content\/uploads\/2019\/07\/Socorro_Edit.png\" alt=\"\" width=\"600\" height=\"450\" srcset=\"https:\/\/oscarhumbertogomez.com\/wp-content\/uploads\/2019\/07\/Socorro_Edit.png 600w, https:\/\/oscarhumbertogomez.com\/wp-content\/uploads\/2019\/07\/Socorro_Edit-300x225.png 300w\" sizes=\"auto, (max-width: 600px) 100vw, 600px\" \/><\/p>\n<p>&nbsp;<\/p>\n<p>Despu\u00e9s de que se barri\u00f3 y se trape\u00f3 con la memoria de Manuela Beltr\u00e1n; despu\u00e9s de que se neg\u00f3 su existencia y, consiguientemente, se redujo a cero el papel que desempe\u00f1\u00f3 en el contexto de la Insurrecci\u00f3n de los Comuneros; despu\u00e9s de que por ah\u00ed derecho se quiso mandar a los rincones del olvido la importancia de lo que hizo el 16 de marzo de 1781 como uno de los primeros eslabones de la cadena f\u00e1ctica que habr\u00eda de posibilitar a la postre nuestro nacimiento como Naci\u00f3n; despu\u00e9s de que se pretendi\u00f3 anular su reconocimiento internacional como figura representativa del papel activo de la mujer en la sociedad y, de manera muy particular, como uno de los s\u00edmbolos del protagonismo femenino dentro del decurso de las que han sido las verdaderas luchas sociales; despu\u00e9s de todo esto, digo, lleg\u00f3 el d\u00eda de hoy, 16 de marzo, cuando se conmemora &#8211; o al menos debi\u00f3 conmemorarse &#8211; precisamente aquel episodio hist\u00f3rico protagonizado por ella, esto es, el que hubiese sido la mujer que el 16 de marzo de 1781, hoy hace doscientos cuarenta y dos a\u00f1os, en la villa del Socorro, actual Santander y actual Colombia, y dando la cara mientras que, en cambio, los hombres contaban con el ala ca\u00edda de sus sombreros gachos que imped\u00eda su f\u00e1cil identificaci\u00f3n, despedaz\u00f3 el edicto por medio del cual Espa\u00f1a notificaba una nueva carga impositiva que deb\u00eda ser pagada en estas tierras.<\/p>\n<p>&nbsp;<\/p>\n<p><img loading=\"lazy\" decoding=\"async\" class=\"size-full wp-image-29409\" src=\"https:\/\/oscarhumbertogomez.com\/wp-content\/uploads\/2019\/07\/Socorro_Edit.png\" alt=\"\" width=\"600\" height=\"450\" srcset=\"https:\/\/oscarhumbertogomez.com\/wp-content\/uploads\/2019\/07\/Socorro_Edit.png 600w, https:\/\/oscarhumbertogomez.com\/wp-content\/uploads\/2019\/07\/Socorro_Edit-300x225.png 300w\" sizes=\"auto, (max-width: 600px) 100vw, 600px\" \/><\/p>\n<p>&nbsp;<\/p>\n<p>Uno no sabe qu\u00e9 resulta m\u00e1s lamentable en toda esta cadena de circunstancias infortunadas sucedidas en los \u00faltimos d\u00edas: si el que se hubiese presentado ante el pa\u00eds la duda sobre la existencia de Manuela Beltr\u00e1n como algo novedoso, cuando de esa duda ya se hab\u00eda hablado desde antes del lejano a\u00f1o 1939 en el que el historiador santandereano Jos\u00e9 Fulgencio Guti\u00e9rrez public\u00f3 su libro \u201cGal\u00e1n y los comuneros\u201d, hace la bicoca de 84 a\u00f1os; o el que, ignorando lo anterior, haya aparecido una historiadora disput\u00e1ndole al doctor Mart\u00ednez Garnica el \u201cprivilegio\u201d de haber sido quien primero, antes que \u00e9l, hab\u00eda planteado la hip\u00f3tesis de la no existencia real de Manuela Beltr\u00e1n, lleg\u00e1ndose a afirmar, incluso, que el distinguido historiador santandereano la hab\u00eda &#8220;plagiado&#8221; (?); o el hecho de que se hubiese aseverado la no existencia de Manuela con base solamente en los datos de una p\u00e1gina de los mormones, de Estados Unidos, en la que supuestamente se hallaban todas las partidas de bautizo de los bautizados en el Socorro y donde no aparec\u00eda la de ninguna Manuela Beltr\u00e1n, sin preocuparse primero por indagar si, m\u00e1s all\u00e1 de los datos que suministraba esa p\u00e1gina extranjera, su partida de bautismo se encontraba o no en la sede parroquial donde deb\u00eda encontrarse, esto es, en la Parroquia de Nuestra Se\u00f1ora del Socorro, y con apoyo en esa \u00fanica fuente extranjera proclamarse, con la dr\u00e1stica contundencia con que se proclam\u00f3, que en el Socorro no hab\u00eda sido bautizada ninguna persona con su nombre, afirmaci\u00f3n que qued\u00f3 plenamente desvirtuada con la mism\u00edsima partida de bautismo de Mar\u00eda Manuela Beltr\u00e1n Archila, conservada en perfecto estado en la precitada parroquia, donde ciertamente s\u00ed fue bautizada (partida que, dicho sea de paso, ya hab\u00eda sido publicada a\u00f1os atr\u00e1s por el diario Vanguardia Liberal, de Bucaramanga); o el hecho de que la Radio Nacional, apoy\u00e1ndose en la opini\u00f3n de Andr\u00e9s Arias, asesor hist\u00f3rico de Se\u00f1al Colombia, canal institucional de televisi\u00f3n del Estado, una vez \u201challada\u201d la partida de bautismo por una genealogista (?) haya insistido con tozudez en, de todas maneras, poner en duda la existencia de Manuela Beltr\u00e1n, con el argumento de que habr\u00eda que ver si esa partida de bautismo \u201challada\u201d por la genealogista correspond\u00eda a la misma Manuela Beltr\u00e1n que hab\u00eda despedazado el edicto (c\u00f3mo: \u00bfde &#8220;ninguna&#8221; bautizada con ese nombre pasamos a &#8220;varias&#8221;?), duda planteada por Arias sobre el mismo error con que se asever\u00f3 su inexistencia, esto es, tomando una fuente de manera aislada e ignorando por completo que, adem\u00e1s de la partida de bautismo, exist\u00eda otra fuente de informaci\u00f3n todav\u00eda m\u00e1s valiosa como lo era el testimonio de quien era el alcalde de la Villa del Socorro aquel 16 de marzo de 1781 en que ocurrieron los hechos, Don Jos\u00e9 (o Josef, como tambi\u00e9n se escrib\u00eda su primer nombre) Ignacio de Angulo y Olarte, omisi\u00f3n que resulta mucho m\u00e1s grave porque de la existencia de este valioso testimonio- \u00e9l s\u00ed contundente &#8211; hab\u00eda dado cuenta el libro del historiador Manuel Brice\u00f1o desde el remoto a\u00f1o de 1880, es decir, hace ciento cuarenta y tres a\u00f1os; o que se le haya atribuido a una \u201cnovela\u201c de Constancio Franco Vargas la invenci\u00f3n de Manuela Beltr\u00e1n, cuando, en primer lugar, este escritor no hab\u00eda escrito ninguna \u201cnovela\u201c, sino una obra de teatro, y, en segundo lugar, esa obra de teatro, que no &#8220;novela&#8221;, la hab\u00eda publicado ocho a\u00f1os despu\u00e9s de que el historiador Manuel Brice\u00f1o publicara en su libro el testimonio de quien era el mism\u00edsimo alcalde de la Villa del Socorro en 1781 Don Jos\u00e9 Ignacio Angulo y Olarte, declaraci\u00f3n en la cual este funcionario relat\u00f3 que \u00fanicamente hab\u00eda identificado dentro de los amotinados \u201ca MANUELA BELTR\u00c1N, que rompi\u00f3 el edicto\u201d.<\/p>\n<p>&nbsp;<\/p>\n<p><img loading=\"lazy\" decoding=\"async\" class=\"size-full wp-image-29409\" src=\"https:\/\/oscarhumbertogomez.com\/wp-content\/uploads\/2019\/07\/Socorro_Edit.png\" alt=\"\" width=\"600\" height=\"450\" srcset=\"https:\/\/oscarhumbertogomez.com\/wp-content\/uploads\/2019\/07\/Socorro_Edit.png 600w, https:\/\/oscarhumbertogomez.com\/wp-content\/uploads\/2019\/07\/Socorro_Edit-300x225.png 300w\" sizes=\"auto, (max-width: 600px) 100vw, 600px\" \/><\/p>\n<p>&nbsp;<\/p>\n<p>En fin, se pretendi\u00f3 mantener a ultranza la negaci\u00f3n de la existencia de Manuela Beltr\u00e1n, a pesar de contarse tanto con su partida bautismal como con la declaraci\u00f3n de un excepcional testigo presencial de la revuelta y que la vio rompiendo el edicto.<\/p>\n<p>Ech\u00e9 de menos las rectificaciones p\u00fablicas y las mismas dos p\u00e1ginas de El Espectador d\u00e1ndoles cabida a las posiciones contrarias. Desde mi perspectiva personal, el reconocer los errores y corregirlos, lejos de menoscabar la imagen de la persona que lo hace, la agiganta y enaltece.<\/p>\n<p>&nbsp;<\/p>\n<p><img loading=\"lazy\" decoding=\"async\" class=\"size-full wp-image-29409\" src=\"https:\/\/oscarhumbertogomez.com\/wp-content\/uploads\/2019\/07\/Socorro_Edit.png\" alt=\"\" width=\"600\" height=\"450\" srcset=\"https:\/\/oscarhumbertogomez.com\/wp-content\/uploads\/2019\/07\/Socorro_Edit.png 600w, https:\/\/oscarhumbertogomez.com\/wp-content\/uploads\/2019\/07\/Socorro_Edit-300x225.png 300w\" sizes=\"auto, (max-width: 600px) 100vw, 600px\" \/><\/p>\n<p>&nbsp;<\/p>\n<p>Hoy, al percibir el silencio de la Universidad Manuela Beltr\u00e1n; del Batall\u00f3n Manuela Beltr\u00e1n del Ej\u00e9rcito Nacional; del ministro de Educaci\u00f3n, de la parroquia del Socorro, de su alcald\u00eda municipal, de la Gobernaci\u00f3n de Santander, y de un largo etc\u00e9tera que incluye hasta a las academias de Historia, me pregunt\u00e9 hacia d\u00f3nde va un pa\u00eds &#8211; y m\u00e1s concretamente un departamento &#8211; que reniega de sus s\u00edmbolos y se averg\u00fcenza de quienes antes eran sus personajes representativos, por cuya memoria, m\u00e1s all\u00e1 de sus aciertos y sus errores, de sus cualidades y sus defectos, se profesaba estimaci\u00f3n y respeto.<\/p>\n<p>En fin, lo cierto es que hoy, 16 de marzo de 2023, se est\u00e1 cumpliendo un aniversario m\u00e1s de aquel hecho hist\u00f3rico, que sea que tenga importancia para algunos o que no la tenga para nadie, en todo caso sucedi\u00f3 y fue Manuela Beltr\u00e1n quien lo protagoniz\u00f3, sin duda alguna.<\/p>\n<p>&nbsp;<\/p>\n","protected":false},"excerpt":{"rendered":"<p>&nbsp; Despu\u00e9s de que se barri\u00f3 y se trape\u00f3 con la memoria de Manuela Beltr\u00e1n; despu\u00e9s de que se neg\u00f3 su existencia y, consiguientemente, se redujo a cero el papel que desempe\u00f1\u00f3 en el contexto de la Insurrecci\u00f3n de los &hellip; <a href=\"https:\/\/oscarhumbertogomez.com\/?p=44026\">Sigue leyendo <span class=\"meta-nav\">&rarr;<\/span><\/a><\/p>\n<div class='heateorSssClear'><\/div><div  class='heateor_sss_sharing_container heateor_sss_horizontal_sharing' heateor-sss-data-href='https:\/\/oscarhumbertogomez.com\/?p=44026'><div class='heateor_sss_sharing_title' style=\"font-weight:bold\" >\u00a1Gracias por compartirla!<\/div><ul class=\"heateor_sss_sharing_ul\"><li class=\"heateorSssSharingRound\"><i style=\"width:35px;height:35px;border-radius:999px;\" alt=\"Facebook\" Title=\"Facebook\" class=\"heateorSssSharing heateorSssFacebookBackground\" onclick='heateorSssPopup(\"https:\/\/www.facebook.com\/sharer\/sharer.php?u=https%3A%2F%2Foscarhumbertogomez.com%2Findex.php%3Frest_route%3D%252Fwp%252Fv2%252Fposts%252F44026\")'><ss style=\"display:block;border-radius:999px;\" class=\"heateorSssSharingSvg heateorSssFacebookSvg\"><\/ss><\/i><\/li><li class=\"heateorSssSharingRound\"><i style=\"width:35px;height:35px;border-radius:999px;\" alt=\"Twitter\" Title=\"Twitter\" class=\"heateorSssSharing heateorSssTwitterBackground\" onclick='heateorSssPopup(\"http:\/\/twitter.com\/intent\/tweet?text=Hoy%20hace%20doscientos%20cuarenta%20y%20dos%20a%C3%B1os%20Manuela%20Beltr%C3%A1n%20rompi%C3%B3%20el%20edicto.%20Por%20%C3%93scar%20Humberto%20G%C3%B3mez%20G%C3%B3mez&url=https%3A%2F%2Foscarhumbertogomez.com%2Findex.php%3Frest_route%3D%252Fwp%252Fv2%252Fposts%252F44026\")'><ss style=\"display:block;border-radius:999px;\" class=\"heateorSssSharingSvg heateorSssTwitterSvg\"><\/ss><\/i><\/li><li class=\"heateorSssSharingRound\"><i style=\"width:35px;height:35px;border-radius:999px;\" alt=\"Whatsapp\" Title=\"Whatsapp\" class=\"heateorSssSharing heateorSssWhatsappBackground\" onclick='heateorSssPopup(\"https:\/\/web.whatsapp.com\/send?text=Hoy%20hace%20doscientos%20cuarenta%20y%20dos%20a%C3%B1os%20Manuela%20Beltr%C3%A1n%20rompi%C3%B3%20el%20edicto.%20Por%20%C3%93scar%20Humberto%20G%C3%B3mez%20G%C3%B3mez https%3A%2F%2Foscarhumbertogomez.com%2Findex.php%3Frest_route%3D%252Fwp%252Fv2%252Fposts%252F44026\")'><ss style=\"display:block\" class=\"heateorSssSharingSvg heateorSssWhatsappSvg\"><\/ss><\/i><\/li><li class=\"heateorSssSharingRound\"><i style=\"width:35px;height:35px;border-radius:999px;\" alt=\"Pinterest\" Title=\"Pinterest\" class=\"heateorSssSharing heateorSssPinterestBackground\" onclick=\"javascript:void( (function() {var e=document.createElement('script' );e.setAttribute('type','text\/javascript' );e.setAttribute('charset','UTF-8' );e.setAttribute('src','\/\/assets.pinterest.com\/js\/pinmarklet.js?r='+Math.random()*99999999);document.body.appendChild(e)})());\"><ss style=\"display:block;border-radius:999px;\" class=\"heateorSssSharingSvg heateorSssPinterestSvg\"><\/ss><\/i><\/li><li class=\"heateorSssSharingRound\"><i style=\"width:35px;height:35px;border-radius:999px;\" alt=\"Google Gmail\" Title=\"Google Gmail\" class=\"heateorSssSharing heateorSssGoogleGmailBackground\" onclick='heateorSssPopup(\"https:\/\/mail.google.com\/mail\/?ui=2&view=cm&fs=1&tf=1&su=Hoy%20hace%20doscientos%20cuarenta%20y%20dos%20a%C3%B1os%20Manuela%20Beltr%C3%A1n%20rompi%C3%B3%20el%20edicto.%20Por%20%C3%93scar%20Humberto%20G%C3%B3mez%20G%C3%B3mez&body=Link:https%3A%2F%2Foscarhumbertogomez.com%2Findex.php%3Frest_route%3D%252Fwp%252Fv2%252Fposts%252F44026\")'><ss style=\"display:block;border-radius:999px;\" class=\"heateorSssSharingSvg heateorSssGoogleGmailSvg\"><\/ss><\/i><\/li><li class=\"heateorSssSharingRound\"><i style=\"width:35px;height:35px;border-radius:999px;\" title=\"More\" alt=\"More\" class=\"heateorSssSharing heateorSssMoreBackground\" onclick=\"heateorSssMoreSharingPopup(this, 'https:\/\/oscarhumbertogomez.com\/index.php?rest_route=%2Fwp%2Fv2%2Fposts%2F44026', 'Hoy%20hace%20doscientos%20cuarenta%20y%20dos%20a%C3%B1os%20Manuela%20Beltr%C3%A1n%20rompi%C3%B3%20el%20edicto.%20Por%20%C3%93scar%20Humberto%20G%C3%B3mez%20G%C3%B3mez', '' )\" ><ss style=\"display:block\" class=\"heateorSssSharingSvg heateorSssMoreSvg\"><\/ss><\/i><\/li><\/ul><div class=\"heateorSssClear\"><\/div><\/div><div class='heateorSssClear'><\/div>","protected":false},"author":2,"featured_media":0,"comment_status":"closed","ping_status":"closed","sticky":false,"template":"","format":"standard","meta":{"spay_email":"","footnotes":""},"categories":[12],"tags":[],"class_list":["post-44026","post","type-post","status-publish","format-standard","hentry","category-historia"],"jetpack_featured_media_url":"","jetpack_shortlink":"https:\/\/wp.me\/p1FYrr-bs6","_links":{"self":[{"href":"https:\/\/oscarhumbertogomez.com\/index.php?rest_route=\/wp\/v2\/posts\/44026","targetHints":{"allow":["GET"]}}],"collection":[{"href":"https:\/\/oscarhumbertogomez.com\/index.php?rest_route=\/wp\/v2\/posts"}],"about":[{"href":"https:\/\/oscarhumbertogomez.com\/index.php?rest_route=\/wp\/v2\/types\/post"}],"author":[{"embeddable":true,"href":"https:\/\/oscarhumbertogomez.com\/index.php?rest_route=\/wp\/v2\/users\/2"}],"replies":[{"embeddable":true,"href":"https:\/\/oscarhumbertogomez.com\/index.php?rest_route=%2Fwp%2Fv2%2Fcomments&post=44026"}],"version-history":[{"count":5,"href":"https:\/\/oscarhumbertogomez.com\/index.php?rest_route=\/wp\/v2\/posts\/44026\/revisions"}],"predecessor-version":[{"id":44798,"href":"https:\/\/oscarhumbertogomez.com\/index.php?rest_route=\/wp\/v2\/posts\/44026\/revisions\/44798"}],"wp:attachment":[{"href":"https:\/\/oscarhumbertogomez.com\/index.php?rest_route=%2Fwp%2Fv2%2Fmedia&parent=44026"}],"wp:term":[{"taxonomy":"category","embeddable":true,"href":"https:\/\/oscarhumbertogomez.com\/index.php?rest_route=%2Fwp%2Fv2%2Fcategories&post=44026"},{"taxonomy":"post_tag","embeddable":true,"href":"https:\/\/oscarhumbertogomez.com\/index.php?rest_route=%2Fwp%2Fv2%2Ftags&post=44026"}],"curies":[{"name":"wp","href":"https:\/\/api.w.org\/{rel}","templated":true}]}}