{"id":4464,"date":"2012-06-09T20:35:04","date_gmt":"2012-06-10T01:35:04","guid":{"rendered":"http:\/\/www.oscarhumbertogomez.com\/?p=4464"},"modified":"2025-03-26T09:42:00","modified_gmt":"2025-03-26T14:42:00","slug":"lo-transicional-termino-para-anadir-a-un-diccionario-por-la-paz-por-manuel-enrique-rey","status":"publish","type":"post","link":"https:\/\/oscarhumbertogomez.com\/?p=4464","title":{"rendered":"Lo transicional, t\u00e9rmino para a\u00f1adir a un diccionario por la paz. Por Manuel Enrique Rey Sanmiguel"},"content":{"rendered":"<p><img decoding=\"async\" class=\"aligncenter size-full wp-image-16785\" title=\"Manuel Enrique\" src=\"https:\/\/lapiedrafilosofal.com\/wp-content\/uploads\/2015\/05\/Manuel-Enrique.jpg\" alt=\"\" width=\"500\" srcset=\"https:\/\/oscarhumbertogomez.com\/wp-content\/uploads\/2015\/05\/Manuel-Enrique.jpg 224w, https:\/\/oscarhumbertogomez.com\/wp-content\/uploads\/2015\/05\/Manuel-Enrique-209x300.jpg 209w\" sizes=\"(max-width: 224px) 100vw, 224px\" \/> <strong><\/strong><\/p>\n<p>&nbsp;<\/p>\n<p>Es t\u00edpico en pa\u00edses en conflicto b\u00e9lico desigual, como ser\u00eda el caso de Colombia, que ha sufrido durante d\u00e9cadas el rigor de una guerra asim\u00e9trica, conocida tambi\u00e9n como de cuarta generaci\u00f3n, que poca o ninguna atenci\u00f3n demos a ciertos t\u00e9rminos generados por una serie de medidas jur\u00eddicas y pol\u00edticas agrupadas en lo que se llama Justicia Transicional.<\/p>\n<p>Como bien podr\u00eda entenderse por la etimolog\u00eda de la palabra&nbsp;<em>transicional<\/em>, que a muchos deja perplejos y asustados al acompa\u00f1arse del t\u00e9rmino&nbsp;<em>justicia,<\/em>&nbsp;se referir\u00e1 sin m\u00e1s pre\u00e1mbulos al conjunto de tratamientos que deben realizarse durante el proceso del cambio, si se quiere con algo de sacrificio, en aras de la consecuci\u00f3n de la paz.<\/p>\n<p>El adjetivo transicional debe conducirnos a entender el prop\u00f3sito gubernamental, consistente en obtener facilidades constitucionales y actos legislativos o de cualquier otra \u00edndole no violatorios del estado social de derecho, de manera que, dentro del proceso de di\u00e1logo y de compromiso, se brinde a quienes olviden las pr\u00e1cticas terroristas, un principio de oportunidad desde luego condicionado, donde puedan aplicarse durante la negociaci\u00f3n prebendas, compromisos de gobierno o de cogobierno con violentos, cese de hostilidades, reconversi\u00f3n a la vida civil; sobre todo, pol\u00edticas de protecci\u00f3n de derechos de la v\u00edctimas, con todo lo que eso conlleva, dentro de un balanceado equilibrio entre la paz y la justicia, establecidos en un marco de Estado Social de Derecho.<\/p>\n<p>Ojal\u00e1 una nueva generaci\u00f3n de colombianos no vuelva de nuevo a o\u00edr de violencia. La disputa no es entre apoyar a Uribe o a Santos sin saber de antemano cu\u00e1les fueron algunos de los proleg\u00f3menos y frustraciones de ex presidentes colombianos empezando por Uribe. Recordemos el numeral 41 de su manifiesto democr\u00e1tico de 100 puntos, llamado \u201cen busca de la Paz\u201d: Soy amigo \u2013dec\u00eda Uribe- del di\u00e1logo con los violentos, pero no para que crezcan sino para hacer la paz. Pedir\u00e9 mediaci\u00f3n internacional para buscar el di\u00e1logo con los grupos violentos, siempre que empiece con abandono del terrorismo y cese de hostilidades. Para el desarme y la desmovilizaci\u00f3n puede haber todo el plazo que se requiera. Urgencia para el cese de hostilidades, paciencia para los acuerdos finales.&nbsp; Toda la generosidad en la reinserci\u00f3n. Garant\u00edas efectivas para el ejercicio pol\u00edtico de quienes provengan de los grupos armados; que hagan pol\u00edtica sin armas y sin que los asesinen. Que no se repita la experiencia de la Uni\u00f3n Patri\u00f3tica donde confluyeron dos errores: primero, combinar la pol\u00edtica con los fusiles, cuando los argumentos son las \u00fanicas armas v\u00e1lidas de la lucha democr\u00e1tica; y, segundo, la falta de mayor determinaci\u00f3n por parte del Estado para proteger a los militantes pol\u00edticos. La agenda tem\u00e1tica de la democracia no se debe negociar bajo la presi\u00f3n de los fusiles, pero a quienes los portan se les debe ofrecer condiciones para que los abandonen y hagan valer sus ideas en los escenarios de la democracia.<\/p>\n<p>Confiemos en la aplicaci\u00f3n del expectante modelo llamado de justicia transicional, a\u00f1adiendo buenas dosis de tolerancia y esperanza.<\/p>\n<p>&nbsp;<\/p>\n","protected":false},"excerpt":{"rendered":"<p>&nbsp; Es t\u00edpico en pa\u00edses en conflicto b\u00e9lico desigual, como ser\u00eda el caso de Colombia, que ha sufrido durante d\u00e9cadas el rigor de una guerra asim\u00e9trica, conocida tambi\u00e9n como de cuarta generaci\u00f3n, que poca o ninguna atenci\u00f3n demos a ciertos &hellip; <a href=\"https:\/\/oscarhumbertogomez.com\/?p=4464\">Sigue leyendo <span class=\"meta-nav\">&rarr;<\/span><\/a><\/p>\n<div class='heateorSssClear'><\/div><div  class='heateor_sss_sharing_container heateor_sss_horizontal_sharing' heateor-sss-data-href='https:\/\/oscarhumbertogomez.com\/?p=4464'><div class='heateor_sss_sharing_title' style=\"font-weight:bold\" >\u00a1Gracias por compartirla!<\/div><ul class=\"heateor_sss_sharing_ul\"><li class=\"heateorSssSharingRound\"><i style=\"width:35px;height:35px;border-radius:999px;\" alt=\"Facebook\" Title=\"Facebook\" class=\"heateorSssSharing heateorSssFacebookBackground\" onclick='heateorSssPopup(\"https:\/\/www.facebook.com\/sharer\/sharer.php?u=https%3A%2F%2Foscarhumbertogomez.com%2Findex.php%3Frest_route%3D%252Fwp%252Fv2%252Fposts%252F4464\")'><ss style=\"display:block;border-radius:999px;\" class=\"heateorSssSharingSvg heateorSssFacebookSvg\"><\/ss><\/i><\/li><li class=\"heateorSssSharingRound\"><i style=\"width:35px;height:35px;border-radius:999px;\" alt=\"Twitter\" Title=\"Twitter\" class=\"heateorSssSharing heateorSssTwitterBackground\" onclick='heateorSssPopup(\"http:\/\/twitter.com\/intent\/tweet?text=Lo%20transicional%2C%20t%C3%A9rmino%20para%20a%C3%B1adir%20a%20un%20diccionario%20por%20la%20paz.%20Por%20Manuel%20Enrique%20Rey%20Sanmiguel&url=https%3A%2F%2Foscarhumbertogomez.com%2Findex.php%3Frest_route%3D%252Fwp%252Fv2%252Fposts%252F4464\")'><ss style=\"display:block;border-radius:999px;\" class=\"heateorSssSharingSvg heateorSssTwitterSvg\"><\/ss><\/i><\/li><li class=\"heateorSssSharingRound\"><i style=\"width:35px;height:35px;border-radius:999px;\" alt=\"Whatsapp\" Title=\"Whatsapp\" class=\"heateorSssSharing heateorSssWhatsappBackground\" onclick='heateorSssPopup(\"https:\/\/web.whatsapp.com\/send?text=Lo%20transicional%2C%20t%C3%A9rmino%20para%20a%C3%B1adir%20a%20un%20diccionario%20por%20la%20paz.%20Por%20Manuel%20Enrique%20Rey%20Sanmiguel https%3A%2F%2Foscarhumbertogomez.com%2Findex.php%3Frest_route%3D%252Fwp%252Fv2%252Fposts%252F4464\")'><ss style=\"display:block\" class=\"heateorSssSharingSvg heateorSssWhatsappSvg\"><\/ss><\/i><\/li><li class=\"heateorSssSharingRound\"><i style=\"width:35px;height:35px;border-radius:999px;\" alt=\"Pinterest\" Title=\"Pinterest\" class=\"heateorSssSharing heateorSssPinterestBackground\" onclick=\"javascript:void( (function() {var e=document.createElement('script' );e.setAttribute('type','text\/javascript' );e.setAttribute('charset','UTF-8' );e.setAttribute('src','\/\/assets.pinterest.com\/js\/pinmarklet.js?r='+Math.random()*99999999);document.body.appendChild(e)})());\"><ss style=\"display:block;border-radius:999px;\" class=\"heateorSssSharingSvg heateorSssPinterestSvg\"><\/ss><\/i><\/li><li class=\"heateorSssSharingRound\"><i style=\"width:35px;height:35px;border-radius:999px;\" alt=\"Google Gmail\" Title=\"Google Gmail\" class=\"heateorSssSharing heateorSssGoogleGmailBackground\" onclick='heateorSssPopup(\"https:\/\/mail.google.com\/mail\/?ui=2&view=cm&fs=1&tf=1&su=Lo%20transicional%2C%20t%C3%A9rmino%20para%20a%C3%B1adir%20a%20un%20diccionario%20por%20la%20paz.%20Por%20Manuel%20Enrique%20Rey%20Sanmiguel&body=Link:https%3A%2F%2Foscarhumbertogomez.com%2Findex.php%3Frest_route%3D%252Fwp%252Fv2%252Fposts%252F4464\")'><ss style=\"display:block;border-radius:999px;\" class=\"heateorSssSharingSvg heateorSssGoogleGmailSvg\"><\/ss><\/i><\/li><li class=\"heateorSssSharingRound\"><i style=\"width:35px;height:35px;border-radius:999px;\" title=\"More\" alt=\"More\" class=\"heateorSssSharing heateorSssMoreBackground\" onclick=\"heateorSssMoreSharingPopup(this, 'https:\/\/oscarhumbertogomez.com\/index.php?rest_route=%2Fwp%2Fv2%2Fposts%2F4464', 'Lo%20transicional%2C%20t%C3%A9rmino%20para%20a%C3%B1adir%20a%20un%20diccionario%20por%20la%20paz.%20Por%20Manuel%20Enrique%20Rey%20Sanmiguel', '' )\" ><ss style=\"display:block\" class=\"heateorSssSharingSvg heateorSssMoreSvg\"><\/ss><\/i><\/li><\/ul><div class=\"heateorSssClear\"><\/div><\/div><div class='heateorSssClear'><\/div>","protected":false},"author":2,"featured_media":0,"comment_status":"closed","ping_status":"closed","sticky":false,"template":"","format":"standard","meta":{"spay_email":"","footnotes":""},"categories":[6],"tags":[],"class_list":["post-4464","post","type-post","status-publish","format-standard","hentry","category-la-pluma-ajena"],"jetpack_featured_media_url":"","jetpack_shortlink":"https:\/\/wp.me\/p1FYrr-1a0","_links":{"self":[{"href":"https:\/\/oscarhumbertogomez.com\/index.php?rest_route=\/wp\/v2\/posts\/4464","targetHints":{"allow":["GET"]}}],"collection":[{"href":"https:\/\/oscarhumbertogomez.com\/index.php?rest_route=\/wp\/v2\/posts"}],"about":[{"href":"https:\/\/oscarhumbertogomez.com\/index.php?rest_route=\/wp\/v2\/types\/post"}],"author":[{"embeddable":true,"href":"https:\/\/oscarhumbertogomez.com\/index.php?rest_route=\/wp\/v2\/users\/2"}],"replies":[{"embeddable":true,"href":"https:\/\/oscarhumbertogomez.com\/index.php?rest_route=%2Fwp%2Fv2%2Fcomments&post=4464"}],"version-history":[{"count":4,"href":"https:\/\/oscarhumbertogomez.com\/index.php?rest_route=\/wp\/v2\/posts\/4464\/revisions"}],"predecessor-version":[{"id":52966,"href":"https:\/\/oscarhumbertogomez.com\/index.php?rest_route=\/wp\/v2\/posts\/4464\/revisions\/52966"}],"wp:attachment":[{"href":"https:\/\/oscarhumbertogomez.com\/index.php?rest_route=%2Fwp%2Fv2%2Fmedia&parent=4464"}],"wp:term":[{"taxonomy":"category","embeddable":true,"href":"https:\/\/oscarhumbertogomez.com\/index.php?rest_route=%2Fwp%2Fv2%2Fcategories&post=4464"},{"taxonomy":"post_tag","embeddable":true,"href":"https:\/\/oscarhumbertogomez.com\/index.php?rest_route=%2Fwp%2Fv2%2Ftags&post=4464"}],"curies":[{"name":"wp","href":"https:\/\/api.w.org\/{rel}","templated":true}]}}