{"id":44893,"date":"2023-05-01T13:06:13","date_gmt":"2023-05-01T18:06:13","guid":{"rendered":"https:\/\/oscarhumbertogomez.com\/?p=44893"},"modified":"2023-05-01T16:43:40","modified_gmt":"2023-05-01T21:43:40","slug":"la-leyenda-del-judio-errante-y-su-peregrinaje-de-casi-dos-mil-anos-en-la-tierra-capitulo-tercero-por-oscar-humberto-gomez-gomez","status":"publish","type":"post","link":"https:\/\/oscarhumbertogomez.com\/?p=44893","title":{"rendered":"La leyenda del Jud\u00edo Errante y su peregrinaje de casi dos mil a\u00f1os en la tierra. CAP\u00cdTULO TERCERO. Por \u00d3scar Humberto G\u00f3mez G\u00f3mez"},"content":{"rendered":"<p><img loading=\"lazy\" decoding=\"async\" class=\"aligncenter size-full wp-image-44835\" src=\"https:\/\/oscarhumbertogomez.com\/wp-content\/uploads\/2023\/04\/EL-JUDIO-ERRANTE-GUSTAVO-DORE.jpeg\" alt=\"\" width=\"470\" height=\"612\" srcset=\"https:\/\/oscarhumbertogomez.com\/wp-content\/uploads\/2023\/04\/EL-JUDIO-ERRANTE-GUSTAVO-DORE.jpeg 470w, https:\/\/oscarhumbertogomez.com\/wp-content\/uploads\/2023\/04\/EL-JUDIO-ERRANTE-GUSTAVO-DORE-230x300.jpeg 230w\" sizes=\"auto, (max-width: 470px) 100vw, 470px\" \/><\/p>\n<p>&nbsp;<\/p>\n<p><img loading=\"lazy\" decoding=\"async\" class=\"aligncenter size-large wp-image-44936\" src=\"https:\/\/oscarhumbertogomez.com\/wp-content\/uploads\/2023\/05\/EL-JUDIO-ERRANTE-DORE-780x1024.jpeg\" alt=\"\" width=\"640\" height=\"840\" srcset=\"https:\/\/oscarhumbertogomez.com\/wp-content\/uploads\/2023\/05\/EL-JUDIO-ERRANTE-DORE-780x1024.jpeg 780w, https:\/\/oscarhumbertogomez.com\/wp-content\/uploads\/2023\/05\/EL-JUDIO-ERRANTE-DORE-229x300.jpeg 229w, https:\/\/oscarhumbertogomez.com\/wp-content\/uploads\/2023\/05\/EL-JUDIO-ERRANTE-DORE-768x1008.jpeg 768w, https:\/\/oscarhumbertogomez.com\/wp-content\/uploads\/2023\/05\/EL-JUDIO-ERRANTE-DORE.jpeg 800w\" sizes=\"auto, (max-width: 640px) 100vw, 640px\" \/><\/p>\n<p>&nbsp;<\/p>\n<p>Al Jud\u00edo Errante suele represent\u00e1rsele como un anciano de barba blanca y largu\u00edsima. Esa representaci\u00f3n tiene sentido l\u00f3gico si tenemos en cuenta que su peregrinar eterno lo comenz\u00f3 en el a\u00f1o en que muri\u00f3 Jes\u00fas, que para nosotros, y m\u00e1s all\u00e1 de los debates que se han dado alrededor de ello, fue el a\u00f1o 33 de la Era Cristiana, contando el del nacimiento de Cristo como el a\u00f1o 1. Esto significa, dicho sea de paso, que el Viernes Santo de 2033 el Jud\u00edo Errante cumplir\u00e1 dos mil a\u00f1os de su vagar por el planeta a la espera de la segunda venida del Hijo de Dios y el Juicio Final.<\/p>\n<p>&nbsp;<\/p>\n<p><img loading=\"lazy\" decoding=\"async\" class=\"aligncenter size-large wp-image-44900\" src=\"https:\/\/oscarhumbertogomez.com\/wp-content\/uploads\/2023\/05\/IMG_0890-473x1024.png\" alt=\"\" width=\"473\" height=\"1024\" srcset=\"https:\/\/oscarhumbertogomez.com\/wp-content\/uploads\/2023\/05\/IMG_0890-473x1024.png 473w, https:\/\/oscarhumbertogomez.com\/wp-content\/uploads\/2023\/05\/IMG_0890-139x300.png 139w, https:\/\/oscarhumbertogomez.com\/wp-content\/uploads\/2023\/05\/IMG_0890-768x1663.png 768w, https:\/\/oscarhumbertogomez.com\/wp-content\/uploads\/2023\/05\/IMG_0890-709x1536.png 709w, https:\/\/oscarhumbertogomez.com\/wp-content\/uploads\/2023\/05\/IMG_0890-946x2048.png 946w, https:\/\/oscarhumbertogomez.com\/wp-content\/uploads\/2023\/05\/IMG_0890.png 1125w\" sizes=\"auto, (max-width: 473px) 100vw, 473px\" \/><\/p>\n<p>&nbsp;<\/p>\n<p>Empero, no debe olvidarse que cuando se produce su infortunado encuentro con Jes\u00fas camino del Calvario, el personaje ten\u00eda alrededor de 50 a\u00f1os de edad. Luego su representaci\u00f3n en los comienzos de su periplo debe corresponder a un hombre de aproximadamente esta edad.<\/p>\n<p>Se dice, sin embargo, que cada cien a\u00f1os el Jud\u00edo Errante vuelve a ser joven, y as\u00ed sucesivamente, de modo que es incierta la edad a la cual puede ser visto pasar en cualquier lugar de la tierra y en cualquier momento de la historia.<\/p>\n<p>Lo otro que se asevera es que quien lo ve siente que de alguna manera ya lo conoce o &#8211; tambi\u00e9n se afirma &#8211; tiene la percepci\u00f3n de que en alguna forma el personaje observado se parece a su observador.<\/p>\n<p>En todo caso, los reportes que se conocen de diversas latitudes y diferentes \u00e9pocas dicen que al Jud\u00edo Errante lo vieron, por ejemplo, en Viena en 1599, en L\u00fcbeck en 1601 y luego en 1603, en Praga en 1602, en Baviera en 1604, en Bruselas en 1640 y posteriormente en 1774, en Leipzig en 1642, en Par\u00eds en 1644, en Stanford en 1658, en Astrac\u00e1n en 1672, en M\u00fanich en 1721, en Altbach en 1766, en Newcastle en 1790, en Miami en 1868, en Potos\u00ed en 1910, en Damasco el 14 de mayo de 1948, en Toledo en 1993 y en Estambul en 2005.<\/p>\n<p>&nbsp;<\/p>\n<p><img loading=\"lazy\" decoding=\"async\" class=\"aligncenter size-large wp-image-44898\" src=\"https:\/\/oscarhumbertogomez.com\/wp-content\/uploads\/2023\/05\/IMG_0892-473x1024.png\" alt=\"\" width=\"473\" height=\"1024\" srcset=\"https:\/\/oscarhumbertogomez.com\/wp-content\/uploads\/2023\/05\/IMG_0892-473x1024.png 473w, https:\/\/oscarhumbertogomez.com\/wp-content\/uploads\/2023\/05\/IMG_0892-139x300.png 139w, https:\/\/oscarhumbertogomez.com\/wp-content\/uploads\/2023\/05\/IMG_0892-768x1663.png 768w, https:\/\/oscarhumbertogomez.com\/wp-content\/uploads\/2023\/05\/IMG_0892-709x1536.png 709w, https:\/\/oscarhumbertogomez.com\/wp-content\/uploads\/2023\/05\/IMG_0892-946x2048.png 946w, https:\/\/oscarhumbertogomez.com\/wp-content\/uploads\/2023\/05\/IMG_0892.png 1125w\" sizes=\"auto, (max-width: 473px) 100vw, 473px\" \/><\/p>\n<p>&nbsp;<\/p>\n<p>\u00bfY del Jud\u00edo Errante en Colombia, qu\u00e9?<\/p>\n<p>Veamos:<\/p>\n<p>La principal obra literaria publicada en la Nueva Granada (actual Colombia) durante la \u00e9poca de la Colonia, fue, sin duda alguna, El Carnero, de Juan Rodr\u00edguez Freyle.<\/p>\n<p>En esta obra se relata uno de los mayores esc\u00e1ndalos acaecidos en esa \u00e9poca, que fue el de una mujer venezolana residente en Tunja, casada y tan hermosa como casquivana, de nombre In\u00e9s de Hinojosa.<\/p>\n<p>Ya cuando avanzaban las postrimer\u00edas del siglo XX el escritor Pr\u00f3spero Morales Pradilla (Tunja, 1920 &#8211; Bogot\u00e1, 1990) public\u00f3 una novela inspirada en ese tormentoso, truculento y sangriento pasaje de nuestra historia titulada &#8220;Los pecados de In\u00e9s de Hinojosa&#8221;, obra que fue llevada a la televisi\u00f3n en el a\u00f1o 1988 a trav\u00e9s de una serie que alcanz\u00f3 altos niveles de sinton\u00eda.<\/p>\n<p>&nbsp;<\/p>\n<p><img loading=\"lazy\" decoding=\"async\" class=\"aligncenter size-large wp-image-44899\" src=\"https:\/\/oscarhumbertogomez.com\/wp-content\/uploads\/2023\/05\/IMG_0891-473x1024.png\" alt=\"\" width=\"473\" height=\"1024\" srcset=\"https:\/\/oscarhumbertogomez.com\/wp-content\/uploads\/2023\/05\/IMG_0891-473x1024.png 473w, https:\/\/oscarhumbertogomez.com\/wp-content\/uploads\/2023\/05\/IMG_0891-139x300.png 139w, https:\/\/oscarhumbertogomez.com\/wp-content\/uploads\/2023\/05\/IMG_0891-768x1663.png 768w, https:\/\/oscarhumbertogomez.com\/wp-content\/uploads\/2023\/05\/IMG_0891-709x1536.png 709w, https:\/\/oscarhumbertogomez.com\/wp-content\/uploads\/2023\/05\/IMG_0891-946x2048.png 946w, https:\/\/oscarhumbertogomez.com\/wp-content\/uploads\/2023\/05\/IMG_0891.png 1125w\" sizes=\"auto, (max-width: 473px) 100vw, 473px\" \/><\/p>\n<p>&nbsp;<\/p>\n<p>Pues bien: en el turbulento pasaje hist\u00f3rico y literario de In\u00e9s de Hinojosa aparece el Jud\u00edo Errante vagando en la oscuridad de las noches por las fr\u00edas calles de Tunja y, seg\u00fan se dec\u00eda entonces, apoder\u00e1ndose del alma de aquella mujer casada que, llevada por sus desbordadas pasiones sexuales, y luego de conocer al hombre que se convierte en su amante, pasa a ser la autora intelectual del asesinato de su marido a manos de aquel, pero posteriormente, cuando conoce a otro individuo que entra a reemplazar a su amante, ser\u00e1 la autora intelectual del asesinato de \u00e9ste a manos de quien ha llegado a sustituirlo.<\/p>\n<p>In\u00e9s de Hinojosa terminar\u00e1 siendo enjuiciada y condenada a la pena de muerte en la horca.<\/p>\n<p>&nbsp;<\/p>\n<p><img loading=\"lazy\" decoding=\"async\" class=\"aligncenter size-large wp-image-44897\" src=\"https:\/\/oscarhumbertogomez.com\/wp-content\/uploads\/2023\/05\/IMG_0893-473x1024.png\" alt=\"\" width=\"473\" height=\"1024\" srcset=\"https:\/\/oscarhumbertogomez.com\/wp-content\/uploads\/2023\/05\/IMG_0893-473x1024.png 473w, https:\/\/oscarhumbertogomez.com\/wp-content\/uploads\/2023\/05\/IMG_0893-139x300.png 139w, https:\/\/oscarhumbertogomez.com\/wp-content\/uploads\/2023\/05\/IMG_0893-768x1663.png 768w, https:\/\/oscarhumbertogomez.com\/wp-content\/uploads\/2023\/05\/IMG_0893-709x1536.png 709w, https:\/\/oscarhumbertogomez.com\/wp-content\/uploads\/2023\/05\/IMG_0893-946x2048.png 946w, https:\/\/oscarhumbertogomez.com\/wp-content\/uploads\/2023\/05\/IMG_0893.png 1125w\" sizes=\"auto, (max-width: 473px) 100vw, 473px\" \/><\/p>\n<p>&nbsp;<\/p>\n<p>Pero el tempestuoso paso del Jud\u00edo Errante por Tunja no habr\u00eda de quedar perpetuado tan solo en la literatura. Tambi\u00e9n lo ser\u00eda en el arte escult\u00f3rico del per\u00edodo colonial. En efecto, se conserva su recuerdo en uno de los sitios m\u00e1s representativos de la memoria hist\u00f3rica de aquella \u00e9poca, cuando todav\u00eda estas tierras formaban parte de Espa\u00f1a (la Espa\u00f1a peninsular y la Espa\u00f1a ultramarina habr\u00edan de separarse cuando esta se independizara en el siglo XIX). Se trata de la iglesia de Santo Domingo, de la comunidad de los dominicos. A la entrada del hist\u00f3rico templo tunjano el visitante puede leer el siguiente texto:<\/p>\n<p>&#8220;Iglesia y convento de la comunidad dominicana iniciados en 1572. La iglesia ten\u00eda su entrada donde est\u00e1 hoy el altar mayor y en el siglo XVII se le dio la vuelta. El claustro norte es el antiguo convento de la Orden de Predicadores, hermano del de Santa Clara la Real, es uno de los cl\u00e1sicos de la ciudad. La capilla del Rosario, barroca y mestiza, es considerada la Capilla Sixtina del arte colonial americano. La Virgen del Rosario es una talla del artista Roque Amador tra\u00edda de Sevilla a finales del siglo XVI. La iglesia es rica en pintura mural, tiene una estatua del Jud\u00edo Errante, famosa leyenda de este no menos famoso paso de la Semana Santa. Posee en la Capilla del Tr\u00e1nsito un cuadro de la Virgen de la Antigua del pintor Angelino Medoro\u201d.<\/p>\n<p>&nbsp;<\/p>\n<p><img loading=\"lazy\" decoding=\"async\" class=\"aligncenter size-large wp-image-44895\" src=\"https:\/\/oscarhumbertogomez.com\/wp-content\/uploads\/2023\/05\/IMG_0894-473x1024.png\" alt=\"\" width=\"473\" height=\"1024\" srcset=\"https:\/\/oscarhumbertogomez.com\/wp-content\/uploads\/2023\/05\/IMG_0894-473x1024.png 473w, https:\/\/oscarhumbertogomez.com\/wp-content\/uploads\/2023\/05\/IMG_0894-139x300.png 139w, https:\/\/oscarhumbertogomez.com\/wp-content\/uploads\/2023\/05\/IMG_0894-768x1663.png 768w, https:\/\/oscarhumbertogomez.com\/wp-content\/uploads\/2023\/05\/IMG_0894-709x1536.png 709w, https:\/\/oscarhumbertogomez.com\/wp-content\/uploads\/2023\/05\/IMG_0894-946x2048.png 946w, https:\/\/oscarhumbertogomez.com\/wp-content\/uploads\/2023\/05\/IMG_0894.png 1125w\" sizes=\"auto, (max-width: 473px) 100vw, 473px\" \/><\/p>\n<p>&nbsp;<\/p>\n<p>(CONTINUAR\u00c1)<\/p>\n<p>&nbsp;<\/p>\n<p><img loading=\"lazy\" decoding=\"async\" class=\"aligncenter size-large wp-image-44936\" src=\"https:\/\/oscarhumbertogomez.com\/wp-content\/uploads\/2023\/05\/EL-JUDIO-ERRANTE-DORE-780x1024.jpeg\" alt=\"\" width=\"640\" height=\"840\" srcset=\"https:\/\/oscarhumbertogomez.com\/wp-content\/uploads\/2023\/05\/EL-JUDIO-ERRANTE-DORE-780x1024.jpeg 780w, https:\/\/oscarhumbertogomez.com\/wp-content\/uploads\/2023\/05\/EL-JUDIO-ERRANTE-DORE-229x300.jpeg 229w, https:\/\/oscarhumbertogomez.com\/wp-content\/uploads\/2023\/05\/EL-JUDIO-ERRANTE-DORE-768x1008.jpeg 768w, https:\/\/oscarhumbertogomez.com\/wp-content\/uploads\/2023\/05\/EL-JUDIO-ERRANTE-DORE.jpeg 800w\" sizes=\"auto, (max-width: 640px) 100vw, 640px\" \/><\/p>\n<p>&nbsp;<\/p>\n<p><strong>ILUSTRACIONES:<\/strong> (1), (2), (8) y (9): El Jud\u00edo Errante. 1856. Gustavo Dor\u00e9 (Estrasburgo, 1832 &#8211; Par\u00eds, 1883).<\/p>\n<p>(3), (4), (5), (6) y (7): Jes\u00fas y el Jud\u00edo Errante. Escultura colonial. Iglesia de Santo Domingo. Tunja, Boyac\u00e1 (Colombia). Fotograf\u00edas: Guillermo Eduardo Vargas M\u00e1rquez.<\/p>\n<p>&nbsp;<\/p>\n<p><img loading=\"lazy\" decoding=\"async\" class=\"aligncenter size-large wp-image-44936\" src=\"https:\/\/oscarhumbertogomez.com\/wp-content\/uploads\/2023\/05\/EL-JUDIO-ERRANTE-DORE-780x1024.jpeg\" alt=\"\" width=\"640\" height=\"840\" srcset=\"https:\/\/oscarhumbertogomez.com\/wp-content\/uploads\/2023\/05\/EL-JUDIO-ERRANTE-DORE-780x1024.jpeg 780w, https:\/\/oscarhumbertogomez.com\/wp-content\/uploads\/2023\/05\/EL-JUDIO-ERRANTE-DORE-229x300.jpeg 229w, https:\/\/oscarhumbertogomez.com\/wp-content\/uploads\/2023\/05\/EL-JUDIO-ERRANTE-DORE-768x1008.jpeg 768w, https:\/\/oscarhumbertogomez.com\/wp-content\/uploads\/2023\/05\/EL-JUDIO-ERRANTE-DORE.jpeg 800w\" sizes=\"auto, (max-width: 640px) 100vw, 640px\" \/><\/p>\n<p>&nbsp;<\/p>\n<p><strong>\u00d3SCAR HUMBERTO G\u00d3MEZ G\u00d3MEZ<\/strong>. Miembro de N\u00famero de la Academia de Historia de Santander. Miembro de la Sociedad de Autores y Compositores de Colombia. Miembro del Colegio Nacional de Periodistas. Miembro del ilustre y desaparecido Colegio de Abogados de Santander.<\/p>\n<p>&nbsp;<\/p>\n","protected":false},"excerpt":{"rendered":"<p>&nbsp; &nbsp; Al Jud\u00edo Errante suele represent\u00e1rsele como un anciano de barba blanca y largu\u00edsima. Esa representaci\u00f3n tiene sentido l\u00f3gico si tenemos en cuenta que su peregrinar eterno lo comenz\u00f3 en el a\u00f1o en que muri\u00f3 Jes\u00fas, que para nosotros, &hellip; <a href=\"https:\/\/oscarhumbertogomez.com\/?p=44893\">Sigue leyendo <span class=\"meta-nav\">&rarr;<\/span><\/a><\/p>\n<div class='heateorSssClear'><\/div><div  class='heateor_sss_sharing_container heateor_sss_horizontal_sharing' heateor-sss-data-href='https:\/\/oscarhumbertogomez.com\/?p=44893'><div class='heateor_sss_sharing_title' style=\"font-weight:bold\" >\u00a1Gracias por compartirla!<\/div><ul class=\"heateor_sss_sharing_ul\"><li class=\"heateorSssSharingRound\"><i style=\"width:35px;height:35px;border-radius:999px;\" alt=\"Facebook\" Title=\"Facebook\" class=\"heateorSssSharing heateorSssFacebookBackground\" onclick='heateorSssPopup(\"https:\/\/www.facebook.com\/sharer\/sharer.php?u=https%3A%2F%2Foscarhumbertogomez.com%2Findex.php%3Frest_route%3D%252Fwp%252Fv2%252Fposts%252F44893\")'><ss style=\"display:block;border-radius:999px;\" class=\"heateorSssSharingSvg heateorSssFacebookSvg\"><\/ss><\/i><\/li><li class=\"heateorSssSharingRound\"><i style=\"width:35px;height:35px;border-radius:999px;\" alt=\"Twitter\" Title=\"Twitter\" class=\"heateorSssSharing heateorSssTwitterBackground\" onclick='heateorSssPopup(\"http:\/\/twitter.com\/intent\/tweet?text=La%20leyenda%20del%20Jud%C3%ADo%20Errante%20y%20su%20peregrinaje%20de%20casi%20dos%20mil%20a%C3%B1os%20en%20la%20tierra.%20CAP%C3%8DTULO%20TERCERO.%20Por%20%C3%93scar%20Humberto%20G%C3%B3mez%20G%C3%B3mez&url=https%3A%2F%2Foscarhumbertogomez.com%2Findex.php%3Frest_route%3D%252Fwp%252Fv2%252Fposts%252F44893\")'><ss style=\"display:block;border-radius:999px;\" class=\"heateorSssSharingSvg heateorSssTwitterSvg\"><\/ss><\/i><\/li><li class=\"heateorSssSharingRound\"><i style=\"width:35px;height:35px;border-radius:999px;\" alt=\"Whatsapp\" Title=\"Whatsapp\" class=\"heateorSssSharing heateorSssWhatsappBackground\" onclick='heateorSssPopup(\"https:\/\/web.whatsapp.com\/send?text=La%20leyenda%20del%20Jud%C3%ADo%20Errante%20y%20su%20peregrinaje%20de%20casi%20dos%20mil%20a%C3%B1os%20en%20la%20tierra.%20CAP%C3%8DTULO%20TERCERO.%20Por%20%C3%93scar%20Humberto%20G%C3%B3mez%20G%C3%B3mez https%3A%2F%2Foscarhumbertogomez.com%2Findex.php%3Frest_route%3D%252Fwp%252Fv2%252Fposts%252F44893\")'><ss style=\"display:block\" class=\"heateorSssSharingSvg heateorSssWhatsappSvg\"><\/ss><\/i><\/li><li class=\"heateorSssSharingRound\"><i style=\"width:35px;height:35px;border-radius:999px;\" alt=\"Pinterest\" Title=\"Pinterest\" class=\"heateorSssSharing heateorSssPinterestBackground\" onclick=\"javascript:void( (function() {var e=document.createElement('script' );e.setAttribute('type','text\/javascript' );e.setAttribute('charset','UTF-8' );e.setAttribute('src','\/\/assets.pinterest.com\/js\/pinmarklet.js?r='+Math.random()*99999999);document.body.appendChild(e)})());\"><ss style=\"display:block;border-radius:999px;\" class=\"heateorSssSharingSvg heateorSssPinterestSvg\"><\/ss><\/i><\/li><li class=\"heateorSssSharingRound\"><i style=\"width:35px;height:35px;border-radius:999px;\" alt=\"Google Gmail\" Title=\"Google Gmail\" class=\"heateorSssSharing heateorSssGoogleGmailBackground\" onclick='heateorSssPopup(\"https:\/\/mail.google.com\/mail\/?ui=2&view=cm&fs=1&tf=1&su=La%20leyenda%20del%20Jud%C3%ADo%20Errante%20y%20su%20peregrinaje%20de%20casi%20dos%20mil%20a%C3%B1os%20en%20la%20tierra.%20CAP%C3%8DTULO%20TERCERO.%20Por%20%C3%93scar%20Humberto%20G%C3%B3mez%20G%C3%B3mez&body=Link:https%3A%2F%2Foscarhumbertogomez.com%2Findex.php%3Frest_route%3D%252Fwp%252Fv2%252Fposts%252F44893\")'><ss style=\"display:block;border-radius:999px;\" class=\"heateorSssSharingSvg heateorSssGoogleGmailSvg\"><\/ss><\/i><\/li><li class=\"heateorSssSharingRound\"><i style=\"width:35px;height:35px;border-radius:999px;\" title=\"More\" alt=\"More\" class=\"heateorSssSharing heateorSssMoreBackground\" onclick=\"heateorSssMoreSharingPopup(this, 'https:\/\/oscarhumbertogomez.com\/index.php?rest_route=%2Fwp%2Fv2%2Fposts%2F44893', 'La%20leyenda%20del%20Jud%C3%ADo%20Errante%20y%20su%20peregrinaje%20de%20casi%20dos%20mil%20a%C3%B1os%20en%20la%20tierra.%20CAP%C3%8DTULO%20TERCERO.%20Por%20%C3%93scar%20Humberto%20G%C3%B3mez%20G%C3%B3mez', '' )\" ><ss style=\"display:block\" class=\"heateorSssSharingSvg heateorSssMoreSvg\"><\/ss><\/i><\/li><\/ul><div class=\"heateorSssClear\"><\/div><\/div><div class='heateorSssClear'><\/div>","protected":false},"author":2,"featured_media":44835,"comment_status":"closed","ping_status":"closed","sticky":false,"template":"","format":"standard","meta":{"spay_email":"","footnotes":""},"categories":[1],"tags":[],"class_list":["post-44893","post","type-post","status-publish","format-standard","has-post-thumbnail","hentry","category-blog"],"jetpack_featured_media_url":"https:\/\/oscarhumbertogomez.com\/wp-content\/uploads\/2023\/04\/EL-JUDIO-ERRANTE-GUSTAVO-DORE.jpeg","jetpack_shortlink":"https:\/\/wp.me\/p1FYrr-bG5","_links":{"self":[{"href":"https:\/\/oscarhumbertogomez.com\/index.php?rest_route=\/wp\/v2\/posts\/44893","targetHints":{"allow":["GET"]}}],"collection":[{"href":"https:\/\/oscarhumbertogomez.com\/index.php?rest_route=\/wp\/v2\/posts"}],"about":[{"href":"https:\/\/oscarhumbertogomez.com\/index.php?rest_route=\/wp\/v2\/types\/post"}],"author":[{"embeddable":true,"href":"https:\/\/oscarhumbertogomez.com\/index.php?rest_route=\/wp\/v2\/users\/2"}],"replies":[{"embeddable":true,"href":"https:\/\/oscarhumbertogomez.com\/index.php?rest_route=%2Fwp%2Fv2%2Fcomments&post=44893"}],"version-history":[{"count":5,"href":"https:\/\/oscarhumbertogomez.com\/index.php?rest_route=\/wp\/v2\/posts\/44893\/revisions"}],"predecessor-version":[{"id":44977,"href":"https:\/\/oscarhumbertogomez.com\/index.php?rest_route=\/wp\/v2\/posts\/44893\/revisions\/44977"}],"wp:featuredmedia":[{"embeddable":true,"href":"https:\/\/oscarhumbertogomez.com\/index.php?rest_route=\/wp\/v2\/media\/44835"}],"wp:attachment":[{"href":"https:\/\/oscarhumbertogomez.com\/index.php?rest_route=%2Fwp%2Fv2%2Fmedia&parent=44893"}],"wp:term":[{"taxonomy":"category","embeddable":true,"href":"https:\/\/oscarhumbertogomez.com\/index.php?rest_route=%2Fwp%2Fv2%2Fcategories&post=44893"},{"taxonomy":"post_tag","embeddable":true,"href":"https:\/\/oscarhumbertogomez.com\/index.php?rest_route=%2Fwp%2Fv2%2Ftags&post=44893"}],"curies":[{"name":"wp","href":"https:\/\/api.w.org\/{rel}","templated":true}]}}