{"id":45153,"date":"2023-05-06T11:55:16","date_gmt":"2023-05-06T16:55:16","guid":{"rendered":"https:\/\/oscarhumbertogomez.com\/?p=45153"},"modified":"2025-02-16T09:17:05","modified_gmt":"2025-02-16T14:17:05","slug":"murio-el-talentoso-actor-santandereano-walter-ardila-por-oscar-humberto-gomez-gomez","status":"publish","type":"post","link":"https:\/\/oscarhumbertogomez.com\/?p=45153","title":{"rendered":"Muri\u00f3 el talentoso actor santandereano Walter Ardila. Por \u00d3scar Humberto G\u00f3mez G\u00f3mez"},"content":{"rendered":"<p><img loading=\"lazy\" decoding=\"async\" class=\"aligncenter size-full wp-image-45191\" src=\"https:\/\/oscarhumbertogomez.com\/wp-content\/uploads\/2023\/05\/wa-cuadrada.png\" alt=\"\" width=\"800\" height=\"800\" srcset=\"https:\/\/oscarhumbertogomez.com\/wp-content\/uploads\/2023\/05\/wa-cuadrada.png 800w, https:\/\/oscarhumbertogomez.com\/wp-content\/uploads\/2023\/05\/wa-cuadrada-300x300.png 300w, https:\/\/oscarhumbertogomez.com\/wp-content\/uploads\/2023\/05\/wa-cuadrada-150x150.png 150w, https:\/\/oscarhumbertogomez.com\/wp-content\/uploads\/2023\/05\/wa-cuadrada-768x768.png 768w\" sizes=\"auto, (max-width: 800px) 100vw, 800px\" \/><\/p>\n<p>&nbsp;<\/p>\n<p>Muri\u00f3 hoy en el Hospital Los Comuneros de la capital del departamento de Santander, donde se encontraba recluido v\u00edctima de una grave enfermedad que hab\u00eda minado sus condiciones de salud, el magn\u00edfico actor santandereano WALTER ARDILA.<\/p>\n<p>&nbsp;<\/p>\n<p><img loading=\"lazy\" decoding=\"async\" class=\"size-large wp-image-44325\" src=\"https:\/\/oscarhumbertogomez.com\/wp-content\/uploads\/2023\/04\/fullsizeoutput_203c-473x1024.jpeg\" alt=\"\" width=\"473\" height=\"1024\"><\/p>\n<p>&nbsp;<\/p>\n<p>El pasado mes de enero el maestro ARDILA le hab\u00eda revelado al autor de esta luctuosa nota informativa que se hallaba a la espera de que le definieran un par de proyectos pendientes para este a\u00f1o y le hab\u00eda prometido que si ello ocurr\u00eda le responder\u00eda, seguramente de manera positiva, su solicitud de que le concediera una entrevista.<\/p>\n<p>La idea de quien ahora escribe estas l\u00edneas era llevar a cabo, en efecto, una entrevista amplia y completa con \u00e9l, a trav\u00e9s de la cual, sin los apremios, la brevedad y la velocidad vertiginosa que se apoder\u00f3 del periodismo actual, le narrara con total tranquilidad al pueblo santandereano y colombiano su decurso vital en el arte esc\u00e9nico, comenzando por sus sue\u00f1os en la edad temprana, y le contara las razones por las cuales solo termin\u00f3 haciendo su incursi\u00f3n en las tablas y ante las c\u00e1maras cinematogr\u00e1ficas ya en la edad madura. Igualmente, con la entrevista persegu\u00eda que revelara sus interioridades acerca del por qu\u00e9 su enorme talento como cantante de baladas rom\u00e1nticas no fue aprovechado en su oportunidad. Lamentablemente nada de ello pudo concretarse y hemos quedado todos sumidos por siempre en las dudas que nos surgieron y nos acompa\u00f1aron desde que descubrimos su tard\u00eda incursi\u00f3n en el teatro y en el cine.<\/p>\n<p>&nbsp;<\/p>\n<p><img loading=\"lazy\" decoding=\"async\" class=\"size-large wp-image-44325\" src=\"https:\/\/oscarhumbertogomez.com\/wp-content\/uploads\/2023\/04\/fullsizeoutput_203c-473x1024.jpeg\" alt=\"\" width=\"473\" height=\"1024\"><\/p>\n<p>&nbsp;<\/p>\n<p>Comparto, pues, esta triste noticia con ustedes y ante la realidad de lo irremediable solamente me queda encomendar en mis oraciones personales a este excelente artista santandereano. Un artista que pas\u00f3 por mi vida de manera fugaz, pero me dej\u00f3 la impronta indeleble de quien fue un hombre sencillo, un ser humano despojado de egos, que parec\u00eda no ser consciente de su val\u00eda, amante irreductible de su terru\u00f1o natal, comprometido con las bellas artes, que me pareci\u00f3 tendiente a la soledad y a huir de reconocimientos y alharacas en torno a su nombre y a su imagen, y quiz\u00e1s eso contribuy\u00f3 a que no se le situara en el lugar que verdaderamente se merec\u00eda.<\/p>\n<p>&nbsp;<\/p>\n<p><img loading=\"lazy\" decoding=\"async\" class=\"size-large wp-image-44325\" src=\"https:\/\/oscarhumbertogomez.com\/wp-content\/uploads\/2023\/04\/fullsizeoutput_203c-473x1024.jpeg\" alt=\"\" width=\"473\" height=\"1024\"><\/p>\n<p>&nbsp;<\/p>\n<p>Aunque con extensos y profundos entronques familiares con la poblaci\u00f3n santandereana de Zapatoca, la Ciudad Lev\u00edtica y la Ciudad del Clima de Seda (como la llam\u00f3 el presidente de la Rep\u00fablica Eduardo Santos), el maestro WALTER ARDILA hab\u00eda nacido en Bucaramanga &#8211; en el a\u00f1o 1957 &#8211; y sus estudios de bachillerato los adelant\u00f3 en el Colegio San Pedro Claver, prestigioso plantel bumangu\u00e9s regentado por la Compa\u00f1\u00eda de Jes\u00fas desde que esta comunidad religiosa cat\u00f3lica suscribiera un convenio con el Departamento de Santander en las postrimer\u00edas del siglo XIX a trav\u00e9s del cual adquiri\u00f3 el compromiso de administrarlo, y, finalmente, y luego de que el establecimiento sufriera un cierre que en su momento se crey\u00f3 definitivo, lo adquiriera y lo pusiera de nuevo en funcionamiento.<\/p>\n<p>En la escasa aproximaci\u00f3n personal que alcanc\u00e9 a tener con \u00e9l, cuando todav\u00eda ven\u00eda a mi casa aquel hombre alto, delgado y casi t\u00edmido, a amenizar nuestras reuniones familiares con su karaoke y sus luces multicolores, pero tambi\u00e9n con la desconcertante dulzura de su excelente voz y la c\u00e1lida sencillez de su trato, me enter\u00e9 por \u00e9l mismo, y a trav\u00e9s de una voz queda y sin \u00ednfulas ni pretensiones, de que hab\u00eda adelantado sus estudios superiores en la Universidad Aut\u00f3noma de Bucaramanga (UNAB), donde curs\u00f3 y culmin\u00f3 su carrera de Derecho.<\/p>\n<p>&nbsp;<\/p>\n<p><img loading=\"lazy\" decoding=\"async\" class=\"size-large wp-image-44325\" src=\"https:\/\/oscarhumbertogomez.com\/wp-content\/uploads\/2023\/04\/fullsizeoutput_203c-473x1024.jpeg\" alt=\"\" width=\"473\" height=\"1024\"><\/p>\n<p>&nbsp;<\/p>\n<p>Que el Supremo Hacedor lo reciba en su gloria, maestro.<\/p>\n<p>&nbsp;<\/p>\n<p><img loading=\"lazy\" decoding=\"async\" class=\"size-large wp-image-44325\" src=\"https:\/\/oscarhumbertogomez.com\/wp-content\/uploads\/2023\/04\/fullsizeoutput_203c-473x1024.jpeg\" alt=\"\" width=\"473\" height=\"1024\"><\/p>\n<p>&nbsp;<\/p>\n<p><strong>FOTOGRAF\u00cdA:<\/strong> Walter Ardila como Poncio Pilatos en el drama &#8220;JES\u00daS DE NAZARET&#8221;. Grupo de Teatro Experimental de New Jersey. Presentaci\u00f3n en Las Vegas (USA). Semana Santa de 2002.<\/p>\n<p>&nbsp;<\/p>\n<blockquote class=\"wp-embedded-content\" data-secret=\"kKElpG1Xos\"><p><a href=\"https:\/\/oscarhumbertogomez.com\/?p=43429\">El descubrimiento de Walter Ardila. Por \u00d3scar Humberto G\u00f3mez G\u00f3mez<\/a><\/p><\/blockquote>\n<p><iframe loading=\"lazy\" class=\"wp-embedded-content\" sandbox=\"allow-scripts\" security=\"restricted\" style=\"position: absolute; visibility: hidden;\" title=\"\u00abEl descubrimiento de Walter Ardila. Por \u00d3scar Humberto G\u00f3mez G\u00f3mez\u00bb \u2014 \u00d3scar Humberto G\u00f3mez G\u00f3mez\" src=\"https:\/\/oscarhumbertogomez.com\/?p=43429&#038;embed=true#?secret=AXVj4YO83y#?secret=kKElpG1Xos\" data-secret=\"kKElpG1Xos\" width=\"600\" height=\"338\" frameborder=\"0\" marginwidth=\"0\" marginheight=\"0\" scrolling=\"no\"><\/iframe><\/p>\n<p>&nbsp;<\/p>\n","protected":false},"excerpt":{"rendered":"<p>&nbsp; Muri\u00f3 hoy en el Hospital Los Comuneros de la capital del departamento de Santander, donde se encontraba recluido v\u00edctima de una grave enfermedad que hab\u00eda minado sus condiciones de salud, el magn\u00edfico actor santandereano WALTER ARDILA. &nbsp; &nbsp; El &hellip; <a href=\"https:\/\/oscarhumbertogomez.com\/?p=45153\">Sigue leyendo <span class=\"meta-nav\">&rarr;<\/span><\/a><\/p>\n<div class='heateorSssClear'><\/div><div  class='heateor_sss_sharing_container heateor_sss_horizontal_sharing' heateor-sss-data-href='https:\/\/oscarhumbertogomez.com\/?p=45153'><div class='heateor_sss_sharing_title' style=\"font-weight:bold\" >\u00a1Gracias por compartirla!<\/div><ul class=\"heateor_sss_sharing_ul\"><li class=\"heateorSssSharingRound\"><i style=\"width:35px;height:35px;border-radius:999px;\" alt=\"Facebook\" Title=\"Facebook\" class=\"heateorSssSharing heateorSssFacebookBackground\" onclick='heateorSssPopup(\"https:\/\/www.facebook.com\/sharer\/sharer.php?u=https%3A%2F%2Foscarhumbertogomez.com%2Findex.php%3Frest_route%3D%252Fwp%252Fv2%252Fposts%252F45153\")'><ss style=\"display:block;border-radius:999px;\" class=\"heateorSssSharingSvg heateorSssFacebookSvg\"><\/ss><\/i><\/li><li class=\"heateorSssSharingRound\"><i style=\"width:35px;height:35px;border-radius:999px;\" alt=\"Twitter\" Title=\"Twitter\" class=\"heateorSssSharing heateorSssTwitterBackground\" onclick='heateorSssPopup(\"http:\/\/twitter.com\/intent\/tweet?text=Muri%C3%B3%20el%20talentoso%20actor%20santandereano%20Walter%20Ardila.%20Por%20%C3%93scar%20Humberto%20G%C3%B3mez%20G%C3%B3mez&url=https%3A%2F%2Foscarhumbertogomez.com%2Findex.php%3Frest_route%3D%252Fwp%252Fv2%252Fposts%252F45153\")'><ss style=\"display:block;border-radius:999px;\" class=\"heateorSssSharingSvg heateorSssTwitterSvg\"><\/ss><\/i><\/li><li class=\"heateorSssSharingRound\"><i style=\"width:35px;height:35px;border-radius:999px;\" alt=\"Whatsapp\" Title=\"Whatsapp\" class=\"heateorSssSharing heateorSssWhatsappBackground\" onclick='heateorSssPopup(\"https:\/\/web.whatsapp.com\/send?text=Muri%C3%B3%20el%20talentoso%20actor%20santandereano%20Walter%20Ardila.%20Por%20%C3%93scar%20Humberto%20G%C3%B3mez%20G%C3%B3mez https%3A%2F%2Foscarhumbertogomez.com%2Findex.php%3Frest_route%3D%252Fwp%252Fv2%252Fposts%252F45153\")'><ss style=\"display:block\" class=\"heateorSssSharingSvg heateorSssWhatsappSvg\"><\/ss><\/i><\/li><li class=\"heateorSssSharingRound\"><i style=\"width:35px;height:35px;border-radius:999px;\" alt=\"Pinterest\" Title=\"Pinterest\" class=\"heateorSssSharing heateorSssPinterestBackground\" onclick=\"javascript:void( (function() {var e=document.createElement('script' );e.setAttribute('type','text\/javascript' );e.setAttribute('charset','UTF-8' );e.setAttribute('src','\/\/assets.pinterest.com\/js\/pinmarklet.js?r='+Math.random()*99999999);document.body.appendChild(e)})());\"><ss style=\"display:block;border-radius:999px;\" class=\"heateorSssSharingSvg heateorSssPinterestSvg\"><\/ss><\/i><\/li><li class=\"heateorSssSharingRound\"><i style=\"width:35px;height:35px;border-radius:999px;\" alt=\"Google Gmail\" Title=\"Google Gmail\" class=\"heateorSssSharing heateorSssGoogleGmailBackground\" onclick='heateorSssPopup(\"https:\/\/mail.google.com\/mail\/?ui=2&view=cm&fs=1&tf=1&su=Muri%C3%B3%20el%20talentoso%20actor%20santandereano%20Walter%20Ardila.%20Por%20%C3%93scar%20Humberto%20G%C3%B3mez%20G%C3%B3mez&body=Link:https%3A%2F%2Foscarhumbertogomez.com%2Findex.php%3Frest_route%3D%252Fwp%252Fv2%252Fposts%252F45153\")'><ss style=\"display:block;border-radius:999px;\" class=\"heateorSssSharingSvg heateorSssGoogleGmailSvg\"><\/ss><\/i><\/li><li class=\"heateorSssSharingRound\"><i style=\"width:35px;height:35px;border-radius:999px;\" title=\"More\" alt=\"More\" class=\"heateorSssSharing heateorSssMoreBackground\" onclick=\"heateorSssMoreSharingPopup(this, 'https:\/\/oscarhumbertogomez.com\/index.php?rest_route=%2Fwp%2Fv2%2Fposts%2F45153', 'Muri%C3%B3%20el%20talentoso%20actor%20santandereano%20Walter%20Ardila.%20Por%20%C3%93scar%20Humberto%20G%C3%B3mez%20G%C3%B3mez', '' )\" ><ss style=\"display:block\" class=\"heateorSssSharingSvg heateorSssMoreSvg\"><\/ss><\/i><\/li><\/ul><div class=\"heateorSssClear\"><\/div><\/div><div class='heateorSssClear'><\/div>","protected":false},"author":2,"featured_media":0,"comment_status":"closed","ping_status":"closed","sticky":false,"template":"","format":"standard","meta":{"spay_email":"","footnotes":""},"categories":[1,55],"tags":[],"class_list":["post-45153","post","type-post","status-publish","format-standard","hentry","category-blog","category-cine-y-television"],"jetpack_featured_media_url":"","jetpack_shortlink":"https:\/\/wp.me\/p1FYrr-bKh","_links":{"self":[{"href":"https:\/\/oscarhumbertogomez.com\/index.php?rest_route=\/wp\/v2\/posts\/45153","targetHints":{"allow":["GET"]}}],"collection":[{"href":"https:\/\/oscarhumbertogomez.com\/index.php?rest_route=\/wp\/v2\/posts"}],"about":[{"href":"https:\/\/oscarhumbertogomez.com\/index.php?rest_route=\/wp\/v2\/types\/post"}],"author":[{"embeddable":true,"href":"https:\/\/oscarhumbertogomez.com\/index.php?rest_route=\/wp\/v2\/users\/2"}],"replies":[{"embeddable":true,"href":"https:\/\/oscarhumbertogomez.com\/index.php?rest_route=%2Fwp%2Fv2%2Fcomments&post=45153"}],"version-history":[{"count":4,"href":"https:\/\/oscarhumbertogomez.com\/index.php?rest_route=\/wp\/v2\/posts\/45153\/revisions"}],"predecessor-version":[{"id":45237,"href":"https:\/\/oscarhumbertogomez.com\/index.php?rest_route=\/wp\/v2\/posts\/45153\/revisions\/45237"}],"wp:attachment":[{"href":"https:\/\/oscarhumbertogomez.com\/index.php?rest_route=%2Fwp%2Fv2%2Fmedia&parent=45153"}],"wp:term":[{"taxonomy":"category","embeddable":true,"href":"https:\/\/oscarhumbertogomez.com\/index.php?rest_route=%2Fwp%2Fv2%2Fcategories&post=45153"},{"taxonomy":"post_tag","embeddable":true,"href":"https:\/\/oscarhumbertogomez.com\/index.php?rest_route=%2Fwp%2Fv2%2Ftags&post=45153"}],"curies":[{"name":"wp","href":"https:\/\/api.w.org\/{rel}","templated":true}]}}