{"id":4518,"date":"2012-06-16T09:25:42","date_gmt":"2012-06-16T14:25:42","guid":{"rendered":"http:\/\/www.oscarhumbertogomez.com\/?p=4518"},"modified":"2025-03-09T22:42:01","modified_gmt":"2025-03-10T03:42:01","slug":"historia-del-sindicalismo-en-santander-el-nuevo-libro-de-rafael-serrano-prada-por-oscar-humberto-gomez-gomez","status":"publish","type":"post","link":"https:\/\/oscarhumbertogomez.com\/?p=4518","title":{"rendered":"La historia del sindicalismo en Santander, el nuevo libro de Rafael Serrano Prada. Por \u00d3scar Humberto G\u00f3mez G\u00f3mez"},"content":{"rendered":"<div id=\"attachment_49906\" style=\"width: 650px\" class=\"wp-caption aligncenter\"><img loading=\"lazy\" decoding=\"async\" aria-describedby=\"caption-attachment-49906\" class=\"size-large wp-image-49906\" src=\"https:\/\/oscarhumbertogomez.com\/wp-content\/uploads\/2011\/06\/WhatsApp-Image-2025-01-19-at-16.33.19-1024x690.jpeg\" alt=\"\" width=\"640\" height=\"431\" srcset=\"https:\/\/oscarhumbertogomez.com\/wp-content\/uploads\/2011\/06\/WhatsApp-Image-2025-01-19-at-16.33.19-1024x690.jpeg 1024w, https:\/\/oscarhumbertogomez.com\/wp-content\/uploads\/2011\/06\/WhatsApp-Image-2025-01-19-at-16.33.19-300x202.jpeg 300w, https:\/\/oscarhumbertogomez.com\/wp-content\/uploads\/2011\/06\/WhatsApp-Image-2025-01-19-at-16.33.19-768x517.jpeg 768w, https:\/\/oscarhumbertogomez.com\/wp-content\/uploads\/2011\/06\/WhatsApp-Image-2025-01-19-at-16.33.19.jpeg 1280w\" sizes=\"auto, (max-width: 640px) 100vw, 640px\" \/><p id=\"caption-attachment-49906\" class=\"wp-caption-text\">\u00d3SCAR HUMBERTO G\u00d3MEZ G\u00d3MEZ. Fotograf\u00eda de Nylse Blackburn. 2009<\/p><\/div>\n<p>&nbsp;<\/p>\n<p>El pasado jueves, a las 6:30 PM, la Academia de Historia de Santander, bajo la Presidencia Honoraria de Don Alfonso G\u00f3mez G\u00f3mez y la Presidencia de Don Miguel Jos\u00e9 Pinilla Guti\u00e9rrez, dio inicio a la sesi\u00f3n especial en la que fue presentado el nuevo libro del periodista santandereano Don Rafael Serrano Prada, Director del peri\u00f3dico <em>El Frente<\/em>, titulado&nbsp;<em>LA&nbsp;HISTORIA DEL SINDICALISMO EN SANTANDER<\/em>. &nbsp;En el trabajo de investigaci\u00f3n para esta obra, el autor cont\u00f3 con la asesor\u00eda del periodista y economista santandereano Don Alfonso Pineda Quintero.<\/p>\n<p>&nbsp;<\/p>\n<div id=\"attachment_4521\" style=\"width: 362px\" class=\"wp-caption aligncenter\"><img loading=\"lazy\" decoding=\"async\" aria-describedby=\"caption-attachment-4521\" class=\"size-full wp-image-4521\" title=\"CASA DE BOLIVAR\" src=\"https:\/\/lapiedrafilosofal.com\/wp-content\/uploads\/2012\/06\/CASA-DE-BOLIVAR.jpg\" alt=\"\" width=\"352\" height=\"281\" srcset=\"https:\/\/oscarhumbertogomez.com\/wp-content\/uploads\/2012\/06\/CASA-DE-BOLIVAR.jpg 352w, https:\/\/oscarhumbertogomez.com\/wp-content\/uploads\/2012\/06\/CASA-DE-BOLIVAR-300x239.jpg 300w\" sizes=\"auto, (max-width: 352px) 100vw, 352px\" \/><p id=\"caption-attachment-4521\" class=\"wp-caption-text\">ACADEMIA DE HISTORIA DE SANTANDER \/ CASA DE BOL\u00cdVAR. SEDE DE LA PRESIDENCIA DE LA REP\u00daBLICA DE LA GRAN COLOMBIA EN 1828.<\/p><\/div>\n<p>&nbsp;<\/p>\n<div id=\"attachment_4523\" style=\"width: 310px\" class=\"wp-caption aligncenter\"><img loading=\"lazy\" decoding=\"async\" aria-describedby=\"caption-attachment-4523\" class=\"size-full wp-image-4523\" title=\"Academia--300x200\" src=\"https:\/\/lapiedrafilosofal.com\/wp-content\/uploads\/2012\/06\/Academia-300x200.jpg\" alt=\"\" width=\"300\" height=\"200\"><p id=\"caption-attachment-4523\" class=\"wp-caption-text\">ACADEMIA DE HISTORIA DE SANTANDER EN SESI\u00d3N<\/p><\/div>\n<p>&nbsp;<\/p>\n<div id=\"attachment_4528\" style=\"width: 260px\" class=\"wp-caption aligncenter\"><img loading=\"lazy\" decoding=\"async\" aria-describedby=\"caption-attachment-4528\" class=\"size-full wp-image-4528\" title=\"SERGIO RANGEL\" src=\"https:\/\/lapiedrafilosofal.com\/wp-content\/uploads\/2012\/06\/SERGIO-RANGEL1.jpg\" alt=\"\" width=\"250\" height=\"300\"><p id=\"caption-attachment-4528\" class=\"wp-caption-text\">DON SERGIO RANGEL CONSUEGRA, PRESENTADOR<\/p><\/div>\n<p>&nbsp;<\/p>\n<p>La obra, que viene a enriquecer la bibliograf\u00eda de nuestro terru\u00f1o natal, fue presentada por Don Sergio Rangel Consuegra, Miembro de N\u00famero de la Academia.<\/p>\n<div id=\"attachment_4525\" style=\"width: 310px\" class=\"wp-caption aligncenter\"><img loading=\"lazy\" decoding=\"async\" aria-describedby=\"caption-attachment-4525\" class=\"size-medium wp-image-4525\" title=\"ALFONSO GOMEZ\" src=\"https:\/\/lapiedrafilosofal.com\/wp-content\/uploads\/2012\/06\/ALFONSO-GOMEZ--300x200.jpg\" alt=\"\" width=\"300\" height=\"200\" srcset=\"https:\/\/oscarhumbertogomez.com\/wp-content\/uploads\/2012\/06\/ALFONSO-GOMEZ--300x200.jpg 300w, https:\/\/oscarhumbertogomez.com\/wp-content\/uploads\/2012\/06\/ALFONSO-GOMEZ-.jpg 600w\" sizes=\"auto, (max-width: 300px) 100vw, 300px\" \/><p id=\"caption-attachment-4525\" class=\"wp-caption-text\">DON ALFONSO G\u00d3MEZ G\u00d3MEZ, PRESIDENTE HONORARIO<\/p><\/div>\n<div id=\"attachment_4526\" style=\"width: 220px\" class=\"wp-caption aligncenter\"><img loading=\"lazy\" decoding=\"async\" aria-describedby=\"caption-attachment-4526\" class=\"size-full wp-image-4526\" title=\"MIGUEL JOSE PINILLA\" src=\"https:\/\/lapiedrafilosofal.com\/wp-content\/uploads\/2012\/06\/MIGUEL-JOSE-PINILLA.jpg\" alt=\"\" width=\"210\" height=\"317\" srcset=\"https:\/\/oscarhumbertogomez.com\/wp-content\/uploads\/2012\/06\/MIGUEL-JOSE-PINILLA.jpg 210w, https:\/\/oscarhumbertogomez.com\/wp-content\/uploads\/2012\/06\/MIGUEL-JOSE-PINILLA-198x300.jpg 198w\" sizes=\"auto, (max-width: 210px) 100vw, 210px\" \/><p id=\"caption-attachment-4526\" class=\"wp-caption-text\">DON MIGUEL JOS\u00c9 PINILLA GUTI\u00c9RREZ, PRESIDENTE<\/p><\/div>\n<p>A pesar de inoportunos quebrantos de salud, el afortunado advenimiento de la mejor\u00eda me permiti\u00f3, finalmente, atender la gentil invitaci\u00f3n que me hab\u00edan extendido: la instituci\u00f3n, en mi calidad de Miembro Correspondiente, y el autor de la obra, en mi calidad del m\u00e1s modesto, pero no el menos sincero, colaborador de EL FRENTE. &nbsp;All\u00ed estuvieron tambi\u00e9n, por supuesto, Nylse, mi esposa, y todos mis hijos, \u00d3scar Fernando, Sergio Andr\u00e9s, \u00c9dgar Leonardo y Paula Natalia, procedentes de Bogot\u00e1, y Alejandra Estefan\u00eda. &nbsp;Fue, como siempre, adem\u00e1s de un sobrio acto cultural, un amable reencuentro con personas a quienes apreciamos y con las que, por infortunio, el trabajo no suele permitirnos que nos veamos m\u00e1s seguido.<\/p>\n<p><span style=\"color: #333399;\"><strong>ACERCA DEL AUTOR<\/strong><\/span><\/p>\n<p>&nbsp;<\/p>\n<p><img decoding=\"async\" src=\"https:\/\/lapiedrafilosofal.com\/wp-content\/uploads\/2014\/07\/RAFAEL-SERRANO-PRADA-I1-248x300.jpg\" alt=\"\" title=\"RAFAEL SERRANO PRADA I\" width=\"496\" height=\"600 class=\" aligncenter=\"\" size-medium=\"\" wp-image-12762\"=\"\" srcset=\"https:\/\/oscarhumbertogomez.com\/wp-content\/uploads\/2014\/07\/RAFAEL-SERRANO-PRADA-I1-248x300.jpg 248w, https:\/\/oscarhumbertogomez.com\/wp-content\/uploads\/2014\/07\/RAFAEL-SERRANO-PRADA-I1-849x1024.jpg 849w, https:\/\/oscarhumbertogomez.com\/wp-content\/uploads\/2014\/07\/RAFAEL-SERRANO-PRADA-I1.jpg 1200w\" sizes=\"(max-width: 248px) 100vw, 248px\" \/><\/p>\n<p>&nbsp;<\/p>\n<p>Los alumnos del Instituto T\u00e9cnico Industrial de Zapatoca cre\u00edan que Rafael Serrano Prada era un estudiante nuevo, hasta que cayeron en la cuenta de que quien acababa de llegar al plantel no era otro condisc\u00edpulo m\u00e1s, sino un nuevo profesor.<br \/>\nY es que Rafael ingres\u00f3 al magisterio santandereano -ese mismo magisterio que figuras ilustres como Juan de Dios Arias, Mery Luna Santos o Jos\u00e9 Fulgencio Guti\u00e9rrez, enaltecieron con su presencia luminosa- cuando todav\u00eda no alcanzaba la mayor\u00eda de edad.<br \/>\nDe sus padres, Don Jos\u00e9 Mar\u00eda Serrano Serrano y Do\u00f1a Rosa Mar\u00eda Prada Pinilla, le habl\u00f3 un d\u00eda a una multitud congregada frente a la tribuna m\u00e1s respetada de Zapatoca, el balc\u00f3n de su Palacio Municipal, en un fogoso e inolvidable discurso con ocasi\u00f3n del homenaje a Hisnardo Ardila, primer santandereano que alcanzaba el cargo de Alcalde de Bogot\u00e1, discurso en el que rememor\u00f3 cuando sus padres, calzando las venerables cotizas, descend\u00edan de la zona rural al casco urbano, en ejercicio de su trabajo honrado como campesinos agricultores. Y lo rememor\u00f3 con voz emocionada y enfatizado acento, para que a sus oyentes nos quedara bien claro cu\u00e1n orgulloso se sent\u00eda, no s\u00f3lo de ser oriundo de la Ciudad Lev\u00edtica, aquella donde familia que se respete tiene a un cura dentro de su casa, sino de serlo del campo santandereano, hijo de campesinos laboriosos, honestos y cat\u00f3licos, de esos de azad\u00f3n y escapulario, que le ense\u00f1aron a su prole, con el buen ejemplo y, de cuando en cuando, con el fuete disciplinario, entre otras cosas olvidadas m\u00e1s tarde, que lo ajeno se deja quieto.<\/p>\n<p>En los a\u00f1os 60, el mundo herv\u00eda. Copaban entonces la atenci\u00f3n de las at\u00f3nitas gentes en Bucaramanga las protestas contra la guerra de Vietnam, el hippismo, Gonzalo Arango y el nada\u00edsmo, la irrupci\u00f3n del boom latinoamericano en la literatura, el &#8220;I have a dream&#8221; de Martin Luther King, la Nueva Ola, el ecumenismo del Concilio Vaticano II, el Discurso de la luna de Juan XXIII, su llorada muerte y la elecci\u00f3n de Giovanni Baptista Montini como el nuevo Papa Pablo VI, la Mater et Magistra, la Populorum Progressio y la Humanae Vitae, los Beatles y los Rolling Stones, la p\u00edldora anticonceptiva, el Club del Clan, las jornadas del Mayo Franc\u00e9s, la lucha por conquistar el espacio, el atentado contra el Presidente Kennedy, el asombro de Am\u00e9rica Latina ante la decisi\u00f3n de un sacerdote cat\u00f3lico de ingresar a la guerrilla, el surgimiento del ELN y de las FARC, la psicodelia del pelo largo en los varones y del corto en las mujeres, la turbulenta intervenci\u00f3n del Che Guevara en Punta del Este, su pol\u00e9mica ejecuci\u00f3n extrajudicial en Bolivia, Pablus Gallinazo y el surgimiento de la nueva canci\u00f3n protesta, la tertulia cotidiana en la fuente de soda Very Good donde alrededor de una Club Soda se arreglaba el pa\u00eds y se transformaba el mundo, la escuchada emisi\u00f3n diaria de Radio Quince desde la cual Alfonso Lizarazo lanzaba al aire los \u00faltimos discos a go-g\u00f3, el asombro de los bumangueses ante la evidencia de que un domingo cualquiera el cerro de Pan de Az\u00facar par\u00f3 por siempre el veloz desplazamiento de un avi\u00f3n enloquecido que acababa de ser impactado sobre Las Terrazas por una avioneta y, en fin, toda la agitada magia de los inolvidables a\u00f1os en que muchos alcanzamos a so\u00f1ar que se adven\u00eda el reinado del amor y de la paz, la erradicaci\u00f3n del hambre y de la guerra, y el ingreso de nuestro pueblo a un sitial por fin digno en el largo, tortuoso e ininteligible berenjenal de la historia. Pues bien: el mi\u00e9rcoles 10 de octubre de 1965, ingresaba al peri\u00f3dico conservador santandereano EL FRENTE, al que hab\u00eda dado vida el excelso rapsoda Rafael Ortiz Gonz\u00e1lez y que a la saz\u00f3n dirig\u00eda Ciro Emilio L\u00f3pez Mendoza, un nuevo redactor de planta. Quienes como yo (en mi caso en busca de datos para mi libro Historia de Bucaramanga), hemos hurgado en los anaqueles del diario correspondientes a aquellos a\u00f1os, hemos corroborado la agilidad de su pluma y lo ameno de su estilo. Aquel nuevo cronista de EL FRENTE era Rafael Serrano Prada, quien de inmediato empez\u00f3 a contarles a los santandereanos de entonces todos los emocionantes, espeluznantes e interesantes pormenores que hab\u00edan rodeado los hechos que copaban la llamada &#8220;p\u00e1gina roja&#8221;, la que m\u00e1s tarde ser\u00eda bautizada con el eufemismo de &#8220;p\u00e1gina judicial&#8221;.<br \/>\nDe aquellas \u00e9pocas hacia las presentes, Rafael ha sido muchas cosas: maestro de escuela en Barbosa y en Puente Nacional, redactor del Radioperi\u00f3dico del Oriente, noticiario de la inolvidable Radio Bucaramanga dirigido por el inquieto, talentoso y temperamental periodista paisa Guillermo Le\u00f3n Guti\u00e9rrez (LEO); director de Actualidades RCN; cofundador de Radiosucesos RCN; director del Noticiero Caracol; director del Noticiero Todelar (&#8220;Un mundo de noticias para un mundo de oyentes&#8221;); fundador de \u00daltimas Noticias de Santander; fundador, junto con \u00c1lvaro Grass Uribe, de Radio Lengerke (apellido que, en mi sentir, no debe escribirse con &#8220;u&#8221; cuando se refiera al del famoso y controvertido ingeniero emp\u00edrico alem\u00e1n que uni\u00f3 con sus caminos no pocas poblaciones de Santander); director y propietario de Radio Melod\u00eda (&#8220;La que manda en sinton\u00eda&#8221;); fundador de El Zapatoca, peri\u00f3dico que siempre le\u00edmos con inter\u00e9s; editor de la obra completa de Manuel Serrano Blanco; coautor, con H\u00e9ctor G\u00f3mez Cabarique, de un peque\u00f1o libro, en su momento asombroso y peligroso, titulado <em>Las Farc se confiesan<\/em>; concejal de Zapatoca, San Vicente, El Play\u00f3n, Villanueva, Gal\u00e1n, Betulia y Gir\u00f3n; Diputado de la Asamblea de Santander; Representante a la C\u00e1mara; Presidente del Colegio Nacional de Periodistas y miembro prominente del Directorio Departamental Conservador.<\/p>\n<p>Dios le dio el don de la palabra, un lenguaje florido y un timbre de voz que desde siempre le hemos admirado. Esas cualidades lo hab\u00edan posicionado ya como uno de los mejores oradores con que contaba el parlamento colombiano.<br \/>\nLas se\u00f1oras de antes, como mi mam\u00e1, hablan de &#8220;la mala hora&#8221; para referirse a aquellos momentos inesperados y adversos que nos cambian la vida. Seguramente tambi\u00e9n a ellos se refer\u00eda Do\u00f1a Mar\u00eda Santiaga M\u00e1rquez de Garc\u00eda y ello explica el por qu\u00e9 su famoso hijo Gabriel titul\u00f3 as\u00ed una de sus novelas. Rafael tuvo su mala hora, y esa mala hora, y una defensa -a mi juicio- equivocada, y un fallo al que -a mi juicio- le faltaron &#8220;los cinco para el peso&#8221; y hubiese sido un fallo justo; y una norma constitucional absurda, que trata con el mismo rasero conductas que no se pueden igualar as\u00ed; en fin, una combinaci\u00f3n infortunada de circunstancias en las que no vale la pena ahondar en este momento, lo alejaron, no de la pol\u00edtica -de la que s\u00f3lo podr\u00e1 alejarlo el llamamiento de Dios a calificar servicios-, sino de su escenario natural -el Capitolio- y de las posibilidades de haber llegado mucho m\u00e1s lejos de lo que lleg\u00f3 en esa actividad y en la oratoria forense colombiana.<br \/>\nPero, como el Ave F\u00e9nix, que resurg\u00eda de sus cenizas, Rafael emergi\u00f3 otra vez con todos los hierros, y en su resurrecci\u00f3n tambi\u00e9n le dio el soplo de vitalidad a EL FRENTE, que ya desfallec\u00eda, hasta convertirlo en la segunda opci\u00f3n informativa que anhelaba el pueblo santandereano, siempre reacio a admitir en su suelo libertario el poder avasallador del monopolio.<\/p>\n<p>Hace algunos meses publiqu\u00e9 estas palabras con ocasi\u00f3n de su cumplea\u00f1os y advert\u00ed que no revelar\u00eda cu\u00e1ntos a\u00f1os estaba cumpliendo porque no me gustaba desnudar p\u00fablicamente a los amigos. Promet\u00ed, m\u00e1s bien, que revelar\u00eda su edad tan pronto como Rafa arribara a los cincuenta.<\/p>\n<p>Por ahora, y mientras llega ese d\u00eda, van para \u00e9l mis felicitaciones, pero no porque est\u00e9 otra vez de cumplea\u00f1os, sino porque la noche del jueves se consolid\u00f3 como escritor e historiador con esta importante rese\u00f1a acerca de un tema que -a la gente se le ha olvidado- fue abordado en primer\u00edsimo lugar por las enc\u00edclicas papales: el del sindicalismo.<\/p>\n<p>Sindicalismo que en esta oportunidad el autor circunscribe, espec\u00edficamente, al que se desarroll\u00f3 dentro de nuestro departamento en procura de obtener para los trabajadores de esta comarca, y desde orillas ideol\u00f3gicas dis\u00edmiles, un porvenir m\u00e1s promisorio.<\/p>\n<p>Esa fue la idea original.<\/p>\n<p>Seguramente, la galana pluma de Rafael Serrano Prada nos contar\u00e1 en qu\u00e9 par\u00f3 ese sue\u00f1o.<\/p>\n<p>&nbsp;<\/p>\n","protected":false},"excerpt":{"rendered":"<p>&nbsp; El pasado jueves, a las 6:30 PM, la Academia de Historia de Santander, bajo la Presidencia Honoraria de Don Alfonso G\u00f3mez G\u00f3mez y la Presidencia de Don Miguel Jos\u00e9 Pinilla Guti\u00e9rrez, dio inicio a la sesi\u00f3n especial en la &hellip; <a href=\"https:\/\/oscarhumbertogomez.com\/?p=4518\">Sigue leyendo <span class=\"meta-nav\">&rarr;<\/span><\/a><\/p>\n<div class='heateorSssClear'><\/div><div  class='heateor_sss_sharing_container heateor_sss_horizontal_sharing' heateor-sss-data-href='https:\/\/oscarhumbertogomez.com\/?p=4518'><div class='heateor_sss_sharing_title' style=\"font-weight:bold\" >\u00a1Gracias por compartirla!<\/div><ul class=\"heateor_sss_sharing_ul\"><li class=\"heateorSssSharingRound\"><i style=\"width:35px;height:35px;border-radius:999px;\" alt=\"Facebook\" Title=\"Facebook\" class=\"heateorSssSharing heateorSssFacebookBackground\" onclick='heateorSssPopup(\"https:\/\/www.facebook.com\/sharer\/sharer.php?u=https%3A%2F%2Foscarhumbertogomez.com%2Findex.php%3Frest_route%3D%252Fwp%252Fv2%252Fposts%252F4518\")'><ss style=\"display:block;border-radius:999px;\" class=\"heateorSssSharingSvg heateorSssFacebookSvg\"><\/ss><\/i><\/li><li class=\"heateorSssSharingRound\"><i style=\"width:35px;height:35px;border-radius:999px;\" alt=\"Twitter\" Title=\"Twitter\" class=\"heateorSssSharing heateorSssTwitterBackground\" onclick='heateorSssPopup(\"http:\/\/twitter.com\/intent\/tweet?text=La%20historia%20del%20sindicalismo%20en%20Santander%2C%20el%20nuevo%20libro%20de%20Rafael%20Serrano%20Prada.%20Por%20%C3%93scar%20Humberto%20G%C3%B3mez%20G%C3%B3mez&url=https%3A%2F%2Foscarhumbertogomez.com%2Findex.php%3Frest_route%3D%252Fwp%252Fv2%252Fposts%252F4518\")'><ss style=\"display:block;border-radius:999px;\" class=\"heateorSssSharingSvg heateorSssTwitterSvg\"><\/ss><\/i><\/li><li class=\"heateorSssSharingRound\"><i style=\"width:35px;height:35px;border-radius:999px;\" alt=\"Whatsapp\" Title=\"Whatsapp\" class=\"heateorSssSharing heateorSssWhatsappBackground\" onclick='heateorSssPopup(\"https:\/\/web.whatsapp.com\/send?text=La%20historia%20del%20sindicalismo%20en%20Santander%2C%20el%20nuevo%20libro%20de%20Rafael%20Serrano%20Prada.%20Por%20%C3%93scar%20Humberto%20G%C3%B3mez%20G%C3%B3mez https%3A%2F%2Foscarhumbertogomez.com%2Findex.php%3Frest_route%3D%252Fwp%252Fv2%252Fposts%252F4518\")'><ss style=\"display:block\" class=\"heateorSssSharingSvg heateorSssWhatsappSvg\"><\/ss><\/i><\/li><li class=\"heateorSssSharingRound\"><i style=\"width:35px;height:35px;border-radius:999px;\" alt=\"Pinterest\" Title=\"Pinterest\" class=\"heateorSssSharing heateorSssPinterestBackground\" onclick=\"javascript:void( (function() {var e=document.createElement('script' );e.setAttribute('type','text\/javascript' );e.setAttribute('charset','UTF-8' );e.setAttribute('src','\/\/assets.pinterest.com\/js\/pinmarklet.js?r='+Math.random()*99999999);document.body.appendChild(e)})());\"><ss style=\"display:block;border-radius:999px;\" class=\"heateorSssSharingSvg heateorSssPinterestSvg\"><\/ss><\/i><\/li><li class=\"heateorSssSharingRound\"><i style=\"width:35px;height:35px;border-radius:999px;\" alt=\"Google Gmail\" Title=\"Google Gmail\" class=\"heateorSssSharing heateorSssGoogleGmailBackground\" onclick='heateorSssPopup(\"https:\/\/mail.google.com\/mail\/?ui=2&view=cm&fs=1&tf=1&su=La%20historia%20del%20sindicalismo%20en%20Santander%2C%20el%20nuevo%20libro%20de%20Rafael%20Serrano%20Prada.%20Por%20%C3%93scar%20Humberto%20G%C3%B3mez%20G%C3%B3mez&body=Link:https%3A%2F%2Foscarhumbertogomez.com%2Findex.php%3Frest_route%3D%252Fwp%252Fv2%252Fposts%252F4518\")'><ss style=\"display:block;border-radius:999px;\" class=\"heateorSssSharingSvg heateorSssGoogleGmailSvg\"><\/ss><\/i><\/li><li class=\"heateorSssSharingRound\"><i style=\"width:35px;height:35px;border-radius:999px;\" title=\"More\" alt=\"More\" class=\"heateorSssSharing heateorSssMoreBackground\" onclick=\"heateorSssMoreSharingPopup(this, 'https:\/\/oscarhumbertogomez.com\/index.php?rest_route=%2Fwp%2Fv2%2Fposts%2F4518', 'La%20historia%20del%20sindicalismo%20en%20Santander%2C%20el%20nuevo%20libro%20de%20Rafael%20Serrano%20Prada.%20Por%20%C3%93scar%20Humberto%20G%C3%B3mez%20G%C3%B3mez', '' )\" ><ss style=\"display:block\" class=\"heateorSssSharingSvg heateorSssMoreSvg\"><\/ss><\/i><\/li><\/ul><div class=\"heateorSssClear\"><\/div><\/div><div class='heateorSssClear'><\/div>","protected":false},"author":2,"featured_media":0,"comment_status":"open","ping_status":"open","sticky":false,"template":"","format":"standard","meta":{"spay_email":"","footnotes":""},"categories":[12,11],"tags":[],"class_list":["post-4518","post","type-post","status-publish","format-standard","hentry","category-historia","category-periodismo"],"jetpack_featured_media_url":"","jetpack_shortlink":"https:\/\/wp.me\/p1FYrr-1aS","_links":{"self":[{"href":"https:\/\/oscarhumbertogomez.com\/index.php?rest_route=\/wp\/v2\/posts\/4518","targetHints":{"allow":["GET"]}}],"collection":[{"href":"https:\/\/oscarhumbertogomez.com\/index.php?rest_route=\/wp\/v2\/posts"}],"about":[{"href":"https:\/\/oscarhumbertogomez.com\/index.php?rest_route=\/wp\/v2\/types\/post"}],"author":[{"embeddable":true,"href":"https:\/\/oscarhumbertogomez.com\/index.php?rest_route=\/wp\/v2\/users\/2"}],"replies":[{"embeddable":true,"href":"https:\/\/oscarhumbertogomez.com\/index.php?rest_route=%2Fwp%2Fv2%2Fcomments&post=4518"}],"version-history":[{"count":5,"href":"https:\/\/oscarhumbertogomez.com\/index.php?rest_route=\/wp\/v2\/posts\/4518\/revisions"}],"predecessor-version":[{"id":52174,"href":"https:\/\/oscarhumbertogomez.com\/index.php?rest_route=\/wp\/v2\/posts\/4518\/revisions\/52174"}],"wp:attachment":[{"href":"https:\/\/oscarhumbertogomez.com\/index.php?rest_route=%2Fwp%2Fv2%2Fmedia&parent=4518"}],"wp:term":[{"taxonomy":"category","embeddable":true,"href":"https:\/\/oscarhumbertogomez.com\/index.php?rest_route=%2Fwp%2Fv2%2Fcategories&post=4518"},{"taxonomy":"post_tag","embeddable":true,"href":"https:\/\/oscarhumbertogomez.com\/index.php?rest_route=%2Fwp%2Fv2%2Ftags&post=4518"}],"curies":[{"name":"wp","href":"https:\/\/api.w.org\/{rel}","templated":true}]}}