{"id":45238,"date":"2023-05-26T04:00:00","date_gmt":"2023-05-26T09:00:00","guid":{"rendered":"https:\/\/oscarhumbertogomez.com\/?p=45238"},"modified":"2025-04-05T10:46:29","modified_gmt":"2025-04-05T15:46:29","slug":"olga-lucia-de-angulo-por-oscar-humberto-gomez-gomez","status":"publish","type":"post","link":"https:\/\/oscarhumbertogomez.com\/?p=45238","title":{"rendered":"Olga Luc\u00eda De Angulo, la sirenita de los 60. Por \u00d3scar Humberto G\u00f3mez G\u00f3mez"},"content":{"rendered":"<p><a href=\"https:\/\/lapiedrafilosofal.com\/wp-content\/uploads\/2019\/03\/OLGA-LUCIA.jpeg\"><img loading=\"lazy\" decoding=\"async\" class=\"alignnone size-full wp-image-28872\" src=\"https:\/\/lapiedrafilosofal.com\/wp-content\/uploads\/2019\/03\/OLGA-LUCIA.jpeg\" alt=\"\" width=\"785\" height=\"598\" srcset=\"https:\/\/oscarhumbertogomez.com\/wp-content\/uploads\/2019\/03\/OLGA-LUCIA.jpeg 785w, https:\/\/oscarhumbertogomez.com\/wp-content\/uploads\/2019\/03\/OLGA-LUCIA-300x229.jpeg 300w, https:\/\/oscarhumbertogomez.com\/wp-content\/uploads\/2019\/03\/OLGA-LUCIA-768x585.jpeg 768w\" sizes=\"auto, (max-width: 785px) 100vw, 785px\" \/><\/a><\/p>\n<p>&nbsp;<\/p>\n<p>La promoci\u00f3n que se le viene haciendo por estos d\u00edas a la nueva versi\u00f3n de la pel\u00edcula de Disney de 1989 &#8220;La Sirenita&#8221;, filme que ya est\u00e1 en cartelera en los teatros de Cine Colombia y Cinemark, inevitablemente me ha transportado a mis a\u00f1os adolescentes y concretamente a la segunda mitad de la d\u00e9cada de los 60 cuando me llen\u00f3 la vida de alegr\u00eda una jovencita nadadora oriunda de Cali, la capital del departamento del Valle del Cauca, en ese entonces una ciudad remota de la que o\u00eda \u00fanicamente cosas buenas.<\/p>\n<p>Esta jovencita se llamaba Olga Luc\u00eda De Angulo y tendr\u00eda quiz\u00e1s unos 13 a\u00f1os de edad en aquel entonces, pero ya figuraba en el escenario deportivo nacional e internacional cargada de medallas que colgaban de su cuello y esbozando una sonrisa t\u00edmida cuando se paraba ante las c\u00e1maras fotogr\u00e1ficas de la prensa deportiva y de la televisi\u00f3n, dicho sea de paso en aquel entonces con un solo canal en blanco y negro.<\/p>\n<p>&nbsp;<\/p>\n<p><a href=\"https:\/\/lapiedrafilosofal.com\/wp-content\/uploads\/2019\/03\/OLGA-LUCIA.jpeg\"><img loading=\"lazy\" decoding=\"async\" class=\"alignnone size-full wp-image-28872\" src=\"https:\/\/lapiedrafilosofal.com\/wp-content\/uploads\/2019\/03\/OLGA-LUCIA.jpeg\" alt=\"\" width=\"785\" height=\"598\" srcset=\"https:\/\/oscarhumbertogomez.com\/wp-content\/uploads\/2019\/03\/OLGA-LUCIA.jpeg 785w, https:\/\/oscarhumbertogomez.com\/wp-content\/uploads\/2019\/03\/OLGA-LUCIA-300x229.jpeg 300w, https:\/\/oscarhumbertogomez.com\/wp-content\/uploads\/2019\/03\/OLGA-LUCIA-768x585.jpeg 768w\" sizes=\"auto, (max-width: 785px) 100vw, 785px\" \/><\/a><\/p>\n<p>&nbsp;<\/p>\n<p>Tengo claras su imagen y las primeras palabras que le escuch\u00e9, reveladoras de una s\u00f3lida formaci\u00f3n familiar cristiana, y recuerdo que era todav\u00eda m\u00e1s grande mi admiraci\u00f3n hacia esta ni\u00f1a vallecaucana por la raz\u00f3n de que yo no era precisamente nadador, pues por aquel entonces jam\u00e1s hab\u00eda vivido siquiera la experiencia de meterme a una piscina. Viv\u00eda con mi familia en uno de los barrios orientales de mi ciudad natal, en una casa tipo mediagua, de patio extenso y generoso solar, cuya regadera no ten\u00eda techo y ello me permit\u00eda no s\u00f3lo cantar bajos los chorros de agua fr\u00eda con esa libertad plena que durante los a\u00f1os adolescentes me daba la creencia de que nadie lo estaba escuchando a uno, sino adem\u00e1s disfrutar, con el cuerpo empapado en agua, las calideces del sol y el espect\u00e1culo visual del cielo celeste y de las nubes blancas, aquel firmamento donde ten\u00eda la \u00edntima convicci\u00f3n de que viv\u00eda Dios, quien desde all\u00ed segu\u00eda mis pasos de monaguillo y alumno puntual de la catequesis en el templo parroquial de la Sant\u00edsima Trinidad bajo la batuta orientadora del inolvidable padre Pablo Arias. All\u00e1, en nuestra regadera descubierta, era donde los s\u00e1bados por la tarde gozaba con total libertad de mis retozos acu\u00e1ticos, por lo general antes de que comenzaran las &#8220;melcochas bailables&#8221;.<\/p>\n<p>&nbsp;<\/p>\n<p><a href=\"https:\/\/lapiedrafilosofal.com\/wp-content\/uploads\/2019\/03\/OLGA-LUCIA.jpeg\"><img loading=\"lazy\" decoding=\"async\" class=\"alignnone size-full wp-image-28872\" src=\"https:\/\/lapiedrafilosofal.com\/wp-content\/uploads\/2019\/03\/OLGA-LUCIA.jpeg\" alt=\"\" width=\"785\" height=\"598\" srcset=\"https:\/\/oscarhumbertogomez.com\/wp-content\/uploads\/2019\/03\/OLGA-LUCIA.jpeg 785w, https:\/\/oscarhumbertogomez.com\/wp-content\/uploads\/2019\/03\/OLGA-LUCIA-300x229.jpeg 300w, https:\/\/oscarhumbertogomez.com\/wp-content\/uploads\/2019\/03\/OLGA-LUCIA-768x585.jpeg 768w\" sizes=\"auto, (max-width: 785px) 100vw, 785px\" \/><\/a><\/p>\n<p>&nbsp;<\/p>\n<p>Nos hab\u00edamos mudado a aquel barrio en 1966, cuando cursaba el \u00faltimo a\u00f1o de mi primaria en la mejor escuela del mundo, es decir, en la Concentraci\u00f3n Escolar de Varones Jos\u00e9 Camacho Carre\u00f1o. Ese mismo a\u00f1o Olga Luc\u00eda se ganaba dos medallas de oro, dos de plata y una de bronce en el Primer Campeonato Suramericano Infantil y Juvenil de Nataci\u00f3n de Lima, Per\u00fa. Al a\u00f1o siguiente, 1967, cuando yo me las empezaba a ver con los rigores acad\u00e9micos del bachillerato en las aulas y los talleres del Instituto T\u00e9cnico Superior D\u00e1maso Zapata, la joven nadadora era laureada con dos medallas de oro, cuatro de plata y una de bronce en el Cuarto Campeonato Centroamericano y del Caribe Infantil y Juvenil de Nataci\u00f3n de San Salvador. Al a\u00f1o siguiente, 1968, le estaban otorgando dos medallas de oro y una de plata en el Segundo Campeonato Suramericano Infantil y Juvenil de Nataci\u00f3n de Cali, y en el inolvidable 1969 la premiaban con dos medallas de oro, tres de plata y una de bronce en el Quinto Campeonato Centroamericano y del Caribe Infantil y Juvenil de Nataci\u00f3n de Puerto Rico, el evento que mejor recuerdo, por cierto, pues en la primera p\u00e1gina de los peri\u00f3dicos apareci\u00f3 la fotograf\u00eda de una sonriente Olga Luc\u00eda De Angulo que era besada en la mejilla por otro nadador colombiano que se hab\u00eda destacado tambi\u00e9n en el certamen y el titular dec\u00eda: &#8220;El delf\u00edn y la sirena&#8221;.  Pero todo lo anterior se quedar\u00eda corto porque al a\u00f1o siguiente, en los amaneceres de la rom\u00e1ntica d\u00e9cada de los 70, justamente en el mism\u00edsimo 1970, ganar\u00eda la bicoca de cinco medallas de oro, una de plata y dos de bronce en el Campeonato Suramericano de Nataci\u00f3n Categor\u00eda Mayores, de Lima, Per\u00fa; m\u00e1s diez medallas de oro en los Juegos Bolivarianos de Maracaibo, Venezuela; m\u00e1s dos medallas de oro, tres de plata y cuatro de bronce en los Juegos Centroamericanos y del Caribe de Ciudad de Panam\u00e1. En 1971, Olga Luc\u00eda ser\u00eda galardonada con las famosas seis medallas de oro y una de plata que habr\u00eda de ganarse en el Sexto Campeonato Centroamericano y del Caribe Infantil y Juvenil de Nataci\u00f3n de La Habana, Cuba, y en 1972 obtendr\u00eda dos medallas de oro, una de plata y dos de bronce en el Campeonato Suramericano de Nataci\u00f3n Categor\u00eda Mayores, de Arica, Chile.  Empero, ese mismo a\u00f1o, cuando se encuentra en la plenitud de su gloria deportiva, la joven deportista comienza a sufrir, desgraciadamente, una terrible adversidad familiar, la grave enfermedad de su mam\u00e1, y es cuando, luego de perderla, decide retirarse de las competencias para siempre.<\/p>\n<p>&nbsp;<\/p>\n<p><a href=\"https:\/\/lapiedrafilosofal.com\/wp-content\/uploads\/2019\/03\/OLGA-LUCIA.jpeg\"><img loading=\"lazy\" decoding=\"async\" class=\"alignnone size-full wp-image-28872\" src=\"https:\/\/lapiedrafilosofal.com\/wp-content\/uploads\/2019\/03\/OLGA-LUCIA.jpeg\" alt=\"\" width=\"785\" height=\"598\" srcset=\"https:\/\/oscarhumbertogomez.com\/wp-content\/uploads\/2019\/03\/OLGA-LUCIA.jpeg 785w, https:\/\/oscarhumbertogomez.com\/wp-content\/uploads\/2019\/03\/OLGA-LUCIA-300x229.jpeg 300w, https:\/\/oscarhumbertogomez.com\/wp-content\/uploads\/2019\/03\/OLGA-LUCIA-768x585.jpeg 768w\" sizes=\"auto, (max-width: 785px) 100vw, 785px\" \/><\/a><\/p>\n<p>&nbsp;<\/p>\n<p>Chapuceando en los generosos chorros de agua fr\u00eda de nuestra regadera de techo abierto, yo me imaginaba conociendo personalmente a esta joven campeona de nataci\u00f3n que los titulares de los medios informativos ya hab\u00edan comenzado a llamar con insistencia \u201cLa Sirenita\u201d.<\/p>\n<p>Nunca, finalmente, tuve oportunidad de conocerla, diferente, claro est\u00e1, a las ocasiones felices en que me la encontr\u00e9 cara a cara durante mis sue\u00f1os juveniles, sue\u00f1os en los cuales me ve\u00eda platicando con ella bajo la sombra protectora de una sombrilla multicolor all\u00e1 en su Cali lejano y desconocido, sentados los dos alrededor de una mesa id\u00e9ntica a las de la Very Good, la siempre concurrida fuente de soda que en el cruce de la calle 36 con la carrera 15 del centro de mi ciudad nativa serv\u00eda de escenario para los encuentros, furtivos o no, de chicos de cabellos largos y chicas de cabellos cortos en plan de comenzar un noviazgo o de continuarlo alrededor de la rutina de fin de semana consistente en tomarse una anaranjada Club Soda con pitillo y comentar acerca de las \u00faltimas canciones del Club del Clan o Radio 15.<\/p>\n<p>&nbsp;<\/p>\n<p><a href=\"https:\/\/lapiedrafilosofal.com\/wp-content\/uploads\/2019\/03\/OLGA-LUCIA.jpeg\"><img loading=\"lazy\" decoding=\"async\" class=\"alignnone size-full wp-image-28872\" src=\"https:\/\/lapiedrafilosofal.com\/wp-content\/uploads\/2019\/03\/OLGA-LUCIA.jpeg\" alt=\"\" width=\"785\" height=\"598\" srcset=\"https:\/\/oscarhumbertogomez.com\/wp-content\/uploads\/2019\/03\/OLGA-LUCIA.jpeg 785w, https:\/\/oscarhumbertogomez.com\/wp-content\/uploads\/2019\/03\/OLGA-LUCIA-300x229.jpeg 300w, https:\/\/oscarhumbertogomez.com\/wp-content\/uploads\/2019\/03\/OLGA-LUCIA-768x585.jpeg 768w\" sizes=\"auto, (max-width: 785px) 100vw, 785px\" \/><\/a><\/p>\n<p>&nbsp;<\/p>\n<p>Le perd\u00ed el rastro cuando todav\u00eda est\u00e1bamos en los albores de aquella rom\u00e1ntica d\u00e9cada de los a\u00f1os 70, casualmente la de su desconcertante retiro, y comenzaron a llegar a mi vida sue\u00f1os distintos y distintas vivencias.<\/p>\n<p>No hace mucho, y debido a la necesaria evocaci\u00f3n de viejos recuerdos que he venido haciendo en mis ratos libres a ra\u00edz de mi decisi\u00f3n de empezar a escribir mis memorias antes de que todo se me olvide, para que no me pase lo que criticaba Gabriel Garc\u00eda M\u00e1rquez de que la gente empieza a escribir sus memorias cuando ya no se acuerda de nada, volv\u00ed a rememorarla, a evocar su rostro, siempre desprovisto de maquillajes; su sonrisa limpia y t\u00edmida, su sencillez manifiesta y, por supuesto, su evidente talento como deportista, y al indagar acerca de qu\u00e9 hab\u00eda sido de ella me encontr\u00e9 con la triste noticia de su muerte en Canad\u00e1 como consecuencia de una enfermedad que de manera inclemente, y por supuesto injusta, agredi\u00f3 su humanidad hasta llev\u00e1rsela del seno de sus seres queridos a sus 55 a\u00f1os. Era psic\u00f3loga de la Universidad Javeriana de Bogot\u00e1.<\/p>\n<p>Escrib\u00ed, entonces, para ella un soneto, el mismo con el cual cerrar\u00e9 estas deshilvanadas l\u00edneas.<\/p>\n<p>&nbsp;<\/p>\n<p><a href=\"https:\/\/lapiedrafilosofal.com\/wp-content\/uploads\/2019\/03\/OLGA-LUCIA.jpeg\"><img loading=\"lazy\" decoding=\"async\" class=\"alignnone size-full wp-image-28872\" src=\"https:\/\/lapiedrafilosofal.com\/wp-content\/uploads\/2019\/03\/OLGA-LUCIA.jpeg\" alt=\"\" width=\"785\" height=\"598\" srcset=\"https:\/\/oscarhumbertogomez.com\/wp-content\/uploads\/2019\/03\/OLGA-LUCIA.jpeg 785w, https:\/\/oscarhumbertogomez.com\/wp-content\/uploads\/2019\/03\/OLGA-LUCIA-300x229.jpeg 300w, https:\/\/oscarhumbertogomez.com\/wp-content\/uploads\/2019\/03\/OLGA-LUCIA-768x585.jpeg 768w\" sizes=\"auto, (max-width: 785px) 100vw, 785px\" \/><\/a><\/p>\n<p>&nbsp;<\/p>\n<p>Antes de eso, sin embargo, y a manera de una nota al margen, quisiera hacerles saber a mis lectores j\u00f3venes y recordarles a quienes ya no lo son tanto, que la prestigiosa orquesta venezolana Billo\u2019s Caracas Boys grab\u00f3, precisamente en los albores de los a\u00f1os 70, en 1971, una hermosa canci\u00f3n en ritmo de porro titulada &#8220;Mi Cali Bella&#8221;, obra de Carlos Vidal y V\u00edctor Mendoza, en la cual el emblem\u00e1tico cantante de la agrupaci\u00f3n Cheo Garc\u00eda, al culminar su magistral interpretaci\u00f3n de este tema tropical, intemporal y po\u00e9tico, dej\u00f3 grabado para la posteridad un c\u00e1lido saludo a Olga Luc\u00eda De Angulo, en esos momentos quiz\u00e1s la mujer m\u00e1s representativa de la ciudad de Cali.<\/p>\n<p>Fue aquel un saludo merecido; un saludo oportuno; un saludo espont\u00e1neo de aquella orquesta no colombiana que tanto nos gustaba; un saludo que habr\u00eda de hacerse inmortal, entre otras razones porque no s\u00f3lo habr\u00eda de hacerse inmortal la jovencita saludada en la memoria de quienes la admir\u00e1bamos, sino porque fue un gesto hermosamente perdurable en estos nuevos tiempos, en esta nueva &#8220;civilizaci\u00f3n de la canalla&#8221; &#8211; para emplear la certera expresi\u00f3n utilizada por el poeta Aurelio Mart\u00ednez Mutis en La Epopeya del C\u00f3ndor &#8211; cuando se graban saludos inmerecidos a cambio de una paga.<\/p>\n<p>&nbsp;<\/p>\n<p><a href=\"https:\/\/lapiedrafilosofal.com\/wp-content\/uploads\/2019\/03\/OLGA-LUCIA.jpeg\"><img loading=\"lazy\" decoding=\"async\" class=\"alignnone size-full wp-image-28872\" src=\"https:\/\/lapiedrafilosofal.com\/wp-content\/uploads\/2019\/03\/OLGA-LUCIA.jpeg\" alt=\"\" width=\"785\" height=\"598\" srcset=\"https:\/\/oscarhumbertogomez.com\/wp-content\/uploads\/2019\/03\/OLGA-LUCIA.jpeg 785w, https:\/\/oscarhumbertogomez.com\/wp-content\/uploads\/2019\/03\/OLGA-LUCIA-300x229.jpeg 300w, https:\/\/oscarhumbertogomez.com\/wp-content\/uploads\/2019\/03\/OLGA-LUCIA-768x585.jpeg 768w\" sizes=\"auto, (max-width: 785px) 100vw, 785px\" \/><\/a><\/p>\n<p>&nbsp;<\/p>\n<p>Olga Luc\u00eda De Angulo, por una curiosa coincidencia, naci\u00f3 en el mismo mes de noviembre de 1955 en que yo nac\u00ed. Su nacimiento fue posterior al m\u00edo por apenas unos pocos d\u00edas. Ello significa que hoy tendr\u00edamos la misma edad.<\/p>\n<p>&nbsp;<\/p>\n<p>Ruitoque, Mesa de las Tempestades, \u00c1rea metropolitana de Bucaramanga, viernes 26 de mayo de 2023<\/p>\n<p>&nbsp;<\/p>\n<p><a href=\"https:\/\/lapiedrafilosofal.com\/wp-content\/uploads\/2019\/03\/OLGA-LUCIA.jpeg\"><img loading=\"lazy\" decoding=\"async\" class=\"alignnone size-full wp-image-28872\" src=\"https:\/\/lapiedrafilosofal.com\/wp-content\/uploads\/2019\/03\/OLGA-LUCIA.jpeg\" alt=\"\" width=\"785\" height=\"598\" srcset=\"https:\/\/oscarhumbertogomez.com\/wp-content\/uploads\/2019\/03\/OLGA-LUCIA.jpeg 785w, https:\/\/oscarhumbertogomez.com\/wp-content\/uploads\/2019\/03\/OLGA-LUCIA-300x229.jpeg 300w, https:\/\/oscarhumbertogomez.com\/wp-content\/uploads\/2019\/03\/OLGA-LUCIA-768x585.jpeg 768w\" sizes=\"auto, (max-width: 785px) 100vw, 785px\" \/><\/a><\/p>\n<p>&nbsp;<\/p>\n<p><strong> LA SIRENITA <\/strong><\/p>\n<p>T\u00fa nos diste en los sesenta, Olga Luc\u00eda,<br \/>\nEl regalo sin igual de tu sonrisa,<br \/>\nHoy te evoco cual sirena entre la brisa<br \/>\nY en el agua en que tu gloria florec\u00eda.<\/p>\n<p>Esa ni\u00f1a que al hablar reconoc\u00eda<br \/>\nSu evidente timidez, el ir a misa,<br \/>\nEl querer poder nadar con mayor prisa<br \/>\nPara darle a su pa\u00eds m\u00e1s alegr\u00eda,<\/p>\n<p>Esa ni\u00f1a es hoy tan solo en mi memoria<br \/>\nUna mezcla de nostalgia con historia,<br \/>\nUn pasado en que feliz yo te so\u00f1aba,<\/p>\n<p>Y en el sue\u00f1o conoc\u00eda tu Cali bella,<br \/>\nY en el sue\u00f1o, Sirenita, eras mi estrella,<br \/>\nLuz radiante que mi vida iluminaba.<\/p>\n<p><em>Esa fe que me inculcaron hoy conf\u00eda:<br \/>\n\u00a1Que en el Cielo Dios te tenga, Olga Luc\u00eda! <\/em><\/p>\n<p>&nbsp;<\/p>\n<p><iframe loading=\"lazy\" width=\"560\" height=\"315\" src=\"https:\/\/www.youtube-nocookie.com\/embed\/ymm3JAzw-bE?controls=0\" title=\"YouTube video player\" frameborder=\"0\" allow=\"accelerometer; autoplay; clipboard-write; encrypted-media; gyroscope; picture-in-picture; web-share\" allowfullscreen=\"\"><\/iframe><\/p>\n<p>&nbsp;<\/p>\n<p><strong>FOTOGRAF\u00cdA: <\/strong> Diario El Pa\u00eds, de Cali.<\/p>\n<p><strong> \u00d3SCAR HUMBERTO G\u00d3MEZ G\u00d3MEZ. <\/strong>  Miembro de N\u00famero de la Academia de Historia de Santander. Miembro Activo de la Sociedad de Autores y Compositores de Colombia (SAYCO). Miembro del Colegio Nacional de Periodistas (CNP). Miembro del ilustre y desaparecido Colegio de Abogados de Santander.<\/p>\n<p>&nbsp;<\/p>\n","protected":false},"excerpt":{"rendered":"<p>&nbsp; La promoci\u00f3n que se le viene haciendo por estos d\u00edas a la nueva versi\u00f3n de la pel\u00edcula de Disney de 1989 &#8220;La Sirenita&#8221;, filme que ya est\u00e1 en cartelera en los teatros de Cine Colombia y Cinemark, inevitablemente me &hellip; <a href=\"https:\/\/oscarhumbertogomez.com\/?p=45238\">Sigue leyendo <span class=\"meta-nav\">&rarr;<\/span><\/a><\/p>\n<div class='heateorSssClear'><\/div><div  class='heateor_sss_sharing_container heateor_sss_horizontal_sharing' heateor-sss-data-href='https:\/\/oscarhumbertogomez.com\/?p=45238'><div class='heateor_sss_sharing_title' style=\"font-weight:bold\" >\u00a1Gracias por compartirla!<\/div><ul class=\"heateor_sss_sharing_ul\"><li class=\"heateorSssSharingRound\"><i style=\"width:35px;height:35px;border-radius:999px;\" alt=\"Facebook\" Title=\"Facebook\" class=\"heateorSssSharing heateorSssFacebookBackground\" onclick='heateorSssPopup(\"https:\/\/www.facebook.com\/sharer\/sharer.php?u=https%3A%2F%2Foscarhumbertogomez.com%2Findex.php%3Frest_route%3D%252Fwp%252Fv2%252Fposts%252F45238\")'><ss style=\"display:block;border-radius:999px;\" class=\"heateorSssSharingSvg heateorSssFacebookSvg\"><\/ss><\/i><\/li><li class=\"heateorSssSharingRound\"><i style=\"width:35px;height:35px;border-radius:999px;\" alt=\"Twitter\" Title=\"Twitter\" class=\"heateorSssSharing heateorSssTwitterBackground\" onclick='heateorSssPopup(\"http:\/\/twitter.com\/intent\/tweet?text=Olga%20Luc%C3%ADa%20De%20Angulo%2C%20la%20sirenita%20de%20los%2060.%20Por%20%C3%93scar%20Humberto%20G%C3%B3mez%20G%C3%B3mez&url=https%3A%2F%2Foscarhumbertogomez.com%2Findex.php%3Frest_route%3D%252Fwp%252Fv2%252Fposts%252F45238\")'><ss style=\"display:block;border-radius:999px;\" class=\"heateorSssSharingSvg heateorSssTwitterSvg\"><\/ss><\/i><\/li><li class=\"heateorSssSharingRound\"><i style=\"width:35px;height:35px;border-radius:999px;\" alt=\"Whatsapp\" Title=\"Whatsapp\" class=\"heateorSssSharing heateorSssWhatsappBackground\" onclick='heateorSssPopup(\"https:\/\/web.whatsapp.com\/send?text=Olga%20Luc%C3%ADa%20De%20Angulo%2C%20la%20sirenita%20de%20los%2060.%20Por%20%C3%93scar%20Humberto%20G%C3%B3mez%20G%C3%B3mez https%3A%2F%2Foscarhumbertogomez.com%2Findex.php%3Frest_route%3D%252Fwp%252Fv2%252Fposts%252F45238\")'><ss style=\"display:block\" class=\"heateorSssSharingSvg heateorSssWhatsappSvg\"><\/ss><\/i><\/li><li class=\"heateorSssSharingRound\"><i style=\"width:35px;height:35px;border-radius:999px;\" alt=\"Pinterest\" Title=\"Pinterest\" class=\"heateorSssSharing heateorSssPinterestBackground\" onclick=\"javascript:void( (function() {var e=document.createElement('script' );e.setAttribute('type','text\/javascript' );e.setAttribute('charset','UTF-8' );e.setAttribute('src','\/\/assets.pinterest.com\/js\/pinmarklet.js?r='+Math.random()*99999999);document.body.appendChild(e)})());\"><ss style=\"display:block;border-radius:999px;\" class=\"heateorSssSharingSvg heateorSssPinterestSvg\"><\/ss><\/i><\/li><li class=\"heateorSssSharingRound\"><i style=\"width:35px;height:35px;border-radius:999px;\" alt=\"Google Gmail\" Title=\"Google Gmail\" class=\"heateorSssSharing heateorSssGoogleGmailBackground\" onclick='heateorSssPopup(\"https:\/\/mail.google.com\/mail\/?ui=2&view=cm&fs=1&tf=1&su=Olga%20Luc%C3%ADa%20De%20Angulo%2C%20la%20sirenita%20de%20los%2060.%20Por%20%C3%93scar%20Humberto%20G%C3%B3mez%20G%C3%B3mez&body=Link:https%3A%2F%2Foscarhumbertogomez.com%2Findex.php%3Frest_route%3D%252Fwp%252Fv2%252Fposts%252F45238\")'><ss style=\"display:block;border-radius:999px;\" class=\"heateorSssSharingSvg heateorSssGoogleGmailSvg\"><\/ss><\/i><\/li><li class=\"heateorSssSharingRound\"><i style=\"width:35px;height:35px;border-radius:999px;\" title=\"More\" alt=\"More\" class=\"heateorSssSharing heateorSssMoreBackground\" onclick=\"heateorSssMoreSharingPopup(this, 'https:\/\/oscarhumbertogomez.com\/index.php?rest_route=%2Fwp%2Fv2%2Fposts%2F45238', 'Olga%20Luc%C3%ADa%20De%20Angulo%2C%20la%20sirenita%20de%20los%2060.%20Por%20%C3%93scar%20Humberto%20G%C3%B3mez%20G%C3%B3mez', '' )\" ><ss style=\"display:block\" class=\"heateorSssSharingSvg heateorSssMoreSvg\"><\/ss><\/i><\/li><\/ul><div class=\"heateorSssClear\"><\/div><\/div><div class='heateorSssClear'><\/div>","protected":false},"author":2,"featured_media":0,"comment_status":"closed","ping_status":"closed","sticky":false,"template":"","format":"standard","meta":{"spay_email":"","footnotes":""},"categories":[56],"tags":[],"class_list":["post-45238","post","type-post","status-publish","format-standard","hentry","category-deporte"],"jetpack_featured_media_url":"","jetpack_shortlink":"https:\/\/wp.me\/p1FYrr-bLE","_links":{"self":[{"href":"https:\/\/oscarhumbertogomez.com\/index.php?rest_route=\/wp\/v2\/posts\/45238","targetHints":{"allow":["GET"]}}],"collection":[{"href":"https:\/\/oscarhumbertogomez.com\/index.php?rest_route=\/wp\/v2\/posts"}],"about":[{"href":"https:\/\/oscarhumbertogomez.com\/index.php?rest_route=\/wp\/v2\/types\/post"}],"author":[{"embeddable":true,"href":"https:\/\/oscarhumbertogomez.com\/index.php?rest_route=\/wp\/v2\/users\/2"}],"replies":[{"embeddable":true,"href":"https:\/\/oscarhumbertogomez.com\/index.php?rest_route=%2Fwp%2Fv2%2Fcomments&post=45238"}],"version-history":[{"count":5,"href":"https:\/\/oscarhumbertogomez.com\/index.php?rest_route=\/wp\/v2\/posts\/45238\/revisions"}],"predecessor-version":[{"id":45367,"href":"https:\/\/oscarhumbertogomez.com\/index.php?rest_route=\/wp\/v2\/posts\/45238\/revisions\/45367"}],"wp:attachment":[{"href":"https:\/\/oscarhumbertogomez.com\/index.php?rest_route=%2Fwp%2Fv2%2Fmedia&parent=45238"}],"wp:term":[{"taxonomy":"category","embeddable":true,"href":"https:\/\/oscarhumbertogomez.com\/index.php?rest_route=%2Fwp%2Fv2%2Fcategories&post=45238"},{"taxonomy":"post_tag","embeddable":true,"href":"https:\/\/oscarhumbertogomez.com\/index.php?rest_route=%2Fwp%2Fv2%2Ftags&post=45238"}],"curies":[{"name":"wp","href":"https:\/\/api.w.org\/{rel}","templated":true}]}}