{"id":45501,"date":"2023-08-03T20:57:22","date_gmt":"2023-08-04T01:57:22","guid":{"rendered":"https:\/\/oscarhumbertogomez.com\/?p=45501"},"modified":"2025-01-12T19:06:18","modified_gmt":"2025-01-13T00:06:18","slug":"murio-hoy-el-ilustre-medico-santandereano-jaime-forero-gomez-por-oscar-humberto-gomez-gomez","status":"publish","type":"post","link":"https:\/\/oscarhumbertogomez.com\/?p=45501","title":{"rendered":"MURI\u00d3 EL ILUSTRE M\u00c9DICO SANTANDEREANO JAIME FORERO G\u00d3MEZ. Por \u00d3scar Humberto G\u00f3mez G\u00f3mez"},"content":{"rendered":"<p><img loading=\"lazy\" decoding=\"async\" class=\"aligncenter size-full wp-image-45510\" src=\"https:\/\/oscarhumbertogomez.com\/wp-content\/uploads\/2023\/08\/JAIME-FORERO-.jpeg\" alt=\"\" width=\"600\" height=\"840\" srcset=\"https:\/\/oscarhumbertogomez.com\/wp-content\/uploads\/2023\/08\/JAIME-FORERO-.jpeg 600w, https:\/\/oscarhumbertogomez.com\/wp-content\/uploads\/2023\/08\/JAIME-FORERO--214x300.jpeg 214w\" sizes=\"auto, (max-width: 600px) 100vw, 600px\" \/><\/p>\n<p>&nbsp;<\/p>\n<p>El eminente facultativo santandereano <strong>Jaime Forero G\u00f3mez<\/strong>, Miembro de N\u00famero de la Academia Nacional de Medicina, egresado del reputado Colegio San Pedro Claver de Bucaramanga y de la ilustre Universidad del Rosario de Bogot\u00e1, y especializado en Pediatr\u00eda, Neonatolog\u00eda, Cuidado Intensivo Pedi\u00e1trico, Epigen\u00e9tica, Docencia Universitaria y Educaci\u00f3n Virtual, especializaciones adelantadas en la Universidad Nacional Aut\u00f3noma de M\u00e9xico (UNAM) y en la Universidad Aut\u00f3noma de Bucaramanga (UNAB); vinculado a instituciones cient\u00edficas en Barcelona (Espa\u00f1a) y otras latitudes; autor o coautor de numerosos art\u00edculos cient\u00edficos y de libros especializados; quien fund\u00f3 la primera unidad de cuidado intensivo pedi\u00e1trico de Colombia y organiz\u00f3, planific\u00f3, asesor\u00f3, administr\u00f3 y\/o dirigi\u00f3 diversas unidades de cuidado intensivo pedi\u00e1trico y de neonatolog\u00eda, y era, adem\u00e1s de docente universitario de Medicina y columnista de prensa y expositor radial, director de Vital Medical Care, empresa prestadora de servicios de salud de alta complejidad en la atenci\u00f3n de pacientes de Cuidado B\u00e1sico, Intermedio e Intensivo Neonatal-Pedi\u00e1trico y Adulto, pero m\u00e1s all\u00e1 de todo ello un santandereano a carta cabal, un m\u00e9dico comprometido hasta los tu\u00e9tanos con la carrera que estudi\u00f3, un hombre de honradez acrisolada que siempre honr\u00f3 su distinguido origen familiar y un amigo sencillo con el que siempre, a pesar de sus m\u00faltiples ocupaciones, se pod\u00eda contar en los momentos dif\u00edciles, falleci\u00f3 en la ma\u00f1ana de este jueves 3 de agosto del a\u00f1o 2023 al cabo de una fruct\u00edfera existencia que le dej\u00f3 a nuestra comunidad sus valiosos aportes cient\u00edficos, los mismos que supo trasmitir no solo a trav\u00e9s de sus obras especializadas, sino tambi\u00e9n, en lenguaje sencillo, vali\u00e9ndose tanto de la columna semanal que publicaba en las p\u00e1ginas editoriales del peri\u00f3dico local Vanguardia como de las ondas de la radiodifusi\u00f3n que lo acogieron. <\/p>\n<p>Precisamente, una de las \u00faltimas im\u00e1genes que conservo de \u00e9l es la del dedicado expositor cotidiano que, en plena pandemia y mientras el mundo entero se escond\u00eda presa del p\u00e1nico y de la incertidumbre, amenazado por un peligroso enemigo que ten\u00eda en jaque a tirios y troyanos y ya se hab\u00eda llevado en sus garras a reputados miembros del personal de salud de Colombia e incluso de nuestra tierra santandereana, sub\u00eda impert\u00e9rrito, con un coraje que a m\u00ed me parec\u00eda que rayaba en la temeridad, las gradas de acceso al Hotel Dann Carlton para ir a dar comienzo a su programa radial de orientaci\u00f3n m\u00e9dica desde la cabina de la emisora Onda 5, radiodifusora ubicada dentro de sus instalaciones.<\/p>\n<p>&nbsp;<\/p>\n<p><img loading=\"lazy\" decoding=\"async\" class=\"aligncenter size-full wp-image-45510\" src=\"https:\/\/oscarhumbertogomez.com\/wp-content\/uploads\/2023\/08\/JAIME-FORERO-.jpeg\" alt=\"\" width=\"600\" height=\"840\" srcset=\"https:\/\/oscarhumbertogomez.com\/wp-content\/uploads\/2023\/08\/JAIME-FORERO-.jpeg 600w, https:\/\/oscarhumbertogomez.com\/wp-content\/uploads\/2023\/08\/JAIME-FORERO--214x300.jpeg 214w\" sizes=\"auto, (max-width: 600px) 100vw, 600px\" \/><\/p>\n<p>&nbsp;<\/p>\n<p>De \u00e9l llegu\u00e9 a saber, all\u00e1 por los a\u00f1os 90, porque al igual que sucedi\u00f3 con muchos padres de familia de mi terru\u00f1o natal, fue uno de los pediatras a los que hubimos de acudir a fin de que valoraran a nuestros entonces peque\u00f1os hijos y atendieran su salud quebrantada. Empero, la irrupci\u00f3n del doctor Forero en mi vida fue m\u00e1s abrupta. Y es que gracias a sus conocimientos de m\u00e9dico intensivista y a su oportuna presencia en el quir\u00f3fano de una cl\u00ednica local, a donde hab\u00eda sido llamado para que valorara a uno de mis hijos que ya estaba por nacer, literalmente termin\u00f3 salv\u00e1ndoles la vida a mi esposa y a este hijo, quienes estuvieron a punto de morir aquella noche de zozobra.  Celoso del secreto profesional, empero, nunca nos revel\u00f3 lo sucedido exactamente en el quir\u00f3fano antes de que lo llamaran de urgencia. <\/p>\n<p>&nbsp;<\/p>\n<p><img loading=\"lazy\" decoding=\"async\" class=\"aligncenter size-full wp-image-45510\" src=\"https:\/\/oscarhumbertogomez.com\/wp-content\/uploads\/2023\/08\/JAIME-FORERO-.jpeg\" alt=\"\" width=\"600\" height=\"840\" srcset=\"https:\/\/oscarhumbertogomez.com\/wp-content\/uploads\/2023\/08\/JAIME-FORERO-.jpeg 600w, https:\/\/oscarhumbertogomez.com\/wp-content\/uploads\/2023\/08\/JAIME-FORERO--214x300.jpeg 214w\" sizes=\"auto, (max-width: 600px) 100vw, 600px\" \/><\/p>\n<p>&nbsp;<\/p>\n<p>Infortunadamente, en los mismos a\u00f1os 90 en que todo aquello ocurr\u00eda, y apart\u00e1ndose de la m\u00e1xima de la sabidur\u00eda popular que ense\u00f1a eso de que &#8220;Zapatero a tus zapatos&#8221;, se decidi\u00f3 a extender sus actividades de m\u00e9dico para asomarse al mundo empresarial, un mundo que para \u00e9l era totalmente desconocido, y se convirti\u00f3 en uno de los importadores en Bucaramanga de una prestigiosa marca de autom\u00f3viles, de la que, dicho sea de paso, fui en mi ciudad nativa uno de los primeros clientes. Infortunadamente, la mala leche desplegada en su contra por cierto tinterillo de cuyo nombre, como dir\u00eda Cervantes, no quiero acordarme, lo llev\u00f3 a tener que soportar m\u00faltiples problemas, de los cuales nos cont\u00f3, a mi esposa y a m\u00ed, que se hab\u00edan derivado para \u00e9l no solo inconvenientes muy serios que durante un tiempo considerable le impidieron dedicarse a su ejercicio profesional con la serenidad requerida, sino duras angustias y p\u00e9rdidas econ\u00f3micas muy significativas que incluso minaron su salud de manera grave.  Me abstengo de ahondar en este doloroso tema, porque de alguna manera eso ser\u00eda rendirle una especie de homenaje a quien desde hace mucho tiempo permanece en las honduras del olvido y es all\u00ed donde debe seguir relegado hasta que emigre directo, no s\u00e9 si avergonzado o sin verg\u00fcenza, hacia alguno de los c\u00edrculos tan magistralmente descritos por la inmortal pluma de Dante.<\/p>\n<p>&nbsp;<\/p>\n<p><img loading=\"lazy\" decoding=\"async\" class=\"aligncenter size-full wp-image-45510\" src=\"https:\/\/oscarhumbertogomez.com\/wp-content\/uploads\/2023\/08\/JAIME-FORERO-.jpeg\" alt=\"\" width=\"600\" height=\"840\" srcset=\"https:\/\/oscarhumbertogomez.com\/wp-content\/uploads\/2023\/08\/JAIME-FORERO-.jpeg 600w, https:\/\/oscarhumbertogomez.com\/wp-content\/uploads\/2023\/08\/JAIME-FORERO--214x300.jpeg 214w\" sizes=\"auto, (max-width: 600px) 100vw, 600px\" \/><\/p>\n<p>&nbsp;<\/p>\n<p>Entre los a\u00f1os 1990 y 1995 el doctor Forero estuvo al frente del Departamento de Pediatr\u00eda y Neonatolog\u00eda del Hospital Universitario Ram\u00f3n Gonz\u00e1lez Valencia. Entre los a\u00f1os 1995 y 2000 lo estuvo al frente del Departamento de Pediatr\u00eda y Neonatolog\u00eda de la Cl\u00ednica Carlos Ardila L\u00fclle. Y entre los a\u00f1os 2000 y 2013 fue el director del Departamento de Pediatr\u00eda y Neonatolog\u00eda de la Cl\u00ednica Chicamocha, las tres, prestigiosas entidades m\u00e9dicas del \u00e1rea metropolitana de Bucaramanga. Entre los a\u00f1os 2013 y 2019 fue Director Cient\u00edfico para Colombia de la Universidad de Aguascalientes (M\u00e9xico). <\/p>\n<p>Escritor consagrado de temas propios de su profesi\u00f3n, de la pluma y el conocimiento del doctor Jaime Forero G\u00f3mez alcanzaron a ver la luz editorial varias obras de amplia aceptaci\u00f3n dentro del mundo cient\u00edfico. Su libro &#8220;Fisiolog\u00eda e inmunolog\u00eda intestinal aplicada. Papel de los Probi\u00f3ticos&#8221; para el a\u00f1o 2012 ya iba por su quinta edici\u00f3n. Es, a prop\u00f3sito, &#8220;un libro dedicado a la inmunolog\u00eda intestinal y el papel de la flora bacteriana intestinal en la homeostasis del cuerpo&#8221;. Un a\u00f1o antes, en 2011, hab\u00eda visto la luz una obra escrita en coautor\u00eda y titulada &#8220;Nuevos conceptos en el manejo del equilibrio \u00e1cido-base: Teor\u00eda de Stewart&#8221;, y m\u00e1s atr\u00e1s en el tiempo, en 2006 y 2007, hab\u00edan sido publicadas la primera y la segunda edici\u00f3n del libro &#8220;Cuidado intensivo pedi\u00e1trico y neonatal&#8221;, tambi\u00e9n escrito en coautor\u00eda. Con posterioridad a las precitadas obras, en 2014 fue editado el libro &#8220;C\u00f3mo y qu\u00e9 comer&#8221;, escrito en coautor\u00eda con la doctora Martha Helena Forero Sep\u00falveda, en uno de cuyos primeros apartes se lee la alerta de que &#8220;La contaminaci\u00f3n ambiental y lo que llamamos \u201calimentaci\u00f3n chatarra\u201d son la causa del 90% de las enfermedades actuales incluyendo el c\u00e1ncer, la artritis, la enfermedad inflamatoria intestinal y el Alzheimer&#8221;.<\/p>\n<p>&nbsp;<\/p>\n<p><img loading=\"lazy\" decoding=\"async\" class=\"aligncenter size-full wp-image-45510\" src=\"https:\/\/oscarhumbertogomez.com\/wp-content\/uploads\/2023\/08\/JAIME-FORERO-.jpeg\" alt=\"\" width=\"600\" height=\"840\" srcset=\"https:\/\/oscarhumbertogomez.com\/wp-content\/uploads\/2023\/08\/JAIME-FORERO-.jpeg 600w, https:\/\/oscarhumbertogomez.com\/wp-content\/uploads\/2023\/08\/JAIME-FORERO--214x300.jpeg 214w\" sizes=\"auto, (max-width: 600px) 100vw, 600px\" \/><\/p>\n<p>&nbsp;<\/p>\n<p>Fiel a sus convicciones cient\u00edficas, y m\u00e1s all\u00e1 de sus f\u00e9rreas posiciones conservadoras, desde un comienzo se puso de lado, de manera irrestricta, de quienes se opon\u00edan a la explotaci\u00f3n minera en el p\u00e1ramo de Santurb\u00e1n, fijando su criterio bajo el t\u00edtulo &#8220;Los p\u00e1ramos no se tocan&#8221; (Ver: Secci\u00f3n Ecolog\u00eda, 25 de noviembre de 2017). Y es que su defensa de la inviolabilidad de los p\u00e1ramos derivaba, \u00fanica y exclusivamente, de sus conocimientos m\u00e9dicos, que le hac\u00edan ver el inmenso peligro que para la salud p\u00fablica tendr\u00eda la contaminaci\u00f3n de las aguas.<\/p>\n<p>Consecuente tambi\u00e9n con su caballerosidad a la antigua, que no era sino el reflejo de la educaci\u00f3n recibida desde la cuna, me llam\u00f3 expresamente para preguntarme si le daba permiso para publicar en sus redes sociales una caricatura relacionada con dicho tema. Era una caricatura que, en plena pandemia, hab\u00eda publicado en este blog y que, igual que las dem\u00e1s, era producto del proyecto que hab\u00edamos armado el excelente caricaturista e ilustrador santandereano Pedro Jes\u00fas Vargas Cordero y yo, dando nacimiento al nombre art\u00edstico de VAGO. Por supuesto que lo autoric\u00e9 con el mayor gusto.<\/p>\n<p>&nbsp;<\/p>\n\n\n<figure class=\"wp-block-image size-large\"><img loading=\"lazy\" decoding=\"async\" width=\"787\" height=\"787\" src=\"https:\/\/www.oscarhumbertogomez.com\/wp-content\/uploads\/2020\/05\/PHOTO-2020-05-01-10-05-00.jpg\" alt=\"\" class=\"wp-image-33545\" srcset=\"https:\/\/oscarhumbertogomez.com\/wp-content\/uploads\/2020\/05\/PHOTO-2020-05-01-10-05-00.jpg 787w, https:\/\/oscarhumbertogomez.com\/wp-content\/uploads\/2020\/05\/PHOTO-2020-05-01-10-05-00-300x300.jpg 300w, https:\/\/oscarhumbertogomez.com\/wp-content\/uploads\/2020\/05\/PHOTO-2020-05-01-10-05-00-150x150.jpg 150w, https:\/\/oscarhumbertogomez.com\/wp-content\/uploads\/2020\/05\/PHOTO-2020-05-01-10-05-00-768x768.jpg 768w\" sizes=\"auto, (max-width: 787px) 100vw, 787px\" \/><\/figure>\n\n\n<p><\/p>\n<p>Un d\u00eda cualquiera me enter\u00e9 de que hab\u00eda sido denunciado penalmente por difamaci\u00f3n. La querella la hab\u00eda presentado ante la Fiscal\u00eda General de la Naci\u00f3n un periodista bogotano de izquierda ampliamente conocido por su combatividad y contra quien el doctor Forero hab\u00eda escrito y publicado un fuerte ataque, basado en informaciones que, seg\u00fan comprob\u00f3 luego, hab\u00edan resultado carentes de fundamento, raz\u00f3n por la cual, con gallard\u00eda, hizo la consiguiente aclaraci\u00f3n y present\u00f3 las debidas excusas. No obstante, sabedores de la denuncia penal, de todas maneras los miles de seguidores de este fogoso periodista se fueron lanza en ristre en las redes sociales contra el doctor Forero. Empero, fue el mismo periodista quien, enterado del elegante proceder de su denunciado y de qui\u00e9n se trataba, de inmediato anunci\u00f3 que hab\u00eda retirado la querella y les pidi\u00f3 a sus seguidores guardar el debido respeto hacia el doctor Forero explicando que se hab\u00eda enterado de que era un hombre decente de Bucaramanga, defensor de los p\u00e1ramos y m\u00e9dico muy reputado, y que, en consecuencia, \u00e9l daba por terminado su enfrentamiento con \u00e9l y les solicitaba a todos hacer lo mismo.<\/p>\n<p>&nbsp;<\/p>\n<p><img loading=\"lazy\" decoding=\"async\" class=\"aligncenter size-full wp-image-45510\" src=\"https:\/\/oscarhumbertogomez.com\/wp-content\/uploads\/2023\/08\/JAIME-FORERO-.jpeg\" alt=\"\" width=\"600\" height=\"840\" srcset=\"https:\/\/oscarhumbertogomez.com\/wp-content\/uploads\/2023\/08\/JAIME-FORERO-.jpeg 600w, https:\/\/oscarhumbertogomez.com\/wp-content\/uploads\/2023\/08\/JAIME-FORERO--214x300.jpeg 214w\" sizes=\"auto, (max-width: 600px) 100vw, 600px\" \/><\/p>\n<p>&nbsp;<\/p>\n<p>Son muchas las an\u00e9cdotas que podr\u00eda escribir en esta entrada triste de mi blog ante la partida del destacado galeno Jaime Forero. Algunas no las puedo hacer p\u00fablicas, pero s\u00ed puedo decir que no pocas tocan con la orientaci\u00f3n pronta y desinteresada, con el favor oportuno en momentos de tribulaci\u00f3n, con esa voz de apoyo a tiempo que tanto se agradece. Y es que, en lo personal, al doctor Jaime Forero tendr\u00eda que agradecerle muchas cosas, aparte de la amistad con que siempre me distingui\u00f3 y distingui\u00f3 a los m\u00edos. Pero talvez lo que m\u00e1s debo agradecerle es que siempre me pas\u00f3 al tel\u00e9fono, o me devolvi\u00f3 mis casi siempre impertinentes llamadas, y siempre me respondi\u00f3 mis mensajes por sin importancia que fueran.<\/p>\n<p>Precisamente por esto \u00faltimo e ignorante completamente de qu\u00e9 estaba sucediendo, me extra\u00f1\u00e9 mucho de que no me respondiera ni me devolviera la llamada telef\u00f3nica que le hice el pasado domingo al atardecer, ni la que le hice al d\u00eda siguiente, ni que tampoco me hubiese contestado el mensaje de WhatsApp que le envi\u00e9 al otro d\u00eda. Fuera de la obvia explicaci\u00f3n de que se encontrara muy ocupado (cosa que en \u00e9l no era raro), me preguntaba si acaso se encontraba viajando y se hallaba en un lugar sin cobertura, pero alcanc\u00e9 tambi\u00e9n a dudar de si acaso le hab\u00eda molestado algo que yo hubiese escrito y \u00e9l hubiese le\u00eddo. Esta duda la disipaba, sin embargo, rememorando que siempre se hab\u00eda mostrado respetuoso de mis ideas aunque fueran abiertamente opuestas a las suyas.<\/p>\n<p>Al mediod\u00eda de hoy, encontr\u00e1ndonos mi esposa y yo fuera de casa, supimos que desde un par de semanas atr\u00e1s se hallaba en delicado estado de salud. Cuando entr\u00e1bamos al sitio en donde hab\u00edamos decidido almorzar, mi esposa me dijo que se sent\u00eda muy preocupada, que ella ten\u00eda el p\u00e1lpito de que lo de Jaime Forero iba a terminar mal.<\/p>\n<p>Acab\u00e1bamos de llegar a nuestra casa, nos dispon\u00edamos a bajarnos de la camioneta, cuando me dio por revisar los mensajes de nuestro peque\u00f1o grupo familiar y fue cuando vi la noticia trasmitida por mi hijo mayor con un &#8220;parece&#8221; y la confirmaci\u00f3n de la misma con los mensajes de los dem\u00e1s lamentando lo que acababa de suceder. Mi esposa entr\u00f3 llorando.<\/p>\n<p>&nbsp;<\/p>\n<p><img loading=\"lazy\" decoding=\"async\" class=\"aligncenter size-full wp-image-45510\" src=\"https:\/\/oscarhumbertogomez.com\/wp-content\/uploads\/2023\/08\/JAIME-FORERO-.jpeg\" alt=\"\" width=\"600\" height=\"840\" srcset=\"https:\/\/oscarhumbertogomez.com\/wp-content\/uploads\/2023\/08\/JAIME-FORERO-.jpeg 600w, https:\/\/oscarhumbertogomez.com\/wp-content\/uploads\/2023\/08\/JAIME-FORERO--214x300.jpeg 214w\" sizes=\"auto, (max-width: 600px) 100vw, 600px\" \/><\/p>\n<p>&nbsp;<\/p>\n<p>No quisiera cerrar estas l\u00edneas sin traer a colaci\u00f3n lo sucedido cuando al doctor Forero se le acus\u00f3 de &#8220;fundamentalista&#8221; por su inquebrantable posici\u00f3n en contra de la explotaci\u00f3n minera en los p\u00e1ramos. En aquella oportunidad (2 de julio de 2020), &#8220;El Diablillo del Parnaso&#8221; escribi\u00f3 y public\u00f3 en seguida un soneto titulado precisamente as\u00ed y el cual hoy reproduzco con un hasta siempre al preclaro disc\u00edpulo de Hip\u00f3crates que hoy se nos va, pero a quien conservaremos en nuestro coraz\u00f3n agradecido por siempre.<\/p>\n<p>\u00a1Que nuestro Hacedor Supremo lo reciba en su gloria, doctor Jaime Forero!\u00a1Jam\u00e1s lo olvidaremos!<\/p>\n<p>&nbsp;<\/p>\n<p><img loading=\"lazy\" decoding=\"async\" class=\"aligncenter size-full wp-image-45510\" src=\"https:\/\/oscarhumbertogomez.com\/wp-content\/uploads\/2023\/08\/JAIME-FORERO-.jpeg\" alt=\"\" width=\"600\" height=\"840\" srcset=\"https:\/\/oscarhumbertogomez.com\/wp-content\/uploads\/2023\/08\/JAIME-FORERO-.jpeg 600w, https:\/\/oscarhumbertogomez.com\/wp-content\/uploads\/2023\/08\/JAIME-FORERO--214x300.jpeg 214w\" sizes=\"auto, (max-width: 600px) 100vw, 600px\" \/><\/p>\n<p>&nbsp;<\/p>\n<p>&#8220;<strong>EL FUNDAMENTALISTA<\/strong>&#8220;. Por: El Diablillo del Parnaso<\/p>\n\n\n<figure class=\"wp-block-image size-large\"><img loading=\"lazy\" decoding=\"async\" width=\"640\" height=\"450\" src=\"https:\/\/lapiedrafilosofal.com\/wp-content\/uploads\/2014\/06\/DIABLO.png\" alt=\"\" class=\"wp-image-12415\" srcset=\"https:\/\/oscarhumbertogomez.com\/wp-content\/uploads\/2014\/06\/DIABLO.png 640w, https:\/\/oscarhumbertogomez.com\/wp-content\/uploads\/2014\/06\/DIABLO-300x210.png 300w\" sizes=\"auto, (max-width: 640px) 100vw, 640px\" \/><\/figure>\n\n\n\n<p>Decir de Jaime Forero,<br>Pediatra e intensivista,<br>Que es fundamentalista<br>Me parece un desafuero.<\/p>\n\n\n\n<p>Hombre honesto y caballero,<br>Defiende un punto de vista,<br>Y no por oportunista,<br>Pues en el tema es pionero.<\/p>\n\n\n\n<p>En cambio hay algunas plumas<br>Que se esconden tras las brumas<br>A hacer sus cuentas primero,<\/p>\n\n\n\n<p>Y luego se sienten Dumas<br>Por ponerle las totumas<br>Al que lleg\u00f3 con dinero.<\/p>\n\n\n<p>&nbsp;<\/p>\n<p><img loading=\"lazy\" decoding=\"async\" class=\"aligncenter size-full wp-image-45510\" src=\"https:\/\/oscarhumbertogomez.com\/wp-content\/uploads\/2023\/08\/JAIME-FORERO-.jpeg\" alt=\"\" width=\"600\" height=\"840\" srcset=\"https:\/\/oscarhumbertogomez.com\/wp-content\/uploads\/2023\/08\/JAIME-FORERO-.jpeg 600w, https:\/\/oscarhumbertogomez.com\/wp-content\/uploads\/2023\/08\/JAIME-FORERO--214x300.jpeg 214w\" sizes=\"auto, (max-width: 600px) 100vw, 600px\" \/><\/p>\n<p>&nbsp;<\/p>","protected":false},"excerpt":{"rendered":"<p>&nbsp; El eminente facultativo santandereano Jaime Forero G\u00f3mez, Miembro de N\u00famero de la Academia Nacional de Medicina, egresado del reputado Colegio San Pedro Claver de Bucaramanga y de la ilustre Universidad del Rosario de Bogot\u00e1, y especializado en Pediatr\u00eda, Neonatolog\u00eda, &hellip; <a href=\"https:\/\/oscarhumbertogomez.com\/?p=45501\">Sigue leyendo <span class=\"meta-nav\">&rarr;<\/span><\/a><\/p>\n<div class='heateorSssClear'><\/div><div  class='heateor_sss_sharing_container heateor_sss_horizontal_sharing' heateor-sss-data-href='https:\/\/oscarhumbertogomez.com\/?p=45501'><div class='heateor_sss_sharing_title' style=\"font-weight:bold\" >\u00a1Gracias por compartirla!<\/div><ul class=\"heateor_sss_sharing_ul\"><li class=\"heateorSssSharingRound\"><i style=\"width:35px;height:35px;border-radius:999px;\" alt=\"Facebook\" Title=\"Facebook\" class=\"heateorSssSharing heateorSssFacebookBackground\" onclick='heateorSssPopup(\"https:\/\/www.facebook.com\/sharer\/sharer.php?u=https%3A%2F%2Foscarhumbertogomez.com%2Findex.php%3Frest_route%3D%252Fwp%252Fv2%252Fposts%252F45501\")'><ss style=\"display:block;border-radius:999px;\" class=\"heateorSssSharingSvg heateorSssFacebookSvg\"><\/ss><\/i><\/li><li class=\"heateorSssSharingRound\"><i style=\"width:35px;height:35px;border-radius:999px;\" alt=\"Twitter\" Title=\"Twitter\" class=\"heateorSssSharing heateorSssTwitterBackground\" onclick='heateorSssPopup(\"http:\/\/twitter.com\/intent\/tweet?text=MURI%C3%93%20EL%20ILUSTRE%20M%C3%89DICO%20SANTANDEREANO%20JAIME%20FORERO%20G%C3%93MEZ.%20Por%20%C3%93scar%20Humberto%20G%C3%B3mez%20G%C3%B3mez&url=https%3A%2F%2Foscarhumbertogomez.com%2Findex.php%3Frest_route%3D%252Fwp%252Fv2%252Fposts%252F45501\")'><ss style=\"display:block;border-radius:999px;\" class=\"heateorSssSharingSvg heateorSssTwitterSvg\"><\/ss><\/i><\/li><li class=\"heateorSssSharingRound\"><i style=\"width:35px;height:35px;border-radius:999px;\" alt=\"Whatsapp\" Title=\"Whatsapp\" class=\"heateorSssSharing heateorSssWhatsappBackground\" onclick='heateorSssPopup(\"https:\/\/web.whatsapp.com\/send?text=MURI%C3%93%20EL%20ILUSTRE%20M%C3%89DICO%20SANTANDEREANO%20JAIME%20FORERO%20G%C3%93MEZ.%20Por%20%C3%93scar%20Humberto%20G%C3%B3mez%20G%C3%B3mez https%3A%2F%2Foscarhumbertogomez.com%2Findex.php%3Frest_route%3D%252Fwp%252Fv2%252Fposts%252F45501\")'><ss style=\"display:block\" class=\"heateorSssSharingSvg heateorSssWhatsappSvg\"><\/ss><\/i><\/li><li class=\"heateorSssSharingRound\"><i style=\"width:35px;height:35px;border-radius:999px;\" alt=\"Pinterest\" Title=\"Pinterest\" class=\"heateorSssSharing heateorSssPinterestBackground\" onclick=\"javascript:void( (function() {var e=document.createElement('script' );e.setAttribute('type','text\/javascript' );e.setAttribute('charset','UTF-8' );e.setAttribute('src','\/\/assets.pinterest.com\/js\/pinmarklet.js?r='+Math.random()*99999999);document.body.appendChild(e)})());\"><ss style=\"display:block;border-radius:999px;\" class=\"heateorSssSharingSvg heateorSssPinterestSvg\"><\/ss><\/i><\/li><li class=\"heateorSssSharingRound\"><i style=\"width:35px;height:35px;border-radius:999px;\" alt=\"Google Gmail\" Title=\"Google Gmail\" class=\"heateorSssSharing heateorSssGoogleGmailBackground\" onclick='heateorSssPopup(\"https:\/\/mail.google.com\/mail\/?ui=2&view=cm&fs=1&tf=1&su=MURI%C3%93%20EL%20ILUSTRE%20M%C3%89DICO%20SANTANDEREANO%20JAIME%20FORERO%20G%C3%93MEZ.%20Por%20%C3%93scar%20Humberto%20G%C3%B3mez%20G%C3%B3mez&body=Link:https%3A%2F%2Foscarhumbertogomez.com%2Findex.php%3Frest_route%3D%252Fwp%252Fv2%252Fposts%252F45501\")'><ss style=\"display:block;border-radius:999px;\" class=\"heateorSssSharingSvg heateorSssGoogleGmailSvg\"><\/ss><\/i><\/li><li class=\"heateorSssSharingRound\"><i style=\"width:35px;height:35px;border-radius:999px;\" title=\"More\" alt=\"More\" class=\"heateorSssSharing heateorSssMoreBackground\" onclick=\"heateorSssMoreSharingPopup(this, 'https:\/\/oscarhumbertogomez.com\/index.php?rest_route=%2Fwp%2Fv2%2Fposts%2F45501', 'MURI%C3%93%20EL%20ILUSTRE%20M%C3%89DICO%20SANTANDEREANO%20JAIME%20FORERO%20G%C3%93MEZ.%20Por%20%C3%93scar%20Humberto%20G%C3%B3mez%20G%C3%B3mez', '' )\" ><ss style=\"display:block\" class=\"heateorSssSharingSvg heateorSssMoreSvg\"><\/ss><\/i><\/li><\/ul><div class=\"heateorSssClear\"><\/div><\/div><div class='heateorSssClear'><\/div>","protected":false},"author":2,"featured_media":0,"comment_status":"closed","ping_status":"closed","sticky":false,"template":"","format":"standard","meta":{"spay_email":"","footnotes":""},"categories":[61],"tags":[],"class_list":["post-45501","post","type-post","status-publish","format-standard","hentry","category-medicina"],"jetpack_featured_media_url":"","jetpack_shortlink":"https:\/\/wp.me\/p1FYrr-bPT","_links":{"self":[{"href":"https:\/\/oscarhumbertogomez.com\/index.php?rest_route=\/wp\/v2\/posts\/45501","targetHints":{"allow":["GET"]}}],"collection":[{"href":"https:\/\/oscarhumbertogomez.com\/index.php?rest_route=\/wp\/v2\/posts"}],"about":[{"href":"https:\/\/oscarhumbertogomez.com\/index.php?rest_route=\/wp\/v2\/types\/post"}],"author":[{"embeddable":true,"href":"https:\/\/oscarhumbertogomez.com\/index.php?rest_route=\/wp\/v2\/users\/2"}],"replies":[{"embeddable":true,"href":"https:\/\/oscarhumbertogomez.com\/index.php?rest_route=%2Fwp%2Fv2%2Fcomments&post=45501"}],"version-history":[{"count":6,"href":"https:\/\/oscarhumbertogomez.com\/index.php?rest_route=\/wp\/v2\/posts\/45501\/revisions"}],"predecessor-version":[{"id":49847,"href":"https:\/\/oscarhumbertogomez.com\/index.php?rest_route=\/wp\/v2\/posts\/45501\/revisions\/49847"}],"wp:attachment":[{"href":"https:\/\/oscarhumbertogomez.com\/index.php?rest_route=%2Fwp%2Fv2%2Fmedia&parent=45501"}],"wp:term":[{"taxonomy":"category","embeddable":true,"href":"https:\/\/oscarhumbertogomez.com\/index.php?rest_route=%2Fwp%2Fv2%2Fcategories&post=45501"},{"taxonomy":"post_tag","embeddable":true,"href":"https:\/\/oscarhumbertogomez.com\/index.php?rest_route=%2Fwp%2Fv2%2Ftags&post=45501"}],"curies":[{"name":"wp","href":"https:\/\/api.w.org\/{rel}","templated":true}]}}