{"id":45642,"date":"2023-09-05T16:54:45","date_gmt":"2023-09-05T21:54:45","guid":{"rendered":"https:\/\/oscarhumbertogomez.com\/?p=45642"},"modified":"2023-10-16T06:03:21","modified_gmt":"2023-10-16T11:03:21","slug":"la-pluma-de-hiram-sanchez-martinez-un-nuevo-lazo-literario-entre-colombia-y-puerto-rico-por-oscar-humberto-gomez-gomez","status":"publish","type":"post","link":"https:\/\/oscarhumbertogomez.com\/?p=45642","title":{"rendered":"La pluma de Hiram S\u00e1nchez Mart\u00ednez: un nuevo lazo literario entre Colombia y Puerto Rico. Cap\u00edtulo I. Por \u00d3scar Humberto G\u00f3mez G\u00f3mez"},"content":{"rendered":"<p><img loading=\"lazy\" decoding=\"async\" class=\"aligncenter size-large wp-image-45647\" src=\"https:\/\/oscarhumbertogomez.com\/wp-content\/uploads\/2023\/09\/HIRAM-SANCHEZ-MARTINEZ-EL-NUEVO-DIA-1024x1024.png\" alt=\"\" width=\"640\" height=\"640\" srcset=\"https:\/\/oscarhumbertogomez.com\/wp-content\/uploads\/2023\/09\/HIRAM-SANCHEZ-MARTINEZ-EL-NUEVO-DIA-1024x1024.png 1024w, https:\/\/oscarhumbertogomez.com\/wp-content\/uploads\/2023\/09\/HIRAM-SANCHEZ-MARTINEZ-EL-NUEVO-DIA-300x300.png 300w, https:\/\/oscarhumbertogomez.com\/wp-content\/uploads\/2023\/09\/HIRAM-SANCHEZ-MARTINEZ-EL-NUEVO-DIA-150x150.png 150w, https:\/\/oscarhumbertogomez.com\/wp-content\/uploads\/2023\/09\/HIRAM-SANCHEZ-MARTINEZ-EL-NUEVO-DIA-768x768.png 768w, https:\/\/oscarhumbertogomez.com\/wp-content\/uploads\/2023\/09\/HIRAM-SANCHEZ-MARTINEZ-EL-NUEVO-DIA-1536x1536.png 1536w, https:\/\/oscarhumbertogomez.com\/wp-content\/uploads\/2023\/09\/HIRAM-SANCHEZ-MARTINEZ-EL-NUEVO-DIA-2048x2048.png 2048w\" sizes=\"auto, (max-width: 640px) 100vw, 640px\" \/><\/p>\n<p>&nbsp;<\/p>\n<p>&#8220;Oye la historia que contome un d\u00eda<\/p>\n<p>el viejo enterrador de la comarca:<\/p>\n<p>era un amante a quien por suerte imp\u00eda<\/p>\n<p>su dulce bien le arrebat\u00f3 la parca.<\/p>\n<p>&nbsp;<\/p>\n<p>Todas las noches iba al cementerio<\/p>\n<p>a visitar la tumba de la hermosa;<\/p>\n<p>la gente murmuraba con misterio:<\/p>\n<p>es un muerto escapado de la fosa.<\/p>\n<p>&nbsp;<\/p>\n<p>En una horrenda noche hizo pedazos<\/p>\n<p>el m\u00e1rmol de la tumba abandonada,<\/p>\n<p>cav\u00f3 la tierra\u2026 y se llev\u00f3 en los brazos<\/p>\n<p>el r\u00edgido esqueleto de la amada.<\/p>\n<p>&nbsp;<\/p>\n<p>Y all\u00e1 en la oscura habitaci\u00f3n sombr\u00eda,<\/p>\n<p>de un cirio f\u00fanebre a la llama incierta,<\/p>\n<p>dej\u00f3 a su lado la osamenta fr\u00eda<\/p>\n<p>y celebr\u00f3 sus bodas con la muerta.<\/p>\n<p>&nbsp;<\/p>\n<p>At\u00f3 con cintas los desnudos huesos,<\/p>\n<p>el yerto cr\u00e1neo coron\u00f3 de flores,<\/p>\n<p>la horrible boca le cubri\u00f3 de besos<\/p>\n<p>y le cont\u00f3 sonriendo sus amores.<\/p>\n<p>&nbsp;<\/p>\n<p>Llev\u00f3 a la novia al t\u00e1lamo mullido,<\/p>\n<p>se acost\u00f3 junto a ella enamorado,<\/p>\n<p>y para siempre se qued\u00f3 dormido<\/p>\n<p>al esqueleto r\u00edgido abrazado&#8221;.<\/p>\n<p>&nbsp;<\/p>\n<p>A partir de este dram\u00e1tico poema del talentoso bardo Julio Fl\u00f3rez, titulado &#8220;Boda Negra&#8221;, cuando el siglo XX despuntaba y corr\u00edan los tiempos en que imperaban el bolero y una visi\u00f3n rom\u00e1ntica del amor y de la vida se produjo una canci\u00f3n de gran popularidad en Puerto Rico y fue a partir de este bolero que a un jurista puertorrique\u00f1o, hoy ya retirado de sus funciones como juez del Honorable Tribunal de Apelaciones de ese pa\u00eds gracias a su merecida jubilaci\u00f3n, le dio por tomar la pluma, llenar cuartillas y finalmente publicar una emocionante novela, obra de cuya existencia vine a saber gracias a la gentileza de su propio autor, quien en desarrollo de sus quehaceres de investigaci\u00f3n encaminados a tratar de llegar al fondo del origen de aquella poes\u00eda del gran rapsoda liberal colombiano, se top\u00f3 con un art\u00edculo que yo hab\u00eda publicado en mi blog a\u00f1os atr\u00e1s acerca del otrora famoso y hoy olvidado vate chiquinquire\u00f1o.<\/p>\n<p>&nbsp;<\/p>\n<p><img decoding=\"async\" class=\"size-full wp-image-6056\" title=\"Julio_Florez_1\" src=\"https:\/\/lapiedrafilosofal.com\/wp-content\/uploads\/2012\/10\/Julio_Florez_1.jpg\" alt=\"\" width=\"450\" srcset=\"https:\/\/oscarhumbertogomez.com\/wp-content\/uploads\/2012\/10\/Julio_Florez_1.jpg 200w, https:\/\/oscarhumbertogomez.com\/wp-content\/uploads\/2012\/10\/Julio_Florez_1-189x300.jpg 189w\" sizes=\"(max-width: 200px) 100vw, 200px\" \/><\/p>\n<p>&nbsp;<\/p>\n<p>Luego de algunos fallidos intentos del escritor boricua por hacerme llegar su obra, finalmente fue mi hijo mayor, el ingeniero \u00d3scar Fernando G\u00f3mez, quien termin\u00f3 consigui\u00e9ndome un ejemplar de ella en Amazon y gracias a esa gesti\u00f3n pude leer esas p\u00e1ginas, cargadas no s\u00f3lo de suspenso, sino tambi\u00e9n de buena literatura.<\/p>\n<p>Y es que lo mejor del contacto visual con las hojas de la novela (titulada, dicho sea de paso, con uno de los versos del c\u00e9lebre poema, aunque haci\u00e9ndole un peque\u00f1o cambio consistente en reemplazar la palabra \u201clos\u201c por \u201csus\u201c, para dejar el t\u00edtulo del relato literario en la frase \u201cAt\u00f3 con cintas sus desnudos huesos\u201c, en vez del verso original del singular artista boyacense, \u201cAt\u00f3 con cintas los desnudos huesos\u201c) fue el tener la enriquecedora oportunidad no s\u00f3lo de disfrutar de una evidente exquisitez en el manejo del hermoso idioma espa\u00f1ol, sino de conocer algunas expresiones y costumbres t\u00edpicamente puertorrique\u00f1as. Empero, de manera muy particular debo hacer confesi\u00f3n de boca (y de mano, habr\u00e1 que decir) de que me impresion\u00f3 el desconcertante parecido entre el entorno borinque\u00f1o descrito desde el principio de la obra, incluyendo la cercan\u00eda del hospital, la c\u00e1rcel y el cementerio, como reza alg\u00fan otro bolero, con mi propio entorno natal, aquel paisaje modesto del sector hist\u00f3rico de Bucaramanga en el que transcurri\u00f3 mi ni\u00f1ez y al que suelo retornar a bordo de mi memoria, ya en los albores del oto\u00f1o de mi existencia, en los momentos en que, de cara a las tribulaciones del presente, que por supuesto nunca faltan, me refugio en el pasado para recordarme a m\u00ed mismo que, en \u00faltimas, y m\u00e1s all\u00e1 de las privaciones que pudiesen haber existido por aquel entonces, yo era feliz en lo poco mientras, inexplicablemente, otros eran infelices en lo mucho.<\/p>\n<p>&nbsp;<\/p>\n<p><img loading=\"lazy\" decoding=\"async\" class=\"aligncenter size-full wp-image-45649\" src=\"https:\/\/oscarhumbertogomez.com\/wp-content\/uploads\/2023\/09\/Cementerio-.png\" alt=\"\" width=\"627\" height=\"416\" srcset=\"https:\/\/oscarhumbertogomez.com\/wp-content\/uploads\/2023\/09\/Cementerio-.png 627w, https:\/\/oscarhumbertogomez.com\/wp-content\/uploads\/2023\/09\/Cementerio--300x199.png 300w\" sizes=\"auto, (max-width: 627px) 100vw, 627px\" \/><\/p>\n<p>&nbsp;<\/p>\n<p>Me resulta inevitable, antes de comenzar a escribir mis seguramente deshilvanados comentarios sobre la obra en s\u00ed, darles el m\u00e9rito a sus personajes, hombres y mujeres (algunos con nombres que me resultaron curiosamente familiares) que fueron aflorando ante mi vista y ante mi mente a medida que avanzaba en la lectura del libro.<\/p>\n<p>En primer lugar, sin la menci\u00f3n inicial de su nombre de pila (que s\u00f3lo habr\u00e1 de aparecer, y eso a cuentagotas, varias decenas de p\u00e1ginas adelante, sugerido primero en su hipocor\u00edstico), ni de su apellido (del que tambi\u00e9n se enterar\u00e1 el lector cuando el relato ya haya tomado forma), asoma desde el mism\u00edsimo primer rengl\u00f3n y en letras may\u00fasculas quien habr\u00e1 de ser el personaje central de la novela, un joven con el mismo apellido que hizo famoso en Colombia, por all\u00e1 en los turbulentos e inolvidables a\u00f1os 60, un humilde boxeador cartagenero que trat\u00f3 in\u00fatilmente de alcanzar la gloria intentando vencer, en un cuadril\u00e1tero instalado en el estadio Nemesio Camacho, de Bogot\u00e1, al pugilista brasile\u00f1o que en esos momentos ostentaba el t\u00edtulo mundial de peso gallo dentro del reputado escalaf\u00f3n de la prestigiosa entidad nacida en los Estados Unidos como la NBA para finalmente pasar a inmortalizarse en todo el continente, y a lo largo y ancho de la tierra, como la flamante AMB, la Asociaci\u00f3n Mundial de Boxeo.<\/p>\n<p>&nbsp;<\/p>\n<p>(CONTINUAR\u00c1)<\/p>\n<p>&nbsp;<\/p>\n<p><strong>FOTOGRAF\u00cdAS<\/strong>:<\/p>\n<p>(1) HIRAM S\u00c1NCHEZ MART\u00cdNEZ, escritor puertorrique\u00f1o. Fuente: El Nuevo D\u00eda. Guaynabo, Puerto Rico.<\/p>\n<p>(2) JULIO FL\u00d3REZ, poeta colombiano. Fuente: Wikipedia.<\/p>\n<p>(3) CEMENTERIO CENTRAL DE BUCARAMANGA, FRENTE AL COSTADO SUR DEL PARQUE ROMERO. Fuente: Universidad Aut\u00f3noma de Bucaramanga (UNAB). Repositorio Institucional. Ilustraci\u00f3n sobre una fotograf\u00eda en blanco y negro. Fotograf\u00eda: Quintilio Gavassa Mibellli.<\/p>\n<p>&nbsp;<\/p>\n<p><strong>\u00d3SCAR HUMBERTO G\u00d3MEZ G\u00d3MEZ<\/strong>: Miembro de la Sociedad de Autores y Compositores de Colombia (SAYCO). Miembro del Colegio Nacional de Periodistas (CNP). Miembro de la Academia de Historia de Santander. Miembro del ilustre y desaparecido Colegio de Abogados de Santander.<\/p>\n<p>&nbsp;<\/p>\n","protected":false},"excerpt":{"rendered":"<p>&nbsp; &#8220;Oye la historia que contome un d\u00eda el viejo enterrador de la comarca: era un amante a quien por suerte imp\u00eda su dulce bien le arrebat\u00f3 la parca. &nbsp; Todas las noches iba al cementerio a visitar la tumba &hellip; <a href=\"https:\/\/oscarhumbertogomez.com\/?p=45642\">Sigue leyendo <span class=\"meta-nav\">&rarr;<\/span><\/a><\/p>\n<div class='heateorSssClear'><\/div><div  class='heateor_sss_sharing_container heateor_sss_horizontal_sharing' heateor-sss-data-href='https:\/\/oscarhumbertogomez.com\/?p=45642'><div class='heateor_sss_sharing_title' style=\"font-weight:bold\" >\u00a1Gracias por compartirla!<\/div><ul class=\"heateor_sss_sharing_ul\"><li class=\"heateorSssSharingRound\"><i style=\"width:35px;height:35px;border-radius:999px;\" alt=\"Facebook\" Title=\"Facebook\" class=\"heateorSssSharing heateorSssFacebookBackground\" onclick='heateorSssPopup(\"https:\/\/www.facebook.com\/sharer\/sharer.php?u=https%3A%2F%2Foscarhumbertogomez.com%2Findex.php%3Frest_route%3D%252Fwp%252Fv2%252Fposts%252F45642\")'><ss style=\"display:block;border-radius:999px;\" class=\"heateorSssSharingSvg heateorSssFacebookSvg\"><\/ss><\/i><\/li><li class=\"heateorSssSharingRound\"><i style=\"width:35px;height:35px;border-radius:999px;\" alt=\"Twitter\" Title=\"Twitter\" class=\"heateorSssSharing heateorSssTwitterBackground\" onclick='heateorSssPopup(\"http:\/\/twitter.com\/intent\/tweet?text=La%20pluma%20de%20Hiram%20S%C3%A1nchez%20Mart%C3%ADnez%3A%20un%20nuevo%20lazo%20literario%20entre%20Colombia%20y%20Puerto%20Rico.%20Cap%C3%ADtulo%20I.%20Por%20%C3%93scar%20Humberto%20G%C3%B3mez%20G%C3%B3mez&url=https%3A%2F%2Foscarhumbertogomez.com%2Findex.php%3Frest_route%3D%252Fwp%252Fv2%252Fposts%252F45642\")'><ss style=\"display:block;border-radius:999px;\" class=\"heateorSssSharingSvg heateorSssTwitterSvg\"><\/ss><\/i><\/li><li class=\"heateorSssSharingRound\"><i style=\"width:35px;height:35px;border-radius:999px;\" alt=\"Whatsapp\" Title=\"Whatsapp\" class=\"heateorSssSharing heateorSssWhatsappBackground\" onclick='heateorSssPopup(\"https:\/\/web.whatsapp.com\/send?text=La%20pluma%20de%20Hiram%20S%C3%A1nchez%20Mart%C3%ADnez%3A%20un%20nuevo%20lazo%20literario%20entre%20Colombia%20y%20Puerto%20Rico.%20Cap%C3%ADtulo%20I.%20Por%20%C3%93scar%20Humberto%20G%C3%B3mez%20G%C3%B3mez https%3A%2F%2Foscarhumbertogomez.com%2Findex.php%3Frest_route%3D%252Fwp%252Fv2%252Fposts%252F45642\")'><ss style=\"display:block\" class=\"heateorSssSharingSvg heateorSssWhatsappSvg\"><\/ss><\/i><\/li><li class=\"heateorSssSharingRound\"><i style=\"width:35px;height:35px;border-radius:999px;\" alt=\"Pinterest\" Title=\"Pinterest\" class=\"heateorSssSharing heateorSssPinterestBackground\" onclick=\"javascript:void( (function() {var e=document.createElement('script' );e.setAttribute('type','text\/javascript' );e.setAttribute('charset','UTF-8' );e.setAttribute('src','\/\/assets.pinterest.com\/js\/pinmarklet.js?r='+Math.random()*99999999);document.body.appendChild(e)})());\"><ss style=\"display:block;border-radius:999px;\" class=\"heateorSssSharingSvg heateorSssPinterestSvg\"><\/ss><\/i><\/li><li class=\"heateorSssSharingRound\"><i style=\"width:35px;height:35px;border-radius:999px;\" alt=\"Google Gmail\" Title=\"Google Gmail\" class=\"heateorSssSharing heateorSssGoogleGmailBackground\" onclick='heateorSssPopup(\"https:\/\/mail.google.com\/mail\/?ui=2&view=cm&fs=1&tf=1&su=La%20pluma%20de%20Hiram%20S%C3%A1nchez%20Mart%C3%ADnez%3A%20un%20nuevo%20lazo%20literario%20entre%20Colombia%20y%20Puerto%20Rico.%20Cap%C3%ADtulo%20I.%20Por%20%C3%93scar%20Humberto%20G%C3%B3mez%20G%C3%B3mez&body=Link:https%3A%2F%2Foscarhumbertogomez.com%2Findex.php%3Frest_route%3D%252Fwp%252Fv2%252Fposts%252F45642\")'><ss style=\"display:block;border-radius:999px;\" class=\"heateorSssSharingSvg heateorSssGoogleGmailSvg\"><\/ss><\/i><\/li><li class=\"heateorSssSharingRound\"><i style=\"width:35px;height:35px;border-radius:999px;\" title=\"More\" alt=\"More\" class=\"heateorSssSharing heateorSssMoreBackground\" onclick=\"heateorSssMoreSharingPopup(this, 'https:\/\/oscarhumbertogomez.com\/index.php?rest_route=%2Fwp%2Fv2%2Fposts%2F45642', 'La%20pluma%20de%20Hiram%20S%C3%A1nchez%20Mart%C3%ADnez%3A%20un%20nuevo%20lazo%20literario%20entre%20Colombia%20y%20Puerto%20Rico.%20Cap%C3%ADtulo%20I.%20Por%20%C3%93scar%20Humberto%20G%C3%B3mez%20G%C3%B3mez', '' )\" ><ss style=\"display:block\" class=\"heateorSssSharingSvg heateorSssMoreSvg\"><\/ss><\/i><\/li><\/ul><div class=\"heateorSssClear\"><\/div><\/div><div class='heateorSssClear'><\/div>","protected":false},"author":2,"featured_media":0,"comment_status":"closed","ping_status":"closed","sticky":false,"template":"","format":"standard","meta":{"spay_email":"","footnotes":""},"categories":[1],"tags":[],"class_list":["post-45642","post","type-post","status-publish","format-standard","hentry","category-blog"],"jetpack_featured_media_url":"","jetpack_shortlink":"https:\/\/wp.me\/p1FYrr-bSa","_links":{"self":[{"href":"https:\/\/oscarhumbertogomez.com\/index.php?rest_route=\/wp\/v2\/posts\/45642","targetHints":{"allow":["GET"]}}],"collection":[{"href":"https:\/\/oscarhumbertogomez.com\/index.php?rest_route=\/wp\/v2\/posts"}],"about":[{"href":"https:\/\/oscarhumbertogomez.com\/index.php?rest_route=\/wp\/v2\/types\/post"}],"author":[{"embeddable":true,"href":"https:\/\/oscarhumbertogomez.com\/index.php?rest_route=\/wp\/v2\/users\/2"}],"replies":[{"embeddable":true,"href":"https:\/\/oscarhumbertogomez.com\/index.php?rest_route=%2Fwp%2Fv2%2Fcomments&post=45642"}],"version-history":[{"count":5,"href":"https:\/\/oscarhumbertogomez.com\/index.php?rest_route=\/wp\/v2\/posts\/45642\/revisions"}],"predecessor-version":[{"id":46098,"href":"https:\/\/oscarhumbertogomez.com\/index.php?rest_route=\/wp\/v2\/posts\/45642\/revisions\/46098"}],"wp:attachment":[{"href":"https:\/\/oscarhumbertogomez.com\/index.php?rest_route=%2Fwp%2Fv2%2Fmedia&parent=45642"}],"wp:term":[{"taxonomy":"category","embeddable":true,"href":"https:\/\/oscarhumbertogomez.com\/index.php?rest_route=%2Fwp%2Fv2%2Fcategories&post=45642"},{"taxonomy":"post_tag","embeddable":true,"href":"https:\/\/oscarhumbertogomez.com\/index.php?rest_route=%2Fwp%2Fv2%2Ftags&post=45642"}],"curies":[{"name":"wp","href":"https:\/\/api.w.org\/{rel}","templated":true}]}}