{"id":4641,"date":"2012-06-27T21:05:05","date_gmt":"2012-06-28T02:05:05","guid":{"rendered":"http:\/\/www.oscarhumbertogomez.com\/?p=4641"},"modified":"2025-03-26T09:44:32","modified_gmt":"2025-03-26T14:44:32","slug":"el-mancillado-verbo-irrogar-por-manuel-enrique-rey","status":"publish","type":"post","link":"https:\/\/oscarhumbertogomez.com\/?p=4641","title":{"rendered":"El mancillado verbo irrogar. Por Manuel Enrique Rey Sanmiguel"},"content":{"rendered":"<p><img decoding=\"async\" class=\"aligncenter size-full wp-image-16785\" title=\"Manuel Enrique\" src=\"https:\/\/lapiedrafilosofal.com\/wp-content\/uploads\/2015\/05\/Manuel-Enrique.jpg\" alt=\"\" width=\"500\" srcset=\"https:\/\/oscarhumbertogomez.com\/wp-content\/uploads\/2015\/05\/Manuel-Enrique.jpg 224w, https:\/\/oscarhumbertogomez.com\/wp-content\/uploads\/2015\/05\/Manuel-Enrique-209x300.jpg 209w\" sizes=\"(max-width: 224px) 100vw, 224px\" \/> <strong><\/strong><\/p>\n<p>&nbsp;<\/p>\n<p>El verbo irrogar, que etimol\u00f3gicamente \u2013seg\u00fan la Gran Enciclopedia Larousse- debiera conjugarse como la acci\u00f3n de \u201cproponer al pueblo algo contra alguno\u201d; en \u00e9ste caso espec\u00edfico, en contra de la casta corrupta, pol\u00edtica y jurisdiccional del pa\u00eds, fue conjugado por un sector de malandrines padres de la Patria incrustados en el congreso y otros numerosos c\u00f3mplices que quisieron pasar de pendejos, como: \u201cPretender aprobar una Reforma a la Justicia con el \u00e1nimo de favorecer a algunos \u2013aqu\u00ed es donde empieza a distorsionarse el significado- siendo esos algunos, precisamente el grupo de aquellos que necesitaban eludirla.<\/p>\n<p>La gran pesadilla a\u00fan persiste y persistir\u00e1 durante largo tiempo. Mientras todos esper\u00e1bamos una reforma a la justicia que, precisamente, acabara de una vez por todas, al menos parcialmente, con el r\u00e9gimen de corrupci\u00f3n y prebendas a que nos hemos tenido que acostumbrar colombianos de todos los pelambres, donde todo es susceptible de ser negociado, a cambio de prebendas o de alg\u00fan bot\u00edn, desde el presidente para abajo todos han quedado insertos como promotores de una de las peores confabulaciones emanadas del torvo ejercicio del poder, cuyo prop\u00f3sito estuvo ad portas de quedar constitucionalmente promulgado luego de haber sido aceptado presidencialmente, por acci\u00f3n u omisi\u00f3n de una mayor\u00eda parlamentaria, jam\u00e1s imaginada en toda nuestra lerda historia republicana, lo cual podr\u00eda mal contar: 200 a\u00f1os de l\u00e1nguidos per\u00edodos parlamentarios.<\/p>\n<p>Qued\u00f3 flotando en el ambiente que no solamente el poder ejecutivo, sino el judicial y, como ser\u00eda lo l\u00f3gico, el legislativo, estaban confabulados; por eso el atrevimiento de pensar que los involucrados eran todos, del presidente para abajo, los responsables.<\/p>\n<p>Qued\u00f3 la impresi\u00f3n, luego de la precipitada e inesperada alocuci\u00f3n presidencial, que el presidente mostr\u00e1ndose incauto y sorprendido, pretendi\u00f3 aparecer en la foto donde se arreglan la corbata los ingenuos. Tambi\u00e9n, que la reforma de tal magnitud, que iba a ser protocolariamente firmada por la m\u00e1xima autoridad ejecutiva de nuestro no bien ponderado designio presidencialista \u2013momentos antes del \u00e1gape dionisiaco- se fren\u00f3 porque \u00e9ste fue advertido por alguien de que eran tantos y tan graves los exabruptos jur\u00eddicos y de corrupci\u00f3n, que antes de firmarla para su promulgaci\u00f3n, as\u00ed hubiese tibio choque de poderes, era preferible hundirla, antes que pudiese verse afectada la reelecci\u00f3n presidencial debido a una posible indignaci\u00f3n generalizada.<\/p>\n<p>Mucho nos alegra la franca y altiva posici\u00f3n asumida por el magistrado santandereano de la Corte Constitucional, el abogado javeriano y ex claveriano pr\u00f3ximo a celebrar el a\u00f1o entrante cincuenta a\u00f1os de promoci\u00f3n como distinguido bachiller. Conocedor de los micos que pretend\u00edan a\u00f1ad\u00edrsele a la reforma, no dud\u00f3 en pensar que estar\u00eda presto a renunciar al honroso cargo, si la enmienda constitucionalista pasaba. A Nilson, quien durante su larga vida de jurisconsulto ha sido requerido como cient\u00edfico y fil\u00f3sofo en todas las sillas del alto turmequ\u00e9 judicial y administrativo del pa\u00eds, s\u00f3lo le falta ostentar la m\u00e1xima magistratura. Podr\u00edamos estar seguros de que, una vez all\u00ed, ganar\u00edamos no s\u00f3lo los santandereanos, sino todos los colombianos. Y lo mejor: aprender\u00edamos a conjugar el verbo irrogar como es debido.<\/p>\n<p>&nbsp;<\/p>\n","protected":false},"excerpt":{"rendered":"<p>&nbsp; El verbo irrogar, que etimol\u00f3gicamente \u2013seg\u00fan la Gran Enciclopedia Larousse- debiera conjugarse como la acci\u00f3n de \u201cproponer al pueblo algo contra alguno\u201d; en \u00e9ste caso espec\u00edfico, en contra de la casta corrupta, pol\u00edtica y jurisdiccional del pa\u00eds, fue conjugado &hellip; <a href=\"https:\/\/oscarhumbertogomez.com\/?p=4641\">Sigue leyendo <span class=\"meta-nav\">&rarr;<\/span><\/a><\/p>\n<div class='heateorSssClear'><\/div><div  class='heateor_sss_sharing_container heateor_sss_horizontal_sharing' heateor-sss-data-href='https:\/\/oscarhumbertogomez.com\/?p=4641'><div class='heateor_sss_sharing_title' style=\"font-weight:bold\" >\u00a1Gracias por compartirla!<\/div><ul class=\"heateor_sss_sharing_ul\"><li class=\"heateorSssSharingRound\"><i style=\"width:35px;height:35px;border-radius:999px;\" alt=\"Facebook\" Title=\"Facebook\" class=\"heateorSssSharing heateorSssFacebookBackground\" onclick='heateorSssPopup(\"https:\/\/www.facebook.com\/sharer\/sharer.php?u=https%3A%2F%2Foscarhumbertogomez.com%2Findex.php%3Frest_route%3D%252Fwp%252Fv2%252Fposts%252F4641\")'><ss style=\"display:block;border-radius:999px;\" class=\"heateorSssSharingSvg heateorSssFacebookSvg\"><\/ss><\/i><\/li><li class=\"heateorSssSharingRound\"><i style=\"width:35px;height:35px;border-radius:999px;\" alt=\"Twitter\" Title=\"Twitter\" class=\"heateorSssSharing heateorSssTwitterBackground\" onclick='heateorSssPopup(\"http:\/\/twitter.com\/intent\/tweet?text=El%20mancillado%20verbo%20irrogar.%20Por%20Manuel%20Enrique%20Rey%20Sanmiguel&url=https%3A%2F%2Foscarhumbertogomez.com%2Findex.php%3Frest_route%3D%252Fwp%252Fv2%252Fposts%252F4641\")'><ss style=\"display:block;border-radius:999px;\" class=\"heateorSssSharingSvg heateorSssTwitterSvg\"><\/ss><\/i><\/li><li class=\"heateorSssSharingRound\"><i style=\"width:35px;height:35px;border-radius:999px;\" alt=\"Whatsapp\" Title=\"Whatsapp\" class=\"heateorSssSharing heateorSssWhatsappBackground\" onclick='heateorSssPopup(\"https:\/\/web.whatsapp.com\/send?text=El%20mancillado%20verbo%20irrogar.%20Por%20Manuel%20Enrique%20Rey%20Sanmiguel https%3A%2F%2Foscarhumbertogomez.com%2Findex.php%3Frest_route%3D%252Fwp%252Fv2%252Fposts%252F4641\")'><ss style=\"display:block\" class=\"heateorSssSharingSvg heateorSssWhatsappSvg\"><\/ss><\/i><\/li><li class=\"heateorSssSharingRound\"><i style=\"width:35px;height:35px;border-radius:999px;\" alt=\"Pinterest\" Title=\"Pinterest\" class=\"heateorSssSharing heateorSssPinterestBackground\" onclick=\"javascript:void( (function() {var e=document.createElement('script' );e.setAttribute('type','text\/javascript' );e.setAttribute('charset','UTF-8' );e.setAttribute('src','\/\/assets.pinterest.com\/js\/pinmarklet.js?r='+Math.random()*99999999);document.body.appendChild(e)})());\"><ss style=\"display:block;border-radius:999px;\" class=\"heateorSssSharingSvg heateorSssPinterestSvg\"><\/ss><\/i><\/li><li class=\"heateorSssSharingRound\"><i style=\"width:35px;height:35px;border-radius:999px;\" alt=\"Google Gmail\" Title=\"Google Gmail\" class=\"heateorSssSharing heateorSssGoogleGmailBackground\" onclick='heateorSssPopup(\"https:\/\/mail.google.com\/mail\/?ui=2&view=cm&fs=1&tf=1&su=El%20mancillado%20verbo%20irrogar.%20Por%20Manuel%20Enrique%20Rey%20Sanmiguel&body=Link:https%3A%2F%2Foscarhumbertogomez.com%2Findex.php%3Frest_route%3D%252Fwp%252Fv2%252Fposts%252F4641\")'><ss style=\"display:block;border-radius:999px;\" class=\"heateorSssSharingSvg heateorSssGoogleGmailSvg\"><\/ss><\/i><\/li><li class=\"heateorSssSharingRound\"><i style=\"width:35px;height:35px;border-radius:999px;\" title=\"More\" alt=\"More\" class=\"heateorSssSharing heateorSssMoreBackground\" onclick=\"heateorSssMoreSharingPopup(this, 'https:\/\/oscarhumbertogomez.com\/index.php?rest_route=%2Fwp%2Fv2%2Fposts%2F4641', 'El%20mancillado%20verbo%20irrogar.%20Por%20Manuel%20Enrique%20Rey%20Sanmiguel', '' )\" ><ss style=\"display:block\" class=\"heateorSssSharingSvg heateorSssMoreSvg\"><\/ss><\/i><\/li><\/ul><div class=\"heateorSssClear\"><\/div><\/div><div class='heateorSssClear'><\/div>","protected":false},"author":2,"featured_media":0,"comment_status":"closed","ping_status":"closed","sticky":false,"template":"","format":"standard","meta":{"spay_email":"","footnotes":""},"categories":[6],"tags":[],"class_list":["post-4641","post","type-post","status-publish","format-standard","hentry","category-la-pluma-ajena"],"jetpack_featured_media_url":"","jetpack_shortlink":"https:\/\/wp.me\/p1FYrr-1cR","_links":{"self":[{"href":"https:\/\/oscarhumbertogomez.com\/index.php?rest_route=\/wp\/v2\/posts\/4641","targetHints":{"allow":["GET"]}}],"collection":[{"href":"https:\/\/oscarhumbertogomez.com\/index.php?rest_route=\/wp\/v2\/posts"}],"about":[{"href":"https:\/\/oscarhumbertogomez.com\/index.php?rest_route=\/wp\/v2\/types\/post"}],"author":[{"embeddable":true,"href":"https:\/\/oscarhumbertogomez.com\/index.php?rest_route=\/wp\/v2\/users\/2"}],"replies":[{"embeddable":true,"href":"https:\/\/oscarhumbertogomez.com\/index.php?rest_route=%2Fwp%2Fv2%2Fcomments&post=4641"}],"version-history":[{"count":5,"href":"https:\/\/oscarhumbertogomez.com\/index.php?rest_route=\/wp\/v2\/posts\/4641\/revisions"}],"predecessor-version":[{"id":52969,"href":"https:\/\/oscarhumbertogomez.com\/index.php?rest_route=\/wp\/v2\/posts\/4641\/revisions\/52969"}],"wp:attachment":[{"href":"https:\/\/oscarhumbertogomez.com\/index.php?rest_route=%2Fwp%2Fv2%2Fmedia&parent=4641"}],"wp:term":[{"taxonomy":"category","embeddable":true,"href":"https:\/\/oscarhumbertogomez.com\/index.php?rest_route=%2Fwp%2Fv2%2Fcategories&post=4641"},{"taxonomy":"post_tag","embeddable":true,"href":"https:\/\/oscarhumbertogomez.com\/index.php?rest_route=%2Fwp%2Fv2%2Ftags&post=4641"}],"curies":[{"name":"wp","href":"https:\/\/api.w.org\/{rel}","templated":true}]}}