{"id":46598,"date":"2024-02-09T12:14:14","date_gmt":"2024-02-09T17:14:14","guid":{"rendered":"https:\/\/oscarhumbertogomez.com\/?p=46598"},"modified":"2024-02-20T16:00:12","modified_gmt":"2024-02-20T21:00:12","slug":"bucaramanga-en-los-anos-80-silvia-galvis-memorias-por-oscar-humberto-gomez-gomez","status":"publish","type":"post","link":"https:\/\/oscarhumbertogomez.com\/?p=46598","title":{"rendered":"Bucaramanga en los a\u00f1os 80 \/ SILVIA GALVIS. Memorias. Por \u00d3scar Humberto G\u00f3mez G\u00f3mez"},"content":{"rendered":"\n<figure class=\"wp-block-image\"><img loading=\"lazy\" decoding=\"async\" width=\"560\" height=\"373\" src=\"https:\/\/lapiedrafilosofal.com\/wp-content\/uploads\/2011\/09\/SILVIA-GALVIS.jpg\" alt=\"SILVIA GALVIS\" class=\"wp-image-1620\" srcset=\"https:\/\/oscarhumbertogomez.com\/wp-content\/uploads\/2011\/09\/SILVIA-GALVIS.jpg 560w, https:\/\/oscarhumbertogomez.com\/wp-content\/uploads\/2011\/09\/SILVIA-GALVIS-300x199.jpg 300w\" sizes=\"auto, (max-width: 560px) 100vw, 560px\" \/><\/figure>\n\n\n<p>&nbsp;<\/p>\n\n\n<p>El domingo 20 de septiembre del 2009, cuando se encontraba sola en la caba\u00f1a donde viv\u00eda, ubicada en el conjunto residencial El Laguito, perteneciente al condominio Ruitoque Golf Country Club Condominio, hoy solamente Ruitoque Condominio, en el kil\u00f3metro 7 de la autopista a Piedecuesta, comprensi\u00f3n municipal de Floridablanca, \u00e1rea metropolitana de Bucaramanga, en el departamento de Santander, muri\u00f3 una de las m\u00e1s destacadas periodistas colombianas, la santandereana Silvia Galvis, quien era, adem\u00e1s, polit\u00f3loga de la Universidad de los Andes, de Bogot\u00e1, historiadora y novelista, autora de numerosos libros, pero sobre todo una de las inteligencias m\u00e1s l\u00facidas, una de las mujeres m\u00e1s capaces y una de las personas m\u00e1s honestas, consecuentes y coherentes que ha dado esta tierra, mi terru\u00f1o nativo y el de ella. <\/p>\n\n\n\n<p>Hab\u00eda nacido en noviembre, igual que yo e igual que Vicky, la talentosa compositora y cantante valluna que fue mi amor plat\u00f3nico desde que cursaba la primaria en la mejor escuela del mundo y sus alrededores, la Concentraci\u00f3n Escolar de Varones Jos\u00e9 Camacho Carre\u00f1o. Silvia hab\u00eda nacido el s\u00e1bado 24 de noviembre de 1945. Lleg\u00f3 a iluminar este planeta, con el brillo de su admirable inteligencia, en el hogar formado por Alejandro Galvis Galvis y Alicia Ram\u00edrez de Galvis, residentes del barrio Bolarqu\u00ed.<\/p>\n\n\n\n<p>Alumna aventajada del tradicional Colegio de la Presentaci\u00f3n, obtuvo all\u00ed su t\u00edtulo de bachiller, aunque dijo que detestaba el uniforme. De hecho, lo que dijo fue que detestaba todos los uniformes. <\/p>\n\n\n\n<p>Realiz\u00f3 sus estudios superiores en la Facultad de Ciencia Pol\u00edtica de la prestigiosa Universidad de los Andes, con sede en la capital de la Rep\u00fablica, y posteriormente adelant\u00f3 estudios de Idiomas en los Estados Unidos y Alemania.<\/p>\n\n\n<p>&nbsp;<\/p>\n\n\n<figure class=\"wp-block-image\"><img loading=\"lazy\" decoding=\"async\" width=\"560\" height=\"373\" src=\"https:\/\/lapiedrafilosofal.com\/wp-content\/uploads\/2011\/09\/SILVIA-GALVIS.jpg\" alt=\"SILVIA GALVIS\" class=\"wp-image-1620\" srcset=\"https:\/\/oscarhumbertogomez.com\/wp-content\/uploads\/2011\/09\/SILVIA-GALVIS.jpg 560w, https:\/\/oscarhumbertogomez.com\/wp-content\/uploads\/2011\/09\/SILVIA-GALVIS-300x199.jpg 300w\" sizes=\"auto, (max-width: 560px) 100vw, 560px\" \/><\/figure>\n\n\n<p>&nbsp;<\/p>\n\n\n<p>En la d\u00e9cada de los a\u00f1os 80 labor\u00f3 en el peri\u00f3dico fundado por su padre, donde fungi\u00f3 como destacada columnista, gestora y directora del Departamento Investigativo y, finalmente, directora del diario, cargo que asumi\u00f3 sobre las ruinas del matutino, volado en un atentado terrorista por sicarios al servicio del Cartel de Medell\u00edn, la tenebrosa organizaci\u00f3n criminal que asol\u00f3 al pa\u00eds en aquella nefasta d\u00e9cada y a la que hoy en d\u00eda Netflix y nuestra televisi\u00f3n nacional, con el apenas obvio silencio del Estado, vienen rindi\u00e9ndole un permanente homenaje de recordaci\u00f3n que es seguido con entusiasta inter\u00e9s por la mayor\u00eda de sus suscriptores. \n\nLa rememoro, en la plenitud de su coraje, dando declaraciones a los medios parada encima de los escombros, untados con la sangre de las inocentes v\u00edctimas que acababa de dejar el miserable atentado criminal: &#8220;No somos una brigada militar, esto es un peri\u00f3dico, somos periodistas&#8221;. <\/p>\n\n\n<p>&nbsp;<\/p>\n\n\n<figure class=\"wp-block-image\"><img loading=\"lazy\" decoding=\"async\" width=\"560\" height=\"373\" src=\"https:\/\/lapiedrafilosofal.com\/wp-content\/uploads\/2011\/09\/SILVIA-GALVIS.jpg\" alt=\"SILVIA GALVIS\" class=\"wp-image-1620\" srcset=\"https:\/\/oscarhumbertogomez.com\/wp-content\/uploads\/2011\/09\/SILVIA-GALVIS.jpg 560w, https:\/\/oscarhumbertogomez.com\/wp-content\/uploads\/2011\/09\/SILVIA-GALVIS-300x199.jpg 300w\" sizes=\"auto, (max-width: 560px) 100vw, 560px\" \/><\/figure>\n\n\n<p>&nbsp;<\/p>\n\n\n<p>El 13 de noviembre de 1982 su Departamento Investigativo obtuvo Menci\u00f3n Especial en el Premio Nacional de Periodismo Sim\u00f3n Bol\u00edvar y cinco a\u00f1os m\u00e1s tarde, en 1987, ella recibi\u00f3 el Premio Nacional de Periodismo Sim\u00f3n Bol\u00edvar a la mejor columna de opini\u00f3n del pa\u00eds, galard\u00f3n que le fue entregado por el famoso escritor venezolano Arturo Uslar Pietri.<\/p>\n\n\n\n<p>En la d\u00e9cada siguiente fue columnista del matutino El Espectador y de la revista Cambio.<\/p>\n\n\n<p>&nbsp;<\/p>\n\n\n<figure class=\"wp-block-image\"><img loading=\"lazy\" decoding=\"async\" width=\"560\" height=\"373\" src=\"https:\/\/lapiedrafilosofal.com\/wp-content\/uploads\/2011\/09\/SILVIA-GALVIS.jpg\" alt=\"SILVIA GALVIS\" class=\"wp-image-1620\" srcset=\"https:\/\/oscarhumbertogomez.com\/wp-content\/uploads\/2011\/09\/SILVIA-GALVIS.jpg 560w, https:\/\/oscarhumbertogomez.com\/wp-content\/uploads\/2011\/09\/SILVIA-GALVIS-300x199.jpg 300w\" sizes=\"auto, (max-width: 560px) 100vw, 560px\" \/><\/figure>\n\n\n<p>&nbsp;<\/p>\n\n\n<p>El legado literario de Silvia Galvis comprende los libros <em>\u00a1Viva Cristo Rey!<\/em> (1991), <em>Vida m\u00eda<\/em> (1994), <em>Sabor a m\u00ed<\/em> (1995), <em>Los Garc\u00eda M\u00e1rquez<\/em> (1996), <em>De la ca\u00edda de un \u00e1ngel puro por culpa de un beso apasionado<\/em> (1997), <em>De parte de los infieles<\/em> (2001), <em>Soledad, conspiraciones y suspiros<\/em> (2002) y <em>La mujer que sab\u00eda demasiado<\/em> (2006), adem\u00e1s de su obra p\u00f3stuma <em>Un mal asunto<\/em> (2009), novela polic\u00edaca basada en el fratricidio del que fue v\u00edctima la ex parlamentaria Martha Catalina Daniels.<\/p>\n\n\n\n<p>Fue tambi\u00e9n coautora de los libros <em>Colombia nazi<\/em> (1986) y <em>El Jefe Supremo<\/em> (1988), que escribi\u00f3 junto a su esposo, el periodista Alberto Donad\u00edo, despu\u00e9s de recopilar pacientemente importantes datos in\u00e9ditos en la Biblioteca del Congreso de los Estados Unidos.<\/p>\n\n\n<p>&nbsp;<\/p>\n\n\n<figure class=\"wp-block-image\"><img loading=\"lazy\" decoding=\"async\" width=\"560\" height=\"373\" src=\"https:\/\/lapiedrafilosofal.com\/wp-content\/uploads\/2011\/09\/SILVIA-GALVIS.jpg\" alt=\"SILVIA GALVIS\" class=\"wp-image-1620\" srcset=\"https:\/\/oscarhumbertogomez.com\/wp-content\/uploads\/2011\/09\/SILVIA-GALVIS.jpg 560w, https:\/\/oscarhumbertogomez.com\/wp-content\/uploads\/2011\/09\/SILVIA-GALVIS-300x199.jpg 300w\" sizes=\"auto, (max-width: 560px) 100vw, 560px\" \/><\/figure>\n\n\n<p>&nbsp;<\/p>\n\n\n<p>En el a\u00f1o 2007, Silvia Galvis lider\u00f3 la recolecci\u00f3n de firmas de artistas e intelectuales que se pronunciaron p\u00fablicamente por la paz de Colombia, presionando a la guerrilla y al Estado para poner fin al conflicto interno colombiano mediante una salida pol\u00edtica negociada. <\/p>\n\n\n\n<p>&nbsp;<\/p>\n\n\n<p>&nbsp;<\/p>\n\n\n<figure class=\"wp-block-image\"><img loading=\"lazy\" decoding=\"async\" width=\"560\" height=\"373\" src=\"https:\/\/lapiedrafilosofal.com\/wp-content\/uploads\/2011\/09\/SILVIA-GALVIS.jpg\" alt=\"SILVIA GALVIS\" class=\"wp-image-1620\" srcset=\"https:\/\/oscarhumbertogomez.com\/wp-content\/uploads\/2011\/09\/SILVIA-GALVIS.jpg 560w, https:\/\/oscarhumbertogomez.com\/wp-content\/uploads\/2011\/09\/SILVIA-GALVIS-300x199.jpg 300w\" sizes=\"auto, (max-width: 560px) 100vw, 560px\" \/><\/figure>\n\n\n<p>&nbsp;<\/p>\n<p><\/p>\n<p>En el a\u00f1o 2010 fui contactado por quienes estaban preparando un libro con el cual se le quer\u00eda rendir un homenaje p\u00f3stumo recopilando las semblanzas que sobre ella escribieran sus parientes y amigos m\u00e1s cercanos. La obra fue publicada ese mismo a\u00f1o (<em>Silvia, conspiraciones y suspiros<\/em>. S\u00edlaba Editores. Bogot\u00e1. 2010). Reproduzco a continuaci\u00f3n algunos apartes de la que yo escrib\u00ed:<\/p>\n<p>&nbsp;<\/p>\n<p><\/p>\n\n\n<figure class=\"wp-block-image\"><img loading=\"lazy\" decoding=\"async\" width=\"560\" height=\"373\" src=\"https:\/\/lapiedrafilosofal.com\/wp-content\/uploads\/2011\/09\/SILVIA-GALVIS.jpg\" alt=\"SILVIA GALVIS\" class=\"wp-image-1620\" srcset=\"https:\/\/oscarhumbertogomez.com\/wp-content\/uploads\/2011\/09\/SILVIA-GALVIS.jpg 560w, https:\/\/oscarhumbertogomez.com\/wp-content\/uploads\/2011\/09\/SILVIA-GALVIS-300x199.jpg 300w\" sizes=\"auto, (max-width: 560px) 100vw, 560px\" \/><\/figure>\n\n\n<p>&nbsp;<\/p>\n<p>&#8220;Mis im\u00e1genes de Silvia Galvis son tan puntuales y tan n\u00edtidas, que a veces me lamento de no tener habilidad con el pincel. Si la tuviera, podr\u00eda dibujarlas de memoria.<\/p>\n<p>Est\u00e1 ri\u00e9ndose a carcajadas, el d\u00eda en que la conoc\u00ed, en su oficina de Vanguardia Liberal, cuando le acabamos de contar que, al preguntarla, la recepcionista nos replic\u00f3: &#8220;\u00bfLos se\u00f1ores de d\u00f3nde son?&#8221;, y Gerardo Delgado Silva le contest\u00f3: &#8220;De d\u00f3nde somos, qu\u00e9, se\u00f1orita&#8230;\u00bforiundos?&#8230;Yo, de Barichara&#8221;.<\/p>\n<p>Se ri\u00f3 tanto, pero tanto, que desde entonces tuve la impresi\u00f3n de que ella no encajaba en el ambiente serio y formal que yo percib\u00eda dentro del diario.<\/p>\n<p>(Jam\u00e1s he olvidado su risa festiva de aquella ma\u00f1ana. Cuando los a\u00f1os pasen, creo que deber\u00eda definirse a Silvia Galvis como una mujer que fue capaz de re\u00edr a pesar de haber vivido en un medio acartonado e hip\u00f3crita, donde casi nadie re\u00eda. Claro que tambi\u00e9n podr\u00eda ser definida de otras maneras: por ejemplo, como una mujer que teni\u00e9ndolo todo para haber llenado su casa de porcelanas, cristales, l\u00e1mparas y tapetes finos, prefiri\u00f3 llenarla de libros).<\/p>\n<p>Est\u00e1, en cambio, llorando, tratando in\u00fatilmente de ocultar los ojos detr\u00e1s de unas gafas oscuras, cuando yo la saludo desde la recepci\u00f3n del diario, donde me estoy identificando para ingresar, el d\u00eda en que acaba de morir su padre. Tendr\u00e1 la deferencia de publicar mi carta de p\u00e9same en su le\u00edda columna <em>&#8220;V\u00eda Libre&#8221;<\/em>.<\/p>\n<p>Est\u00e1 sentada frente a su m\u00e1quina de escribir ri\u00e9ndose a carcajadas de mi apunte: ella me ha dicho que no encuentra c\u00f3mo rematar la columna que est\u00e1 escribiendo. Yo le he preguntado de qu\u00e9 trata y me ha explicado que hace cincuenta a\u00f1os Vanguardia publicaba que los habitantes de San Vicente de Chucur\u00ed le estaban clamando a gritos al gobernador de Santander de entonces, sin que \u00e9ste los escuchara, por la soluci\u00f3n de unos problemas que ahora, cincuenta a\u00f1os despu\u00e9s, son exactamente los mismos por cuya soluci\u00f3n est\u00e1n otra vez clamando a gritos los chucure\u00f1os actuales ante el actual gobernador de Santander, sin que \u00e9ste tampoco d\u00e9 se\u00f1ales de estarlos escuchando.<\/p>\n<p>&#8220;O sea, -le digo yo- que cincuenta a\u00f1os despu\u00e9s el gobernador de Santander sigue necesitando un otorrino&#8221;.<\/p>\n<p>Silvia rematar\u00e1, entre carcajadas, su columna con mi apunte.<\/p>\n<p>A partir de ah\u00ed lo har\u00e1 una que otra vez, sin dejar de re\u00edrse de mis ocasionales ocurrencias.<\/p>\n<p>Est\u00e1 de pie, frente a los escombros de Vanguardia Liberal el d\u00eda en que, pr\u00e1cticamente sobre sus ruinas, asume la direcci\u00f3n del peri\u00f3dico. En ese momento le est\u00e1 diciendo a la televisi\u00f3n que &#8220;No somos una brigada militar&#8221; y que &#8220;Nos han destruido f\u00edsicamente, pero los principios permanecen intactos&#8221;. Un carrobomba ha estallado frente a la puerta del peri\u00f3dico, ha matado a varios de sus trabajadores y ha dejado en la calle a sus vecinos.<\/p>\n<p>Est\u00e1 ingresando a mi oficina, portando en una de sus manos un voluminoso libro que me lleva de regalo. Es su novela hist\u00f3rica <em>&#8220;Soledad, conspiraciones y suspiros&#8221;<\/em>, cuyas ochocientos ochenta y ocho p\u00e1ginas habr\u00e9 de leerme en los tres d\u00edas siguientes.<\/p>\n<p> Es la vida novelada de Soledad Rom\u00e1n, la controvertida amante y m\u00e1s tarde esposa del presidente Rafael N\u00fa\u00f1ez. <\/p>\n<p>Est\u00e1, finalmente, sola, ausente, triste, distante de nuestra vida, sin la explosi\u00f3n de su risa, sin su valor civil, sin su punzante pluma, sin su cr\u00edtica mordaz, sin su buen humor, sin su acelere. Est\u00e1 dentro de una caja de madera y me dice no s\u00e9 qui\u00e9n que su funeral comenzar\u00e1 a no s\u00e9 qu\u00e9 hora del d\u00eda siguiente. Yo acabo de llegar al lugar y lo he encontrado casi solo. Es posible que me haya aumentado esa sensaci\u00f3n de soledad inmensa el no haber visto por ah\u00ed a ning\u00fan miembro de su familia. Al d\u00eda siguiente, solamente me asomar\u00e9 a la inmensa sala f\u00fanebre, que ya para entonces rebosar\u00e1 de calor y de lagartos.<\/p>\n<p>Silvia Galvis muri\u00f3 al mediod\u00eda del domingo 20 de septiembre de 2009 en su caba\u00f1a de habitaci\u00f3n ubicada en la Mesa de las Tempestades y de la cual lleg\u00f3 a decir, entre risas, que ampliar\u00eda a escondidas para poder construir una peque\u00f1a terraza donde ella, Alberto, Nylse y yo nos sent\u00e1ramos a tomar tinto y a darle rienda suelta a esa distracci\u00f3n, hoy desaparecida, que las generaciones pasadas llamaban &#8220;hacer tertulia&#8221;.<\/p>\n<p>Cuando la evoco, no puedo evitar pensar que pas\u00f3 por mi vida demasiado aprisa y estoy tan desacostumbrado a la idea de que muri\u00f3, que a ratos me parece que cualquier d\u00eda, cuando menos me lo imagine, voy a escuchar otra vez su voz en el tel\u00e9fono&#8221;.<\/p>\n<p><\/p>\n<p>&nbsp;<\/p>\n\n\n<figure class=\"wp-block-image\"><img loading=\"lazy\" decoding=\"async\" width=\"560\" height=\"373\" src=\"https:\/\/lapiedrafilosofal.com\/wp-content\/uploads\/2011\/09\/SILVIA-GALVIS.jpg\" alt=\"SILVIA GALVIS\" class=\"wp-image-1620\" srcset=\"https:\/\/oscarhumbertogomez.com\/wp-content\/uploads\/2011\/09\/SILVIA-GALVIS.jpg 560w, https:\/\/oscarhumbertogomez.com\/wp-content\/uploads\/2011\/09\/SILVIA-GALVIS-300x199.jpg 300w\" sizes=\"auto, (max-width: 560px) 100vw, 560px\" \/><\/figure>\n\n\n<p>&nbsp;<\/p>\n<p><\/p>\n<p>Silvia sol\u00eda escribirme cuando se encontraba fuera de Colombia. Hoy quiero reproducir el texto de la carta que me remiti\u00f3 desde Canad\u00e1 a prop\u00f3sito de las observaciones que le hice a su novela <em>Soledad, conspiraciones y suspiros<\/em>:<\/p>\n<p><\/p>\n<p>&#8220;Montreal, s\u00e1bado 29 de abril de 2006<\/p>\n<p>Oscar Humberto,<\/p>\n<p>Estoy anonadada por la dedicaci\u00f3n que le pusiste a la lectura del libro. Mucho te agradezco la autopsia tan precisa y las m\u00faltiples lecturas que encontraste. Nunca nadie le hab\u00eda dedicado ese tiempo ni esa inteligencia a las 888 p\u00e1ginas de Rafael y Soledad. Todav\u00eda no me has dicho cu\u00e1l es el personaje oculto que encontraste y me tienes intrigada, porque fuera del omnisciente y los que se nota que son, no puedo pensar en un N\u00fa\u00f1ez oculto, pero me encantar\u00eda saber cu\u00e1l es ese personaje a la sombra que descubriste.<\/p>\n<p>Nosotros llegamos bien y aunque Montreal est\u00e1 helado la ciudad es una delicia. Me alegra mucho que hayas conocido a Alberto y que hayas entrado a su lista de personas apreciadas y de absoluta confianza.<\/p>\n<p>Espero que nos veamos a nuestro regreso que ser\u00e1 en julio, cuando probablemente ustedes est\u00e9n a punto de subirse a la mesa de Ruitoque.<\/p>\n<p>Saludos a Nylse, me alegr\u00f3 mucho conocerla y, antes de terminar, otra vez mis m\u00e1s sinceras felicitaciones por tus exitos\u00edsimas carreras, una tan seria y otra tan divertida. El campesino embejucao nos lo trajimos para que los colombianos que conocemos aqu\u00ed lo conozcan y se diviertan. Un abrazo y de nuevo mil gracias por las observaciones sobre el libro y por tomarte el tiempo para precisar los errores del texto y codificar todos esos pensamientos en palabras.<\/p>\n<p>Silvia&#8221;.<\/p>\n<p><\/p>\n<p>&nbsp;<\/p>\n\n\n<figure class=\"wp-block-image\"><img loading=\"lazy\" decoding=\"async\" width=\"560\" height=\"373\" src=\"https:\/\/lapiedrafilosofal.com\/wp-content\/uploads\/2011\/09\/SILVIA-GALVIS.jpg\" alt=\"SILVIA GALVIS\" class=\"wp-image-1620\" srcset=\"https:\/\/oscarhumbertogomez.com\/wp-content\/uploads\/2011\/09\/SILVIA-GALVIS.jpg 560w, https:\/\/oscarhumbertogomez.com\/wp-content\/uploads\/2011\/09\/SILVIA-GALVIS-300x199.jpg 300w\" sizes=\"auto, (max-width: 560px) 100vw, 560px\" \/><\/figure>\n\n\n<p>&nbsp;<\/p>\n<p><\/p>\n<p>Como era inevitable que ocurriera, Silvia no escap\u00f3 a mi man\u00eda incorregible de escribir versos. Fue as\u00ed que, con motivo del aniversario de su fallecimiento, escrib\u00ed una poes\u00eda en su memoria, la que hoy copio de nuevo, para desdicha de mis lectores. Se titula <em>La saeta<\/em>:<\/p>\n<p><\/p>\n<p>&nbsp;<\/p>\n\n\n<figure class=\"wp-block-image\"><img loading=\"lazy\" decoding=\"async\" width=\"560\" height=\"373\" src=\"https:\/\/lapiedrafilosofal.com\/wp-content\/uploads\/2011\/09\/SILVIA-GALVIS.jpg\" alt=\"SILVIA GALVIS\" class=\"wp-image-1620\" srcset=\"https:\/\/oscarhumbertogomez.com\/wp-content\/uploads\/2011\/09\/SILVIA-GALVIS.jpg 560w, https:\/\/oscarhumbertogomez.com\/wp-content\/uploads\/2011\/09\/SILVIA-GALVIS-300x199.jpg 300w\" sizes=\"auto, (max-width: 560px) 100vw, 560px\" \/><\/figure>\n\n\n<p>&nbsp;<\/p>\n<p>&#8220;Silvia escribe con su pluma de saeta<br>y hay alguno al que su pluma le molesta.<\/p>\n<p>Unas veces me parece que es graciosa,<br>otras veces me parece que es inmensa,<br>otras veces la percibo desolada,<br>pero siempre me demuestra que es honesta.<\/p>\n<p>Silvia escribe con su pluma de saeta<br>y hay alguno al que su pluma le atormenta.<\/p>\n<p>Silvia sigue, con los a\u00f1os, combatiendo,<br>combatiendo con su pluma de saeta,<br>por que igual que ella sonr\u00ede, sonr\u00edan todos,<br>por que ya no haya injusticia en nuestra tierra,<br>por que no caiga hacia arriba el deshonesto,<br>por que ya no sea costumbre la indecencia,<br>ni los fondos del erario, los de todos,<br>a unos pocos solamente los diviertan,<br>por que no haya tanto llanto en los hogares,<br>por que cesen la guerra y la indolencia,<br>por que ya no duerman ni\u00f1os en las calles,<br>ni el olvido nos pervierta la inocencia.<\/p>\n<p>Silvia escribe con su pluma de saeta<br>y hay alguno con temor a que lo venza.<\/p>\n<p>Silvia enfrenta con su pluma los desv\u00edos,<br>Silvia enfrenta con su pluma la violencia,<br>Silvia enfrenta con valor a los corruptos<br>y proclama que es derecho la protesta.<\/p>\n<p>Silvia escribe con su pluma de saeta<br>y hay alguno al que su pluma ya lo inquieta.<\/p>\n<p>Silvia duerme con el sol y con el viento,<br>con la luna y las estrellas se despierta,<br>y no calma sus dolores con remedios:<br>es la risa de sus nietos su anestesia.<\/p>\n<p>Silvia escribe con su pluma de saeta<br>y hay alguno que quisiera verla muerta.<\/p>\n<p>Silvia narra nuestra historia sin historia,<br>y hasta apoya el folclor de nuestra tierra,<br>mas su amor hacia su Patria no es el vano<br>patriotismo de falacia y sin verg\u00fcenza,<br>no es el mero pregonar &#8220;soy colombiano&#8221;,<br>ni es el mero agitar de una bandera,<br>sino el duro luchar por que sea digno<br>este suelo donde ella un d\u00eda naciera,<br>y a pesar de que viaja por el mundo,<br>a lo suyo -y de los suyos- se regresa.<\/p>\n<p>Silvia escribe con su pluma de saeta<br>y al final la impunidad es la respuesta.<\/p>\n<p>Me parece a m\u00ed que Silvia est\u00e1 cansada,<br>no sabr\u00eda yo decir si es que est\u00e1 enferma,<br>pues percibo su sonrisa iluminada,<br>pero en sus ojos un destello de tristeza;<br>y me pregunto si debiera preguntarle,<br>si hay fatiga, o desencanto, o quiz\u00e1s piensa<br>que a pesar de tanta tinta derramada,<br>a pesar de tanta sangre y tanta brega,<br>esta Patria sigue igual de abandonada,<br>en esta tierra no ha cambiado jam\u00e1s nada,<br>y todo sigue tan mal, como antes era.<\/p>\n<p>Un domingo de septiembre Silvia muere,<br>y hay alguno al que su muerte hasta le alegra&#8221;.<\/p>\n<p>&nbsp;<\/p>\n\n\n<figure class=\"wp-block-image\"><img loading=\"lazy\" decoding=\"async\" width=\"560\" height=\"373\" src=\"https:\/\/lapiedrafilosofal.com\/wp-content\/uploads\/2011\/09\/SILVIA-GALVIS.jpg\" alt=\"SILVIA GALVIS\" class=\"wp-image-1620\" srcset=\"https:\/\/oscarhumbertogomez.com\/wp-content\/uploads\/2011\/09\/SILVIA-GALVIS.jpg 560w, https:\/\/oscarhumbertogomez.com\/wp-content\/uploads\/2011\/09\/SILVIA-GALVIS-300x199.jpg 300w\" sizes=\"auto, (max-width: 560px) 100vw, 560px\" \/><\/figure>\n\n\n<p>&nbsp;<\/p>\n<p><\/p>\n<p>Me ten\u00eda invitado a una reuni\u00f3n que ella organizar\u00eda para que sus peque\u00f1as nietas conocieran en persona al &#8220;campesino embejucao&#8221;, pues no solo escuchaban sus canciones, sino que hasta representaban sus dramatizados y profesaban un inmenso afecto por el burrito &#8220;Raciocinio&#8221;.<\/p>\n<p>Hab\u00edamos convenido que ir\u00eda, como era obvio, con el traje art\u00edstico puesto y acompa\u00f1ado de mis m\u00fasicos, y que previamente &#8220;el campesino embejucao&#8221; llamar\u00eda por tel\u00e9fono, preguntar\u00eda por ellas y les pasar\u00eda a &#8220;Raciocinio&#8221;, en todo lo cual el ingeniero de grabaci\u00f3n y sonido Mario Serrano desempe\u00f1ar\u00eda, desde luego, un papel fundamental, que ustedes ya imaginan.<\/p>\n<p>Infortunadamente, la tarde del domingo en que pensaba ir para que las ni\u00f1as conocieran al personaje (&#8220;Raciocinio&#8221;, por supuesto, no ir\u00eda porque hab\u00eda tenido que irse a hacer unas diligencias urgentes), se desat\u00f3 en la Mesa de las Tempestades una de sus tormentas emblem\u00e1ticas y por ello la visita se da\u00f1\u00f3.<\/p>\n<p>Le promet\u00ed, entonces, que ir\u00eda en la tarde del domingo siguiente.<\/p>\n<p>Ese nuevo domingo, reci\u00e9n pasado el mediod\u00eda, llegu\u00e9 a mi casa despu\u00e9s de mi acostumbrada caminata y apenas entr\u00e9 y me retir\u00e9 los aud\u00edfonos, mi hijo mayor me dijo, habl\u00e1ndome con una inusual seriedad desde la silla del comedor donde en ese momento se encontraba sentado:<\/p>\n<p>&#8220;Papi, \u00bfsupiste la noticia?&#8221;.<\/p>\n<p><\/p>\n<p>&nbsp;<\/p>","protected":false},"excerpt":{"rendered":"<p>&nbsp; El domingo 20 de septiembre del 2009, cuando se encontraba sola en la caba\u00f1a donde viv\u00eda, ubicada en el conjunto residencial El Laguito, perteneciente al condominio Ruitoque Golf Country Club Condominio, hoy solamente Ruitoque Condominio, en el kil\u00f3metro 7 &hellip; <a href=\"https:\/\/oscarhumbertogomez.com\/?p=46598\">Sigue leyendo <span class=\"meta-nav\">&rarr;<\/span><\/a><\/p>\n<div class='heateorSssClear'><\/div><div  class='heateor_sss_sharing_container heateor_sss_horizontal_sharing' heateor-sss-data-href='https:\/\/oscarhumbertogomez.com\/?p=46598'><div class='heateor_sss_sharing_title' style=\"font-weight:bold\" >\u00a1Gracias por compartirla!<\/div><ul class=\"heateor_sss_sharing_ul\"><li class=\"heateorSssSharingRound\"><i style=\"width:35px;height:35px;border-radius:999px;\" alt=\"Facebook\" Title=\"Facebook\" class=\"heateorSssSharing heateorSssFacebookBackground\" onclick='heateorSssPopup(\"https:\/\/www.facebook.com\/sharer\/sharer.php?u=https%3A%2F%2Foscarhumbertogomez.com%2Findex.php%3Frest_route%3D%252Fwp%252Fv2%252Fposts%252F46598\")'><ss style=\"display:block;border-radius:999px;\" class=\"heateorSssSharingSvg heateorSssFacebookSvg\"><\/ss><\/i><\/li><li class=\"heateorSssSharingRound\"><i style=\"width:35px;height:35px;border-radius:999px;\" alt=\"Twitter\" Title=\"Twitter\" class=\"heateorSssSharing heateorSssTwitterBackground\" onclick='heateorSssPopup(\"http:\/\/twitter.com\/intent\/tweet?text=Bucaramanga%20en%20los%20a%C3%B1os%2080%20%2F%20SILVIA%20GALVIS.%20Memorias.%20Por%20%C3%93scar%20Humberto%20G%C3%B3mez%20G%C3%B3mez&url=https%3A%2F%2Foscarhumbertogomez.com%2Findex.php%3Frest_route%3D%252Fwp%252Fv2%252Fposts%252F46598\")'><ss style=\"display:block;border-radius:999px;\" class=\"heateorSssSharingSvg heateorSssTwitterSvg\"><\/ss><\/i><\/li><li class=\"heateorSssSharingRound\"><i style=\"width:35px;height:35px;border-radius:999px;\" alt=\"Whatsapp\" Title=\"Whatsapp\" class=\"heateorSssSharing heateorSssWhatsappBackground\" onclick='heateorSssPopup(\"https:\/\/web.whatsapp.com\/send?text=Bucaramanga%20en%20los%20a%C3%B1os%2080%20%2F%20SILVIA%20GALVIS.%20Memorias.%20Por%20%C3%93scar%20Humberto%20G%C3%B3mez%20G%C3%B3mez https%3A%2F%2Foscarhumbertogomez.com%2Findex.php%3Frest_route%3D%252Fwp%252Fv2%252Fposts%252F46598\")'><ss style=\"display:block\" class=\"heateorSssSharingSvg heateorSssWhatsappSvg\"><\/ss><\/i><\/li><li class=\"heateorSssSharingRound\"><i style=\"width:35px;height:35px;border-radius:999px;\" alt=\"Pinterest\" Title=\"Pinterest\" class=\"heateorSssSharing heateorSssPinterestBackground\" onclick=\"javascript:void( (function() {var e=document.createElement('script' );e.setAttribute('type','text\/javascript' );e.setAttribute('charset','UTF-8' );e.setAttribute('src','\/\/assets.pinterest.com\/js\/pinmarklet.js?r='+Math.random()*99999999);document.body.appendChild(e)})());\"><ss style=\"display:block;border-radius:999px;\" class=\"heateorSssSharingSvg heateorSssPinterestSvg\"><\/ss><\/i><\/li><li class=\"heateorSssSharingRound\"><i style=\"width:35px;height:35px;border-radius:999px;\" alt=\"Google Gmail\" Title=\"Google Gmail\" class=\"heateorSssSharing heateorSssGoogleGmailBackground\" onclick='heateorSssPopup(\"https:\/\/mail.google.com\/mail\/?ui=2&view=cm&fs=1&tf=1&su=Bucaramanga%20en%20los%20a%C3%B1os%2080%20%2F%20SILVIA%20GALVIS.%20Memorias.%20Por%20%C3%93scar%20Humberto%20G%C3%B3mez%20G%C3%B3mez&body=Link:https%3A%2F%2Foscarhumbertogomez.com%2Findex.php%3Frest_route%3D%252Fwp%252Fv2%252Fposts%252F46598\")'><ss style=\"display:block;border-radius:999px;\" class=\"heateorSssSharingSvg heateorSssGoogleGmailSvg\"><\/ss><\/i><\/li><li class=\"heateorSssSharingRound\"><i style=\"width:35px;height:35px;border-radius:999px;\" title=\"More\" alt=\"More\" class=\"heateorSssSharing heateorSssMoreBackground\" onclick=\"heateorSssMoreSharingPopup(this, 'https:\/\/oscarhumbertogomez.com\/index.php?rest_route=%2Fwp%2Fv2%2Fposts%2F46598', 'Bucaramanga%20en%20los%20a%C3%B1os%2080%20%2F%20SILVIA%20GALVIS.%20Memorias.%20Por%20%C3%93scar%20Humberto%20G%C3%B3mez%20G%C3%B3mez', '' )\" ><ss style=\"display:block\" class=\"heateorSssSharingSvg heateorSssMoreSvg\"><\/ss><\/i><\/li><\/ul><div class=\"heateorSssClear\"><\/div><\/div><div class='heateorSssClear'><\/div>","protected":false},"author":2,"featured_media":0,"comment_status":"closed","ping_status":"closed","sticky":false,"template":"","format":"standard","meta":{"spay_email":"","footnotes":""},"categories":[11],"tags":[],"class_list":["post-46598","post","type-post","status-publish","format-standard","hentry","category-periodismo"],"jetpack_featured_media_url":"","jetpack_shortlink":"https:\/\/wp.me\/p1FYrr-c7A","_links":{"self":[{"href":"https:\/\/oscarhumbertogomez.com\/index.php?rest_route=\/wp\/v2\/posts\/46598","targetHints":{"allow":["GET"]}}],"collection":[{"href":"https:\/\/oscarhumbertogomez.com\/index.php?rest_route=\/wp\/v2\/posts"}],"about":[{"href":"https:\/\/oscarhumbertogomez.com\/index.php?rest_route=\/wp\/v2\/types\/post"}],"author":[{"embeddable":true,"href":"https:\/\/oscarhumbertogomez.com\/index.php?rest_route=\/wp\/v2\/users\/2"}],"replies":[{"embeddable":true,"href":"https:\/\/oscarhumbertogomez.com\/index.php?rest_route=%2Fwp%2Fv2%2Fcomments&post=46598"}],"version-history":[{"count":5,"href":"https:\/\/oscarhumbertogomez.com\/index.php?rest_route=\/wp\/v2\/posts\/46598\/revisions"}],"predecessor-version":[{"id":46790,"href":"https:\/\/oscarhumbertogomez.com\/index.php?rest_route=\/wp\/v2\/posts\/46598\/revisions\/46790"}],"wp:attachment":[{"href":"https:\/\/oscarhumbertogomez.com\/index.php?rest_route=%2Fwp%2Fv2%2Fmedia&parent=46598"}],"wp:term":[{"taxonomy":"category","embeddable":true,"href":"https:\/\/oscarhumbertogomez.com\/index.php?rest_route=%2Fwp%2Fv2%2Fcategories&post=46598"},{"taxonomy":"post_tag","embeddable":true,"href":"https:\/\/oscarhumbertogomez.com\/index.php?rest_route=%2Fwp%2Fv2%2Ftags&post=46598"}],"curies":[{"name":"wp","href":"https:\/\/api.w.org\/{rel}","templated":true}]}}