{"id":4670,"date":"2012-07-02T11:52:37","date_gmt":"2012-07-02T16:52:37","guid":{"rendered":"http:\/\/www.oscarhumbertogomez.com\/?p=4670"},"modified":"2025-02-17T17:35:51","modified_gmt":"2025-02-17T22:35:51","slug":"reforma-a-la-justicia-la-razon-la-tiene-don-teodoro","status":"publish","type":"post","link":"https:\/\/oscarhumbertogomez.com\/?p=4670","title":{"rendered":"&#8220;Reforma a la Justicia&#8221;: la raz\u00f3n la tiene don Teodoro. Por \u00d3scar Humberto G\u00f3mez G\u00f3mez"},"content":{"rendered":"<div id=\"attachment_49906\" style=\"width: 650px\" class=\"wp-caption aligncenter\"><img loading=\"lazy\" decoding=\"async\" aria-describedby=\"caption-attachment-49906\" class=\"size-large wp-image-49906\" src=\"https:\/\/oscarhumbertogomez.com\/wp-content\/uploads\/2011\/06\/WhatsApp-Image-2025-01-19-at-16.33.19-1024x690.jpeg\" alt=\"\" width=\"640\" height=\"431\" srcset=\"https:\/\/oscarhumbertogomez.com\/wp-content\/uploads\/2011\/06\/WhatsApp-Image-2025-01-19-at-16.33.19-1024x690.jpeg 1024w, https:\/\/oscarhumbertogomez.com\/wp-content\/uploads\/2011\/06\/WhatsApp-Image-2025-01-19-at-16.33.19-300x202.jpeg 300w, https:\/\/oscarhumbertogomez.com\/wp-content\/uploads\/2011\/06\/WhatsApp-Image-2025-01-19-at-16.33.19-768x517.jpeg 768w, https:\/\/oscarhumbertogomez.com\/wp-content\/uploads\/2011\/06\/WhatsApp-Image-2025-01-19-at-16.33.19.jpeg 1280w\" sizes=\"auto, (max-width: 640px) 100vw, 640px\" \/><p id=\"caption-attachment-49906\" class=\"wp-caption-text\">\u00d3SCAR HUMBERTO G\u00d3MEZ G\u00d3MEZ. Fotograf\u00eda de Nylse Blackburn. 2009<\/p><\/div>\n<p>&nbsp;<\/p>\n<p>La mal llamada &#8220;Reforma de la Justicia&#8221; nunca tuvo porvenir y, al final, naci\u00f3 como ten\u00eda que nacer: muerta.<\/p>\n<p>Y nunca tuvo porvenir, y al final naci\u00f3 muerta, porque, como dijo don Teodoro Duarte Garz\u00f3n, con la sencillez de esa sabidur\u00eda elemental y simple que dan los a\u00f1os, &#8220;<em>la Justicia no se puede reformar porque ella es eterna, es un concepto, un valor, un principio, un ideal, un sentimiento que vive eternamente en el coraz\u00f3n de los hombres justos<\/em>&#8220;.<\/p>\n<p>S\u00ed. Como dijo don Teodoro, la Justicia no es eso que entiende por Justicia el se\u00f1or presidente de la Rep\u00fablica Juan Manuel Santos Calder\u00f3n cuando para &#8220;reformarla&#8221; se va directamente a buscar el benepl\u00e1cito de las Altas Cortes, dando por sentado que ellas, y solo ellas, son las voceras del Poder Judicial, sin cuyo permiso ese poder no puede ser reformado. Ni Justicia es lo que entiende por Justicia el se\u00f1or ex ministro del Interior y de Justicia Germ\u00e1n Vargas Lleras, quien se esfuma del Ministerio del Interior y de Justicia justamente cuando ese ministerio se va a escindir y va a resucitar el desaparecido Ministerio de Justicia, porque produce m\u00e1s caudal electoral regalarles casas a los mismos que siempre han cambiado su voto por una mochila de mercado, que med\u00edrsele al berenjenal de &#8220;reformar la Justicia&#8221;. Ni Justicia es lo que entiende por Justicia el se\u00f1or ex ministro de Justicia Juan Carlos Esguerra Portocarrero -el mismo que primero felicit\u00f3 efusivamente al Congreso por haber aprobado la &#8220;reforma de la Justicia&#8221; y luego renunci\u00f3 porque lo aprobado &#8220;le&#8221; era inadmisible-.  Ni, mucho menos, Justicia es lo que entiende por Justicia el Congreso Nacional de Colombia, encabezado por Juan Manuel Corzo y Sim\u00f3n Firmoncito, que pretend\u00eda volver a reformar la reformada Constituci\u00f3n de 1991 para reformar lo que ese mismo Congreso Nacional hab\u00eda aprobado, en anterior reforma, por supuesto a favor de \u00e9l: el fuero de ser juzgados sus miembros \u00fanica y exclusivamente por el m\u00e1s alto tribunal de justicia del pa\u00eds, y no, como nos toca a todos los parroquianos, por jueces y tribunales de inferior jerarqu\u00eda, con posibilidad de llegar a ese m\u00e1ximo tribunal solamente por la v\u00eda del ex\u00f3tico, dif\u00edcil e improbable recurso extraordinario de casaci\u00f3n; fuero que el Congreso Nacional se aprob\u00f3 a s\u00ed mismo sin vaticinar, claro, que a\u00f1os despu\u00e9s sus integrantes ir\u00edan a querer escap\u00e1rsele a ese mismo alto tribunal de justicia cuando empezara a no resultarles beneficioso en su b\u00fasqueda de impunidad para sus fechor\u00edas. Es m\u00e1s: Justicia no es lo que por Justicia entienden hoy en d\u00eda las Altas Cortes, que aqu\u00ed demostraron, hasta la saciedad, salvo contadas y brillantes excepciones, cu\u00e1nto les importa a sus miembros ese inmenso ideal pregonado por el gran fil\u00f3sofo de Nazaret de &#8220;<em>Dar a Dios lo que es Dios y al C\u00e9sar lo que es del C\u00e9sar&#8221;<\/em>, al entrar en absoluto mutismo apenas les ofrecieron gabelas como la de ver incrementados de 8 a 12 a\u00f1os sus per\u00edodos y de 65 a 70 a\u00f1os su edad de retiro forzoso, am\u00e9n de un juzgamiento penal pr\u00e1cticamente imposible por sus eventuales conductas prevaricadoras o constitutivas de abuso de autoridad consumadas en contra de la gente que acude a ellos en busca de protecci\u00f3n para sus derechos conculcados o puestos en peligro.<\/p>\n<p>Como dijo sabiamente don Teodoro, la Justicia no se puede reformar. En efecto, lo que se puede reformar son unas instituciones y unos procedimientos. Y era eso lo que iban a reformar: unas instituciones y unos procedimientos. Instituciones y procedimientos que fueron creados, en teor\u00eda, precisamente con miras a facilitarnos a los colombianos la anhelada <em>aproximaci\u00f3n<\/em> al ideal de Justicia. Instituciones y procedimientos que, por el contrario, en la pr\u00e1ctica, terminaron siendo vergonzosas <em>fuentes de injusticia<\/em>, como la Comisi\u00f3n de Acusaci\u00f3n de la C\u00e1mara de Representantes, el Consejo Superior de la Judicatura, o la acci\u00f3n de tutela contra providencias judiciales.<\/p>\n<p>Pero no. No fueron capaces de hacerlo. Se gastaron pr\u00e1cticamente 12 meses en eso, para, al final, resultar d\u00e1ndole un entierro de tercera a su propia creaci\u00f3n, a su propio Frankenstein.<\/p>\n<p>La revista <em>Dinero<\/em> informa que un congresista le cuesta a la Naci\u00f3n la bicoca de 83.3 millones de pesos mensuales. El Congreso tiene 266 miembros.<\/p>\n<p>Ustedes mismos hagan la cuenta de lo que nos cost\u00f3 este nuevo fracaso anunciado.<\/p>\n<p>Porque, eso s\u00ed, habr\u00e1 que pagarles por lo que no hicieron, pues el Congreso no trabaja gratis, as\u00ed su trabajo, a la postre, no sirva para absolutamente nada, excepto para aumentar nuestro des\u00e1nimo.<\/p>\n<p>Por eso, vaticinamos que todos, senadores y representantes, secretarios, subsecretarios, asesores y lagartos, en lugar de devolver, por elementales razones de decoro, lo que como retribuci\u00f3n por su ineficaz labor recibieron, no s\u00f3lo no lo reembolsar\u00e1n, sino que inclusive seguir\u00e1n cobrando sus jugosas remuneraciones, ganadas por no hacer nada.<\/p>\n<p>\u00bfApostamos?<\/p>\n<p>&nbsp;<\/p>\n","protected":false},"excerpt":{"rendered":"<p>&nbsp; La mal llamada &#8220;Reforma de la Justicia&#8221; nunca tuvo porvenir y, al final, naci\u00f3 como ten\u00eda que nacer: muerta. Y nunca tuvo porvenir, y al final naci\u00f3 muerta, porque, como dijo don Teodoro Duarte Garz\u00f3n, con la sencillez de &hellip; <a href=\"https:\/\/oscarhumbertogomez.com\/?p=4670\">Sigue leyendo <span class=\"meta-nav\">&rarr;<\/span><\/a><\/p>\n<div class='heateorSssClear'><\/div><div  class='heateor_sss_sharing_container heateor_sss_horizontal_sharing' heateor-sss-data-href='https:\/\/oscarhumbertogomez.com\/?p=4670'><div class='heateor_sss_sharing_title' style=\"font-weight:bold\" >\u00a1Gracias por compartirla!<\/div><ul class=\"heateor_sss_sharing_ul\"><li class=\"heateorSssSharingRound\"><i style=\"width:35px;height:35px;border-radius:999px;\" alt=\"Facebook\" Title=\"Facebook\" class=\"heateorSssSharing heateorSssFacebookBackground\" onclick='heateorSssPopup(\"https:\/\/www.facebook.com\/sharer\/sharer.php?u=https%3A%2F%2Foscarhumbertogomez.com%2Findex.php%3Frest_route%3D%252Fwp%252Fv2%252Fposts%252F4670\")'><ss style=\"display:block;border-radius:999px;\" class=\"heateorSssSharingSvg heateorSssFacebookSvg\"><\/ss><\/i><\/li><li class=\"heateorSssSharingRound\"><i style=\"width:35px;height:35px;border-radius:999px;\" alt=\"Twitter\" Title=\"Twitter\" class=\"heateorSssSharing heateorSssTwitterBackground\" onclick='heateorSssPopup(\"http:\/\/twitter.com\/intent\/tweet?text=%22Reforma%20a%20la%20Justicia%22%3A%20la%20raz%C3%B3n%20la%20tiene%20don%20Teodoro.%20Por%20%C3%93scar%20Humberto%20G%C3%B3mez%20G%C3%B3mez&url=https%3A%2F%2Foscarhumbertogomez.com%2Findex.php%3Frest_route%3D%252Fwp%252Fv2%252Fposts%252F4670\")'><ss style=\"display:block;border-radius:999px;\" class=\"heateorSssSharingSvg heateorSssTwitterSvg\"><\/ss><\/i><\/li><li class=\"heateorSssSharingRound\"><i style=\"width:35px;height:35px;border-radius:999px;\" alt=\"Whatsapp\" Title=\"Whatsapp\" class=\"heateorSssSharing heateorSssWhatsappBackground\" onclick='heateorSssPopup(\"https:\/\/web.whatsapp.com\/send?text=%22Reforma%20a%20la%20Justicia%22%3A%20la%20raz%C3%B3n%20la%20tiene%20don%20Teodoro.%20Por%20%C3%93scar%20Humberto%20G%C3%B3mez%20G%C3%B3mez https%3A%2F%2Foscarhumbertogomez.com%2Findex.php%3Frest_route%3D%252Fwp%252Fv2%252Fposts%252F4670\")'><ss style=\"display:block\" class=\"heateorSssSharingSvg heateorSssWhatsappSvg\"><\/ss><\/i><\/li><li class=\"heateorSssSharingRound\"><i style=\"width:35px;height:35px;border-radius:999px;\" alt=\"Pinterest\" Title=\"Pinterest\" class=\"heateorSssSharing heateorSssPinterestBackground\" onclick=\"javascript:void( (function() {var e=document.createElement('script' );e.setAttribute('type','text\/javascript' );e.setAttribute('charset','UTF-8' );e.setAttribute('src','\/\/assets.pinterest.com\/js\/pinmarklet.js?r='+Math.random()*99999999);document.body.appendChild(e)})());\"><ss style=\"display:block;border-radius:999px;\" class=\"heateorSssSharingSvg heateorSssPinterestSvg\"><\/ss><\/i><\/li><li class=\"heateorSssSharingRound\"><i style=\"width:35px;height:35px;border-radius:999px;\" alt=\"Google Gmail\" Title=\"Google Gmail\" class=\"heateorSssSharing heateorSssGoogleGmailBackground\" onclick='heateorSssPopup(\"https:\/\/mail.google.com\/mail\/?ui=2&view=cm&fs=1&tf=1&su=%22Reforma%20a%20la%20Justicia%22%3A%20la%20raz%C3%B3n%20la%20tiene%20don%20Teodoro.%20Por%20%C3%93scar%20Humberto%20G%C3%B3mez%20G%C3%B3mez&body=Link:https%3A%2F%2Foscarhumbertogomez.com%2Findex.php%3Frest_route%3D%252Fwp%252Fv2%252Fposts%252F4670\")'><ss style=\"display:block;border-radius:999px;\" class=\"heateorSssSharingSvg heateorSssGoogleGmailSvg\"><\/ss><\/i><\/li><li class=\"heateorSssSharingRound\"><i style=\"width:35px;height:35px;border-radius:999px;\" title=\"More\" alt=\"More\" class=\"heateorSssSharing heateorSssMoreBackground\" onclick=\"heateorSssMoreSharingPopup(this, 'https:\/\/oscarhumbertogomez.com\/index.php?rest_route=%2Fwp%2Fv2%2Fposts%2F4670', '%22Reforma%20a%20la%20Justicia%22%3A%20la%20raz%C3%B3n%20la%20tiene%20don%20Teodoro.%20Por%20%C3%93scar%20Humberto%20G%C3%B3mez%20G%C3%B3mez', '' )\" ><ss style=\"display:block\" class=\"heateorSssSharingSvg heateorSssMoreSvg\"><\/ss><\/i><\/li><\/ul><div class=\"heateorSssClear\"><\/div><\/div><div class='heateorSssClear'><\/div>","protected":false},"author":2,"featured_media":0,"comment_status":"open","ping_status":"open","sticky":false,"template":"","format":"standard","meta":{"spay_email":"","footnotes":""},"categories":[10],"tags":[],"class_list":["post-4670","post","type-post","status-publish","format-standard","hentry","category-derecho"],"jetpack_featured_media_url":"","jetpack_shortlink":"https:\/\/wp.me\/p1FYrr-1dk","_links":{"self":[{"href":"https:\/\/oscarhumbertogomez.com\/index.php?rest_route=\/wp\/v2\/posts\/4670","targetHints":{"allow":["GET"]}}],"collection":[{"href":"https:\/\/oscarhumbertogomez.com\/index.php?rest_route=\/wp\/v2\/posts"}],"about":[{"href":"https:\/\/oscarhumbertogomez.com\/index.php?rest_route=\/wp\/v2\/types\/post"}],"author":[{"embeddable":true,"href":"https:\/\/oscarhumbertogomez.com\/index.php?rest_route=\/wp\/v2\/users\/2"}],"replies":[{"embeddable":true,"href":"https:\/\/oscarhumbertogomez.com\/index.php?rest_route=%2Fwp%2Fv2%2Fcomments&post=4670"}],"version-history":[{"count":5,"href":"https:\/\/oscarhumbertogomez.com\/index.php?rest_route=\/wp\/v2\/posts\/4670\/revisions"}],"predecessor-version":[{"id":50846,"href":"https:\/\/oscarhumbertogomez.com\/index.php?rest_route=\/wp\/v2\/posts\/4670\/revisions\/50846"}],"wp:attachment":[{"href":"https:\/\/oscarhumbertogomez.com\/index.php?rest_route=%2Fwp%2Fv2%2Fmedia&parent=4670"}],"wp:term":[{"taxonomy":"category","embeddable":true,"href":"https:\/\/oscarhumbertogomez.com\/index.php?rest_route=%2Fwp%2Fv2%2Fcategories&post=4670"},{"taxonomy":"post_tag","embeddable":true,"href":"https:\/\/oscarhumbertogomez.com\/index.php?rest_route=%2Fwp%2Fv2%2Ftags&post=4670"}],"curies":[{"name":"wp","href":"https:\/\/api.w.org\/{rel}","templated":true}]}}