{"id":47158,"date":"2025-04-13T08:46:22","date_gmt":"2025-04-13T13:46:22","guid":{"rendered":"https:\/\/oscarhumbertogomez.com\/?p=47158"},"modified":"2025-04-22T12:12:38","modified_gmt":"2025-04-22T17:12:38","slug":"hoy-es-domingo-de-ramos-por-oscar-humberto-gomez-gomez-2","status":"publish","type":"post","link":"https:\/\/oscarhumbertogomez.com\/?p=47158","title":{"rendered":"HOY ES DOMINGO DE RAMOS. Por \u00d3scar Humberto G\u00f3mez G\u00f3mez"},"content":{"rendered":"<p><img loading=\"lazy\" decoding=\"async\" class=\"aligncenter size-full wp-image-11787\" title=\"domingo-de-ramos-1\" src=\"https:\/\/lapiedrafilosofal.com\/wp-content\/uploads\/2014\/04\/domingo-de-ramos-1.jpg\" alt=\"\" width=\"800\" height=\"788\" srcset=\"https:\/\/oscarhumbertogomez.com\/wp-content\/uploads\/2014\/04\/domingo-de-ramos-1.jpg 800w, https:\/\/oscarhumbertogomez.com\/wp-content\/uploads\/2014\/04\/domingo-de-ramos-1-300x295.jpg 300w\" sizes=\"auto, (max-width: 800px) 100vw, 800px\" \/><\/p>\n<p>&nbsp;<\/p>\n<p>Con el Domingo de Ramos, que se celebra hoy, se da inicio en el mundo cat\u00f3lico, y en vastos sectores del mundo cristiano en general, a la celebraci\u00f3n de la Semana Santa.<\/p>\n<p>&nbsp;<\/p>\n<p><img loading=\"lazy\" decoding=\"async\" class=\"aligncenter size-full wp-image-41722\" src=\"https:\/\/oscarhumbertogomez.com\/wp-content\/uploads\/2022\/04\/palmas-.jpeg\" alt=\"\" width=\"900\" height=\"500\" srcset=\"https:\/\/oscarhumbertogomez.com\/wp-content\/uploads\/2022\/04\/palmas-.jpeg 900w, https:\/\/oscarhumbertogomez.com\/wp-content\/uploads\/2022\/04\/palmas--300x167.jpeg 300w, https:\/\/oscarhumbertogomez.com\/wp-content\/uploads\/2022\/04\/palmas--768x427.jpeg 768w\" sizes=\"auto, (max-width: 900px) 100vw, 900px\" \/><\/p>\n<p>&nbsp;<\/p>\n<p>Hoy se conmemora, pues, la entrada multitudinaria de Jes\u00fas de Nazaret a Jerusal\u00e9n, parad\u00f3jicamente antesala de la que, en pocos d\u00edas, ir\u00eda a ser su Pasi\u00f3n.<\/p>\n<p>&nbsp;<\/p>\n<p><img loading=\"lazy\" decoding=\"async\" class=\"aligncenter size-full wp-image-41723\" src=\"https:\/\/oscarhumbertogomez.com\/wp-content\/uploads\/2022\/04\/palma-y-cruz.jpeg\" alt=\"\" width=\"1024\" height=\"1024\" srcset=\"https:\/\/oscarhumbertogomez.com\/wp-content\/uploads\/2022\/04\/palma-y-cruz.jpeg 1024w, https:\/\/oscarhumbertogomez.com\/wp-content\/uploads\/2022\/04\/palma-y-cruz-300x300.jpeg 300w, https:\/\/oscarhumbertogomez.com\/wp-content\/uploads\/2022\/04\/palma-y-cruz-150x150.jpeg 150w, https:\/\/oscarhumbertogomez.com\/wp-content\/uploads\/2022\/04\/palma-y-cruz-768x768.jpeg 768w\" sizes=\"auto, (max-width: 1024px) 100vw, 1024px\" \/><\/p>\n<p>&nbsp;<\/p>\n<p>Judea se encontraba en ese momento hist\u00f3rico bajo la dominaci\u00f3n pol\u00edtica y militar del Imperio Romano: era una provincia m\u00e1s del imperio.<\/p>\n<p>Jes\u00fas ten\u00eda 33 a\u00f1os de edad y tres de predicaci\u00f3n de su doctrina.<\/p>\n<p>&nbsp;<\/p>\n<img loading=\"lazy\" decoding=\"async\" class=\"size-full wp-image-3530\" title=\"DOMINGO DE RAMOS\" src=\"https:\/\/lapiedrafilosofal.com\/wp-content\/uploads\/2012\/04\/DOMINGO-DE-RAMOS.jpg\" alt=\"\" width=\"800\" height=\"531\" srcset=\"https:\/\/oscarhumbertogomez.com\/wp-content\/uploads\/2012\/04\/DOMINGO-DE-RAMOS.jpg 800w, https:\/\/oscarhumbertogomez.com\/wp-content\/uploads\/2012\/04\/DOMINGO-DE-RAMOS-300x199.jpg 300w\" sizes=\"auto, (max-width: 800px) 100vw, 800px\" \/>\n<p>&nbsp;<\/p>\n<p>Inevitablemente afloran los recuerdos&#8230;: el de las procesiones que parten de la hist\u00f3rica iglesia de san Laureano&#8230;; el de nuestro pueblo agolpado en las calles aleda\u00f1as al parque Garc\u00eda Rovira&#8230;; el de las palmas&#8230;, los ramos&#8230;, las campanas&#8230;; el de los pasos, aquellas esculturas que representan a los principales personajes involucrados en el drama de la Pasi\u00f3n y Muerte del gran Hombre que vino a inculcarnos la grandeza&#8230; la grandeza inconmensurable del Amor&#8230;; el de las oraciones sentados en las bancas de la catedral de la Sagrada Familia&#8230;; (somos entonces ni\u00f1os&#8230;).<\/p>\n<p>Y contin\u00faan llegando los recuerdos: &#8230; el de las celebraciones lit\u00fargicas en el templo de la Sant\u00edsima Trinidad&#8230;, el del p\u00e1rroco Pablo Arias Delgado&#8230;, el de nosotros vestidos con el traje blanco de los monaguillos\u2026, el del nuevo, peque\u00f1o y modesto &#8220;club social&#8221; contiguo al templo y sus inolvidables mesas de pimp\u00f3n&#8230;; el de nuestros vecinos del barrio&#8230;; el de nuestros amigos del barrio&#8230;; el de nuestros inocentes amores del barrio&#8230;: la remembranza de aquellas jovencitas cuya sola sonrisa limpia nos alegraba la vida&#8230;; (somos entonces unos ni\u00f1os que han comenzado a transitar por los caminos de la pubertad&#8230;).<\/p>\n<p>Y arriban los recuerdos de los a\u00f1os que sobrevienen m\u00e1s tarde: &#8230; el de los actos religiosos en el templo de San P\u00edo&#8230;, el de nuestros sue\u00f1os que comienzan a convertirse en realidad&#8230;; (somos entonces unos j\u00f3venes a\u00fan plet\u00f3ricos de ilusiones&#8230;);<\/p>\n<p>Y es a continuaci\u00f3n cuando nos visita el recuerdo del padre Rafael D\u00edaz Ardila,&#8230; el de este amable cura que hoy hace ya tantos a\u00f1os va a bordo de una peque\u00f1a carreta a la que tira un burrito&#8230;; la escena se desarrolla en el Foyer de Charit\u00e9&#8230;: el jovial y din\u00e1mico padre va presidiendo la procesi\u00f3n que se desplaza alrededor del verde y florecido entorno&#8230;; (ya somos adultos, pero adem\u00e1s esta vez, sorprendido, descubro que adem\u00e1s soy pap\u00e1: ya hay unas ni\u00f1as y unos ni\u00f1os que, al igual que yo lo hac\u00eda en mi ni\u00f1ez, van ah\u00ed&#8230;, emocionados y risue\u00f1os&#8230;, formando parte de la procesi\u00f3n, ahora detr\u00e1s del inquieto cura jesuita&#8230;, y de su silencioso burrito&#8230;, y de sus rezos&#8230;, y de sus c\u00e1nticos inmemoriales&#8230;).<\/p>\n<p>&nbsp;<\/p>\n<img loading=\"lazy\" decoding=\"async\" class=\"size-full wp-image-41724\" src=\"https:\/\/oscarhumbertogomez.com\/wp-content\/uploads\/2022\/04\/domingo-de-ramos.jpeg\" alt=\"\" width=\"1000\" height=\"708\" srcset=\"https:\/\/oscarhumbertogomez.com\/wp-content\/uploads\/2022\/04\/domingo-de-ramos.jpeg 1000w, https:\/\/oscarhumbertogomez.com\/wp-content\/uploads\/2022\/04\/domingo-de-ramos-300x212.jpeg 300w, https:\/\/oscarhumbertogomez.com\/wp-content\/uploads\/2022\/04\/domingo-de-ramos-768x544.jpeg 768w\" sizes=\"auto, (max-width: 1000px) 100vw, 1000px\" \/>\n<p>&nbsp;<\/p>\n<p>Los pasos, esculturas representativas de diversos pasajes b\u00edblicos o de la tradici\u00f3n cat\u00f3lica que son cargadas en hombros por penitentes a lo largo de calles previamente escogidas como escenarios de las denominadas procesiones, constituyen una de las m\u00e1s arraigadas expresiones religiosas y culturales de muchos lugares a lo largo y ancho del orbe. Retorno al pasado de nuevo y recuerdo c\u00f3mo observo la manera en que se bambolean sobre los hombros de los nazarenos mientras yo fijo mi atenci\u00f3n en ellos, pero de reojo la fijo tambi\u00e9n en el rosado algod\u00f3n de az\u00facar y en los cucuruchos de crispeta\u2026<\/p>\n<p>&nbsp;<\/p>\n<p><img loading=\"lazy\" decoding=\"async\" class=\"aligncenter size-full wp-image-41725\" src=\"https:\/\/oscarhumbertogomez.com\/wp-content\/uploads\/2022\/04\/domingo-de-ramos-.jpeg\" alt=\"\" width=\"1400\" height=\"922\" srcset=\"https:\/\/oscarhumbertogomez.com\/wp-content\/uploads\/2022\/04\/domingo-de-ramos-.jpeg 1400w, https:\/\/oscarhumbertogomez.com\/wp-content\/uploads\/2022\/04\/domingo-de-ramos--300x198.jpeg 300w, https:\/\/oscarhumbertogomez.com\/wp-content\/uploads\/2022\/04\/domingo-de-ramos--1024x674.jpeg 1024w, https:\/\/oscarhumbertogomez.com\/wp-content\/uploads\/2022\/04\/domingo-de-ramos--768x506.jpeg 768w\" sizes=\"auto, (max-width: 1400px) 100vw, 1400px\" \/><\/p>\n<p>&nbsp;<\/p>\n<p>La pasi\u00f3n y muerte de Jes\u00fas de Nazaret contin\u00faa siendo el drama m\u00e1s trascendental de nuestra historia y el referente obligado de millones de creyentes, que seguimos volviendo los ojos hacia \u00c9l cuando las penalidades y angustias del diario vivir pretenden sumirnos en las honduras de la desesperanza.<\/p>\n<p>&nbsp;<\/p>\n<p><img loading=\"lazy\" decoding=\"async\" class=\"aligncenter size-full wp-image-41726\" src=\"https:\/\/oscarhumbertogomez.com\/wp-content\/uploads\/2022\/04\/domingo-de-ramos-1.jpeg\" alt=\"\" width=\"768\" height=\"479\" srcset=\"https:\/\/oscarhumbertogomez.com\/wp-content\/uploads\/2022\/04\/domingo-de-ramos-1.jpeg 768w, https:\/\/oscarhumbertogomez.com\/wp-content\/uploads\/2022\/04\/domingo-de-ramos-1-300x187.jpeg 300w\" sizes=\"auto, (max-width: 768px) 100vw, 768px\" \/><\/p>\n<p>&nbsp;<\/p>\n<p>Saludamos, pues, con todo nuestro respeto el inicio de la Semana Mayor y exhortamos a todas nuestras amigas y a todos nuestros amigos a vivirla plenamente alrededor de los valores m\u00e1s excelsos de la cristiandad, cuyo paulatino abandono acaso explique el asombroso y perturbador deterioro moral en el que andamos sumidos.<\/p>\n<p>&nbsp;<\/p>\n<p><img loading=\"lazy\" decoding=\"async\" class=\"aligncenter size-full wp-image-41728\" src=\"https:\/\/oscarhumbertogomez.com\/wp-content\/uploads\/2022\/04\/domingo-de-ramos-4.jpeg\" alt=\"\" width=\"1020\" height=\"574\" srcset=\"https:\/\/oscarhumbertogomez.com\/wp-content\/uploads\/2022\/04\/domingo-de-ramos-4.jpeg 1020w, https:\/\/oscarhumbertogomez.com\/wp-content\/uploads\/2022\/04\/domingo-de-ramos-4-300x169.jpeg 300w, https:\/\/oscarhumbertogomez.com\/wp-content\/uploads\/2022\/04\/domingo-de-ramos-4-768x432.jpeg 768w\" sizes=\"auto, (max-width: 1020px) 100vw, 1020px\" \/><\/p>\n<p>&nbsp;<\/p>\n<p>\u00a1\u00a1\u00a1 Un espl\u00e9ndido Domingo de Ramos !!!<\/p>\n<p>\u00a1\u00a1\u00a1 Y un abrazo inmenso para ustedes !!!<\/p>\n<p>&nbsp;<\/p>\n","protected":false},"excerpt":{"rendered":"<p>&nbsp; Con el Domingo de Ramos, que se celebra hoy, se da inicio en el mundo cat\u00f3lico, y en vastos sectores del mundo cristiano en general, a la celebraci\u00f3n de la Semana Santa. &nbsp; &nbsp; Hoy se conmemora, pues, la &hellip; <a href=\"https:\/\/oscarhumbertogomez.com\/?p=47158\">Sigue leyendo <span class=\"meta-nav\">&rarr;<\/span><\/a><\/p>\n<div class='heateorSssClear'><\/div><div  class='heateor_sss_sharing_container heateor_sss_horizontal_sharing' heateor-sss-data-href='https:\/\/oscarhumbertogomez.com\/?p=47158'><div class='heateor_sss_sharing_title' style=\"font-weight:bold\" >\u00a1Gracias por compartirla!<\/div><ul class=\"heateor_sss_sharing_ul\"><li class=\"heateorSssSharingRound\"><i style=\"width:35px;height:35px;border-radius:999px;\" alt=\"Facebook\" Title=\"Facebook\" class=\"heateorSssSharing heateorSssFacebookBackground\" onclick='heateorSssPopup(\"https:\/\/www.facebook.com\/sharer\/sharer.php?u=https%3A%2F%2Foscarhumbertogomez.com%2Findex.php%3Frest_route%3D%252Fwp%252Fv2%252Fposts%252F47158\")'><ss style=\"display:block;border-radius:999px;\" class=\"heateorSssSharingSvg heateorSssFacebookSvg\"><\/ss><\/i><\/li><li class=\"heateorSssSharingRound\"><i style=\"width:35px;height:35px;border-radius:999px;\" alt=\"Twitter\" Title=\"Twitter\" class=\"heateorSssSharing heateorSssTwitterBackground\" onclick='heateorSssPopup(\"http:\/\/twitter.com\/intent\/tweet?text=HOY%20ES%20DOMINGO%20DE%20RAMOS.%20Por%20%C3%93scar%20Humberto%20G%C3%B3mez%20G%C3%B3mez&url=https%3A%2F%2Foscarhumbertogomez.com%2Findex.php%3Frest_route%3D%252Fwp%252Fv2%252Fposts%252F47158\")'><ss style=\"display:block;border-radius:999px;\" class=\"heateorSssSharingSvg heateorSssTwitterSvg\"><\/ss><\/i><\/li><li class=\"heateorSssSharingRound\"><i style=\"width:35px;height:35px;border-radius:999px;\" alt=\"Whatsapp\" Title=\"Whatsapp\" class=\"heateorSssSharing heateorSssWhatsappBackground\" onclick='heateorSssPopup(\"https:\/\/web.whatsapp.com\/send?text=HOY%20ES%20DOMINGO%20DE%20RAMOS.%20Por%20%C3%93scar%20Humberto%20G%C3%B3mez%20G%C3%B3mez https%3A%2F%2Foscarhumbertogomez.com%2Findex.php%3Frest_route%3D%252Fwp%252Fv2%252Fposts%252F47158\")'><ss style=\"display:block\" class=\"heateorSssSharingSvg heateorSssWhatsappSvg\"><\/ss><\/i><\/li><li class=\"heateorSssSharingRound\"><i style=\"width:35px;height:35px;border-radius:999px;\" alt=\"Pinterest\" Title=\"Pinterest\" class=\"heateorSssSharing heateorSssPinterestBackground\" onclick=\"javascript:void( (function() {var e=document.createElement('script' );e.setAttribute('type','text\/javascript' );e.setAttribute('charset','UTF-8' );e.setAttribute('src','\/\/assets.pinterest.com\/js\/pinmarklet.js?r='+Math.random()*99999999);document.body.appendChild(e)})());\"><ss style=\"display:block;border-radius:999px;\" class=\"heateorSssSharingSvg heateorSssPinterestSvg\"><\/ss><\/i><\/li><li class=\"heateorSssSharingRound\"><i style=\"width:35px;height:35px;border-radius:999px;\" alt=\"Google Gmail\" Title=\"Google Gmail\" class=\"heateorSssSharing heateorSssGoogleGmailBackground\" onclick='heateorSssPopup(\"https:\/\/mail.google.com\/mail\/?ui=2&view=cm&fs=1&tf=1&su=HOY%20ES%20DOMINGO%20DE%20RAMOS.%20Por%20%C3%93scar%20Humberto%20G%C3%B3mez%20G%C3%B3mez&body=Link:https%3A%2F%2Foscarhumbertogomez.com%2Findex.php%3Frest_route%3D%252Fwp%252Fv2%252Fposts%252F47158\")'><ss style=\"display:block;border-radius:999px;\" class=\"heateorSssSharingSvg heateorSssGoogleGmailSvg\"><\/ss><\/i><\/li><li class=\"heateorSssSharingRound\"><i style=\"width:35px;height:35px;border-radius:999px;\" title=\"More\" alt=\"More\" class=\"heateorSssSharing heateorSssMoreBackground\" onclick=\"heateorSssMoreSharingPopup(this, 'https:\/\/oscarhumbertogomez.com\/index.php?rest_route=%2Fwp%2Fv2%2Fposts%2F47158', 'HOY%20ES%20DOMINGO%20DE%20RAMOS.%20Por%20%C3%93scar%20Humberto%20G%C3%B3mez%20G%C3%B3mez', '' )\" ><ss style=\"display:block\" class=\"heateorSssSharingSvg heateorSssMoreSvg\"><\/ss><\/i><\/li><\/ul><div class=\"heateorSssClear\"><\/div><\/div><div class='heateorSssClear'><\/div>","protected":false},"author":2,"featured_media":0,"comment_status":"closed","ping_status":"closed","sticky":false,"template":"","format":"standard","meta":{"spay_email":"","footnotes":""},"categories":[1],"tags":[],"class_list":["post-47158","post","type-post","status-publish","format-standard","hentry","category-blog"],"jetpack_featured_media_url":"","jetpack_shortlink":"https:\/\/wp.me\/p1FYrr-cgC","_links":{"self":[{"href":"https:\/\/oscarhumbertogomez.com\/index.php?rest_route=\/wp\/v2\/posts\/47158","targetHints":{"allow":["GET"]}}],"collection":[{"href":"https:\/\/oscarhumbertogomez.com\/index.php?rest_route=\/wp\/v2\/posts"}],"about":[{"href":"https:\/\/oscarhumbertogomez.com\/index.php?rest_route=\/wp\/v2\/types\/post"}],"author":[{"embeddable":true,"href":"https:\/\/oscarhumbertogomez.com\/index.php?rest_route=\/wp\/v2\/users\/2"}],"replies":[{"embeddable":true,"href":"https:\/\/oscarhumbertogomez.com\/index.php?rest_route=%2Fwp%2Fv2%2Fcomments&post=47158"}],"version-history":[{"count":5,"href":"https:\/\/oscarhumbertogomez.com\/index.php?rest_route=\/wp\/v2\/posts\/47158\/revisions"}],"predecessor-version":[{"id":53646,"href":"https:\/\/oscarhumbertogomez.com\/index.php?rest_route=\/wp\/v2\/posts\/47158\/revisions\/53646"}],"wp:attachment":[{"href":"https:\/\/oscarhumbertogomez.com\/index.php?rest_route=%2Fwp%2Fv2%2Fmedia&parent=47158"}],"wp:term":[{"taxonomy":"category","embeddable":true,"href":"https:\/\/oscarhumbertogomez.com\/index.php?rest_route=%2Fwp%2Fv2%2Fcategories&post=47158"},{"taxonomy":"post_tag","embeddable":true,"href":"https:\/\/oscarhumbertogomez.com\/index.php?rest_route=%2Fwp%2Fv2%2Ftags&post=47158"}],"curies":[{"name":"wp","href":"https:\/\/api.w.org\/{rel}","templated":true}]}}