{"id":47186,"date":"2024-03-28T08:37:50","date_gmt":"2024-03-28T13:37:50","guid":{"rendered":"https:\/\/oscarhumbertogomez.com\/?p=47186"},"modified":"2024-03-28T09:10:11","modified_gmt":"2024-03-28T14:10:11","slug":"la-pasion-segun-san-mateo-de-juan-sebastian-bach-por-oscar-humberto-gomez-gomez-3","status":"publish","type":"post","link":"https:\/\/oscarhumbertogomez.com\/?p=47186","title":{"rendered":"LA PASI\u00d3N SEG\u00daN SAN MATEO, DE JUAN SEBASTI\u00c1N BACH. Por \u00d3scar Humberto G\u00f3mez G\u00f3mez"},"content":{"rendered":"<p><img loading=\"lazy\" decoding=\"async\" class=\"aligncenter size-large wp-image-33056\" src=\"https:\/\/lapiedrafilosofal.com\/wp-content\/uploads\/2020\/04\/johann-sebastian-bach-el-hombre___AYng2oqix_720x0__1-683x1024.jpg\" alt=\"\" width=\"640\" height=\"960\" srcset=\"https:\/\/oscarhumbertogomez.com\/wp-content\/uploads\/2020\/04\/johann-sebastian-bach-el-hombre___AYng2oqix_720x0__1-683x1024.jpg 683w, https:\/\/oscarhumbertogomez.com\/wp-content\/uploads\/2020\/04\/johann-sebastian-bach-el-hombre___AYng2oqix_720x0__1-200x300.jpg 200w, https:\/\/oscarhumbertogomez.com\/wp-content\/uploads\/2020\/04\/johann-sebastian-bach-el-hombre___AYng2oqix_720x0__1.jpg 720w\" sizes=\"auto, (max-width: 640px) 100vw, 640px\" \/><\/p>\n<p>&nbsp;<\/p>\n<p>En la ciudad de Eisenach, perteneciente al Estado Federado de Turingia, del \u00e1rea alemana que finalmente qued\u00f3 bajo el dominio sovi\u00e9tico luego de la Segunda Guerra Mundial hasta que se produjo la reunificaci\u00f3n de aquel pa\u00eds, naci\u00f3, el 31 de marzo de 1685, el maestro Juan Sebasti\u00e1n Bach, quien habr\u00eda de morir sesenta y cinco a\u00f1os despu\u00e9s en la tambi\u00e9n ciudad germana de Leipzig, luego de enriquecer al mundo con su enorme talento musical.<\/p>\n<p>Para la \u00e9poca de su nacimiento, exist\u00eda el llamado Sacro Imperio Rom\u00e1nico Germ\u00e1nico y a este pertenec\u00eda la ciudad natal del asombroso genio de la m\u00fasica.<\/p>\n<p>&nbsp;<\/p>\n<p><img loading=\"lazy\" decoding=\"async\" class=\"aligncenter size-large wp-image-33056\" src=\"https:\/\/lapiedrafilosofal.com\/wp-content\/uploads\/2020\/04\/johann-sebastian-bach-el-hombre___AYng2oqix_720x0__1-683x1024.jpg\" alt=\"\" width=\"640\" height=\"960\" srcset=\"https:\/\/oscarhumbertogomez.com\/wp-content\/uploads\/2020\/04\/johann-sebastian-bach-el-hombre___AYng2oqix_720x0__1-683x1024.jpg 683w, https:\/\/oscarhumbertogomez.com\/wp-content\/uploads\/2020\/04\/johann-sebastian-bach-el-hombre___AYng2oqix_720x0__1-200x300.jpg 200w, https:\/\/oscarhumbertogomez.com\/wp-content\/uploads\/2020\/04\/johann-sebastian-bach-el-hombre___AYng2oqix_720x0__1.jpg 720w\" sizes=\"auto, (max-width: 640px) 100vw, 640px\" \/><\/p>\n<p>&nbsp;<\/p>\n<p>Pues bien;<\/p>\n<p>Esta remembranza viene a prop\u00f3sito de que hoy es Jueves Santo y, por serlo, resulta inevitable trasladarnos en el tiempo a la Semana Santa de hace ya largos a\u00f1os, cuando todav\u00eda, para decirlo parafraseando las bellas palabras de los \u00e1rabes, pesaban en nosotros menos los recuerdos que los sue\u00f1os.<\/p>\n<p>En aquellos a\u00f1os lejanos, durante los d\u00edas santos, particularmente durante el Jueves Santo y el Viernes Santo, las emisoras de radio pasaban al aire solamente m\u00fasica cl\u00e1sica y, en general, la programaci\u00f3n era alusiva a la conmemoraci\u00f3n de la gran tragedia vivida por Jes\u00fas, tragedia que habr\u00eda de culminar, de acuerdo con el relato b\u00edblico, en su ejemplar y esperanzadora Resurrecci\u00f3n del domingo.<\/p>\n<p>Dentro de las hermosas piezas que sonaban, se destacaba una del maestro Juan Sebasti\u00e1n Bach llamada &#8220;LA PASI\u00d3N SEG\u00daN SAN MATEO&#8221;.<\/p>\n<p>&nbsp;<\/p>\n<p><img loading=\"lazy\" decoding=\"async\" class=\"aligncenter size-large wp-image-33056\" src=\"https:\/\/lapiedrafilosofal.com\/wp-content\/uploads\/2020\/04\/johann-sebastian-bach-el-hombre___AYng2oqix_720x0__1-683x1024.jpg\" alt=\"\" width=\"640\" height=\"960\" srcset=\"https:\/\/oscarhumbertogomez.com\/wp-content\/uploads\/2020\/04\/johann-sebastian-bach-el-hombre___AYng2oqix_720x0__1-683x1024.jpg 683w, https:\/\/oscarhumbertogomez.com\/wp-content\/uploads\/2020\/04\/johann-sebastian-bach-el-hombre___AYng2oqix_720x0__1-200x300.jpg 200w, https:\/\/oscarhumbertogomez.com\/wp-content\/uploads\/2020\/04\/johann-sebastian-bach-el-hombre___AYng2oqix_720x0__1.jpg 720w\" sizes=\"auto, (max-width: 640px) 100vw, 640px\" \/><\/p>\n<p>&nbsp;<\/p>\n<p>Aquella especie de recogimiento radial se fue yendo de la escena de nuestra radiodifusi\u00f3n \u2014entre otras razones, porque fueron falleciendo los entonces propietarios y gerentes de las emisoras de radio\u2014 y la m\u00fasica cl\u00e1sica pr\u00e1cticamente desapareci\u00f3 del escenario radial santandereano. Lamentablemente, dicho sea de paso, no solo en Semana Santa.<\/p>\n<p>Pero su desaparici\u00f3n no ocurri\u00f3 \u00fanicamente dentro del mundo radial. Y es que en los a\u00f1os 70, por ejemplo, uno iba al edificio de la C\u00e1mara de Comercio, ubicado en la carrera 19 con calle 36, y all\u00ed, no recuerdo en qu\u00e9 piso, exist\u00eda una hermosa sala de m\u00fasica con una iluminaci\u00f3n tenue, casi bajo penumbra, donde uno se sentaba c\u00f3modamente a escuchar las piezas cl\u00e1sicas que all\u00ed pon\u00eda a sonar, previa su debida identificaci\u00f3n a trav\u00e9s de un micr\u00f3fono amplificado a un volumen agradable, una persona, por lo general una dama, a cargo de ello. A uno le ofrec\u00edan, incluso, un pocillo de caf\u00e9 o una copa de vino. Era como un extra\u00f1o y placentero viaje por otras \u00e9pocas de la historia y otros lugares del mundo a trav\u00e9s de la magia incomparable de la m\u00fasica cl\u00e1sica.<\/p>\n<p>&nbsp;<\/p>\n<p><img loading=\"lazy\" decoding=\"async\" class=\"aligncenter size-large wp-image-33056\" src=\"https:\/\/lapiedrafilosofal.com\/wp-content\/uploads\/2020\/04\/johann-sebastian-bach-el-hombre___AYng2oqix_720x0__1-683x1024.jpg\" alt=\"\" width=\"640\" height=\"960\" srcset=\"https:\/\/oscarhumbertogomez.com\/wp-content\/uploads\/2020\/04\/johann-sebastian-bach-el-hombre___AYng2oqix_720x0__1-683x1024.jpg 683w, https:\/\/oscarhumbertogomez.com\/wp-content\/uploads\/2020\/04\/johann-sebastian-bach-el-hombre___AYng2oqix_720x0__1-200x300.jpg 200w, https:\/\/oscarhumbertogomez.com\/wp-content\/uploads\/2020\/04\/johann-sebastian-bach-el-hombre___AYng2oqix_720x0__1.jpg 720w\" sizes=\"auto, (max-width: 640px) 100vw, 640px\" \/><\/p>\n<p>&nbsp;<\/p>\n<p>Don \u00c1lvaro Casta\u00f1o Castillo fund\u00f3 la emisora de radio HJCK, en la ciudad de Bogot\u00e1, y desde ella se propuso no permitir que la m\u00fasica cl\u00e1sica fuera borrada de las ondas hertzianas. Lamentablemente, y luego de sostener la radiodifusora contra viento y marea, se vio precisado a negociar la frecuencia y pasar la HJCK a Internet.<\/p>\n<p>Aqu\u00ed, en Bucaramanga, para no ir tan lejos, la Emisora Cultural Luis Carlos Gal\u00e1n Sarmiento (100.7 FM) naci\u00f3 \u2014por cierto bajo una idea del ingeniero y trabajador de la cultura Luis \u00c1lvaro Mej\u00eda Arg\u00fcello que terminaron atribuy\u00e9ndosela a otro personaje\u2014 con el anunciado prop\u00f3sito de recuperar la cultura musical para nuestro cada vez m\u00e1s inculto pueblo. No tengo claro en qu\u00e9 momento, pero lo cierto es que do\u00f1a Margie Forero de Escand\u00f3n se puso al frente de un programa de m\u00fasica cl\u00e1sica, que, dicho sea de paso, he considerado siempre un oasis radial, en medio de tanto ruido y de tanta ordinariez. No es este el escenario para abordar cu\u00e1l ha sido el tratamiento dado \u00faltimamente a su precioso y valioso espacio cultural y cu\u00e1l se proyecta que vaya a ser el que se le brindar\u00e1 a futuro \u2014ni mucho menos para entrar a polemizar sobre el manejo que la administraci\u00f3n municipal opt\u00f3 por darle a una radiodifusora que en su momento lleg\u00f3 a ser la esperanza de que la cultura tuviera un canal permanente de expresi\u00f3n\u2014, pero, en todo caso, lamentablemente, desde mi personal perspectiva no pinta que sea halag\u00fce\u00f1o. De todos modos, para m\u00ed es claro que si desaparece la m\u00fasica cl\u00e1sica de una emisora cultural, la que debe desaparecer, por sustracci\u00f3n de materia, es la emisora.<\/p>\n<p>Igualmente, emiten m\u00fasica cl\u00e1sica la UIS EST\u00c9REO y la UIS AM, las dos radiodifusoras de la Universidad Industrial de Santander, al frente de las cuales, dicho sea de paso, en a\u00f1os especialmente memorables para m\u00ed estuvieron, en orden cronol\u00f3gico, mis siempre recordados Iv\u00e1n Dar\u00edo Montoya, Idania Ortiz y Sara Serrano.<\/p>\n<p>Bajo la batuta del maestro Sergio Acevedo, escuch\u00e9 en algunas ocasiones a la Orquesta Sinf\u00f3nica de la UNAB y s\u00e9 de algunas orquestas filarm\u00f3nicas juveniles que, luchando contra todo y contra todos, tratan de evitar el naufragio. No creo, sin embargo, que la red radiof\u00f3nica les est\u00e9 abriendo sus puertas con generosidad.<\/p>\n<p>&nbsp;<\/p>\n<p><img loading=\"lazy\" decoding=\"async\" class=\"aligncenter size-large wp-image-33056\" src=\"https:\/\/lapiedrafilosofal.com\/wp-content\/uploads\/2020\/04\/johann-sebastian-bach-el-hombre___AYng2oqix_720x0__1-683x1024.jpg\" alt=\"\" width=\"640\" height=\"960\" srcset=\"https:\/\/oscarhumbertogomez.com\/wp-content\/uploads\/2020\/04\/johann-sebastian-bach-el-hombre___AYng2oqix_720x0__1-683x1024.jpg 683w, https:\/\/oscarhumbertogomez.com\/wp-content\/uploads\/2020\/04\/johann-sebastian-bach-el-hombre___AYng2oqix_720x0__1-200x300.jpg 200w, https:\/\/oscarhumbertogomez.com\/wp-content\/uploads\/2020\/04\/johann-sebastian-bach-el-hombre___AYng2oqix_720x0__1.jpg 720w\" sizes=\"auto, (max-width: 640px) 100vw, 640px\" \/><\/p>\n<p>&nbsp;<\/p>\n<p>Pues bien; hoy Jueves Santo quiero compartir con vosotros, amigos, y con vosotras, amigas, la obra m\u00e1s grande del maestro Juan Sebasti\u00e1n Bach y la m\u00e1s grande de la m\u00fasica cl\u00e1sica. Es, precisamente, &#8220;LA PASI\u00d3N SEG\u00daN SAN MATEO&#8221;. Solamente escuchar\u00e9is el final de la extraordinaria obra, segmento que dura un poco m\u00e1s de ocho minutos. La obra completa tiene una duraci\u00f3n de poco m\u00e1s de dos horas y media. Es decir, cuando empiece el video, los m\u00fasicos ya llevan tocando \u2014y los cantores del coro ya llevan cantando, y el director ya lleva dirigiendo, y el p\u00fablico ya lleva escuchando\u2014 m\u00e1s de dos horas y media. Ojal\u00e1 alg\u00fan d\u00eda vosotras, amigas, y vosotros, amigos, os decid\u00e1is a escuchar esta obra en su totalidad. No os arrepentir\u00e9is, os lo aseguro. Creedme que, en estos tiempos de estr\u00e9s, de ansiedad, de p\u00e9rdida de fe en todo, de irascibilidad y de desesperanza, encontrarse \u2014o reencontrarse\u2014 con la m\u00fasica cl\u00e1sica es uno de los mejores ant\u00eddotos.<\/p>\n<p>Con vosotros, pues, &#8220;LA PASI\u00d3N SEG\u00daN SAN MATEO&#8221;, del maestro Juan Sebasti\u00e1n Bach. La interpretaci\u00f3n es del Coro y la Orquesta Barroca de Amsterdam, bajo la direcci\u00f3n del maestro Ton Koopman.<\/p>\n<p>\u00a1Os doy mi m\u00e1s fraternal bienvenida!<\/p>\n<p>&nbsp;<\/p>\n<p><iframe loading=\"lazy\" width=\"560\" height=\"315\" src=\"https:\/\/www.youtube-nocookie.com\/embed\/BA2dMqCntZU?controls=0\" title=\"YouTube video player\" frameborder=\"0\" allow=\"accelerometer; autoplay; clipboard-write; encrypted-media; gyroscope; picture-in-picture\" allowfullscreen=\"\"><\/iframe><\/p>\n<p>&nbsp;<\/p>\n","protected":false},"excerpt":{"rendered":"<p>&nbsp; En la ciudad de Eisenach, perteneciente al Estado Federado de Turingia, del \u00e1rea alemana que finalmente qued\u00f3 bajo el dominio sovi\u00e9tico luego de la Segunda Guerra Mundial hasta que se produjo la reunificaci\u00f3n de aquel pa\u00eds, naci\u00f3, el 31 &hellip; <a href=\"https:\/\/oscarhumbertogomez.com\/?p=47186\">Sigue leyendo <span class=\"meta-nav\">&rarr;<\/span><\/a><\/p>\n<div class='heateorSssClear'><\/div><div  class='heateor_sss_sharing_container heateor_sss_horizontal_sharing' heateor-sss-data-href='https:\/\/oscarhumbertogomez.com\/?p=47186'><div class='heateor_sss_sharing_title' style=\"font-weight:bold\" >\u00a1Gracias por compartirla!<\/div><ul class=\"heateor_sss_sharing_ul\"><li class=\"heateorSssSharingRound\"><i style=\"width:35px;height:35px;border-radius:999px;\" alt=\"Facebook\" Title=\"Facebook\" class=\"heateorSssSharing heateorSssFacebookBackground\" onclick='heateorSssPopup(\"https:\/\/www.facebook.com\/sharer\/sharer.php?u=https%3A%2F%2Foscarhumbertogomez.com%2Findex.php%3Frest_route%3D%252Fwp%252Fv2%252Fposts%252F47186\")'><ss style=\"display:block;border-radius:999px;\" class=\"heateorSssSharingSvg heateorSssFacebookSvg\"><\/ss><\/i><\/li><li class=\"heateorSssSharingRound\"><i style=\"width:35px;height:35px;border-radius:999px;\" alt=\"Twitter\" Title=\"Twitter\" class=\"heateorSssSharing heateorSssTwitterBackground\" onclick='heateorSssPopup(\"http:\/\/twitter.com\/intent\/tweet?text=LA%20PASI%C3%93N%20SEG%C3%9AN%20SAN%20MATEO%2C%20DE%20JUAN%20SEBASTI%C3%81N%20BACH.%20Por%20%C3%93scar%20Humberto%20G%C3%B3mez%20G%C3%B3mez&url=https%3A%2F%2Foscarhumbertogomez.com%2Findex.php%3Frest_route%3D%252Fwp%252Fv2%252Fposts%252F47186\")'><ss style=\"display:block;border-radius:999px;\" class=\"heateorSssSharingSvg heateorSssTwitterSvg\"><\/ss><\/i><\/li><li class=\"heateorSssSharingRound\"><i style=\"width:35px;height:35px;border-radius:999px;\" alt=\"Whatsapp\" Title=\"Whatsapp\" class=\"heateorSssSharing heateorSssWhatsappBackground\" onclick='heateorSssPopup(\"https:\/\/web.whatsapp.com\/send?text=LA%20PASI%C3%93N%20SEG%C3%9AN%20SAN%20MATEO%2C%20DE%20JUAN%20SEBASTI%C3%81N%20BACH.%20Por%20%C3%93scar%20Humberto%20G%C3%B3mez%20G%C3%B3mez https%3A%2F%2Foscarhumbertogomez.com%2Findex.php%3Frest_route%3D%252Fwp%252Fv2%252Fposts%252F47186\")'><ss style=\"display:block\" class=\"heateorSssSharingSvg heateorSssWhatsappSvg\"><\/ss><\/i><\/li><li class=\"heateorSssSharingRound\"><i style=\"width:35px;height:35px;border-radius:999px;\" alt=\"Pinterest\" Title=\"Pinterest\" class=\"heateorSssSharing heateorSssPinterestBackground\" onclick=\"javascript:void( (function() {var e=document.createElement('script' );e.setAttribute('type','text\/javascript' );e.setAttribute('charset','UTF-8' );e.setAttribute('src','\/\/assets.pinterest.com\/js\/pinmarklet.js?r='+Math.random()*99999999);document.body.appendChild(e)})());\"><ss style=\"display:block;border-radius:999px;\" class=\"heateorSssSharingSvg heateorSssPinterestSvg\"><\/ss><\/i><\/li><li class=\"heateorSssSharingRound\"><i style=\"width:35px;height:35px;border-radius:999px;\" alt=\"Google Gmail\" Title=\"Google Gmail\" class=\"heateorSssSharing heateorSssGoogleGmailBackground\" onclick='heateorSssPopup(\"https:\/\/mail.google.com\/mail\/?ui=2&view=cm&fs=1&tf=1&su=LA%20PASI%C3%93N%20SEG%C3%9AN%20SAN%20MATEO%2C%20DE%20JUAN%20SEBASTI%C3%81N%20BACH.%20Por%20%C3%93scar%20Humberto%20G%C3%B3mez%20G%C3%B3mez&body=Link:https%3A%2F%2Foscarhumbertogomez.com%2Findex.php%3Frest_route%3D%252Fwp%252Fv2%252Fposts%252F47186\")'><ss style=\"display:block;border-radius:999px;\" class=\"heateorSssSharingSvg heateorSssGoogleGmailSvg\"><\/ss><\/i><\/li><li class=\"heateorSssSharingRound\"><i style=\"width:35px;height:35px;border-radius:999px;\" title=\"More\" alt=\"More\" class=\"heateorSssSharing heateorSssMoreBackground\" onclick=\"heateorSssMoreSharingPopup(this, 'https:\/\/oscarhumbertogomez.com\/index.php?rest_route=%2Fwp%2Fv2%2Fposts%2F47186', 'LA%20PASI%C3%93N%20SEG%C3%9AN%20SAN%20MATEO%2C%20DE%20JUAN%20SEBASTI%C3%81N%20BACH.%20Por%20%C3%93scar%20Humberto%20G%C3%B3mez%20G%C3%B3mez', '' )\" ><ss style=\"display:block\" class=\"heateorSssSharingSvg heateorSssMoreSvg\"><\/ss><\/i><\/li><\/ul><div class=\"heateorSssClear\"><\/div><\/div><div class='heateorSssClear'><\/div>","protected":false},"author":2,"featured_media":0,"comment_status":"closed","ping_status":"closed","sticky":false,"template":"","format":"standard","meta":{"spay_email":"","footnotes":""},"categories":[12,8],"tags":[],"class_list":["post-47186","post","type-post","status-publish","format-standard","hentry","category-historia","category-musica"],"jetpack_featured_media_url":"","jetpack_shortlink":"https:\/\/wp.me\/p1FYrr-ch4","_links":{"self":[{"href":"https:\/\/oscarhumbertogomez.com\/index.php?rest_route=\/wp\/v2\/posts\/47186","targetHints":{"allow":["GET"]}}],"collection":[{"href":"https:\/\/oscarhumbertogomez.com\/index.php?rest_route=\/wp\/v2\/posts"}],"about":[{"href":"https:\/\/oscarhumbertogomez.com\/index.php?rest_route=\/wp\/v2\/types\/post"}],"author":[{"embeddable":true,"href":"https:\/\/oscarhumbertogomez.com\/index.php?rest_route=\/wp\/v2\/users\/2"}],"replies":[{"embeddable":true,"href":"https:\/\/oscarhumbertogomez.com\/index.php?rest_route=%2Fwp%2Fv2%2Fcomments&post=47186"}],"version-history":[{"count":5,"href":"https:\/\/oscarhumbertogomez.com\/index.php?rest_route=\/wp\/v2\/posts\/47186\/revisions"}],"predecessor-version":[{"id":47202,"href":"https:\/\/oscarhumbertogomez.com\/index.php?rest_route=\/wp\/v2\/posts\/47186\/revisions\/47202"}],"wp:attachment":[{"href":"https:\/\/oscarhumbertogomez.com\/index.php?rest_route=%2Fwp%2Fv2%2Fmedia&parent=47186"}],"wp:term":[{"taxonomy":"category","embeddable":true,"href":"https:\/\/oscarhumbertogomez.com\/index.php?rest_route=%2Fwp%2Fv2%2Fcategories&post=47186"},{"taxonomy":"post_tag","embeddable":true,"href":"https:\/\/oscarhumbertogomez.com\/index.php?rest_route=%2Fwp%2Fv2%2Ftags&post=47186"}],"curies":[{"name":"wp","href":"https:\/\/api.w.org\/{rel}","templated":true}]}}